{"id":1521,"date":"2019-12-17T18:24:54","date_gmt":"2019-12-17T18:24:54","guid":{"rendered":"https:\/\/www.haz.hr\/?p=1521"},"modified":"2023-02-09T13:41:30","modified_gmt":"2023-02-09T13:41:30","slug":"konferencija-haz-a-odrzivi-razvoj-turizma-i-podizanje-svijesti-o-vaznosti-drustveno-odgovornog-poslovanja-na-primjeru-nacionalnog-parka-plitvicka-jezera","status":"publish","type":"post","link":"https:\/\/haz.hr\/en\/2019\/12\/17\/konferencija-haz-a-odrzivi-razvoj-turizma-i-podizanje-svijesti-o-vaznosti-drustveno-odgovornog-poslovanja-na-primjeru-nacionalnog-parka-plitvicka-jezera\/","title":{"rendered":"Konferencija HAZ-a: Odr\u017eivi razvoj turizma i podizanje svijesti o va\u017enosti dru\u0161tveno odgovornog poslovanja na primjeru Nacionalnog parka Plitvi\u010dka jezera"},"content":{"rendered":"<p>\t\t\t\tKonferencija \u201cOdr\u017eivi razvoj turizma i podizanje svijesti o va\u017enosti dru\u0161tveno odgovornog poslovanja na primjeru Nacionalnog parka Plitvi\u010dka jezera\u201d odr\u017eala se u subotu, 14. prosinca, u Hotel Jezero u Nacionalnom parku Plitvi\u010dkim jezerima.<br \/>\nDoga\u0111aj je okupio vi\u0161e od 70 \u010dlanova i \u010dlanica Hrvatske akademske zajednice koji su tijekom jednodnevne konferencije imati priliku \u010duti dva plenarna predavanja, panel diskusiju i sudjelovali u mnogim drugim, zanimljivim, raspravama.<br \/>\nPo zavr\u0161etku X. Izvje\u0161tajnog Sabora Hrvatske akademske zajednice, zamjenik nacionalnog predsjednika Karlo Kolesar, stru\u010d. spec. oec., otvorio je konferenciju plenarnim predavanjem na temu \u201cDru\u0161tveno odgovorno poslovanje kao preduvjet odr\u017eivom razvoju turizma\u201d, a zatim i moderirao panel raspravu \u201cDru\u0161tveno odgovorno poslovanje kao preduvjet odr\u017eivom razvoju turizma\u201d na kojoj su sudjelovali poduzetnik u kamping turizmu Ivica Tafra, dr\u017eavni tajnik Ministarstva turizma Robert Pende, ravnatelj Nacionalnog parka Plitvi\u010dka jezera Tomislav Kova\u010devi\u0107 te direktor sektora Hrvatskih autocesta Ivan Ribi\u010di\u0107.<br \/>\nNakon panel rasprave, uslijedilo je, drugo po redu, plenarno predavanje, Ivana Ribi\u010di\u0107a, dipl. oec., direktora Sektora za naplatu cestarine Hrvatskih autocesta d.o.o., ujedno i sponzora doga\u0111aja. Direktor Ribi\u010di\u0107 odr\u017eao je predavanje na temu \u201cUloga autocestovne infrastrukture u dru\u0161tveno odgovornom poslovanju\u201c te svim sudionicima otkrio dosad mo\u017eda nepoznate zanimljivosti o pokazateljima autocesta u turizmu.<br \/>\nNa kraju programa konferencije o odr\u017eivom razvoju na predivnim Plitvi\u010dkim jezerima odr\u017eale su se dvije vertikale radionica, za na\u0161e studente i junior alumnije te alumnije. Radionica za alumnije odr\u017eana je u okviru Akademskog vije\u0107a koje je predvodio alumni predsjednik Ante Bari\u0161i\u0107, a za mla\u0111e \u010dlanove glavna tajnica Dora Miketek i zamjenik nacionalnog predsjednika Karlo Kolesar! Ponosni smo \u0161to u Hrvatskoj akademskoj zajednici jednako njegujemo odnose s alumnijima kao i studentskim \u010dlanovima te se me\u0111usobno dru\u017eimo i redovito razmjenjujemo iskustva.<br \/>\nOvim putem, veliko hvala na\u0161im sponzorima: Hrvatskim autocestama, Nacionalnom parku Plitvi\u010dka jezera i Hrvatskim \u0161umama te svim okupljenim \u010dlanovima i \u010dlanicama na sudjelovanju. Bez navedenih sponzora ovo sve ne bi bilo mogu\u0107e!\t\t<\/p>","protected":false},"excerpt":{"rendered":"<p>Konferencija \u201cOdr\u017eivi razvoj turizma i podizanje svijesti o va\u017enosti dru\u0161tveno odgovornog poslovanja na primjeru Nacionalnog parka Plitvi\u010dka jezera\u201d odr\u017eala se u subotu, 14. prosinca, u Hotel Jezero u Nacionalnom parku [&hellip;]<\/p>\n","protected":false},"author":1,"featured_media":692,"comment_status":"closed","ping_status":"open","sticky":false,"template":"","format":"standard","meta":{"footnotes":""},"categories":[14],"tags":[],"class_list":["post-1521","post","type-post","status-publish","format-standard","has-post-thumbnail","hentry","category-haz-novosti"],"yoast_head":"<!-- This site is optimized with the Yoast SEO plugin v23.7 - https:\/\/yoast.com\/wordpress\/plugins\/seo\/ -->\n<title>Konferencija HAZ-a: Odr\u017eivi razvoj turizma i podizanje svijesti o va\u017enosti dru\u0161tveno odgovornog poslovanja na primjeru Nacionalnog parka Plitvi\u010dka jezera - HAZ<\/title>\n<meta name=\"robots\" content=\"index, follow, max-snippet:-1, max-image-preview:large, max-video-preview:-1\" \/>\n<link rel=\"canonical\" href=\"https:\/\/haz.hr\/en\/2019\/12\/17\/konferencija-haz-a-odrzivi-razvoj-turizma-i-podizanje-svijesti-o-vaznosti-drustveno-odgovornog-poslovanja-na-primjeru-nacionalnog-parka-plitvicka-jezera\/\" \/>\n<meta property=\"og:locale\" content=\"en_GB\" \/>\n<meta property=\"og:type\" content=\"article\" \/>\n<meta property=\"og:title\" content=\"Konferencija HAZ-a: Odr\u017eivi razvoj turizma i podizanje svijesti o va\u017enosti dru\u0161tveno odgovornog poslovanja na primjeru Nacionalnog parka Plitvi\u010dka jezera - HAZ\" \/>\n<meta property=\"og:description\" content=\"Konferencija \u201cOdr\u017eivi razvoj turizma i podizanje svijesti o va\u017enosti dru\u0161tveno odgovornog poslovanja na primjeru Nacionalnog parka Plitvi\u010dka jezera\u201d odr\u017eala se u subotu, 14. prosinca, u Hotel Jezero u Nacionalnom parku [&hellip;]\" \/>\n<meta property=\"og:url\" content=\"https:\/\/haz.hr\/en\/2019\/12\/17\/konferencija-haz-a-odrzivi-razvoj-turizma-i-podizanje-svijesti-o-vaznosti-drustveno-odgovornog-poslovanja-na-primjeru-nacionalnog-parka-plitvicka-jezera\/\" \/>\n<meta property=\"og:site_name\" content=\"HAZ\" \/>\n<meta property=\"article:published_time\" content=\"2019-12-17T18:24:54+00:00\" \/>\n<meta property=\"article:modified_time\" content=\"2023-02-09T13:41:30+00:00\" \/>\n<meta property=\"og:image\" content=\"https:\/\/haz.hr\/wp-content\/uploads\/2019\/01\/haz_sredina.png\" \/>\n\t<meta property=\"og:image:width\" content=\"516\" \/>\n\t<meta property=\"og:image:height\" content=\"516\" \/>\n\t<meta property=\"og:image:type\" content=\"image\/png\" \/>\n<meta name=\"author\" content=\"JT-design\" \/>\n<meta name=\"twitter:card\" content=\"summary_large_image\" \/>\n<meta name=\"twitter:label1\" content=\"Written by\" \/>\n\t<meta name=\"twitter:data1\" content=\"JT-design\" \/>\n\t<meta name=\"twitter:label2\" content=\"Est. reading time\" \/>\n\t<meta name=\"twitter:data2\" content=\"2 minutes\" \/>\n<script type=\"application\/ld+json\" class=\"yoast-schema-graph\">{\"@context\":\"https:\/\/schema.org\",\"@graph\":[{\"@type\":\"Article\",\"@id\":\"https:\/\/haz.hr\/2019\/12\/17\/konferencija-haz-a-odrzivi-razvoj-turizma-i-podizanje-svijesti-o-vaznosti-drustveno-odgovornog-poslovanja-na-primjeru-nacionalnog-parka-plitvicka-jezera\/#article\",\"isPartOf\":{\"@id\":\"https:\/\/haz.hr\/2019\/12\/17\/konferencija-haz-a-odrzivi-razvoj-turizma-i-podizanje-svijesti-o-vaznosti-drustveno-odgovornog-poslovanja-na-primjeru-nacionalnog-parka-plitvicka-jezera\/\"},\"author\":{\"name\":\"JT-design\",\"@id\":\"https:\/\/haz.hr\/#\/schema\/person\/438892ce514665613f7cd5bb7a19213a\"},\"headline\":\"Konferencija HAZ-a: Odr\u017eivi razvoj turizma i podizanje svijesti o va\u017enosti dru\u0161tveno odgovornog poslovanja na primjeru Nacionalnog parka Plitvi\u010dka jezera\",\"datePublished\":\"2019-12-17T18:24:54+00:00\",\"dateModified\":\"2023-02-09T13:41:30+00:00\",\"mainEntityOfPage\":{\"@id\":\"https:\/\/haz.hr\/2019\/12\/17\/konferencija-haz-a-odrzivi-razvoj-turizma-i-podizanje-svijesti-o-vaznosti-drustveno-odgovornog-poslovanja-na-primjeru-nacionalnog-parka-plitvicka-jezera\/\"},\"wordCount\":364,\"publisher\":{\"@id\":\"https:\/\/haz.hr\/#organization\"},\"image\":{\"@id\":\"https:\/\/haz.hr\/2019\/12\/17\/konferencija-haz-a-odrzivi-razvoj-turizma-i-podizanje-svijesti-o-vaznosti-drustveno-odgovornog-poslovanja-na-primjeru-nacionalnog-parka-plitvicka-jezera\/#primaryimage\"},\"thumbnailUrl\":\"https:\/\/haz.hr\/wp-content\/uploads\/2019\/01\/haz_sredina.png\",\"articleSection\":[\"HAZ novosti\"],\"inLanguage\":\"en-GB\"},{\"@type\":\"WebPage\",\"@id\":\"https:\/\/haz.hr\/2019\/12\/17\/konferencija-haz-a-odrzivi-razvoj-turizma-i-podizanje-svijesti-o-vaznosti-drustveno-odgovornog-poslovanja-na-primjeru-nacionalnog-parka-plitvicka-jezera\/\",\"url\":\"https:\/\/haz.hr\/2019\/12\/17\/konferencija-haz-a-odrzivi-razvoj-turizma-i-podizanje-svijesti-o-vaznosti-drustveno-odgovornog-poslovanja-na-primjeru-nacionalnog-parka-plitvicka-jezera\/\",\"name\":\"Konferencija HAZ-a: Odr\u017eivi razvoj turizma i podizanje svijesti o va\u017enosti dru\u0161tveno odgovornog poslovanja na primjeru Nacionalnog parka Plitvi\u010dka jezera - HAZ\",\"isPartOf\":{\"@id\":\"https:\/\/haz.hr\/#website\"},\"primaryImageOfPage\":{\"@id\":\"https:\/\/haz.hr\/2019\/12\/17\/konferencija-haz-a-odrzivi-razvoj-turizma-i-podizanje-svijesti-o-vaznosti-drustveno-odgovornog-poslovanja-na-primjeru-nacionalnog-parka-plitvicka-jezera\/#primaryimage\"},\"image\":{\"@id\":\"https:\/\/haz.hr\/2019\/12\/17\/konferencija-haz-a-odrzivi-razvoj-turizma-i-podizanje-svijesti-o-vaznosti-drustveno-odgovornog-poslovanja-na-primjeru-nacionalnog-parka-plitvicka-jezera\/#primaryimage\"},\"thumbnailUrl\":\"https:\/\/haz.hr\/wp-content\/uploads\/2019\/01\/haz_sredina.png\",\"datePublished\":\"2019-12-17T18:24:54+00:00\",\"dateModified\":\"2023-02-09T13:41:30+00:00\",\"breadcrumb\":{\"@id\":\"https:\/\/haz.hr\/2019\/12\/17\/konferencija-haz-a-odrzivi-razvoj-turizma-i-podizanje-svijesti-o-vaznosti-drustveno-odgovornog-poslovanja-na-primjeru-nacionalnog-parka-plitvicka-jezera\/#breadcrumb\"},\"inLanguage\":\"en-GB\",\"potentialAction\":[{\"@type\":\"ReadAction\",\"target\":[\"https:\/\/haz.hr\/2019\/12\/17\/konferencija-haz-a-odrzivi-razvoj-turizma-i-podizanje-svijesti-o-vaznosti-drustveno-odgovornog-poslovanja-na-primjeru-nacionalnog-parka-plitvicka-jezera\/\"]}]},{\"@type\":\"ImageObject\",\"inLanguage\":\"en-GB\",\"@id\":\"https:\/\/haz.hr\/2019\/12\/17\/konferencija-haz-a-odrzivi-razvoj-turizma-i-podizanje-svijesti-o-vaznosti-drustveno-odgovornog-poslovanja-na-primjeru-nacionalnog-parka-plitvicka-jezera\/#primaryimage\",\"url\":\"https:\/\/haz.hr\/wp-content\/uploads\/2019\/01\/haz_sredina.png\",\"contentUrl\":\"https:\/\/haz.hr\/wp-content\/uploads\/2019\/01\/haz_sredina.png\",\"width\":516,\"height\":516,\"caption\":\"\"},{\"@type\":\"BreadcrumbList\",\"@id\":\"https:\/\/haz.hr\/2019\/12\/17\/konferencija-haz-a-odrzivi-razvoj-turizma-i-podizanje-svijesti-o-vaznosti-drustveno-odgovornog-poslovanja-na-primjeru-nacionalnog-parka-plitvicka-jezera\/#breadcrumb\",\"itemListElement\":[{\"@type\":\"ListItem\",\"position\":1,\"name\":\"Home\",\"item\":\"https:\/\/haz.hr\/\"},{\"@type\":\"ListItem\",\"position\":2,\"name\":\"Konferencija HAZ-a: Odr\u017eivi razvoj turizma i podizanje svijesti o va\u017enosti dru\u0161tveno odgovornog poslovanja na primjeru Nacionalnog parka Plitvi\u010dka jezera\"}]},{\"@type\":\"WebSite\",\"@id\":\"https:\/\/haz.hr\/#website\",\"url\":\"https:\/\/haz.hr\/\",\"name\":\"HAZ\",\"description\":\"Hrvatska akademska zajednica\",\"publisher\":{\"@id\":\"https:\/\/haz.hr\/#organization\"},\"potentialAction\":[{\"@type\":\"SearchAction\",\"target\":{\"@type\":\"EntryPoint\",\"urlTemplate\":\"https:\/\/haz.hr\/?s={search_term_string}\"},\"query-input\":{\"@type\":\"PropertyValueSpecification\",\"valueRequired\":true,\"valueName\":\"search_term_string\"}}],\"inLanguage\":\"en-GB\"},{\"@type\":\"Organization\",\"@id\":\"https:\/\/haz.hr\/#organization\",\"name\":\"HAZ\",\"url\":\"https:\/\/haz.hr\/\",\"logo\":{\"@type\":\"ImageObject\",\"inLanguage\":\"en-GB\",\"@id\":\"https:\/\/haz.hr\/#\/schema\/logo\/image\/\",\"url\":\"https:\/\/haz.hr\/wp-content\/uploads\/2022\/12\/cropped-HAZ_logo.png\",\"contentUrl\":\"https:\/\/haz.hr\/wp-content\/uploads\/2022\/12\/cropped-HAZ_logo.png\",\"width\":125,\"height\":76,\"caption\":\"HAZ\"},\"image\":{\"@id\":\"https:\/\/haz.hr\/#\/schema\/logo\/image\/\"}},{\"@type\":\"Person\",\"@id\":\"https:\/\/haz.hr\/#\/schema\/person\/438892ce514665613f7cd5bb7a19213a\",\"name\":\"JT-design\",\"image\":{\"@type\":\"ImageObject\",\"inLanguage\":\"en-GB\",\"@id\":\"https:\/\/haz.hr\/#\/schema\/person\/image\/\",\"url\":\"https:\/\/secure.gravatar.com\/avatar\/0032728fc07181d052d653eb6ce26d3ff30f5b1c7d867e6fb82eb66a6fc50646?s=96&d=mm&r=g\",\"contentUrl\":\"https:\/\/secure.gravatar.com\/avatar\/0032728fc07181d052d653eb6ce26d3ff30f5b1c7d867e6fb82eb66a6fc50646?s=96&d=mm&r=g\",\"caption\":\"JT-design\"},\"sameAs\":[\"https:\/\/haz.hr\"],\"url\":\"https:\/\/haz.hr\/en\/author\/jt-design\/\"}]}<\/script>\n<!-- \/ Yoast SEO plugin. -->","yoast_head_json":{"title":"Konferencija HAZ-a: Odr\u017eivi razvoj turizma i podizanje svijesti o va\u017enosti dru\u0161tveno odgovornog poslovanja na primjeru Nacionalnog parka Plitvi\u010dka jezera - HAZ","robots":{"index":"index","follow":"follow","max-snippet":"max-snippet:-1","max-image-preview":"max-image-preview:large","max-video-preview":"max-video-preview:-1"},"canonical":"https:\/\/haz.hr\/en\/2019\/12\/17\/konferencija-haz-a-odrzivi-razvoj-turizma-i-podizanje-svijesti-o-vaznosti-drustveno-odgovornog-poslovanja-na-primjeru-nacionalnog-parka-plitvicka-jezera\/","og_locale":"en_GB","og_type":"article","og_title":"Konferencija HAZ-a: Odr\u017eivi razvoj turizma i podizanje svijesti o va\u017enosti dru\u0161tveno odgovornog poslovanja na primjeru Nacionalnog parka Plitvi\u010dka jezera - HAZ","og_description":"Konferencija \u201cOdr\u017eivi razvoj turizma i podizanje svijesti o va\u017enosti dru\u0161tveno odgovornog poslovanja na primjeru Nacionalnog parka Plitvi\u010dka jezera\u201d odr\u017eala se u subotu, 14. prosinca, u Hotel Jezero u Nacionalnom parku [&hellip;]","og_url":"https:\/\/haz.hr\/en\/2019\/12\/17\/konferencija-haz-a-odrzivi-razvoj-turizma-i-podizanje-svijesti-o-vaznosti-drustveno-odgovornog-poslovanja-na-primjeru-nacionalnog-parka-plitvicka-jezera\/","og_site_name":"HAZ","article_published_time":"2019-12-17T18:24:54+00:00","article_modified_time":"2023-02-09T13:41:30+00:00","og_image":[{"width":516,"height":516,"url":"https:\/\/haz.hr\/wp-content\/uploads\/2019\/01\/haz_sredina.png","type":"image\/png"}],"author":"JT-design","twitter_card":"summary_large_image","twitter_misc":{"Written by":"JT-design","Est. reading time":"2 minutes"},"schema":{"@context":"https:\/\/schema.org","@graph":[{"@type":"Article","@id":"https:\/\/haz.hr\/2019\/12\/17\/konferencija-haz-a-odrzivi-razvoj-turizma-i-podizanje-svijesti-o-vaznosti-drustveno-odgovornog-poslovanja-na-primjeru-nacionalnog-parka-plitvicka-jezera\/#article","isPartOf":{"@id":"https:\/\/haz.hr\/2019\/12\/17\/konferencija-haz-a-odrzivi-razvoj-turizma-i-podizanje-svijesti-o-vaznosti-drustveno-odgovornog-poslovanja-na-primjeru-nacionalnog-parka-plitvicka-jezera\/"},"author":{"name":"JT-design","@id":"https:\/\/haz.hr\/#\/schema\/person\/438892ce514665613f7cd5bb7a19213a"},"headline":"Konferencija HAZ-a: Odr\u017eivi razvoj turizma i podizanje svijesti o va\u017enosti dru\u0161tveno odgovornog poslovanja na primjeru Nacionalnog parka Plitvi\u010dka jezera","datePublished":"2019-12-17T18:24:54+00:00","dateModified":"2023-02-09T13:41:30+00:00","mainEntityOfPage":{"@id":"https:\/\/haz.hr\/2019\/12\/17\/konferencija-haz-a-odrzivi-razvoj-turizma-i-podizanje-svijesti-o-vaznosti-drustveno-odgovornog-poslovanja-na-primjeru-nacionalnog-parka-plitvicka-jezera\/"},"wordCount":364,"publisher":{"@id":"https:\/\/haz.hr\/#organization"},"image":{"@id":"https:\/\/haz.hr\/2019\/12\/17\/konferencija-haz-a-odrzivi-razvoj-turizma-i-podizanje-svijesti-o-vaznosti-drustveno-odgovornog-poslovanja-na-primjeru-nacionalnog-parka-plitvicka-jezera\/#primaryimage"},"thumbnailUrl":"https:\/\/haz.hr\/wp-content\/uploads\/2019\/01\/haz_sredina.png","articleSection":["HAZ novosti"],"inLanguage":"en-GB"},{"@type":"WebPage","@id":"https:\/\/haz.hr\/2019\/12\/17\/konferencija-haz-a-odrzivi-razvoj-turizma-i-podizanje-svijesti-o-vaznosti-drustveno-odgovornog-poslovanja-na-primjeru-nacionalnog-parka-plitvicka-jezera\/","url":"https:\/\/haz.hr\/2019\/12\/17\/konferencija-haz-a-odrzivi-razvoj-turizma-i-podizanje-svijesti-o-vaznosti-drustveno-odgovornog-poslovanja-na-primjeru-nacionalnog-parka-plitvicka-jezera\/","name":"Konferencija HAZ-a: Odr\u017eivi razvoj turizma i podizanje svijesti o va\u017enosti dru\u0161tveno odgovornog poslovanja na primjeru Nacionalnog parka Plitvi\u010dka jezera - HAZ","isPartOf":{"@id":"https:\/\/haz.hr\/#website"},"primaryImageOfPage":{"@id":"https:\/\/haz.hr\/2019\/12\/17\/konferencija-haz-a-odrzivi-razvoj-turizma-i-podizanje-svijesti-o-vaznosti-drustveno-odgovornog-poslovanja-na-primjeru-nacionalnog-parka-plitvicka-jezera\/#primaryimage"},"image":{"@id":"https:\/\/haz.hr\/2019\/12\/17\/konferencija-haz-a-odrzivi-razvoj-turizma-i-podizanje-svijesti-o-vaznosti-drustveno-odgovornog-poslovanja-na-primjeru-nacionalnog-parka-plitvicka-jezera\/#primaryimage"},"thumbnailUrl":"https:\/\/haz.hr\/wp-content\/uploads\/2019\/01\/haz_sredina.png","datePublished":"2019-12-17T18:24:54+00:00","dateModified":"2023-02-09T13:41:30+00:00","breadcrumb":{"@id":"https:\/\/haz.hr\/2019\/12\/17\/konferencija-haz-a-odrzivi-razvoj-turizma-i-podizanje-svijesti-o-vaznosti-drustveno-odgovornog-poslovanja-na-primjeru-nacionalnog-parka-plitvicka-jezera\/#breadcrumb"},"inLanguage":"en-GB","potentialAction":[{"@type":"ReadAction","target":["https:\/\/haz.hr\/2019\/12\/17\/konferencija-haz-a-odrzivi-razvoj-turizma-i-podizanje-svijesti-o-vaznosti-drustveno-odgovornog-poslovanja-na-primjeru-nacionalnog-parka-plitvicka-jezera\/"]}]},{"@type":"ImageObject","inLanguage":"en-GB","@id":"https:\/\/haz.hr\/2019\/12\/17\/konferencija-haz-a-odrzivi-razvoj-turizma-i-podizanje-svijesti-o-vaznosti-drustveno-odgovornog-poslovanja-na-primjeru-nacionalnog-parka-plitvicka-jezera\/#primaryimage","url":"https:\/\/haz.hr\/wp-content\/uploads\/2019\/01\/haz_sredina.png","contentUrl":"https:\/\/haz.hr\/wp-content\/uploads\/2019\/01\/haz_sredina.png","width":516,"height":516,"caption":""},{"@type":"BreadcrumbList","@id":"https:\/\/haz.hr\/2019\/12\/17\/konferencija-haz-a-odrzivi-razvoj-turizma-i-podizanje-svijesti-o-vaznosti-drustveno-odgovornog-poslovanja-na-primjeru-nacionalnog-parka-plitvicka-jezera\/#breadcrumb","itemListElement":[{"@type":"ListItem","position":1,"name":"Home","item":"https:\/\/haz.hr\/"},{"@type":"ListItem","position":2,"name":"Konferencija HAZ-a: Odr\u017eivi razvoj turizma i podizanje svijesti o va\u017enosti dru\u0161tveno odgovornog poslovanja na primjeru Nacionalnog parka Plitvi\u010dka jezera"}]},{"@type":"WebSite","@id":"https:\/\/haz.hr\/#website","url":"https:\/\/haz.hr\/","name":"HAZ","description":"Croatian Academic Community","publisher":{"@id":"https:\/\/haz.hr\/#organization"},"potentialAction":[{"@type":"SearchAction","target":{"@type":"EntryPoint","urlTemplate":"https:\/\/haz.hr\/?s={search_term_string}"},"query-input":{"@type":"PropertyValueSpecification","valueRequired":true,"valueName":"search_term_string"}}],"inLanguage":"en-GB"},{"@type":"Organization","@id":"https:\/\/haz.hr\/#organization","name":"HAZ","url":"https:\/\/haz.hr\/","logo":{"@type":"ImageObject","inLanguage":"en-GB","@id":"https:\/\/haz.hr\/#\/schema\/logo\/image\/","url":"https:\/\/haz.hr\/wp-content\/uploads\/2022\/12\/cropped-HAZ_logo.png","contentUrl":"https:\/\/haz.hr\/wp-content\/uploads\/2022\/12\/cropped-HAZ_logo.png","width":125,"height":76,"caption":"HAZ"},"image":{"@id":"https:\/\/haz.hr\/#\/schema\/logo\/image\/"}},{"@type":"Person","@id":"https:\/\/haz.hr\/#\/schema\/person\/438892ce514665613f7cd5bb7a19213a","name":"JT-design","image":{"@type":"ImageObject","inLanguage":"en-GB","@id":"https:\/\/haz.hr\/#\/schema\/person\/image\/","url":"https:\/\/secure.gravatar.com\/avatar\/0032728fc07181d052d653eb6ce26d3ff30f5b1c7d867e6fb82eb66a6fc50646?s=96&d=mm&r=g","contentUrl":"https:\/\/secure.gravatar.com\/avatar\/0032728fc07181d052d653eb6ce26d3ff30f5b1c7d867e6fb82eb66a6fc50646?s=96&d=mm&r=g","caption":"JT-design"},"sameAs":["https:\/\/haz.hr"],"url":"https:\/\/haz.hr\/en\/author\/jt-design\/"}]}},"_links":{"self":[{"href":"https:\/\/haz.hr\/en\/wp-json\/wp\/v2\/posts\/1521","targetHints":{"allow":["GET"]}}],"collection":[{"href":"https:\/\/haz.hr\/en\/wp-json\/wp\/v2\/posts"}],"about":[{"href":"https:\/\/haz.hr\/en\/wp-json\/wp\/v2\/types\/post"}],"author":[{"embeddable":true,"href":"https:\/\/haz.hr\/en\/wp-json\/wp\/v2\/users\/1"}],"replies":[{"embeddable":true,"href":"https:\/\/haz.hr\/en\/wp-json\/wp\/v2\/comments?post=1521"}],"version-history":[{"count":1,"href":"https:\/\/haz.hr\/en\/wp-json\/wp\/v2\/posts\/1521\/revisions"}],"predecessor-version":[{"id":2489,"href":"https:\/\/haz.hr\/en\/wp-json\/wp\/v2\/posts\/1521\/revisions\/2489"}],"wp:featuredmedia":[{"embeddable":true,"href":"https:\/\/haz.hr\/en\/wp-json\/wp\/v2\/media\/692"}],"wp:attachment":[{"href":"https:\/\/haz.hr\/en\/wp-json\/wp\/v2\/media?parent=1521"}],"wp:term":[{"taxonomy":"category","embeddable":true,"href":"https:\/\/haz.hr\/en\/wp-json\/wp\/v2\/categories?post=1521"},{"taxonomy":"post_tag","embeddable":true,"href":"https:\/\/haz.hr\/en\/wp-json\/wp\/v2\/tags?post=1521"}],"curies":[{"name":"wp","href":"https:\/\/api.w.org\/{rel}","templated":true}]}}