{"id":1532,"date":"2020-11-16T20:46:32","date_gmt":"2020-11-16T19:46:32","guid":{"rendered":"https:\/\/www.haz.hr\/?p=1532"},"modified":"2020-11-16T20:46:32","modified_gmt":"2020-11-16T19:46:32","slug":"izborna-skupstina-hrvatske-akademske-zajednice-zagreb","status":"publish","type":"post","link":"https:\/\/haz.hr\/en\/2020\/11\/16\/izborna-skupstina-hrvatske-akademske-zajednice-zagreb\/","title":{"rendered":"Izborna skup\u0161tina Hrvatske akademske zajednice Zagreb"},"content":{"rendered":"<p class=\"wp-block-paragraph\">Izabrano je novo vodstvo Hrvatske akademske zajednice Zagreb, a sukladno epidemiolo\u0161kim mjerama danas je odr\u017eana online izborna skup\u0161tina na kojoj je prisustvovalo i glasalo \u010dak 50-ak izaslanika studentske sekcije Hrvatske akademske zajednice Zagreb. <\/p>\n\n\n\n<p class=\"wp-block-paragraph\">Redom su na du\u017enostima jednoglasno izabrani: predsjednik <strong>Adrian Pozni\u0107<\/strong> s Ekonomskog fakulteta Sveu\u010dilita u Zagrebu, potpredsjednica <strong>Marija Hodalj<\/strong> s Pravnog fakulteta Sveu\u010dili\u0161ta u Zagrebu, tajnik <strong>Zdeslav Indir<\/strong> s Filozofskog fakulteta Sveu\u010dili\u0161ta u Zagrebu i glasnogovornik<strong> Filip Marinovi\u0107 <\/strong>s Edward Bernays University Collegea. <\/p>\n\n\n\n<p class=\"wp-block-paragraph\"> &#8220;Hvala svim \u010dlanicama i \u010dlanovima na danom povjerenju, izrazito mi je drago \u0161to smo u ovako velikom broju legitimizirali novo predsjedni\u0161vo. Idemo raditi! &#8221; poru\u010dio je<strong> novoizabrani predsjednik<\/strong> Hrvatske akademske zajednice Zagreb Adrian Pozni\u0107. <\/p>","protected":false},"excerpt":{"rendered":"<p>Izabrano je novo vodstvo Hrvatske akademske zajednice Zagreb, a sukladno epidemiolo\u0161kim mjerama danas je odr\u017eana online izborna skup\u0161tina na kojoj je prisustvovalo i glasalo \u010dak 50-ak izaslanika studentske sekcije Hrvatske [&hellip;]<\/p>\n","protected":false},"author":1,"featured_media":1533,"comment_status":"closed","ping_status":"open","sticky":false,"template":"","format":"standard","meta":{"footnotes":""},"categories":[14],"tags":[],"class_list":["post-1532","post","type-post","status-publish","format-standard","has-post-thumbnail","hentry","category-haz-novosti"],"yoast_head":"<!-- This site is optimized with the Yoast SEO plugin v23.7 - https:\/\/yoast.com\/wordpress\/plugins\/seo\/ -->\n<title>Izborna skup\u0161tina Hrvatske akademske zajednice Zagreb - HAZ<\/title>\n<meta name=\"robots\" content=\"index, follow, max-snippet:-1, max-image-preview:large, max-video-preview:-1\" \/>\n<link rel=\"canonical\" href=\"https:\/\/haz.hr\/en\/2020\/11\/16\/izborna-skupstina-hrvatske-akademske-zajednice-zagreb\/\" \/>\n<meta property=\"og:locale\" content=\"en_GB\" \/>\n<meta property=\"og:type\" content=\"article\" \/>\n<meta property=\"og:title\" content=\"Izborna skup\u0161tina Hrvatske akademske zajednice Zagreb - HAZ\" \/>\n<meta property=\"og:description\" content=\"Izabrano je novo vodstvo Hrvatske akademske zajednice Zagreb, a sukladno epidemiolo\u0161kim mjerama danas je odr\u017eana online izborna skup\u0161tina na kojoj je prisustvovalo i glasalo \u010dak 50-ak izaslanika studentske sekcije Hrvatske [&hellip;]\" \/>\n<meta property=\"og:url\" content=\"https:\/\/haz.hr\/en\/2020\/11\/16\/izborna-skupstina-hrvatske-akademske-zajednice-zagreb\/\" \/>\n<meta property=\"og:site_name\" content=\"HAZ\" \/>\n<meta property=\"article:published_time\" content=\"2020-11-16T19:46:32+00:00\" \/>\n<meta property=\"og:image\" content=\"https:\/\/haz.hr\/wp-content\/uploads\/2020\/11\/Obama_Bernays_Biosic_Miketek_final.png\" \/>\n\t<meta property=\"og:image:width\" content=\"1920\" \/>\n\t<meta property=\"og:image:height\" content=\"1080\" \/>\n\t<meta property=\"og:image:type\" content=\"image\/png\" \/>\n<meta name=\"author\" content=\"JT-design\" \/>\n<meta name=\"twitter:card\" content=\"summary_large_image\" \/>\n<meta name=\"twitter:label1\" content=\"Written by\" \/>\n\t<meta name=\"twitter:data1\" content=\"JT-design\" \/>\n\t<meta name=\"twitter:label2\" content=\"Est. reading time\" \/>\n\t<meta name=\"twitter:data2\" content=\"1 minute\" \/>\n<script type=\"application\/ld+json\" class=\"yoast-schema-graph\">{\"@context\":\"https:\/\/schema.org\",\"@graph\":[{\"@type\":\"Article\",\"@id\":\"https:\/\/haz.hr\/2020\/11\/16\/izborna-skupstina-hrvatske-akademske-zajednice-zagreb\/#article\",\"isPartOf\":{\"@id\":\"https:\/\/haz.hr\/2020\/11\/16\/izborna-skupstina-hrvatske-akademske-zajednice-zagreb\/\"},\"author\":{\"name\":\"JT-design\",\"@id\":\"https:\/\/haz.hr\/#\/schema\/person\/438892ce514665613f7cd5bb7a19213a\"},\"headline\":\"Izborna skup\u0161tina Hrvatske akademske zajednice Zagreb\",\"datePublished\":\"2020-11-16T19:46:32+00:00\",\"dateModified\":\"2020-11-16T19:46:32+00:00\",\"mainEntityOfPage\":{\"@id\":\"https:\/\/haz.hr\/2020\/11\/16\/izborna-skupstina-hrvatske-akademske-zajednice-zagreb\/\"},\"wordCount\":126,\"publisher\":{\"@id\":\"https:\/\/haz.hr\/#organization\"},\"image\":{\"@id\":\"https:\/\/haz.hr\/2020\/11\/16\/izborna-skupstina-hrvatske-akademske-zajednice-zagreb\/#primaryimage\"},\"thumbnailUrl\":\"https:\/\/haz.hr\/wp-content\/uploads\/2020\/11\/Obama_Bernays_Biosic_Miketek_final.png\",\"articleSection\":[\"HAZ novosti\"],\"inLanguage\":\"en-GB\"},{\"@type\":\"WebPage\",\"@id\":\"https:\/\/haz.hr\/2020\/11\/16\/izborna-skupstina-hrvatske-akademske-zajednice-zagreb\/\",\"url\":\"https:\/\/haz.hr\/2020\/11\/16\/izborna-skupstina-hrvatske-akademske-zajednice-zagreb\/\",\"name\":\"Izborna skup\u0161tina Hrvatske akademske zajednice Zagreb - HAZ\",\"isPartOf\":{\"@id\":\"https:\/\/haz.hr\/#website\"},\"primaryImageOfPage\":{\"@id\":\"https:\/\/haz.hr\/2020\/11\/16\/izborna-skupstina-hrvatske-akademske-zajednice-zagreb\/#primaryimage\"},\"image\":{\"@id\":\"https:\/\/haz.hr\/2020\/11\/16\/izborna-skupstina-hrvatske-akademske-zajednice-zagreb\/#primaryimage\"},\"thumbnailUrl\":\"https:\/\/haz.hr\/wp-content\/uploads\/2020\/11\/Obama_Bernays_Biosic_Miketek_final.png\",\"datePublished\":\"2020-11-16T19:46:32+00:00\",\"dateModified\":\"2020-11-16T19:46:32+00:00\",\"breadcrumb\":{\"@id\":\"https:\/\/haz.hr\/2020\/11\/16\/izborna-skupstina-hrvatske-akademske-zajednice-zagreb\/#breadcrumb\"},\"inLanguage\":\"en-GB\",\"potentialAction\":[{\"@type\":\"ReadAction\",\"target\":[\"https:\/\/haz.hr\/2020\/11\/16\/izborna-skupstina-hrvatske-akademske-zajednice-zagreb\/\"]}]},{\"@type\":\"ImageObject\",\"inLanguage\":\"en-GB\",\"@id\":\"https:\/\/haz.hr\/2020\/11\/16\/izborna-skupstina-hrvatske-akademske-zajednice-zagreb\/#primaryimage\",\"url\":\"https:\/\/haz.hr\/wp-content\/uploads\/2020\/11\/Obama_Bernays_Biosic_Miketek_final.png\",\"contentUrl\":\"https:\/\/haz.hr\/wp-content\/uploads\/2020\/11\/Obama_Bernays_Biosic_Miketek_final.png\",\"width\":1920,\"height\":1080,\"caption\":\"\"},{\"@type\":\"BreadcrumbList\",\"@id\":\"https:\/\/haz.hr\/2020\/11\/16\/izborna-skupstina-hrvatske-akademske-zajednice-zagreb\/#breadcrumb\",\"itemListElement\":[{\"@type\":\"ListItem\",\"position\":1,\"name\":\"Home\",\"item\":\"https:\/\/haz.hr\/\"},{\"@type\":\"ListItem\",\"position\":2,\"name\":\"Izborna skup\u0161tina Hrvatske akademske zajednice Zagreb\"}]},{\"@type\":\"WebSite\",\"@id\":\"https:\/\/haz.hr\/#website\",\"url\":\"https:\/\/haz.hr\/\",\"name\":\"HAZ\",\"description\":\"Hrvatska akademska zajednica\",\"publisher\":{\"@id\":\"https:\/\/haz.hr\/#organization\"},\"potentialAction\":[{\"@type\":\"SearchAction\",\"target\":{\"@type\":\"EntryPoint\",\"urlTemplate\":\"https:\/\/haz.hr\/?s={search_term_string}\"},\"query-input\":{\"@type\":\"PropertyValueSpecification\",\"valueRequired\":true,\"valueName\":\"search_term_string\"}}],\"inLanguage\":\"en-GB\"},{\"@type\":\"Organization\",\"@id\":\"https:\/\/haz.hr\/#organization\",\"name\":\"HAZ\",\"url\":\"https:\/\/haz.hr\/\",\"logo\":{\"@type\":\"ImageObject\",\"inLanguage\":\"en-GB\",\"@id\":\"https:\/\/haz.hr\/#\/schema\/logo\/image\/\",\"url\":\"https:\/\/haz.hr\/wp-content\/uploads\/2022\/12\/cropped-HAZ_logo.png\",\"contentUrl\":\"https:\/\/haz.hr\/wp-content\/uploads\/2022\/12\/cropped-HAZ_logo.png\",\"width\":125,\"height\":76,\"caption\":\"HAZ\"},\"image\":{\"@id\":\"https:\/\/haz.hr\/#\/schema\/logo\/image\/\"}},{\"@type\":\"Person\",\"@id\":\"https:\/\/haz.hr\/#\/schema\/person\/438892ce514665613f7cd5bb7a19213a\",\"name\":\"JT-design\",\"image\":{\"@type\":\"ImageObject\",\"inLanguage\":\"en-GB\",\"@id\":\"https:\/\/haz.hr\/#\/schema\/person\/image\/\",\"url\":\"https:\/\/secure.gravatar.com\/avatar\/0032728fc07181d052d653eb6ce26d3ff30f5b1c7d867e6fb82eb66a6fc50646?s=96&d=mm&r=g\",\"contentUrl\":\"https:\/\/secure.gravatar.com\/avatar\/0032728fc07181d052d653eb6ce26d3ff30f5b1c7d867e6fb82eb66a6fc50646?s=96&d=mm&r=g\",\"caption\":\"JT-design\"},\"sameAs\":[\"https:\/\/haz.hr\"],\"url\":\"https:\/\/haz.hr\/en\/author\/jt-design\/\"}]}<\/script>\n<!-- \/ Yoast SEO plugin. -->","yoast_head_json":{"title":"Izborna skup\u0161tina Hrvatske akademske zajednice Zagreb - HAZ","robots":{"index":"index","follow":"follow","max-snippet":"max-snippet:-1","max-image-preview":"max-image-preview:large","max-video-preview":"max-video-preview:-1"},"canonical":"https:\/\/haz.hr\/en\/2020\/11\/16\/izborna-skupstina-hrvatske-akademske-zajednice-zagreb\/","og_locale":"en_GB","og_type":"article","og_title":"Izborna skup\u0161tina Hrvatske akademske zajednice Zagreb - HAZ","og_description":"Izabrano je novo vodstvo Hrvatske akademske zajednice Zagreb, a sukladno epidemiolo\u0161kim mjerama danas je odr\u017eana online izborna skup\u0161tina na kojoj je prisustvovalo i glasalo \u010dak 50-ak izaslanika studentske sekcije Hrvatske [&hellip;]","og_url":"https:\/\/haz.hr\/en\/2020\/11\/16\/izborna-skupstina-hrvatske-akademske-zajednice-zagreb\/","og_site_name":"HAZ","article_published_time":"2020-11-16T19:46:32+00:00","og_image":[{"width":1920,"height":1080,"url":"https:\/\/haz.hr\/wp-content\/uploads\/2020\/11\/Obama_Bernays_Biosic_Miketek_final.png","type":"image\/png"}],"author":"JT-design","twitter_card":"summary_large_image","twitter_misc":{"Written by":"JT-design","Est. reading time":"1 minute"},"schema":{"@context":"https:\/\/schema.org","@graph":[{"@type":"Article","@id":"https:\/\/haz.hr\/2020\/11\/16\/izborna-skupstina-hrvatske-akademske-zajednice-zagreb\/#article","isPartOf":{"@id":"https:\/\/haz.hr\/2020\/11\/16\/izborna-skupstina-hrvatske-akademske-zajednice-zagreb\/"},"author":{"name":"JT-design","@id":"https:\/\/haz.hr\/#\/schema\/person\/438892ce514665613f7cd5bb7a19213a"},"headline":"Izborna skup\u0161tina Hrvatske akademske zajednice Zagreb","datePublished":"2020-11-16T19:46:32+00:00","dateModified":"2020-11-16T19:46:32+00:00","mainEntityOfPage":{"@id":"https:\/\/haz.hr\/2020\/11\/16\/izborna-skupstina-hrvatske-akademske-zajednice-zagreb\/"},"wordCount":126,"publisher":{"@id":"https:\/\/haz.hr\/#organization"},"image":{"@id":"https:\/\/haz.hr\/2020\/11\/16\/izborna-skupstina-hrvatske-akademske-zajednice-zagreb\/#primaryimage"},"thumbnailUrl":"https:\/\/haz.hr\/wp-content\/uploads\/2020\/11\/Obama_Bernays_Biosic_Miketek_final.png","articleSection":["HAZ novosti"],"inLanguage":"en-GB"},{"@type":"WebPage","@id":"https:\/\/haz.hr\/2020\/11\/16\/izborna-skupstina-hrvatske-akademske-zajednice-zagreb\/","url":"https:\/\/haz.hr\/2020\/11\/16\/izborna-skupstina-hrvatske-akademske-zajednice-zagreb\/","name":"Izborna skup\u0161tina Hrvatske akademske zajednice Zagreb - HAZ","isPartOf":{"@id":"https:\/\/haz.hr\/#website"},"primaryImageOfPage":{"@id":"https:\/\/haz.hr\/2020\/11\/16\/izborna-skupstina-hrvatske-akademske-zajednice-zagreb\/#primaryimage"},"image":{"@id":"https:\/\/haz.hr\/2020\/11\/16\/izborna-skupstina-hrvatske-akademske-zajednice-zagreb\/#primaryimage"},"thumbnailUrl":"https:\/\/haz.hr\/wp-content\/uploads\/2020\/11\/Obama_Bernays_Biosic_Miketek_final.png","datePublished":"2020-11-16T19:46:32+00:00","dateModified":"2020-11-16T19:46:32+00:00","breadcrumb":{"@id":"https:\/\/haz.hr\/2020\/11\/16\/izborna-skupstina-hrvatske-akademske-zajednice-zagreb\/#breadcrumb"},"inLanguage":"en-GB","potentialAction":[{"@type":"ReadAction","target":["https:\/\/haz.hr\/2020\/11\/16\/izborna-skupstina-hrvatske-akademske-zajednice-zagreb\/"]}]},{"@type":"ImageObject","inLanguage":"en-GB","@id":"https:\/\/haz.hr\/2020\/11\/16\/izborna-skupstina-hrvatske-akademske-zajednice-zagreb\/#primaryimage","url":"https:\/\/haz.hr\/wp-content\/uploads\/2020\/11\/Obama_Bernays_Biosic_Miketek_final.png","contentUrl":"https:\/\/haz.hr\/wp-content\/uploads\/2020\/11\/Obama_Bernays_Biosic_Miketek_final.png","width":1920,"height":1080,"caption":""},{"@type":"BreadcrumbList","@id":"https:\/\/haz.hr\/2020\/11\/16\/izborna-skupstina-hrvatske-akademske-zajednice-zagreb\/#breadcrumb","itemListElement":[{"@type":"ListItem","position":1,"name":"Home","item":"https:\/\/haz.hr\/"},{"@type":"ListItem","position":2,"name":"Izborna skup\u0161tina Hrvatske akademske zajednice Zagreb"}]},{"@type":"WebSite","@id":"https:\/\/haz.hr\/#website","url":"https:\/\/haz.hr\/","name":"HAZ","description":"Croatian Academic Community","publisher":{"@id":"https:\/\/haz.hr\/#organization"},"potentialAction":[{"@type":"SearchAction","target":{"@type":"EntryPoint","urlTemplate":"https:\/\/haz.hr\/?s={search_term_string}"},"query-input":{"@type":"PropertyValueSpecification","valueRequired":true,"valueName":"search_term_string"}}],"inLanguage":"en-GB"},{"@type":"Organization","@id":"https:\/\/haz.hr\/#organization","name":"HAZ","url":"https:\/\/haz.hr\/","logo":{"@type":"ImageObject","inLanguage":"en-GB","@id":"https:\/\/haz.hr\/#\/schema\/logo\/image\/","url":"https:\/\/haz.hr\/wp-content\/uploads\/2022\/12\/cropped-HAZ_logo.png","contentUrl":"https:\/\/haz.hr\/wp-content\/uploads\/2022\/12\/cropped-HAZ_logo.png","width":125,"height":76,"caption":"HAZ"},"image":{"@id":"https:\/\/haz.hr\/#\/schema\/logo\/image\/"}},{"@type":"Person","@id":"https:\/\/haz.hr\/#\/schema\/person\/438892ce514665613f7cd5bb7a19213a","name":"JT-design","image":{"@type":"ImageObject","inLanguage":"en-GB","@id":"https:\/\/haz.hr\/#\/schema\/person\/image\/","url":"https:\/\/secure.gravatar.com\/avatar\/0032728fc07181d052d653eb6ce26d3ff30f5b1c7d867e6fb82eb66a6fc50646?s=96&d=mm&r=g","contentUrl":"https:\/\/secure.gravatar.com\/avatar\/0032728fc07181d052d653eb6ce26d3ff30f5b1c7d867e6fb82eb66a6fc50646?s=96&d=mm&r=g","caption":"JT-design"},"sameAs":["https:\/\/haz.hr"],"url":"https:\/\/haz.hr\/en\/author\/jt-design\/"}]}},"_links":{"self":[{"href":"https:\/\/haz.hr\/en\/wp-json\/wp\/v2\/posts\/1532","targetHints":{"allow":["GET"]}}],"collection":[{"href":"https:\/\/haz.hr\/en\/wp-json\/wp\/v2\/posts"}],"about":[{"href":"https:\/\/haz.hr\/en\/wp-json\/wp\/v2\/types\/post"}],"author":[{"embeddable":true,"href":"https:\/\/haz.hr\/en\/wp-json\/wp\/v2\/users\/1"}],"replies":[{"embeddable":true,"href":"https:\/\/haz.hr\/en\/wp-json\/wp\/v2\/comments?post=1532"}],"version-history":[{"count":0,"href":"https:\/\/haz.hr\/en\/wp-json\/wp\/v2\/posts\/1532\/revisions"}],"wp:featuredmedia":[{"embeddable":true,"href":"https:\/\/haz.hr\/en\/wp-json\/wp\/v2\/media\/1533"}],"wp:attachment":[{"href":"https:\/\/haz.hr\/en\/wp-json\/wp\/v2\/media?parent=1532"}],"wp:term":[{"taxonomy":"category","embeddable":true,"href":"https:\/\/haz.hr\/en\/wp-json\/wp\/v2\/categories?post=1532"},{"taxonomy":"post_tag","embeddable":true,"href":"https:\/\/haz.hr\/en\/wp-json\/wp\/v2\/tags?post=1532"}],"curies":[{"name":"wp","href":"https:\/\/api.w.org\/{rel}","templated":true}]}}