{"id":1547,"date":"2020-12-18T16:21:02","date_gmt":"2020-12-18T15:21:02","guid":{"rendered":"https:\/\/www.haz.hr\/?p=1547"},"modified":"2020-12-18T16:21:02","modified_gmt":"2020-12-18T15:21:02","slug":"xi-sabor-i-izbori-hrvatske-akademske-zajednice-u-virtualnom-izdanju","status":"publish","type":"post","link":"https:\/\/haz.hr\/en\/2020\/12\/18\/xi-sabor-i-izbori-hrvatske-akademske-zajednice-u-virtualnom-izdanju\/","title":{"rendered":"XI. Sabor i Izbori Hrvatske akademske zajednice u virtualnom izdanju"},"content":{"rendered":"<p class=\"wp-block-paragraph\" style=\"text-align:left\">XI. Sabor Hrvatske akademske zajednice odr\u017ean je u virtualnom okru\u017eenju u \u010detvrtak, 17. prosinca 2020. s po\u010detkom u 18.00 sati, a prvi je kao takav odr\u017ean u povijesti udruge pod geslom &#8220;30 godina zajedno&#8221; povodom 30-og ro\u0111endana Hrvatske akademske zajednice. Virtualno okru\u017eenje i epidemiolo\u0161ke mjere unato\u010d \u0161irenju zaraze bolesti COVID-19, nisu sprije\u010dili \u010dlanove HAZ-a da odr\u017ee i izbore pa su tako u prvim online izborima<strong> izabrani nacionalni du\u017enosici<\/strong>.<\/p>\n\n\n\n<p class=\"wp-block-paragraph\"><strong>Mr. sc. Zdeslav Milas izabran je za nacionalnog predsjednika,<\/strong> a <strong>Karlo Kolesar, stru\u010d. spec. oec. za zamjenika nacionalnog predsjednika Hrvatske akademske zajednice. <\/strong>Alumni zajednicu \u0107e nastaviti voditi i dosada\u0161nji <strong>alumni predsjednik Hrvatske akademske zajednice Ante Bari\u0161i\u0107, dr. med.<\/strong> uz <strong>zamjenika alumni predsjednika doc. dr. sc. Antonia Sesara<\/strong>. Novi <strong>predsjednik Akademskog vije\u0107a <\/strong>je <strong>prof. dr. sc. Mislav Grgi\u0107, <\/strong>a <strong>nacionalne dopredsjednike<\/strong> Hrvatske akademske zajednice izabrani su <strong>Ivan Pnjak<\/strong>, <strong>Hrvoje Raos<\/strong> i <strong>Mihovil Miokovi\u0107.<\/strong><\/p>\n\n\n\n<p class=\"wp-block-paragraph\">&#8220;Svi zajedno smo razlog zbog kojeg Hrvatska akademska zajednica postoji ve\u0107 30 godina, ne bi bilo dovoljno re\u0107i 30 puta hvala na\u0161im alumni \u010dlanovima, osniva\u010dima, biv\u0161im i sada\u0161njim du\u017enosnicima za doprinos razvoju HAZ-a i vjere u Hrvatsku&#8221;, rekao je novo-staro izabrani <strong>nacionalni predsjednik Hrvatske akademske zajednice mr. sc. Zdeslav Milas<\/strong>.<\/p>\n\n\n\n<p class=\"wp-block-paragraph\">Izabrano je i 20 \u010dlanova Glavnog odbora Hrvatske akademske zajednice, odnosno 10 \u010dlanova iz redova senior alumnija te 10 \u010dlanova iz studentskih i junior alumni redova.<\/p>\n\n\n\n<p class=\"wp-block-paragraph\">Na Saboru je, u virtualnom okru\u017eenju, prisustvovalo vi\u0161e od 110 senior alumni, junior alumni i studentskih izaslanika. Velika nam je \u010dast i zadovoljstvo \u0161to nam se na XI. Saboru obratio i aktualni <strong>ministar znanosti i obrazovanja<\/strong> <strong>prof. dr. sc. Radovan Fuchs<\/strong> te <strong>predsjednik skup\u0161tine Grada Zagreba Mislav Herman<\/strong>, ina\u010de, dugogodi\u0161nji HAZ-ovac. <\/p>\n\n\n\n<p class=\"wp-block-paragraph\">Tijekom Sabora premijerno je bio prikazan i promotivni video koji prikazuje \u010dlanove i doga\u0111anja unutar Hrvatske akademske zajednice kroz tri desetlje\u0107a. Bila je ovo virtualna prilika za dru\u017eenje prijatelja i starih kolegica i kolga koji se nisu susreli godinama za razmjenjivanje iskustava i sje\u0107anja, a ujedno i na motivaciju novih \u010dlanova. <\/p>","protected":false},"excerpt":{"rendered":"<p>XI. Sabor Hrvatske akademske zajednice odr\u017ean je u virtualnom okru\u017eenju u \u010detvrtak, 17. prosinca 2020. s po\u010detkom u 18.00 sati, a prvi je kao takav odr\u017ean u povijesti udruge pod [&hellip;]<\/p>\n","protected":false},"author":1,"featured_media":1549,"comment_status":"closed","ping_status":"open","sticky":true,"template":"","format":"standard","meta":{"footnotes":""},"categories":[14],"tags":[],"class_list":["post-1547","post","type-post","status-publish","format-standard","has-post-thumbnail","hentry","category-haz-novosti"],"yoast_head":"<!-- This site is optimized with the Yoast SEO plugin v23.7 - https:\/\/yoast.com\/wordpress\/plugins\/seo\/ -->\n<title>XI. Sabor i Izbori Hrvatske akademske zajednice u virtualnom izdanju - HAZ<\/title>\n<meta name=\"robots\" content=\"index, follow, max-snippet:-1, max-image-preview:large, max-video-preview:-1\" \/>\n<link rel=\"canonical\" href=\"https:\/\/haz.hr\/en\/2020\/12\/18\/xi-sabor-i-izbori-hrvatske-akademske-zajednice-u-virtualnom-izdanju\/\" \/>\n<meta property=\"og:locale\" content=\"en_GB\" \/>\n<meta property=\"og:type\" content=\"article\" \/>\n<meta property=\"og:title\" content=\"XI. Sabor i Izbori Hrvatske akademske zajednice u virtualnom izdanju - HAZ\" \/>\n<meta property=\"og:description\" content=\"XI. Sabor Hrvatske akademske zajednice odr\u017ean je u virtualnom okru\u017eenju u \u010detvrtak, 17. prosinca 2020. s po\u010detkom u 18.00 sati, a prvi je kao takav odr\u017ean u povijesti udruge pod [&hellip;]\" \/>\n<meta property=\"og:url\" content=\"https:\/\/haz.hr\/en\/2020\/12\/18\/xi-sabor-i-izbori-hrvatske-akademske-zajednice-u-virtualnom-izdanju\/\" \/>\n<meta property=\"og:site_name\" content=\"HAZ\" \/>\n<meta property=\"article:published_time\" content=\"2020-12-18T15:21:02+00:00\" \/>\n<meta property=\"og:image\" content=\"https:\/\/haz.hr\/wp-content\/uploads\/2020\/12\/Upute_izborna_platforma_XI_sabor-HAZ.jpg\" \/>\n\t<meta property=\"og:image:width\" content=\"1920\" \/>\n\t<meta property=\"og:image:height\" content=\"1080\" \/>\n\t<meta property=\"og:image:type\" content=\"image\/jpeg\" \/>\n<meta name=\"author\" content=\"JT-design\" \/>\n<meta name=\"twitter:card\" content=\"summary_large_image\" \/>\n<meta name=\"twitter:label1\" content=\"Written by\" \/>\n\t<meta name=\"twitter:data1\" content=\"JT-design\" \/>\n\t<meta name=\"twitter:label2\" content=\"Est. reading time\" \/>\n\t<meta name=\"twitter:data2\" content=\"2 minutes\" \/>\n<script type=\"application\/ld+json\" class=\"yoast-schema-graph\">{\"@context\":\"https:\/\/schema.org\",\"@graph\":[{\"@type\":\"Article\",\"@id\":\"https:\/\/haz.hr\/2020\/12\/18\/xi-sabor-i-izbori-hrvatske-akademske-zajednice-u-virtualnom-izdanju\/#article\",\"isPartOf\":{\"@id\":\"https:\/\/haz.hr\/2020\/12\/18\/xi-sabor-i-izbori-hrvatske-akademske-zajednice-u-virtualnom-izdanju\/\"},\"author\":{\"name\":\"JT-design\",\"@id\":\"https:\/\/haz.hr\/#\/schema\/person\/438892ce514665613f7cd5bb7a19213a\"},\"headline\":\"XI. Sabor i Izbori Hrvatske akademske zajednice u virtualnom izdanju\",\"datePublished\":\"2020-12-18T15:21:02+00:00\",\"dateModified\":\"2020-12-18T15:21:02+00:00\",\"mainEntityOfPage\":{\"@id\":\"https:\/\/haz.hr\/2020\/12\/18\/xi-sabor-i-izbori-hrvatske-akademske-zajednice-u-virtualnom-izdanju\/\"},\"wordCount\":346,\"publisher\":{\"@id\":\"https:\/\/haz.hr\/#organization\"},\"image\":{\"@id\":\"https:\/\/haz.hr\/2020\/12\/18\/xi-sabor-i-izbori-hrvatske-akademske-zajednice-u-virtualnom-izdanju\/#primaryimage\"},\"thumbnailUrl\":\"https:\/\/haz.hr\/wp-content\/uploads\/2020\/12\/Upute_izborna_platforma_XI_sabor-HAZ.jpg\",\"articleSection\":[\"HAZ novosti\"],\"inLanguage\":\"en-GB\"},{\"@type\":\"WebPage\",\"@id\":\"https:\/\/haz.hr\/2020\/12\/18\/xi-sabor-i-izbori-hrvatske-akademske-zajednice-u-virtualnom-izdanju\/\",\"url\":\"https:\/\/haz.hr\/2020\/12\/18\/xi-sabor-i-izbori-hrvatske-akademske-zajednice-u-virtualnom-izdanju\/\",\"name\":\"XI. Sabor i Izbori Hrvatske akademske zajednice u virtualnom izdanju - HAZ\",\"isPartOf\":{\"@id\":\"https:\/\/haz.hr\/#website\"},\"primaryImageOfPage\":{\"@id\":\"https:\/\/haz.hr\/2020\/12\/18\/xi-sabor-i-izbori-hrvatske-akademske-zajednice-u-virtualnom-izdanju\/#primaryimage\"},\"image\":{\"@id\":\"https:\/\/haz.hr\/2020\/12\/18\/xi-sabor-i-izbori-hrvatske-akademske-zajednice-u-virtualnom-izdanju\/#primaryimage\"},\"thumbnailUrl\":\"https:\/\/haz.hr\/wp-content\/uploads\/2020\/12\/Upute_izborna_platforma_XI_sabor-HAZ.jpg\",\"datePublished\":\"2020-12-18T15:21:02+00:00\",\"dateModified\":\"2020-12-18T15:21:02+00:00\",\"breadcrumb\":{\"@id\":\"https:\/\/haz.hr\/2020\/12\/18\/xi-sabor-i-izbori-hrvatske-akademske-zajednice-u-virtualnom-izdanju\/#breadcrumb\"},\"inLanguage\":\"en-GB\",\"potentialAction\":[{\"@type\":\"ReadAction\",\"target\":[\"https:\/\/haz.hr\/2020\/12\/18\/xi-sabor-i-izbori-hrvatske-akademske-zajednice-u-virtualnom-izdanju\/\"]}]},{\"@type\":\"ImageObject\",\"inLanguage\":\"en-GB\",\"@id\":\"https:\/\/haz.hr\/2020\/12\/18\/xi-sabor-i-izbori-hrvatske-akademske-zajednice-u-virtualnom-izdanju\/#primaryimage\",\"url\":\"https:\/\/haz.hr\/wp-content\/uploads\/2020\/12\/Upute_izborna_platforma_XI_sabor-HAZ.jpg\",\"contentUrl\":\"https:\/\/haz.hr\/wp-content\/uploads\/2020\/12\/Upute_izborna_platforma_XI_sabor-HAZ.jpg\",\"width\":1920,\"height\":1080,\"caption\":\"\"},{\"@type\":\"BreadcrumbList\",\"@id\":\"https:\/\/haz.hr\/2020\/12\/18\/xi-sabor-i-izbori-hrvatske-akademske-zajednice-u-virtualnom-izdanju\/#breadcrumb\",\"itemListElement\":[{\"@type\":\"ListItem\",\"position\":1,\"name\":\"Home\",\"item\":\"https:\/\/haz.hr\/\"},{\"@type\":\"ListItem\",\"position\":2,\"name\":\"XI. Sabor i Izbori Hrvatske akademske zajednice u virtualnom izdanju\"}]},{\"@type\":\"WebSite\",\"@id\":\"https:\/\/haz.hr\/#website\",\"url\":\"https:\/\/haz.hr\/\",\"name\":\"HAZ\",\"description\":\"Hrvatska akademska zajednica\",\"publisher\":{\"@id\":\"https:\/\/haz.hr\/#organization\"},\"potentialAction\":[{\"@type\":\"SearchAction\",\"target\":{\"@type\":\"EntryPoint\",\"urlTemplate\":\"https:\/\/haz.hr\/?s={search_term_string}\"},\"query-input\":{\"@type\":\"PropertyValueSpecification\",\"valueRequired\":true,\"valueName\":\"search_term_string\"}}],\"inLanguage\":\"en-GB\"},{\"@type\":\"Organization\",\"@id\":\"https:\/\/haz.hr\/#organization\",\"name\":\"HAZ\",\"url\":\"https:\/\/haz.hr\/\",\"logo\":{\"@type\":\"ImageObject\",\"inLanguage\":\"en-GB\",\"@id\":\"https:\/\/haz.hr\/#\/schema\/logo\/image\/\",\"url\":\"https:\/\/haz.hr\/wp-content\/uploads\/2022\/12\/cropped-HAZ_logo.png\",\"contentUrl\":\"https:\/\/haz.hr\/wp-content\/uploads\/2022\/12\/cropped-HAZ_logo.png\",\"width\":125,\"height\":76,\"caption\":\"HAZ\"},\"image\":{\"@id\":\"https:\/\/haz.hr\/#\/schema\/logo\/image\/\"}},{\"@type\":\"Person\",\"@id\":\"https:\/\/haz.hr\/#\/schema\/person\/438892ce514665613f7cd5bb7a19213a\",\"name\":\"JT-design\",\"image\":{\"@type\":\"ImageObject\",\"inLanguage\":\"en-GB\",\"@id\":\"https:\/\/haz.hr\/#\/schema\/person\/image\/\",\"url\":\"https:\/\/secure.gravatar.com\/avatar\/0032728fc07181d052d653eb6ce26d3ff30f5b1c7d867e6fb82eb66a6fc50646?s=96&d=mm&r=g\",\"contentUrl\":\"https:\/\/secure.gravatar.com\/avatar\/0032728fc07181d052d653eb6ce26d3ff30f5b1c7d867e6fb82eb66a6fc50646?s=96&d=mm&r=g\",\"caption\":\"JT-design\"},\"sameAs\":[\"https:\/\/haz.hr\"],\"url\":\"https:\/\/haz.hr\/en\/author\/jt-design\/\"}]}<\/script>\n<!-- \/ Yoast SEO plugin. -->","yoast_head_json":{"title":"XI. Sabor i Izbori Hrvatske akademske zajednice u virtualnom izdanju - HAZ","robots":{"index":"index","follow":"follow","max-snippet":"max-snippet:-1","max-image-preview":"max-image-preview:large","max-video-preview":"max-video-preview:-1"},"canonical":"https:\/\/haz.hr\/en\/2020\/12\/18\/xi-sabor-i-izbori-hrvatske-akademske-zajednice-u-virtualnom-izdanju\/","og_locale":"en_GB","og_type":"article","og_title":"XI. Sabor i Izbori Hrvatske akademske zajednice u virtualnom izdanju - HAZ","og_description":"XI. Sabor Hrvatske akademske zajednice odr\u017ean je u virtualnom okru\u017eenju u \u010detvrtak, 17. prosinca 2020. s po\u010detkom u 18.00 sati, a prvi je kao takav odr\u017ean u povijesti udruge pod [&hellip;]","og_url":"https:\/\/haz.hr\/en\/2020\/12\/18\/xi-sabor-i-izbori-hrvatske-akademske-zajednice-u-virtualnom-izdanju\/","og_site_name":"HAZ","article_published_time":"2020-12-18T15:21:02+00:00","og_image":[{"width":1920,"height":1080,"url":"https:\/\/haz.hr\/wp-content\/uploads\/2020\/12\/Upute_izborna_platforma_XI_sabor-HAZ.jpg","type":"image\/jpeg"}],"author":"JT-design","twitter_card":"summary_large_image","twitter_misc":{"Written by":"JT-design","Est. reading time":"2 minutes"},"schema":{"@context":"https:\/\/schema.org","@graph":[{"@type":"Article","@id":"https:\/\/haz.hr\/2020\/12\/18\/xi-sabor-i-izbori-hrvatske-akademske-zajednice-u-virtualnom-izdanju\/#article","isPartOf":{"@id":"https:\/\/haz.hr\/2020\/12\/18\/xi-sabor-i-izbori-hrvatske-akademske-zajednice-u-virtualnom-izdanju\/"},"author":{"name":"JT-design","@id":"https:\/\/haz.hr\/#\/schema\/person\/438892ce514665613f7cd5bb7a19213a"},"headline":"XI. Sabor i Izbori Hrvatske akademske zajednice u virtualnom izdanju","datePublished":"2020-12-18T15:21:02+00:00","dateModified":"2020-12-18T15:21:02+00:00","mainEntityOfPage":{"@id":"https:\/\/haz.hr\/2020\/12\/18\/xi-sabor-i-izbori-hrvatske-akademske-zajednice-u-virtualnom-izdanju\/"},"wordCount":346,"publisher":{"@id":"https:\/\/haz.hr\/#organization"},"image":{"@id":"https:\/\/haz.hr\/2020\/12\/18\/xi-sabor-i-izbori-hrvatske-akademske-zajednice-u-virtualnom-izdanju\/#primaryimage"},"thumbnailUrl":"https:\/\/haz.hr\/wp-content\/uploads\/2020\/12\/Upute_izborna_platforma_XI_sabor-HAZ.jpg","articleSection":["HAZ novosti"],"inLanguage":"en-GB"},{"@type":"WebPage","@id":"https:\/\/haz.hr\/2020\/12\/18\/xi-sabor-i-izbori-hrvatske-akademske-zajednice-u-virtualnom-izdanju\/","url":"https:\/\/haz.hr\/2020\/12\/18\/xi-sabor-i-izbori-hrvatske-akademske-zajednice-u-virtualnom-izdanju\/","name":"XI. Sabor i Izbori Hrvatske akademske zajednice u virtualnom izdanju - HAZ","isPartOf":{"@id":"https:\/\/haz.hr\/#website"},"primaryImageOfPage":{"@id":"https:\/\/haz.hr\/2020\/12\/18\/xi-sabor-i-izbori-hrvatske-akademske-zajednice-u-virtualnom-izdanju\/#primaryimage"},"image":{"@id":"https:\/\/haz.hr\/2020\/12\/18\/xi-sabor-i-izbori-hrvatske-akademske-zajednice-u-virtualnom-izdanju\/#primaryimage"},"thumbnailUrl":"https:\/\/haz.hr\/wp-content\/uploads\/2020\/12\/Upute_izborna_platforma_XI_sabor-HAZ.jpg","datePublished":"2020-12-18T15:21:02+00:00","dateModified":"2020-12-18T15:21:02+00:00","breadcrumb":{"@id":"https:\/\/haz.hr\/2020\/12\/18\/xi-sabor-i-izbori-hrvatske-akademske-zajednice-u-virtualnom-izdanju\/#breadcrumb"},"inLanguage":"en-GB","potentialAction":[{"@type":"ReadAction","target":["https:\/\/haz.hr\/2020\/12\/18\/xi-sabor-i-izbori-hrvatske-akademske-zajednice-u-virtualnom-izdanju\/"]}]},{"@type":"ImageObject","inLanguage":"en-GB","@id":"https:\/\/haz.hr\/2020\/12\/18\/xi-sabor-i-izbori-hrvatske-akademske-zajednice-u-virtualnom-izdanju\/#primaryimage","url":"https:\/\/haz.hr\/wp-content\/uploads\/2020\/12\/Upute_izborna_platforma_XI_sabor-HAZ.jpg","contentUrl":"https:\/\/haz.hr\/wp-content\/uploads\/2020\/12\/Upute_izborna_platforma_XI_sabor-HAZ.jpg","width":1920,"height":1080,"caption":""},{"@type":"BreadcrumbList","@id":"https:\/\/haz.hr\/2020\/12\/18\/xi-sabor-i-izbori-hrvatske-akademske-zajednice-u-virtualnom-izdanju\/#breadcrumb","itemListElement":[{"@type":"ListItem","position":1,"name":"Home","item":"https:\/\/haz.hr\/"},{"@type":"ListItem","position":2,"name":"XI. Sabor i Izbori Hrvatske akademske zajednice u virtualnom izdanju"}]},{"@type":"WebSite","@id":"https:\/\/haz.hr\/#website","url":"https:\/\/haz.hr\/","name":"HAZ","description":"Croatian Academic Community","publisher":{"@id":"https:\/\/haz.hr\/#organization"},"potentialAction":[{"@type":"SearchAction","target":{"@type":"EntryPoint","urlTemplate":"https:\/\/haz.hr\/?s={search_term_string}"},"query-input":{"@type":"PropertyValueSpecification","valueRequired":true,"valueName":"search_term_string"}}],"inLanguage":"en-GB"},{"@type":"Organization","@id":"https:\/\/haz.hr\/#organization","name":"HAZ","url":"https:\/\/haz.hr\/","logo":{"@type":"ImageObject","inLanguage":"en-GB","@id":"https:\/\/haz.hr\/#\/schema\/logo\/image\/","url":"https:\/\/haz.hr\/wp-content\/uploads\/2022\/12\/cropped-HAZ_logo.png","contentUrl":"https:\/\/haz.hr\/wp-content\/uploads\/2022\/12\/cropped-HAZ_logo.png","width":125,"height":76,"caption":"HAZ"},"image":{"@id":"https:\/\/haz.hr\/#\/schema\/logo\/image\/"}},{"@type":"Person","@id":"https:\/\/haz.hr\/#\/schema\/person\/438892ce514665613f7cd5bb7a19213a","name":"JT-design","image":{"@type":"ImageObject","inLanguage":"en-GB","@id":"https:\/\/haz.hr\/#\/schema\/person\/image\/","url":"https:\/\/secure.gravatar.com\/avatar\/0032728fc07181d052d653eb6ce26d3ff30f5b1c7d867e6fb82eb66a6fc50646?s=96&d=mm&r=g","contentUrl":"https:\/\/secure.gravatar.com\/avatar\/0032728fc07181d052d653eb6ce26d3ff30f5b1c7d867e6fb82eb66a6fc50646?s=96&d=mm&r=g","caption":"JT-design"},"sameAs":["https:\/\/haz.hr"],"url":"https:\/\/haz.hr\/en\/author\/jt-design\/"}]}},"_links":{"self":[{"href":"https:\/\/haz.hr\/en\/wp-json\/wp\/v2\/posts\/1547","targetHints":{"allow":["GET"]}}],"collection":[{"href":"https:\/\/haz.hr\/en\/wp-json\/wp\/v2\/posts"}],"about":[{"href":"https:\/\/haz.hr\/en\/wp-json\/wp\/v2\/types\/post"}],"author":[{"embeddable":true,"href":"https:\/\/haz.hr\/en\/wp-json\/wp\/v2\/users\/1"}],"replies":[{"embeddable":true,"href":"https:\/\/haz.hr\/en\/wp-json\/wp\/v2\/comments?post=1547"}],"version-history":[{"count":0,"href":"https:\/\/haz.hr\/en\/wp-json\/wp\/v2\/posts\/1547\/revisions"}],"wp:featuredmedia":[{"embeddable":true,"href":"https:\/\/haz.hr\/en\/wp-json\/wp\/v2\/media\/1549"}],"wp:attachment":[{"href":"https:\/\/haz.hr\/en\/wp-json\/wp\/v2\/media?parent=1547"}],"wp:term":[{"taxonomy":"category","embeddable":true,"href":"https:\/\/haz.hr\/en\/wp-json\/wp\/v2\/categories?post=1547"},{"taxonomy":"post_tag","embeddable":true,"href":"https:\/\/haz.hr\/en\/wp-json\/wp\/v2\/tags?post=1547"}],"curies":[{"name":"wp","href":"https:\/\/api.w.org\/{rel}","templated":true}]}}