{"id":1559,"date":"2020-12-21T21:00:37","date_gmt":"2020-12-21T20:00:37","guid":{"rendered":"https:\/\/www.haz.hr\/?p=1559"},"modified":"2020-12-21T21:00:37","modified_gmt":"2020-12-21T20:00:37","slug":"izabran-alumni-predsjednik-zamjenik-alumni-predsjednika-i-predsjednik-akademskog-vijeca-haz-a","status":"publish","type":"post","link":"https:\/\/haz.hr\/en\/2020\/12\/21\/izabran-alumni-predsjednik-zamjenik-alumni-predsjednika-i-predsjednik-akademskog-vijeca-haz-a\/","title":{"rendered":"Izabran alumni predsjednik, zamjenik alumni predsjednika i predsjednik Akademskog vije\u0107a HAZ-a"},"content":{"rendered":"<p class=\"wp-block-paragraph\">Hrvatska akademska zajednica (HAZ) na svom XI. Saboru, odr\u017eanom u <em>online<\/em> obliku 17. prosinca 2020. godine, tajnim je glasovanjem 119 prisutnih izaslanika provela izbore i u svojoj Alumni zajednici HAZ-a.<\/p>\n\n\n\n<p class=\"wp-block-paragraph\"><strong>Alumni zajednicu HAZ-a nastavlja voditi dosada\u0161nji alumni predsjednik Ante Bari\u0161i\u0107, dr. med.<\/strong>, ugledni oftalmolog u Specijalnoj&nbsp; bolnici za oftalmologiju Svjetlost, u kojoj obna\u0161a du\u017enost voditelja Odjela za kirurgiju katarakte. Od ovog Sabora Alumni zajednica ima i <strong>dodatno poja\u010danje koje \u0107e donijeti zamjenik alumni predsjednik doc. dr. sc. Antonio Sesar<\/strong>, specijalist oftalmolog, pro\u010delnik Katedre za oftalmologiju Medicinskog fakulteta Sveu\u010dili\u0161ta u Mostaru i voditelj Odjela za bolesti mre\u017enice na Klinici za o\u010dne bolesti SKB Mostar.<\/p>\n\n\n\n<p class=\"wp-block-paragraph\">Izmjenom Statuta HAZ-a, formirano je novo Akademsko vije\u0107e, kao tematsko tijelo koje \u0107e svoje djelovanje usmjeravati prema davanju mi\u0161ljenja i preporuka o politikama visokog obrazovanja, znanosti, kulture i \u0161porta, organiziranju tematskih predavanja, okruglih stolova, panela i tribina te razvijanju programa me\u0111unarodne suradnje. <strong>Za predsjednik Akademskog vije\u0107a izabran je prof. dr. sc. Mislav Grgi\u0107<\/strong>, redoviti profesor u trajnom zvanju Fakulteta elektrotehnike i ra\u010dunarstva (FER) Sveu\u010dili\u0161ta u Zagrebu, posebni savjetnik rektora za podru\u010dja STEM i me\u0111unarodne projekte, redoviti \u010dlan Europske akademije (<em>Academia Europaea<\/em>), redoviti \u010dlan Akademije tehni\u010dkih znanosti Hrvatske i prethodni dekan FER-a (2014. &#8211; 2018.).<\/p>\n\n\n\n<p class=\"wp-block-paragraph\">\u010cestitamo Anti, Antoniju i Mislavu i \u017eelimo im puno uspjeha u vo\u0111enju Alumni zajednice HAZ-a odnosno Akademskog vije\u0107a HAZ-a!<\/p>","protected":false},"excerpt":{"rendered":"<p>Hrvatska akademska zajednica (HAZ) na svom XI. Saboru, odr\u017eanom u online obliku 17. prosinca 2020. godine, tajnim je glasovanjem 119 prisutnih izaslanika provela izbore i u svojoj Alumni zajednici HAZ-a. [&hellip;]<\/p>\n","protected":false},"author":1,"featured_media":1560,"comment_status":"closed","ping_status":"open","sticky":false,"template":"","format":"standard","meta":{"footnotes":""},"categories":[14],"tags":[],"class_list":["post-1559","post","type-post","status-publish","format-standard","has-post-thumbnail","hentry","category-haz-novosti"],"yoast_head":"<!-- This site is optimized with the Yoast SEO plugin v23.7 - https:\/\/yoast.com\/wordpress\/plugins\/seo\/ -->\n<title>Izabran alumni predsjednik, zamjenik alumni predsjednika i predsjednik Akademskog vije\u0107a HAZ-a - HAZ<\/title>\n<meta name=\"robots\" content=\"index, follow, max-snippet:-1, max-image-preview:large, max-video-preview:-1\" \/>\n<link rel=\"canonical\" href=\"https:\/\/haz.hr\/en\/2020\/12\/21\/izabran-alumni-predsjednik-zamjenik-alumni-predsjednika-i-predsjednik-akademskog-vijeca-haz-a\/\" \/>\n<meta property=\"og:locale\" content=\"en_GB\" \/>\n<meta property=\"og:type\" content=\"article\" \/>\n<meta property=\"og:title\" content=\"Izabran alumni predsjednik, zamjenik alumni predsjednika i predsjednik Akademskog vije\u0107a HAZ-a - HAZ\" \/>\n<meta property=\"og:description\" content=\"Hrvatska akademska zajednica (HAZ) na svom XI. Saboru, odr\u017eanom u online obliku 17. prosinca 2020. godine, tajnim je glasovanjem 119 prisutnih izaslanika provela izbore i u svojoj Alumni zajednici HAZ-a. [&hellip;]\" \/>\n<meta property=\"og:url\" content=\"https:\/\/haz.hr\/en\/2020\/12\/21\/izabran-alumni-predsjednik-zamjenik-alumni-predsjednika-i-predsjednik-akademskog-vijeca-haz-a\/\" \/>\n<meta property=\"og:site_name\" content=\"HAZ\" \/>\n<meta property=\"article:published_time\" content=\"2020-12-21T20:00:37+00:00\" \/>\n<meta property=\"og:image\" content=\"https:\/\/haz.hr\/wp-content\/uploads\/2020\/12\/Ante_Antonio_Mislav.png\" \/>\n\t<meta property=\"og:image:width\" content=\"1200\" \/>\n\t<meta property=\"og:image:height\" content=\"800\" \/>\n\t<meta property=\"og:image:type\" content=\"image\/png\" \/>\n<meta name=\"author\" content=\"JT-design\" \/>\n<meta name=\"twitter:card\" content=\"summary_large_image\" \/>\n<meta name=\"twitter:label1\" content=\"Written by\" \/>\n\t<meta name=\"twitter:data1\" content=\"JT-design\" \/>\n\t<meta name=\"twitter:label2\" content=\"Est. reading time\" \/>\n\t<meta name=\"twitter:data2\" content=\"1 minute\" \/>\n<script type=\"application\/ld+json\" class=\"yoast-schema-graph\">{\"@context\":\"https:\/\/schema.org\",\"@graph\":[{\"@type\":\"Article\",\"@id\":\"https:\/\/haz.hr\/2020\/12\/21\/izabran-alumni-predsjednik-zamjenik-alumni-predsjednika-i-predsjednik-akademskog-vijeca-haz-a\/#article\",\"isPartOf\":{\"@id\":\"https:\/\/haz.hr\/2020\/12\/21\/izabran-alumni-predsjednik-zamjenik-alumni-predsjednika-i-predsjednik-akademskog-vijeca-haz-a\/\"},\"author\":{\"name\":\"JT-design\",\"@id\":\"https:\/\/haz.hr\/#\/schema\/person\/438892ce514665613f7cd5bb7a19213a\"},\"headline\":\"Izabran alumni predsjednik, zamjenik alumni predsjednika i predsjednik Akademskog vije\u0107a HAZ-a\",\"datePublished\":\"2020-12-21T20:00:37+00:00\",\"dateModified\":\"2020-12-21T20:00:37+00:00\",\"mainEntityOfPage\":{\"@id\":\"https:\/\/haz.hr\/2020\/12\/21\/izabran-alumni-predsjednik-zamjenik-alumni-predsjednika-i-predsjednik-akademskog-vijeca-haz-a\/\"},\"wordCount\":247,\"publisher\":{\"@id\":\"https:\/\/haz.hr\/#organization\"},\"image\":{\"@id\":\"https:\/\/haz.hr\/2020\/12\/21\/izabran-alumni-predsjednik-zamjenik-alumni-predsjednika-i-predsjednik-akademskog-vijeca-haz-a\/#primaryimage\"},\"thumbnailUrl\":\"https:\/\/haz.hr\/wp-content\/uploads\/2020\/12\/Ante_Antonio_Mislav.png\",\"articleSection\":[\"HAZ novosti\"],\"inLanguage\":\"en-GB\"},{\"@type\":\"WebPage\",\"@id\":\"https:\/\/haz.hr\/2020\/12\/21\/izabran-alumni-predsjednik-zamjenik-alumni-predsjednika-i-predsjednik-akademskog-vijeca-haz-a\/\",\"url\":\"https:\/\/haz.hr\/2020\/12\/21\/izabran-alumni-predsjednik-zamjenik-alumni-predsjednika-i-predsjednik-akademskog-vijeca-haz-a\/\",\"name\":\"Izabran alumni predsjednik, zamjenik alumni predsjednika i predsjednik Akademskog vije\u0107a HAZ-a - HAZ\",\"isPartOf\":{\"@id\":\"https:\/\/haz.hr\/#website\"},\"primaryImageOfPage\":{\"@id\":\"https:\/\/haz.hr\/2020\/12\/21\/izabran-alumni-predsjednik-zamjenik-alumni-predsjednika-i-predsjednik-akademskog-vijeca-haz-a\/#primaryimage\"},\"image\":{\"@id\":\"https:\/\/haz.hr\/2020\/12\/21\/izabran-alumni-predsjednik-zamjenik-alumni-predsjednika-i-predsjednik-akademskog-vijeca-haz-a\/#primaryimage\"},\"thumbnailUrl\":\"https:\/\/haz.hr\/wp-content\/uploads\/2020\/12\/Ante_Antonio_Mislav.png\",\"datePublished\":\"2020-12-21T20:00:37+00:00\",\"dateModified\":\"2020-12-21T20:00:37+00:00\",\"breadcrumb\":{\"@id\":\"https:\/\/haz.hr\/2020\/12\/21\/izabran-alumni-predsjednik-zamjenik-alumni-predsjednika-i-predsjednik-akademskog-vijeca-haz-a\/#breadcrumb\"},\"inLanguage\":\"en-GB\",\"potentialAction\":[{\"@type\":\"ReadAction\",\"target\":[\"https:\/\/haz.hr\/2020\/12\/21\/izabran-alumni-predsjednik-zamjenik-alumni-predsjednika-i-predsjednik-akademskog-vijeca-haz-a\/\"]}]},{\"@type\":\"ImageObject\",\"inLanguage\":\"en-GB\",\"@id\":\"https:\/\/haz.hr\/2020\/12\/21\/izabran-alumni-predsjednik-zamjenik-alumni-predsjednika-i-predsjednik-akademskog-vijeca-haz-a\/#primaryimage\",\"url\":\"https:\/\/haz.hr\/wp-content\/uploads\/2020\/12\/Ante_Antonio_Mislav.png\",\"contentUrl\":\"https:\/\/haz.hr\/wp-content\/uploads\/2020\/12\/Ante_Antonio_Mislav.png\",\"width\":1200,\"height\":800,\"caption\":\"\"},{\"@type\":\"BreadcrumbList\",\"@id\":\"https:\/\/haz.hr\/2020\/12\/21\/izabran-alumni-predsjednik-zamjenik-alumni-predsjednika-i-predsjednik-akademskog-vijeca-haz-a\/#breadcrumb\",\"itemListElement\":[{\"@type\":\"ListItem\",\"position\":1,\"name\":\"Home\",\"item\":\"https:\/\/haz.hr\/\"},{\"@type\":\"ListItem\",\"position\":2,\"name\":\"Izabran alumni predsjednik, zamjenik alumni predsjednika i predsjednik Akademskog vije\u0107a HAZ-a\"}]},{\"@type\":\"WebSite\",\"@id\":\"https:\/\/haz.hr\/#website\",\"url\":\"https:\/\/haz.hr\/\",\"name\":\"HAZ\",\"description\":\"Hrvatska akademska zajednica\",\"publisher\":{\"@id\":\"https:\/\/haz.hr\/#organization\"},\"potentialAction\":[{\"@type\":\"SearchAction\",\"target\":{\"@type\":\"EntryPoint\",\"urlTemplate\":\"https:\/\/haz.hr\/?s={search_term_string}\"},\"query-input\":{\"@type\":\"PropertyValueSpecification\",\"valueRequired\":true,\"valueName\":\"search_term_string\"}}],\"inLanguage\":\"en-GB\"},{\"@type\":\"Organization\",\"@id\":\"https:\/\/haz.hr\/#organization\",\"name\":\"HAZ\",\"url\":\"https:\/\/haz.hr\/\",\"logo\":{\"@type\":\"ImageObject\",\"inLanguage\":\"en-GB\",\"@id\":\"https:\/\/haz.hr\/#\/schema\/logo\/image\/\",\"url\":\"https:\/\/haz.hr\/wp-content\/uploads\/2022\/12\/cropped-HAZ_logo.png\",\"contentUrl\":\"https:\/\/haz.hr\/wp-content\/uploads\/2022\/12\/cropped-HAZ_logo.png\",\"width\":125,\"height\":76,\"caption\":\"HAZ\"},\"image\":{\"@id\":\"https:\/\/haz.hr\/#\/schema\/logo\/image\/\"}},{\"@type\":\"Person\",\"@id\":\"https:\/\/haz.hr\/#\/schema\/person\/438892ce514665613f7cd5bb7a19213a\",\"name\":\"JT-design\",\"image\":{\"@type\":\"ImageObject\",\"inLanguage\":\"en-GB\",\"@id\":\"https:\/\/haz.hr\/#\/schema\/person\/image\/\",\"url\":\"https:\/\/secure.gravatar.com\/avatar\/0032728fc07181d052d653eb6ce26d3ff30f5b1c7d867e6fb82eb66a6fc50646?s=96&d=mm&r=g\",\"contentUrl\":\"https:\/\/secure.gravatar.com\/avatar\/0032728fc07181d052d653eb6ce26d3ff30f5b1c7d867e6fb82eb66a6fc50646?s=96&d=mm&r=g\",\"caption\":\"JT-design\"},\"sameAs\":[\"https:\/\/haz.hr\"],\"url\":\"https:\/\/haz.hr\/en\/author\/jt-design\/\"}]}<\/script>\n<!-- \/ Yoast SEO plugin. -->","yoast_head_json":{"title":"Izabran alumni predsjednik, zamjenik alumni predsjednika i predsjednik Akademskog vije\u0107a HAZ-a - HAZ","robots":{"index":"index","follow":"follow","max-snippet":"max-snippet:-1","max-image-preview":"max-image-preview:large","max-video-preview":"max-video-preview:-1"},"canonical":"https:\/\/haz.hr\/en\/2020\/12\/21\/izabran-alumni-predsjednik-zamjenik-alumni-predsjednika-i-predsjednik-akademskog-vijeca-haz-a\/","og_locale":"en_GB","og_type":"article","og_title":"Izabran alumni predsjednik, zamjenik alumni predsjednika i predsjednik Akademskog vije\u0107a HAZ-a - HAZ","og_description":"Hrvatska akademska zajednica (HAZ) na svom XI. Saboru, odr\u017eanom u online obliku 17. prosinca 2020. godine, tajnim je glasovanjem 119 prisutnih izaslanika provela izbore i u svojoj Alumni zajednici HAZ-a. [&hellip;]","og_url":"https:\/\/haz.hr\/en\/2020\/12\/21\/izabran-alumni-predsjednik-zamjenik-alumni-predsjednika-i-predsjednik-akademskog-vijeca-haz-a\/","og_site_name":"HAZ","article_published_time":"2020-12-21T20:00:37+00:00","og_image":[{"width":1200,"height":800,"url":"https:\/\/haz.hr\/wp-content\/uploads\/2020\/12\/Ante_Antonio_Mislav.png","type":"image\/png"}],"author":"JT-design","twitter_card":"summary_large_image","twitter_misc":{"Written by":"JT-design","Est. reading time":"1 minute"},"schema":{"@context":"https:\/\/schema.org","@graph":[{"@type":"Article","@id":"https:\/\/haz.hr\/2020\/12\/21\/izabran-alumni-predsjednik-zamjenik-alumni-predsjednika-i-predsjednik-akademskog-vijeca-haz-a\/#article","isPartOf":{"@id":"https:\/\/haz.hr\/2020\/12\/21\/izabran-alumni-predsjednik-zamjenik-alumni-predsjednika-i-predsjednik-akademskog-vijeca-haz-a\/"},"author":{"name":"JT-design","@id":"https:\/\/haz.hr\/#\/schema\/person\/438892ce514665613f7cd5bb7a19213a"},"headline":"Izabran alumni predsjednik, zamjenik alumni predsjednika i predsjednik Akademskog vije\u0107a HAZ-a","datePublished":"2020-12-21T20:00:37+00:00","dateModified":"2020-12-21T20:00:37+00:00","mainEntityOfPage":{"@id":"https:\/\/haz.hr\/2020\/12\/21\/izabran-alumni-predsjednik-zamjenik-alumni-predsjednika-i-predsjednik-akademskog-vijeca-haz-a\/"},"wordCount":247,"publisher":{"@id":"https:\/\/haz.hr\/#organization"},"image":{"@id":"https:\/\/haz.hr\/2020\/12\/21\/izabran-alumni-predsjednik-zamjenik-alumni-predsjednika-i-predsjednik-akademskog-vijeca-haz-a\/#primaryimage"},"thumbnailUrl":"https:\/\/haz.hr\/wp-content\/uploads\/2020\/12\/Ante_Antonio_Mislav.png","articleSection":["HAZ novosti"],"inLanguage":"en-GB"},{"@type":"WebPage","@id":"https:\/\/haz.hr\/2020\/12\/21\/izabran-alumni-predsjednik-zamjenik-alumni-predsjednika-i-predsjednik-akademskog-vijeca-haz-a\/","url":"https:\/\/haz.hr\/2020\/12\/21\/izabran-alumni-predsjednik-zamjenik-alumni-predsjednika-i-predsjednik-akademskog-vijeca-haz-a\/","name":"Izabran alumni predsjednik, zamjenik alumni predsjednika i predsjednik Akademskog vije\u0107a HAZ-a - HAZ","isPartOf":{"@id":"https:\/\/haz.hr\/#website"},"primaryImageOfPage":{"@id":"https:\/\/haz.hr\/2020\/12\/21\/izabran-alumni-predsjednik-zamjenik-alumni-predsjednika-i-predsjednik-akademskog-vijeca-haz-a\/#primaryimage"},"image":{"@id":"https:\/\/haz.hr\/2020\/12\/21\/izabran-alumni-predsjednik-zamjenik-alumni-predsjednika-i-predsjednik-akademskog-vijeca-haz-a\/#primaryimage"},"thumbnailUrl":"https:\/\/haz.hr\/wp-content\/uploads\/2020\/12\/Ante_Antonio_Mislav.png","datePublished":"2020-12-21T20:00:37+00:00","dateModified":"2020-12-21T20:00:37+00:00","breadcrumb":{"@id":"https:\/\/haz.hr\/2020\/12\/21\/izabran-alumni-predsjednik-zamjenik-alumni-predsjednika-i-predsjednik-akademskog-vijeca-haz-a\/#breadcrumb"},"inLanguage":"en-GB","potentialAction":[{"@type":"ReadAction","target":["https:\/\/haz.hr\/2020\/12\/21\/izabran-alumni-predsjednik-zamjenik-alumni-predsjednika-i-predsjednik-akademskog-vijeca-haz-a\/"]}]},{"@type":"ImageObject","inLanguage":"en-GB","@id":"https:\/\/haz.hr\/2020\/12\/21\/izabran-alumni-predsjednik-zamjenik-alumni-predsjednika-i-predsjednik-akademskog-vijeca-haz-a\/#primaryimage","url":"https:\/\/haz.hr\/wp-content\/uploads\/2020\/12\/Ante_Antonio_Mislav.png","contentUrl":"https:\/\/haz.hr\/wp-content\/uploads\/2020\/12\/Ante_Antonio_Mislav.png","width":1200,"height":800,"caption":""},{"@type":"BreadcrumbList","@id":"https:\/\/haz.hr\/2020\/12\/21\/izabran-alumni-predsjednik-zamjenik-alumni-predsjednika-i-predsjednik-akademskog-vijeca-haz-a\/#breadcrumb","itemListElement":[{"@type":"ListItem","position":1,"name":"Home","item":"https:\/\/haz.hr\/"},{"@type":"ListItem","position":2,"name":"Izabran alumni predsjednik, zamjenik alumni predsjednika i predsjednik Akademskog vije\u0107a HAZ-a"}]},{"@type":"WebSite","@id":"https:\/\/haz.hr\/#website","url":"https:\/\/haz.hr\/","name":"HAZ","description":"Croatian Academic Community","publisher":{"@id":"https:\/\/haz.hr\/#organization"},"potentialAction":[{"@type":"SearchAction","target":{"@type":"EntryPoint","urlTemplate":"https:\/\/haz.hr\/?s={search_term_string}"},"query-input":{"@type":"PropertyValueSpecification","valueRequired":true,"valueName":"search_term_string"}}],"inLanguage":"en-GB"},{"@type":"Organization","@id":"https:\/\/haz.hr\/#organization","name":"HAZ","url":"https:\/\/haz.hr\/","logo":{"@type":"ImageObject","inLanguage":"en-GB","@id":"https:\/\/haz.hr\/#\/schema\/logo\/image\/","url":"https:\/\/haz.hr\/wp-content\/uploads\/2022\/12\/cropped-HAZ_logo.png","contentUrl":"https:\/\/haz.hr\/wp-content\/uploads\/2022\/12\/cropped-HAZ_logo.png","width":125,"height":76,"caption":"HAZ"},"image":{"@id":"https:\/\/haz.hr\/#\/schema\/logo\/image\/"}},{"@type":"Person","@id":"https:\/\/haz.hr\/#\/schema\/person\/438892ce514665613f7cd5bb7a19213a","name":"JT-design","image":{"@type":"ImageObject","inLanguage":"en-GB","@id":"https:\/\/haz.hr\/#\/schema\/person\/image\/","url":"https:\/\/secure.gravatar.com\/avatar\/0032728fc07181d052d653eb6ce26d3ff30f5b1c7d867e6fb82eb66a6fc50646?s=96&d=mm&r=g","contentUrl":"https:\/\/secure.gravatar.com\/avatar\/0032728fc07181d052d653eb6ce26d3ff30f5b1c7d867e6fb82eb66a6fc50646?s=96&d=mm&r=g","caption":"JT-design"},"sameAs":["https:\/\/haz.hr"],"url":"https:\/\/haz.hr\/en\/author\/jt-design\/"}]}},"_links":{"self":[{"href":"https:\/\/haz.hr\/en\/wp-json\/wp\/v2\/posts\/1559","targetHints":{"allow":["GET"]}}],"collection":[{"href":"https:\/\/haz.hr\/en\/wp-json\/wp\/v2\/posts"}],"about":[{"href":"https:\/\/haz.hr\/en\/wp-json\/wp\/v2\/types\/post"}],"author":[{"embeddable":true,"href":"https:\/\/haz.hr\/en\/wp-json\/wp\/v2\/users\/1"}],"replies":[{"embeddable":true,"href":"https:\/\/haz.hr\/en\/wp-json\/wp\/v2\/comments?post=1559"}],"version-history":[{"count":0,"href":"https:\/\/haz.hr\/en\/wp-json\/wp\/v2\/posts\/1559\/revisions"}],"wp:featuredmedia":[{"embeddable":true,"href":"https:\/\/haz.hr\/en\/wp-json\/wp\/v2\/media\/1560"}],"wp:attachment":[{"href":"https:\/\/haz.hr\/en\/wp-json\/wp\/v2\/media?parent=1559"}],"wp:term":[{"taxonomy":"category","embeddable":true,"href":"https:\/\/haz.hr\/en\/wp-json\/wp\/v2\/categories?post=1559"},{"taxonomy":"post_tag","embeddable":true,"href":"https:\/\/haz.hr\/en\/wp-json\/wp\/v2\/tags?post=1559"}],"curies":[{"name":"wp","href":"https:\/\/api.w.org\/{rel}","templated":true}]}}