{"id":1562,"date":"2020-12-22T17:27:27","date_gmt":"2020-12-22T16:27:27","guid":{"rendered":"https:\/\/www.haz.hr\/?p=1562"},"modified":"2020-12-22T17:27:27","modified_gmt":"2020-12-22T16:27:27","slug":"izabrana-tri-nacionalna-dopredsjednika-haz-a-iz-redova-studenata","status":"publish","type":"post","link":"https:\/\/haz.hr\/en\/2020\/12\/22\/izabrana-tri-nacionalna-dopredsjednika-haz-a-iz-redova-studenata\/","title":{"rendered":"Izabrana tri nacionalna dopredsjednika HAZ-a iz redova studenata"},"content":{"rendered":"<p class=\"wp-block-paragraph\">Hrvatska akademska zajednica (HAZ) na svom XI. Saboru, odr\u017eanom u <em>online<\/em> obliku 17. prosinca 2020. godine, tajnim je glasovanjem 119 prisutnih izaslanika izabrala tri nacionalna dopredsjednika HAZ-a iz redova studenata.<\/p>\n\n\n\n<p class=\"wp-block-paragraph\">Za nacionalne dopredsjednike izabrani su: <strong>Ivan Pnjak, predsjednik Vije\u0107a studenata veleu\u010dili\u0161ta i visokih \u0161kola RH<\/strong>, predsjednik Udruge studenata VERN&#8217;a, student druge godine diplomskog studija &#8220;Upravljanje ljudskim potencijalima&#8221; na Veleu\u010dili\u0161tu VERN&#8217;; <strong>Hrvoje Raos, dr. med.<\/strong>, zaposlen na Zavodu za hitnu medicinu Splitsko-dalmatinske \u017eupanije, dobitnik Rektorove nagrade i \u010dlan MENSA-e te <strong>Mihovil Miokovi\u0107, predsjednik Studentskog zbora Sveu\u010dili\u0161ta u Zagrebu<\/strong>, student druge godine diplomskog studija &#8220;Analiza i poslovno planiranje&#8221; na Ekonomskom fakultetu Sveu\u010dili\u0161ta u Zagrebu i \u010dlan Matice hrvatske; <\/p>\n\n\n\n<p class=\"wp-block-paragraph\">\u010cestitamo Mihovilu, Ivanu i Hrvoju i \u017eelimo im puno uspjeha u zastupanju studentskih interesa u predsjedni\u0161tvu HAZ-a, ali i u studentskim tijelima na razini visokih u\u010dili\u0161ta i nacionalnoj razini!<\/p>","protected":false},"excerpt":{"rendered":"<p>Hrvatska akademska zajednica (HAZ) na svom XI. Saboru, odr\u017eanom u online obliku 17. prosinca 2020. godine, tajnim je glasovanjem 119 prisutnih izaslanika izabrala tri nacionalna dopredsjednika HAZ-a iz redova studenata. [&hellip;]<\/p>\n","protected":false},"author":1,"featured_media":1563,"comment_status":"closed","ping_status":"open","sticky":false,"template":"","format":"standard","meta":{"footnotes":""},"categories":[14],"tags":[],"class_list":["post-1562","post","type-post","status-publish","format-standard","has-post-thumbnail","hentry","category-haz-novosti"],"yoast_head":"<!-- This site is optimized with the Yoast SEO plugin v23.7 - https:\/\/yoast.com\/wordpress\/plugins\/seo\/ -->\n<title>Izabrana tri nacionalna dopredsjednika HAZ-a iz redova studenata - HAZ<\/title>\n<meta name=\"robots\" content=\"index, follow, max-snippet:-1, max-image-preview:large, max-video-preview:-1\" \/>\n<link rel=\"canonical\" href=\"https:\/\/haz.hr\/en\/2020\/12\/22\/izabrana-tri-nacionalna-dopredsjednika-haz-a-iz-redova-studenata\/\" \/>\n<meta property=\"og:locale\" content=\"en_GB\" \/>\n<meta property=\"og:type\" content=\"article\" \/>\n<meta property=\"og:title\" content=\"Izabrana tri nacionalna dopredsjednika HAZ-a iz redova studenata - HAZ\" \/>\n<meta property=\"og:description\" content=\"Hrvatska akademska zajednica (HAZ) na svom XI. Saboru, odr\u017eanom u online obliku 17. prosinca 2020. godine, tajnim je glasovanjem 119 prisutnih izaslanika izabrala tri nacionalna dopredsjednika HAZ-a iz redova studenata. [&hellip;]\" \/>\n<meta property=\"og:url\" content=\"https:\/\/haz.hr\/en\/2020\/12\/22\/izabrana-tri-nacionalna-dopredsjednika-haz-a-iz-redova-studenata\/\" \/>\n<meta property=\"og:site_name\" content=\"HAZ\" \/>\n<meta property=\"article:published_time\" content=\"2020-12-22T16:27:27+00:00\" \/>\n<meta property=\"og:image\" content=\"https:\/\/haz.hr\/wp-content\/uploads\/2020\/12\/Ivan_Hrvoje_Mihovil.png\" \/>\n\t<meta property=\"og:image:width\" content=\"1200\" \/>\n\t<meta property=\"og:image:height\" content=\"800\" \/>\n\t<meta property=\"og:image:type\" content=\"image\/png\" \/>\n<meta name=\"author\" content=\"JT-design\" \/>\n<meta name=\"twitter:card\" content=\"summary_large_image\" \/>\n<meta name=\"twitter:label1\" content=\"Written by\" \/>\n\t<meta name=\"twitter:data1\" content=\"JT-design\" \/>\n\t<meta name=\"twitter:label2\" content=\"Est. reading time\" \/>\n\t<meta name=\"twitter:data2\" content=\"1 minute\" \/>\n<script type=\"application\/ld+json\" class=\"yoast-schema-graph\">{\"@context\":\"https:\/\/schema.org\",\"@graph\":[{\"@type\":\"Article\",\"@id\":\"https:\/\/haz.hr\/2020\/12\/22\/izabrana-tri-nacionalna-dopredsjednika-haz-a-iz-redova-studenata\/#article\",\"isPartOf\":{\"@id\":\"https:\/\/haz.hr\/2020\/12\/22\/izabrana-tri-nacionalna-dopredsjednika-haz-a-iz-redova-studenata\/\"},\"author\":{\"name\":\"JT-design\",\"@id\":\"https:\/\/haz.hr\/#\/schema\/person\/438892ce514665613f7cd5bb7a19213a\"},\"headline\":\"Izabrana tri nacionalna dopredsjednika HAZ-a iz redova studenata\",\"datePublished\":\"2020-12-22T16:27:27+00:00\",\"dateModified\":\"2020-12-22T16:27:27+00:00\",\"mainEntityOfPage\":{\"@id\":\"https:\/\/haz.hr\/2020\/12\/22\/izabrana-tri-nacionalna-dopredsjednika-haz-a-iz-redova-studenata\/\"},\"wordCount\":154,\"publisher\":{\"@id\":\"https:\/\/haz.hr\/#organization\"},\"image\":{\"@id\":\"https:\/\/haz.hr\/2020\/12\/22\/izabrana-tri-nacionalna-dopredsjednika-haz-a-iz-redova-studenata\/#primaryimage\"},\"thumbnailUrl\":\"https:\/\/haz.hr\/wp-content\/uploads\/2020\/12\/Ivan_Hrvoje_Mihovil.png\",\"articleSection\":[\"HAZ novosti\"],\"inLanguage\":\"en-GB\"},{\"@type\":\"WebPage\",\"@id\":\"https:\/\/haz.hr\/2020\/12\/22\/izabrana-tri-nacionalna-dopredsjednika-haz-a-iz-redova-studenata\/\",\"url\":\"https:\/\/haz.hr\/2020\/12\/22\/izabrana-tri-nacionalna-dopredsjednika-haz-a-iz-redova-studenata\/\",\"name\":\"Izabrana tri nacionalna dopredsjednika HAZ-a iz redova studenata - HAZ\",\"isPartOf\":{\"@id\":\"https:\/\/haz.hr\/#website\"},\"primaryImageOfPage\":{\"@id\":\"https:\/\/haz.hr\/2020\/12\/22\/izabrana-tri-nacionalna-dopredsjednika-haz-a-iz-redova-studenata\/#primaryimage\"},\"image\":{\"@id\":\"https:\/\/haz.hr\/2020\/12\/22\/izabrana-tri-nacionalna-dopredsjednika-haz-a-iz-redova-studenata\/#primaryimage\"},\"thumbnailUrl\":\"https:\/\/haz.hr\/wp-content\/uploads\/2020\/12\/Ivan_Hrvoje_Mihovil.png\",\"datePublished\":\"2020-12-22T16:27:27+00:00\",\"dateModified\":\"2020-12-22T16:27:27+00:00\",\"breadcrumb\":{\"@id\":\"https:\/\/haz.hr\/2020\/12\/22\/izabrana-tri-nacionalna-dopredsjednika-haz-a-iz-redova-studenata\/#breadcrumb\"},\"inLanguage\":\"en-GB\",\"potentialAction\":[{\"@type\":\"ReadAction\",\"target\":[\"https:\/\/haz.hr\/2020\/12\/22\/izabrana-tri-nacionalna-dopredsjednika-haz-a-iz-redova-studenata\/\"]}]},{\"@type\":\"ImageObject\",\"inLanguage\":\"en-GB\",\"@id\":\"https:\/\/haz.hr\/2020\/12\/22\/izabrana-tri-nacionalna-dopredsjednika-haz-a-iz-redova-studenata\/#primaryimage\",\"url\":\"https:\/\/haz.hr\/wp-content\/uploads\/2020\/12\/Ivan_Hrvoje_Mihovil.png\",\"contentUrl\":\"https:\/\/haz.hr\/wp-content\/uploads\/2020\/12\/Ivan_Hrvoje_Mihovil.png\",\"width\":1200,\"height\":800,\"caption\":\"\"},{\"@type\":\"BreadcrumbList\",\"@id\":\"https:\/\/haz.hr\/2020\/12\/22\/izabrana-tri-nacionalna-dopredsjednika-haz-a-iz-redova-studenata\/#breadcrumb\",\"itemListElement\":[{\"@type\":\"ListItem\",\"position\":1,\"name\":\"Home\",\"item\":\"https:\/\/haz.hr\/\"},{\"@type\":\"ListItem\",\"position\":2,\"name\":\"Izabrana tri nacionalna dopredsjednika HAZ-a iz redova studenata\"}]},{\"@type\":\"WebSite\",\"@id\":\"https:\/\/haz.hr\/#website\",\"url\":\"https:\/\/haz.hr\/\",\"name\":\"HAZ\",\"description\":\"Hrvatska akademska zajednica\",\"publisher\":{\"@id\":\"https:\/\/haz.hr\/#organization\"},\"potentialAction\":[{\"@type\":\"SearchAction\",\"target\":{\"@type\":\"EntryPoint\",\"urlTemplate\":\"https:\/\/haz.hr\/?s={search_term_string}\"},\"query-input\":{\"@type\":\"PropertyValueSpecification\",\"valueRequired\":true,\"valueName\":\"search_term_string\"}}],\"inLanguage\":\"en-GB\"},{\"@type\":\"Organization\",\"@id\":\"https:\/\/haz.hr\/#organization\",\"name\":\"HAZ\",\"url\":\"https:\/\/haz.hr\/\",\"logo\":{\"@type\":\"ImageObject\",\"inLanguage\":\"en-GB\",\"@id\":\"https:\/\/haz.hr\/#\/schema\/logo\/image\/\",\"url\":\"https:\/\/haz.hr\/wp-content\/uploads\/2022\/12\/cropped-HAZ_logo.png\",\"contentUrl\":\"https:\/\/haz.hr\/wp-content\/uploads\/2022\/12\/cropped-HAZ_logo.png\",\"width\":125,\"height\":76,\"caption\":\"HAZ\"},\"image\":{\"@id\":\"https:\/\/haz.hr\/#\/schema\/logo\/image\/\"}},{\"@type\":\"Person\",\"@id\":\"https:\/\/haz.hr\/#\/schema\/person\/438892ce514665613f7cd5bb7a19213a\",\"name\":\"JT-design\",\"image\":{\"@type\":\"ImageObject\",\"inLanguage\":\"en-GB\",\"@id\":\"https:\/\/haz.hr\/#\/schema\/person\/image\/\",\"url\":\"https:\/\/secure.gravatar.com\/avatar\/0032728fc07181d052d653eb6ce26d3ff30f5b1c7d867e6fb82eb66a6fc50646?s=96&d=mm&r=g\",\"contentUrl\":\"https:\/\/secure.gravatar.com\/avatar\/0032728fc07181d052d653eb6ce26d3ff30f5b1c7d867e6fb82eb66a6fc50646?s=96&d=mm&r=g\",\"caption\":\"JT-design\"},\"sameAs\":[\"https:\/\/haz.hr\"],\"url\":\"https:\/\/haz.hr\/en\/author\/jt-design\/\"}]}<\/script>\n<!-- \/ Yoast SEO plugin. -->","yoast_head_json":{"title":"Izabrana tri nacionalna dopredsjednika HAZ-a iz redova studenata - HAZ","robots":{"index":"index","follow":"follow","max-snippet":"max-snippet:-1","max-image-preview":"max-image-preview:large","max-video-preview":"max-video-preview:-1"},"canonical":"https:\/\/haz.hr\/en\/2020\/12\/22\/izabrana-tri-nacionalna-dopredsjednika-haz-a-iz-redova-studenata\/","og_locale":"en_GB","og_type":"article","og_title":"Izabrana tri nacionalna dopredsjednika HAZ-a iz redova studenata - HAZ","og_description":"Hrvatska akademska zajednica (HAZ) na svom XI. Saboru, odr\u017eanom u online obliku 17. prosinca 2020. godine, tajnim je glasovanjem 119 prisutnih izaslanika izabrala tri nacionalna dopredsjednika HAZ-a iz redova studenata. [&hellip;]","og_url":"https:\/\/haz.hr\/en\/2020\/12\/22\/izabrana-tri-nacionalna-dopredsjednika-haz-a-iz-redova-studenata\/","og_site_name":"HAZ","article_published_time":"2020-12-22T16:27:27+00:00","og_image":[{"width":1200,"height":800,"url":"https:\/\/haz.hr\/wp-content\/uploads\/2020\/12\/Ivan_Hrvoje_Mihovil.png","type":"image\/png"}],"author":"JT-design","twitter_card":"summary_large_image","twitter_misc":{"Written by":"JT-design","Est. reading time":"1 minute"},"schema":{"@context":"https:\/\/schema.org","@graph":[{"@type":"Article","@id":"https:\/\/haz.hr\/2020\/12\/22\/izabrana-tri-nacionalna-dopredsjednika-haz-a-iz-redova-studenata\/#article","isPartOf":{"@id":"https:\/\/haz.hr\/2020\/12\/22\/izabrana-tri-nacionalna-dopredsjednika-haz-a-iz-redova-studenata\/"},"author":{"name":"JT-design","@id":"https:\/\/haz.hr\/#\/schema\/person\/438892ce514665613f7cd5bb7a19213a"},"headline":"Izabrana tri nacionalna dopredsjednika HAZ-a iz redova studenata","datePublished":"2020-12-22T16:27:27+00:00","dateModified":"2020-12-22T16:27:27+00:00","mainEntityOfPage":{"@id":"https:\/\/haz.hr\/2020\/12\/22\/izabrana-tri-nacionalna-dopredsjednika-haz-a-iz-redova-studenata\/"},"wordCount":154,"publisher":{"@id":"https:\/\/haz.hr\/#organization"},"image":{"@id":"https:\/\/haz.hr\/2020\/12\/22\/izabrana-tri-nacionalna-dopredsjednika-haz-a-iz-redova-studenata\/#primaryimage"},"thumbnailUrl":"https:\/\/haz.hr\/wp-content\/uploads\/2020\/12\/Ivan_Hrvoje_Mihovil.png","articleSection":["HAZ novosti"],"inLanguage":"en-GB"},{"@type":"WebPage","@id":"https:\/\/haz.hr\/2020\/12\/22\/izabrana-tri-nacionalna-dopredsjednika-haz-a-iz-redova-studenata\/","url":"https:\/\/haz.hr\/2020\/12\/22\/izabrana-tri-nacionalna-dopredsjednika-haz-a-iz-redova-studenata\/","name":"Izabrana tri nacionalna dopredsjednika HAZ-a iz redova studenata - HAZ","isPartOf":{"@id":"https:\/\/haz.hr\/#website"},"primaryImageOfPage":{"@id":"https:\/\/haz.hr\/2020\/12\/22\/izabrana-tri-nacionalna-dopredsjednika-haz-a-iz-redova-studenata\/#primaryimage"},"image":{"@id":"https:\/\/haz.hr\/2020\/12\/22\/izabrana-tri-nacionalna-dopredsjednika-haz-a-iz-redova-studenata\/#primaryimage"},"thumbnailUrl":"https:\/\/haz.hr\/wp-content\/uploads\/2020\/12\/Ivan_Hrvoje_Mihovil.png","datePublished":"2020-12-22T16:27:27+00:00","dateModified":"2020-12-22T16:27:27+00:00","breadcrumb":{"@id":"https:\/\/haz.hr\/2020\/12\/22\/izabrana-tri-nacionalna-dopredsjednika-haz-a-iz-redova-studenata\/#breadcrumb"},"inLanguage":"en-GB","potentialAction":[{"@type":"ReadAction","target":["https:\/\/haz.hr\/2020\/12\/22\/izabrana-tri-nacionalna-dopredsjednika-haz-a-iz-redova-studenata\/"]}]},{"@type":"ImageObject","inLanguage":"en-GB","@id":"https:\/\/haz.hr\/2020\/12\/22\/izabrana-tri-nacionalna-dopredsjednika-haz-a-iz-redova-studenata\/#primaryimage","url":"https:\/\/haz.hr\/wp-content\/uploads\/2020\/12\/Ivan_Hrvoje_Mihovil.png","contentUrl":"https:\/\/haz.hr\/wp-content\/uploads\/2020\/12\/Ivan_Hrvoje_Mihovil.png","width":1200,"height":800,"caption":""},{"@type":"BreadcrumbList","@id":"https:\/\/haz.hr\/2020\/12\/22\/izabrana-tri-nacionalna-dopredsjednika-haz-a-iz-redova-studenata\/#breadcrumb","itemListElement":[{"@type":"ListItem","position":1,"name":"Home","item":"https:\/\/haz.hr\/"},{"@type":"ListItem","position":2,"name":"Izabrana tri nacionalna dopredsjednika HAZ-a iz redova studenata"}]},{"@type":"WebSite","@id":"https:\/\/haz.hr\/#website","url":"https:\/\/haz.hr\/","name":"HAZ","description":"Croatian Academic Community","publisher":{"@id":"https:\/\/haz.hr\/#organization"},"potentialAction":[{"@type":"SearchAction","target":{"@type":"EntryPoint","urlTemplate":"https:\/\/haz.hr\/?s={search_term_string}"},"query-input":{"@type":"PropertyValueSpecification","valueRequired":true,"valueName":"search_term_string"}}],"inLanguage":"en-GB"},{"@type":"Organization","@id":"https:\/\/haz.hr\/#organization","name":"HAZ","url":"https:\/\/haz.hr\/","logo":{"@type":"ImageObject","inLanguage":"en-GB","@id":"https:\/\/haz.hr\/#\/schema\/logo\/image\/","url":"https:\/\/haz.hr\/wp-content\/uploads\/2022\/12\/cropped-HAZ_logo.png","contentUrl":"https:\/\/haz.hr\/wp-content\/uploads\/2022\/12\/cropped-HAZ_logo.png","width":125,"height":76,"caption":"HAZ"},"image":{"@id":"https:\/\/haz.hr\/#\/schema\/logo\/image\/"}},{"@type":"Person","@id":"https:\/\/haz.hr\/#\/schema\/person\/438892ce514665613f7cd5bb7a19213a","name":"JT-design","image":{"@type":"ImageObject","inLanguage":"en-GB","@id":"https:\/\/haz.hr\/#\/schema\/person\/image\/","url":"https:\/\/secure.gravatar.com\/avatar\/0032728fc07181d052d653eb6ce26d3ff30f5b1c7d867e6fb82eb66a6fc50646?s=96&d=mm&r=g","contentUrl":"https:\/\/secure.gravatar.com\/avatar\/0032728fc07181d052d653eb6ce26d3ff30f5b1c7d867e6fb82eb66a6fc50646?s=96&d=mm&r=g","caption":"JT-design"},"sameAs":["https:\/\/haz.hr"],"url":"https:\/\/haz.hr\/en\/author\/jt-design\/"}]}},"_links":{"self":[{"href":"https:\/\/haz.hr\/en\/wp-json\/wp\/v2\/posts\/1562","targetHints":{"allow":["GET"]}}],"collection":[{"href":"https:\/\/haz.hr\/en\/wp-json\/wp\/v2\/posts"}],"about":[{"href":"https:\/\/haz.hr\/en\/wp-json\/wp\/v2\/types\/post"}],"author":[{"embeddable":true,"href":"https:\/\/haz.hr\/en\/wp-json\/wp\/v2\/users\/1"}],"replies":[{"embeddable":true,"href":"https:\/\/haz.hr\/en\/wp-json\/wp\/v2\/comments?post=1562"}],"version-history":[{"count":0,"href":"https:\/\/haz.hr\/en\/wp-json\/wp\/v2\/posts\/1562\/revisions"}],"wp:featuredmedia":[{"embeddable":true,"href":"https:\/\/haz.hr\/en\/wp-json\/wp\/v2\/media\/1563"}],"wp:attachment":[{"href":"https:\/\/haz.hr\/en\/wp-json\/wp\/v2\/media?parent=1562"}],"wp:term":[{"taxonomy":"category","embeddable":true,"href":"https:\/\/haz.hr\/en\/wp-json\/wp\/v2\/categories?post=1562"},{"taxonomy":"post_tag","embeddable":true,"href":"https:\/\/haz.hr\/en\/wp-json\/wp\/v2\/tags?post=1562"}],"curies":[{"name":"wp","href":"https:\/\/api.w.org\/{rel}","templated":true}]}}