{"id":1567,"date":"2020-12-23T12:00:27","date_gmt":"2020-12-23T11:00:27","guid":{"rendered":"https:\/\/www.haz.hr\/?p=1567"},"modified":"2020-12-23T12:00:27","modified_gmt":"2020-12-23T11:00:27","slug":"odrzana-konstituirajuca-sjednica-glavnog-odbora-haz-a","status":"publish","type":"post","link":"https:\/\/haz.hr\/en\/2020\/12\/23\/odrzana-konstituirajuca-sjednica-glavnog-odbora-haz-a\/","title":{"rendered":"Odr\u017eana konstituiraju\u0107a sjednica Glavnog odbora Hrvatske akademske zajednice"},"content":{"rendered":"<p class=\"wp-block-paragraph\">Hrvatska akademska zajednica (HAZ), u okviru svog XI. Sabora, odr\u017eanog u <em>online<\/em> obliku 17. prosinca 2020. godine, tajnim je glasovanjem 119 prisutnih izaslanika izabrala novi sastav Glavnog odbora, kao jednog od svojih sredi\u0161njih tijela. Dvadeset \u010dlanova Glavnog odbora tajnim se glasovanjem bira na Saboru, od kojih deset birajustudentski \u010dlanovi i junior alumni \u010dlanovi, a ostalih deset senior alumni \u010dlanovi. <strong>Popis svih izabranih \u010dlanova Glavnog odbora nalazi se u nastavku.<\/strong><\/p>\n\n\n\n<p class=\"wp-block-paragraph\">Na konstituiraju\u0107oj sjednici Glavnog odbora, koja je odr\u017eana neposredno nakon Sabora HAZ-a, <strong>za predsjednicu Glavnog odbora izabrana je dr. sc. Vlatka Ru\u017ei\u0107, prof. v. \u0161., dekanica Veleu\u010dili\u0161ta &#8220;Nikola Tesla&#8221; u Gospi\u0107u<\/strong>. Na prijedlog nacionalnog predsjednika Glavni odbor imenovano je sljede\u0107e du\u017enosnike: <strong>za glavnu tajnicu imenovana je Dora Miketek, MSc PT, ACMI<\/strong>, prethodna predsjednica Vije\u0107a studenata veleu\u010dili\u0161ta i visokih \u0161kola RH i dosada\u0161nja glavna tajnica HAZ-a; <strong>za glavnog rizni\u010dara imenovan je Dra\u017een Opali\u0107, stru\u010d. spec. oec.<\/strong>, financijski stru\u010dnjak i pomo\u0107nik ministra u Ministarstvu rada, mirovinskoga sustava, obitelji i socijalne politike RH; <strong>za me\u0111unarodnu tajnicu imenovana je Katarina \u0160arac<\/strong>, studentica, tajnica Vije\u0107a studenata veleu\u010dili\u0161ta i visokih \u0161kola u tri mandata i prethodna predsjednica Studentskog zbora Veleu\u010dili\u0161ta Velika Gorica, a<strong> za glasnogovornika Hrvatske akademske zajednice imenovan je Ivan Bio\u0161i\u0107<\/strong>, prethodni savjetnik predsjednika Vije\u0107a studenata i dugogodi\u0161nji \u010dlan projektnih skupina HAZ-a za komunikacije. <\/p>\n\n\n\n<p class=\"wp-block-paragraph\">Na prijedlog novoizabrane predsjednice Glavnog odbora dr. sc. Vlatke Ru\u017ei\u0107, Glavni odbor imenovao je za<strong> dopredsjednicu Glavnog odbora Davorku Herman Mahe\u010di\u0107<\/strong>, dr. med., a za<strong> tajnika Glavnog odbora Mihala Jaci\u0107a<\/strong>.<\/p>\n\n\n\n<p class=\"wp-block-paragraph\"><strong><em>Novom Glavnom odboru i svim du\u017enosnicima \u010destitamo i \u017eelimo uspje\u0161an rad!<\/em><\/strong><\/p>\n\n\n\n<p class=\"wp-block-paragraph\" style=\"text-align:justify\"><em>Izabrani \u010dlanovi Glavnog odbora HAZ-a iz redova <strong>studentskih \u010dlanova i junior alumni \u010dlanova<\/strong>:<\/em><\/p>\n\n\n\n<ol class=\"wp-block-list\"><li>Marija Hodalj<\/li><li>Filip Marinovi\u0107<\/li><li>Ana \u0160omoljanski<\/li><li>Dora Miketek<\/li><li>Petar Butorac<\/li><li>Monica Rogi\u0107<\/li><li>Zdeslav Indir<\/li><li>Pavao \u0160koko Gavranovi\u0107<\/li><li>Mihal Jaci\u0107<\/li><li>Petrana Cakta\u0161<\/li><\/ol>\n\n\n\n<p class=\"wp-block-paragraph\"><em>Izabrani \u010dlanovi Glavnog odbora HAZ-a iz redova <strong>senior alumni \u010dlanova<\/strong>:<\/em><\/p>\n\n\n\n<ol class=\"wp-block-list\"><li>dr. sc. Vlatka Ru\u017ei\u0107, prof. v. \u0161.<\/li><li>Gordan Han\u017eek, M.Eng.<\/li><li>Ernest Petry, mag. iur., MBA<\/li><li>mr. sc. Hrvojka Bo\u017ei\u0107<\/li><li>Trpimir Majcan, prof.<\/li><li>Davorka Herman Mahe\u010di\u0107, dr. med.<\/li><li>Petar Bani\u0107, dipl. iur.<\/li><li>Dr\u017eislav Br\u010di\u0107, mag. oec.<\/li><li>doc. dr. sc. Marko Peri\u0161a<\/li><li>Matija Magerl, Master of Laws.<\/li><\/ol>","protected":false},"excerpt":{"rendered":"<p>Hrvatska akademska zajednica (HAZ), u okviru svog XI. Sabora, odr\u017eanog u online obliku 17. prosinca 2020. godine, tajnim je glasovanjem 119 prisutnih izaslanika izabrala novi sastav Glavnog odbora, kao jednog [&hellip;]<\/p>\n","protected":false},"author":1,"featured_media":1571,"comment_status":"closed","ping_status":"open","sticky":false,"template":"","format":"standard","meta":{"footnotes":""},"categories":[14],"tags":[],"class_list":["post-1567","post","type-post","status-publish","format-standard","has-post-thumbnail","hentry","category-haz-novosti"],"yoast_head":"<!-- This site is optimized with the Yoast SEO plugin v23.7 - https:\/\/yoast.com\/wordpress\/plugins\/seo\/ -->\n<title>Odr\u017eana konstituiraju\u0107a sjednica Glavnog odbora Hrvatske akademske zajednice - HAZ<\/title>\n<meta name=\"robots\" content=\"index, follow, max-snippet:-1, max-image-preview:large, max-video-preview:-1\" \/>\n<link rel=\"canonical\" href=\"https:\/\/haz.hr\/en\/2020\/12\/23\/odrzana-konstituirajuca-sjednica-glavnog-odbora-haz-a\/\" \/>\n<meta property=\"og:locale\" content=\"en_GB\" \/>\n<meta property=\"og:type\" content=\"article\" \/>\n<meta property=\"og:title\" content=\"Odr\u017eana konstituiraju\u0107a sjednica Glavnog odbora Hrvatske akademske zajednice - HAZ\" \/>\n<meta property=\"og:description\" content=\"Hrvatska akademska zajednica (HAZ), u okviru svog XI. Sabora, odr\u017eanog u online obliku 17. prosinca 2020. godine, tajnim je glasovanjem 119 prisutnih izaslanika izabrala novi sastav Glavnog odbora, kao jednog [&hellip;]\" \/>\n<meta property=\"og:url\" content=\"https:\/\/haz.hr\/en\/2020\/12\/23\/odrzana-konstituirajuca-sjednica-glavnog-odbora-haz-a\/\" \/>\n<meta property=\"og:site_name\" content=\"HAZ\" \/>\n<meta property=\"article:published_time\" content=\"2020-12-23T11:00:27+00:00\" \/>\n<meta property=\"og:image\" content=\"https:\/\/haz.hr\/wp-content\/uploads\/2020\/12\/Glavni-odbor_HAZ-2.png\" \/>\n\t<meta property=\"og:image:width\" content=\"1200\" \/>\n\t<meta property=\"og:image:height\" content=\"800\" \/>\n\t<meta property=\"og:image:type\" content=\"image\/png\" \/>\n<meta name=\"author\" content=\"JT-design\" \/>\n<meta name=\"twitter:card\" content=\"summary_large_image\" \/>\n<meta name=\"twitter:label1\" content=\"Written by\" \/>\n\t<meta name=\"twitter:data1\" content=\"JT-design\" \/>\n\t<meta name=\"twitter:label2\" content=\"Est. reading time\" \/>\n\t<meta name=\"twitter:data2\" content=\"2 minutes\" \/>\n<script type=\"application\/ld+json\" class=\"yoast-schema-graph\">{\"@context\":\"https:\/\/schema.org\",\"@graph\":[{\"@type\":\"Article\",\"@id\":\"https:\/\/haz.hr\/2020\/12\/23\/odrzana-konstituirajuca-sjednica-glavnog-odbora-haz-a\/#article\",\"isPartOf\":{\"@id\":\"https:\/\/haz.hr\/2020\/12\/23\/odrzana-konstituirajuca-sjednica-glavnog-odbora-haz-a\/\"},\"author\":{\"name\":\"JT-design\",\"@id\":\"https:\/\/haz.hr\/#\/schema\/person\/438892ce514665613f7cd5bb7a19213a\"},\"headline\":\"Odr\u017eana konstituiraju\u0107a sjednica Glavnog odbora Hrvatske akademske zajednice\",\"datePublished\":\"2020-12-23T11:00:27+00:00\",\"dateModified\":\"2020-12-23T11:00:27+00:00\",\"mainEntityOfPage\":{\"@id\":\"https:\/\/haz.hr\/2020\/12\/23\/odrzana-konstituirajuca-sjednica-glavnog-odbora-haz-a\/\"},\"wordCount\":382,\"publisher\":{\"@id\":\"https:\/\/haz.hr\/#organization\"},\"image\":{\"@id\":\"https:\/\/haz.hr\/2020\/12\/23\/odrzana-konstituirajuca-sjednica-glavnog-odbora-haz-a\/#primaryimage\"},\"thumbnailUrl\":\"https:\/\/haz.hr\/wp-content\/uploads\/2020\/12\/Glavni-odbor_HAZ-2.png\",\"articleSection\":[\"HAZ novosti\"],\"inLanguage\":\"en-GB\"},{\"@type\":\"WebPage\",\"@id\":\"https:\/\/haz.hr\/2020\/12\/23\/odrzana-konstituirajuca-sjednica-glavnog-odbora-haz-a\/\",\"url\":\"https:\/\/haz.hr\/2020\/12\/23\/odrzana-konstituirajuca-sjednica-glavnog-odbora-haz-a\/\",\"name\":\"Odr\u017eana konstituiraju\u0107a sjednica Glavnog odbora Hrvatske akademske zajednice - HAZ\",\"isPartOf\":{\"@id\":\"https:\/\/haz.hr\/#website\"},\"primaryImageOfPage\":{\"@id\":\"https:\/\/haz.hr\/2020\/12\/23\/odrzana-konstituirajuca-sjednica-glavnog-odbora-haz-a\/#primaryimage\"},\"image\":{\"@id\":\"https:\/\/haz.hr\/2020\/12\/23\/odrzana-konstituirajuca-sjednica-glavnog-odbora-haz-a\/#primaryimage\"},\"thumbnailUrl\":\"https:\/\/haz.hr\/wp-content\/uploads\/2020\/12\/Glavni-odbor_HAZ-2.png\",\"datePublished\":\"2020-12-23T11:00:27+00:00\",\"dateModified\":\"2020-12-23T11:00:27+00:00\",\"breadcrumb\":{\"@id\":\"https:\/\/haz.hr\/2020\/12\/23\/odrzana-konstituirajuca-sjednica-glavnog-odbora-haz-a\/#breadcrumb\"},\"inLanguage\":\"en-GB\",\"potentialAction\":[{\"@type\":\"ReadAction\",\"target\":[\"https:\/\/haz.hr\/2020\/12\/23\/odrzana-konstituirajuca-sjednica-glavnog-odbora-haz-a\/\"]}]},{\"@type\":\"ImageObject\",\"inLanguage\":\"en-GB\",\"@id\":\"https:\/\/haz.hr\/2020\/12\/23\/odrzana-konstituirajuca-sjednica-glavnog-odbora-haz-a\/#primaryimage\",\"url\":\"https:\/\/haz.hr\/wp-content\/uploads\/2020\/12\/Glavni-odbor_HAZ-2.png\",\"contentUrl\":\"https:\/\/haz.hr\/wp-content\/uploads\/2020\/12\/Glavni-odbor_HAZ-2.png\",\"width\":1200,\"height\":800,\"caption\":\"\"},{\"@type\":\"BreadcrumbList\",\"@id\":\"https:\/\/haz.hr\/2020\/12\/23\/odrzana-konstituirajuca-sjednica-glavnog-odbora-haz-a\/#breadcrumb\",\"itemListElement\":[{\"@type\":\"ListItem\",\"position\":1,\"name\":\"Home\",\"item\":\"https:\/\/haz.hr\/\"},{\"@type\":\"ListItem\",\"position\":2,\"name\":\"Odr\u017eana konstituiraju\u0107a sjednica Glavnog odbora Hrvatske akademske zajednice\"}]},{\"@type\":\"WebSite\",\"@id\":\"https:\/\/haz.hr\/#website\",\"url\":\"https:\/\/haz.hr\/\",\"name\":\"HAZ\",\"description\":\"Hrvatska akademska zajednica\",\"publisher\":{\"@id\":\"https:\/\/haz.hr\/#organization\"},\"potentialAction\":[{\"@type\":\"SearchAction\",\"target\":{\"@type\":\"EntryPoint\",\"urlTemplate\":\"https:\/\/haz.hr\/?s={search_term_string}\"},\"query-input\":{\"@type\":\"PropertyValueSpecification\",\"valueRequired\":true,\"valueName\":\"search_term_string\"}}],\"inLanguage\":\"en-GB\"},{\"@type\":\"Organization\",\"@id\":\"https:\/\/haz.hr\/#organization\",\"name\":\"HAZ\",\"url\":\"https:\/\/haz.hr\/\",\"logo\":{\"@type\":\"ImageObject\",\"inLanguage\":\"en-GB\",\"@id\":\"https:\/\/haz.hr\/#\/schema\/logo\/image\/\",\"url\":\"https:\/\/haz.hr\/wp-content\/uploads\/2022\/12\/cropped-HAZ_logo.png\",\"contentUrl\":\"https:\/\/haz.hr\/wp-content\/uploads\/2022\/12\/cropped-HAZ_logo.png\",\"width\":125,\"height\":76,\"caption\":\"HAZ\"},\"image\":{\"@id\":\"https:\/\/haz.hr\/#\/schema\/logo\/image\/\"}},{\"@type\":\"Person\",\"@id\":\"https:\/\/haz.hr\/#\/schema\/person\/438892ce514665613f7cd5bb7a19213a\",\"name\":\"JT-design\",\"image\":{\"@type\":\"ImageObject\",\"inLanguage\":\"en-GB\",\"@id\":\"https:\/\/haz.hr\/#\/schema\/person\/image\/\",\"url\":\"https:\/\/secure.gravatar.com\/avatar\/0032728fc07181d052d653eb6ce26d3ff30f5b1c7d867e6fb82eb66a6fc50646?s=96&d=mm&r=g\",\"contentUrl\":\"https:\/\/secure.gravatar.com\/avatar\/0032728fc07181d052d653eb6ce26d3ff30f5b1c7d867e6fb82eb66a6fc50646?s=96&d=mm&r=g\",\"caption\":\"JT-design\"},\"sameAs\":[\"https:\/\/haz.hr\"],\"url\":\"https:\/\/haz.hr\/en\/author\/jt-design\/\"}]}<\/script>\n<!-- \/ Yoast SEO plugin. -->","yoast_head_json":{"title":"Odr\u017eana konstituiraju\u0107a sjednica Glavnog odbora Hrvatske akademske zajednice - HAZ","robots":{"index":"index","follow":"follow","max-snippet":"max-snippet:-1","max-image-preview":"max-image-preview:large","max-video-preview":"max-video-preview:-1"},"canonical":"https:\/\/haz.hr\/en\/2020\/12\/23\/odrzana-konstituirajuca-sjednica-glavnog-odbora-haz-a\/","og_locale":"en_GB","og_type":"article","og_title":"Odr\u017eana konstituiraju\u0107a sjednica Glavnog odbora Hrvatske akademske zajednice - HAZ","og_description":"Hrvatska akademska zajednica (HAZ), u okviru svog XI. Sabora, odr\u017eanog u online obliku 17. prosinca 2020. godine, tajnim je glasovanjem 119 prisutnih izaslanika izabrala novi sastav Glavnog odbora, kao jednog [&hellip;]","og_url":"https:\/\/haz.hr\/en\/2020\/12\/23\/odrzana-konstituirajuca-sjednica-glavnog-odbora-haz-a\/","og_site_name":"HAZ","article_published_time":"2020-12-23T11:00:27+00:00","og_image":[{"width":1200,"height":800,"url":"https:\/\/haz.hr\/wp-content\/uploads\/2020\/12\/Glavni-odbor_HAZ-2.png","type":"image\/png"}],"author":"JT-design","twitter_card":"summary_large_image","twitter_misc":{"Written by":"JT-design","Est. reading time":"2 minutes"},"schema":{"@context":"https:\/\/schema.org","@graph":[{"@type":"Article","@id":"https:\/\/haz.hr\/2020\/12\/23\/odrzana-konstituirajuca-sjednica-glavnog-odbora-haz-a\/#article","isPartOf":{"@id":"https:\/\/haz.hr\/2020\/12\/23\/odrzana-konstituirajuca-sjednica-glavnog-odbora-haz-a\/"},"author":{"name":"JT-design","@id":"https:\/\/haz.hr\/#\/schema\/person\/438892ce514665613f7cd5bb7a19213a"},"headline":"Odr\u017eana konstituiraju\u0107a sjednica Glavnog odbora Hrvatske akademske zajednice","datePublished":"2020-12-23T11:00:27+00:00","dateModified":"2020-12-23T11:00:27+00:00","mainEntityOfPage":{"@id":"https:\/\/haz.hr\/2020\/12\/23\/odrzana-konstituirajuca-sjednica-glavnog-odbora-haz-a\/"},"wordCount":382,"publisher":{"@id":"https:\/\/haz.hr\/#organization"},"image":{"@id":"https:\/\/haz.hr\/2020\/12\/23\/odrzana-konstituirajuca-sjednica-glavnog-odbora-haz-a\/#primaryimage"},"thumbnailUrl":"https:\/\/haz.hr\/wp-content\/uploads\/2020\/12\/Glavni-odbor_HAZ-2.png","articleSection":["HAZ novosti"],"inLanguage":"en-GB"},{"@type":"WebPage","@id":"https:\/\/haz.hr\/2020\/12\/23\/odrzana-konstituirajuca-sjednica-glavnog-odbora-haz-a\/","url":"https:\/\/haz.hr\/2020\/12\/23\/odrzana-konstituirajuca-sjednica-glavnog-odbora-haz-a\/","name":"Odr\u017eana konstituiraju\u0107a sjednica Glavnog odbora Hrvatske akademske zajednice - HAZ","isPartOf":{"@id":"https:\/\/haz.hr\/#website"},"primaryImageOfPage":{"@id":"https:\/\/haz.hr\/2020\/12\/23\/odrzana-konstituirajuca-sjednica-glavnog-odbora-haz-a\/#primaryimage"},"image":{"@id":"https:\/\/haz.hr\/2020\/12\/23\/odrzana-konstituirajuca-sjednica-glavnog-odbora-haz-a\/#primaryimage"},"thumbnailUrl":"https:\/\/haz.hr\/wp-content\/uploads\/2020\/12\/Glavni-odbor_HAZ-2.png","datePublished":"2020-12-23T11:00:27+00:00","dateModified":"2020-12-23T11:00:27+00:00","breadcrumb":{"@id":"https:\/\/haz.hr\/2020\/12\/23\/odrzana-konstituirajuca-sjednica-glavnog-odbora-haz-a\/#breadcrumb"},"inLanguage":"en-GB","potentialAction":[{"@type":"ReadAction","target":["https:\/\/haz.hr\/2020\/12\/23\/odrzana-konstituirajuca-sjednica-glavnog-odbora-haz-a\/"]}]},{"@type":"ImageObject","inLanguage":"en-GB","@id":"https:\/\/haz.hr\/2020\/12\/23\/odrzana-konstituirajuca-sjednica-glavnog-odbora-haz-a\/#primaryimage","url":"https:\/\/haz.hr\/wp-content\/uploads\/2020\/12\/Glavni-odbor_HAZ-2.png","contentUrl":"https:\/\/haz.hr\/wp-content\/uploads\/2020\/12\/Glavni-odbor_HAZ-2.png","width":1200,"height":800,"caption":""},{"@type":"BreadcrumbList","@id":"https:\/\/haz.hr\/2020\/12\/23\/odrzana-konstituirajuca-sjednica-glavnog-odbora-haz-a\/#breadcrumb","itemListElement":[{"@type":"ListItem","position":1,"name":"Home","item":"https:\/\/haz.hr\/"},{"@type":"ListItem","position":2,"name":"Odr\u017eana konstituiraju\u0107a sjednica Glavnog odbora Hrvatske akademske zajednice"}]},{"@type":"WebSite","@id":"https:\/\/haz.hr\/#website","url":"https:\/\/haz.hr\/","name":"HAZ","description":"Croatian Academic Community","publisher":{"@id":"https:\/\/haz.hr\/#organization"},"potentialAction":[{"@type":"SearchAction","target":{"@type":"EntryPoint","urlTemplate":"https:\/\/haz.hr\/?s={search_term_string}"},"query-input":{"@type":"PropertyValueSpecification","valueRequired":true,"valueName":"search_term_string"}}],"inLanguage":"en-GB"},{"@type":"Organization","@id":"https:\/\/haz.hr\/#organization","name":"HAZ","url":"https:\/\/haz.hr\/","logo":{"@type":"ImageObject","inLanguage":"en-GB","@id":"https:\/\/haz.hr\/#\/schema\/logo\/image\/","url":"https:\/\/haz.hr\/wp-content\/uploads\/2022\/12\/cropped-HAZ_logo.png","contentUrl":"https:\/\/haz.hr\/wp-content\/uploads\/2022\/12\/cropped-HAZ_logo.png","width":125,"height":76,"caption":"HAZ"},"image":{"@id":"https:\/\/haz.hr\/#\/schema\/logo\/image\/"}},{"@type":"Person","@id":"https:\/\/haz.hr\/#\/schema\/person\/438892ce514665613f7cd5bb7a19213a","name":"JT-design","image":{"@type":"ImageObject","inLanguage":"en-GB","@id":"https:\/\/haz.hr\/#\/schema\/person\/image\/","url":"https:\/\/secure.gravatar.com\/avatar\/0032728fc07181d052d653eb6ce26d3ff30f5b1c7d867e6fb82eb66a6fc50646?s=96&d=mm&r=g","contentUrl":"https:\/\/secure.gravatar.com\/avatar\/0032728fc07181d052d653eb6ce26d3ff30f5b1c7d867e6fb82eb66a6fc50646?s=96&d=mm&r=g","caption":"JT-design"},"sameAs":["https:\/\/haz.hr"],"url":"https:\/\/haz.hr\/en\/author\/jt-design\/"}]}},"_links":{"self":[{"href":"https:\/\/haz.hr\/en\/wp-json\/wp\/v2\/posts\/1567","targetHints":{"allow":["GET"]}}],"collection":[{"href":"https:\/\/haz.hr\/en\/wp-json\/wp\/v2\/posts"}],"about":[{"href":"https:\/\/haz.hr\/en\/wp-json\/wp\/v2\/types\/post"}],"author":[{"embeddable":true,"href":"https:\/\/haz.hr\/en\/wp-json\/wp\/v2\/users\/1"}],"replies":[{"embeddable":true,"href":"https:\/\/haz.hr\/en\/wp-json\/wp\/v2\/comments?post=1567"}],"version-history":[{"count":0,"href":"https:\/\/haz.hr\/en\/wp-json\/wp\/v2\/posts\/1567\/revisions"}],"wp:featuredmedia":[{"embeddable":true,"href":"https:\/\/haz.hr\/en\/wp-json\/wp\/v2\/media\/1571"}],"wp:attachment":[{"href":"https:\/\/haz.hr\/en\/wp-json\/wp\/v2\/media?parent=1567"}],"wp:term":[{"taxonomy":"category","embeddable":true,"href":"https:\/\/haz.hr\/en\/wp-json\/wp\/v2\/categories?post=1567"},{"taxonomy":"post_tag","embeddable":true,"href":"https:\/\/haz.hr\/en\/wp-json\/wp\/v2\/tags?post=1567"}],"curies":[{"name":"wp","href":"https:\/\/api.w.org\/{rel}","templated":true}]}}