{"id":1577,"date":"2020-12-23T20:42:50","date_gmt":"2020-12-23T19:42:50","guid":{"rendered":"https:\/\/www.haz.hr\/?p=1577"},"modified":"2020-12-23T20:42:50","modified_gmt":"2020-12-23T19:42:50","slug":"novo-vodstvo-alumni-zajednice-haz-a-i-novi-sastav-alumni-vijeca-haz-a","status":"publish","type":"post","link":"https:\/\/haz.hr\/en\/2020\/12\/23\/novo-vodstvo-alumni-zajednice-haz-a-i-novi-sastav-alumni-vijeca-haz-a\/","title":{"rendered":"Novo vodstvo Alumni zajednice HAZ-a i novi sastav Alumni vije\u0107a HAZ-a"},"content":{"rendered":"<p class=\"wp-block-paragraph\">U sklopu Hrvatske akademske zajednice (HAZ) djeluje i Alumni zajednica koja ima ulogu pomagati studentskom dijelu Udruge svojim iskustvom, dru\u0161tvenim statusom i utjecajem, ali ima i va\u017enu zada\u0107u okupljanja &#8220;starih&#8221; \u010dlanova HAZ-a i privla\u010denja novih kvalitetnih ljudi koji dijele viziju i ideje Udruge, kako bi se obogatila HAZ-ova zajednica.<\/p>\n\n\n\n<p class=\"wp-block-paragraph\">Tijekom XI. Sabora HAZ-a, koji je odr\u017ean u <em>online<\/em> obliku 17. prosinca 2020. godine, na prijedlog reizabranog alumni predsjednika Ante Bari\u0161i\u0107a, dr. med., izaslanici na Saboru jednoglasno su izabrali sljede\u0107i novi sastav Alumni vije\u0107a HAZ-a:<\/p>\n\n\n\n<p class=\"wp-block-paragraph\"><strong>Alumni predsjednik: Ante Bari\u0161i\u0107<\/strong>, dr. med.<\/p>\n\n\n\n<p class=\"wp-block-paragraph\"><strong>Alumni zamjenik predsjednika:<\/strong> doc. dr. sc. <strong>Antonio Sesar<\/strong>,dr. med.<\/p>\n\n\n\n<p class=\"wp-block-paragraph\"><strong>Dopredsjednici:<\/strong><\/p>\n\n\n\n<ul class=\"wp-block-list\"><li><strong>Dr\u017eislav Br\u010di\u0107<\/strong>,mag. oec.<\/li><li>doc. dr. sc.<strong> Zrinko \u010custonja<\/strong><\/li><li><strong>Mislav Herman<\/strong>,dr. med.<\/li><li><strong>Mario Musa<\/strong>, MBA<\/li><li>dr. sc.<strong> Marina Peri\u0107 Kaselj<\/strong><\/li><\/ul>\n\n\n\n<p class=\"wp-block-paragraph\"><strong>Tajnik: Matija Magerl<\/strong>, mag. iur.<\/p>\n\n\n\n<p class=\"wp-block-paragraph\"><strong>\u010clanovi Alumni vije\u0107a:<\/strong><\/p>\n\n\n\n<p class=\"wp-block-paragraph\">\u010cestitamo svim \u010dlanovima Alumni vije\u0107a i \u017eelimo im uspje\u0161an rad!<br><\/p>\n\n\n\n<ul class=\"wp-block-list\"><li><strong>Ante Ani\u0107<\/strong>,dipl. oec.<\/li><li><strong>Petar Bani\u0107<\/strong>, dipl. iur.<\/li><li><strong>Dubravko Barbari\u0107, <\/strong>dipl. nov.<\/li><li>dr. sc. <strong>Vjekoslav Brati\u0107<\/strong><\/li><li><strong>Damir Bekavac<\/strong>,dipl. ing.<\/li><li><strong>Adrian Beljo<\/strong>,mag. filol. angl.<\/li><li><strong>Mate \u0106uri\u0107<\/strong>, mag. oec.<\/li><li><strong>Miljenko \u0106uri\u0107<\/strong>, mag. comm.<\/li><li>mr. sc. <strong>Hrvoje \u010cuvalo<\/strong>, dipl. oec.<\/li><li><strong>Jelena Folnovi\u0107<\/strong>, dipl. iur.<\/li><li><strong>Krunoslav Ga\u0161pari\u0107<\/strong>, dipl. oec.<\/li><li><strong>Gordan Han\u017eek<\/strong>, mag. ing.<\/li><li><strong>Davorka Herman Mahe\u010di\u0107<\/strong>, dr. med.<\/li><li><strong>Dragan Jeli\u0107<\/strong>, dipl. ing., univ. spec. oec.<\/li><li><strong>Mario Kapulica<\/strong>, stru\u010d. spec. rel. publ.<\/li><li><strong>Ante Karanu\u0161i\u0107<\/strong>, prof. cin.<\/li><li><strong>Krunoslav Kati\u010di\u0107<\/strong>, dipl. iur.<\/li><li>dr. sc. <strong>Ivan Krakan<\/strong><\/li><li><strong>Andro Krstulovi\u0107 Opara<\/strong>, prof.<\/li><li><strong>Trpimir Majcan<\/strong>, prof.<\/li><li><strong>Marin Neve\u0161\u010danin<\/strong>, dipl. iur.<\/li><li>dr. sc. <strong>Mario Panji\u010dko<\/strong>, dipl. ing.<\/li><li><strong>Robert Pavi\u010di\u0107<\/strong>, dipl. ing.<\/li><li><strong>Ernest Petry<\/strong>, dipl. iur., MBA<\/li><li><strong>Anita Pocrni\u0107 Rado\u0161evi\u0107<\/strong>, dipl. oec. <\/li><li><strong>Tomislav Pokaz<\/strong>, dipl. ing.<\/li><li><strong>Luka Roi\u0107<\/strong>, dipl. ing.<\/li><li><strong>Franjo Skoko<\/strong>, dipl. iur.<\/li><li>prof. dr. sc. <strong>Mario Stare\u0161ini\u0107<\/strong>, dr. med.<\/li><li><strong>Petar \u0160kori\u0107<\/strong>, mag. nov.<\/li><li><strong>Mislava Tolj<\/strong>, dipl. iur.<\/li><li><strong>Davor Tomi\u0107<\/strong>, dipl. oec.<\/li><li><strong>Sofia van der Vegt<\/strong>, M.E.S.<\/li><li><strong>Ivan Vidi\u0161<\/strong>, mag. polit.<\/li><li><strong>Milan Vrankovi\u0107<\/strong>, dipl. ing.<\/li><\/ul>","protected":false},"excerpt":{"rendered":"<p>U sklopu Hrvatske akademske zajednice (HAZ) djeluje i Alumni zajednica koja ima ulogu pomagati studentskom dijelu Udruge svojim iskustvom, dru\u0161tvenim statusom i utjecajem, ali ima i va\u017enu zada\u0107u okupljanja &#8220;starih&#8221; [&hellip;]<\/p>\n","protected":false},"author":1,"featured_media":1579,"comment_status":"closed","ping_status":"open","sticky":true,"template":"","format":"standard","meta":{"footnotes":""},"categories":[14],"tags":[],"class_list":["post-1577","post","type-post","status-publish","format-standard","has-post-thumbnail","hentry","category-haz-novosti"],"yoast_head":"<!-- This site is optimized with the Yoast SEO plugin v23.7 - https:\/\/yoast.com\/wordpress\/plugins\/seo\/ -->\n<title>Novo vodstvo Alumni zajednice HAZ-a i novi sastav Alumni vije\u0107a HAZ-a - HAZ<\/title>\n<meta name=\"robots\" content=\"index, follow, max-snippet:-1, max-image-preview:large, max-video-preview:-1\" \/>\n<link rel=\"canonical\" href=\"https:\/\/haz.hr\/en\/2020\/12\/23\/novo-vodstvo-alumni-zajednice-haz-a-i-novi-sastav-alumni-vijeca-haz-a\/\" \/>\n<meta property=\"og:locale\" content=\"en_GB\" \/>\n<meta property=\"og:type\" content=\"article\" \/>\n<meta property=\"og:title\" content=\"Novo vodstvo Alumni zajednice HAZ-a i novi sastav Alumni vije\u0107a HAZ-a - HAZ\" \/>\n<meta property=\"og:description\" content=\"U sklopu Hrvatske akademske zajednice (HAZ) djeluje i Alumni zajednica koja ima ulogu pomagati studentskom dijelu Udruge svojim iskustvom, dru\u0161tvenim statusom i utjecajem, ali ima i va\u017enu zada\u0107u okupljanja &#8220;starih&#8221; [&hellip;]\" \/>\n<meta property=\"og:url\" content=\"https:\/\/haz.hr\/en\/2020\/12\/23\/novo-vodstvo-alumni-zajednice-haz-a-i-novi-sastav-alumni-vijeca-haz-a\/\" \/>\n<meta property=\"og:site_name\" content=\"HAZ\" \/>\n<meta property=\"article:published_time\" content=\"2020-12-23T19:42:50+00:00\" \/>\n<meta property=\"og:image\" content=\"https:\/\/haz.hr\/wp-content\/uploads\/2020\/12\/Glavni-odbor_HAZ-4.png\" \/>\n\t<meta property=\"og:image:width\" content=\"1200\" \/>\n\t<meta property=\"og:image:height\" content=\"800\" \/>\n\t<meta property=\"og:image:type\" content=\"image\/png\" \/>\n<meta name=\"author\" content=\"JT-design\" \/>\n<meta name=\"twitter:card\" content=\"summary_large_image\" \/>\n<meta name=\"twitter:label1\" content=\"Written by\" \/>\n\t<meta name=\"twitter:data1\" content=\"JT-design\" \/>\n\t<meta name=\"twitter:label2\" content=\"Est. reading time\" \/>\n\t<meta name=\"twitter:data2\" content=\"2 minutes\" \/>\n<script type=\"application\/ld+json\" class=\"yoast-schema-graph\">{\"@context\":\"https:\/\/schema.org\",\"@graph\":[{\"@type\":\"Article\",\"@id\":\"https:\/\/haz.hr\/2020\/12\/23\/novo-vodstvo-alumni-zajednice-haz-a-i-novi-sastav-alumni-vijeca-haz-a\/#article\",\"isPartOf\":{\"@id\":\"https:\/\/haz.hr\/2020\/12\/23\/novo-vodstvo-alumni-zajednice-haz-a-i-novi-sastav-alumni-vijeca-haz-a\/\"},\"author\":{\"name\":\"JT-design\",\"@id\":\"https:\/\/haz.hr\/#\/schema\/person\/438892ce514665613f7cd5bb7a19213a\"},\"headline\":\"Novo vodstvo Alumni zajednice HAZ-a i novi sastav Alumni vije\u0107a HAZ-a\",\"datePublished\":\"2020-12-23T19:42:50+00:00\",\"dateModified\":\"2020-12-23T19:42:50+00:00\",\"mainEntityOfPage\":{\"@id\":\"https:\/\/haz.hr\/2020\/12\/23\/novo-vodstvo-alumni-zajednice-haz-a-i-novi-sastav-alumni-vijeca-haz-a\/\"},\"wordCount\":333,\"publisher\":{\"@id\":\"https:\/\/haz.hr\/#organization\"},\"image\":{\"@id\":\"https:\/\/haz.hr\/2020\/12\/23\/novo-vodstvo-alumni-zajednice-haz-a-i-novi-sastav-alumni-vijeca-haz-a\/#primaryimage\"},\"thumbnailUrl\":\"https:\/\/haz.hr\/wp-content\/uploads\/2020\/12\/Glavni-odbor_HAZ-4.png\",\"articleSection\":[\"HAZ novosti\"],\"inLanguage\":\"en-GB\"},{\"@type\":\"WebPage\",\"@id\":\"https:\/\/haz.hr\/2020\/12\/23\/novo-vodstvo-alumni-zajednice-haz-a-i-novi-sastav-alumni-vijeca-haz-a\/\",\"url\":\"https:\/\/haz.hr\/2020\/12\/23\/novo-vodstvo-alumni-zajednice-haz-a-i-novi-sastav-alumni-vijeca-haz-a\/\",\"name\":\"Novo vodstvo Alumni zajednice HAZ-a i novi sastav Alumni vije\u0107a HAZ-a - HAZ\",\"isPartOf\":{\"@id\":\"https:\/\/haz.hr\/#website\"},\"primaryImageOfPage\":{\"@id\":\"https:\/\/haz.hr\/2020\/12\/23\/novo-vodstvo-alumni-zajednice-haz-a-i-novi-sastav-alumni-vijeca-haz-a\/#primaryimage\"},\"image\":{\"@id\":\"https:\/\/haz.hr\/2020\/12\/23\/novo-vodstvo-alumni-zajednice-haz-a-i-novi-sastav-alumni-vijeca-haz-a\/#primaryimage\"},\"thumbnailUrl\":\"https:\/\/haz.hr\/wp-content\/uploads\/2020\/12\/Glavni-odbor_HAZ-4.png\",\"datePublished\":\"2020-12-23T19:42:50+00:00\",\"dateModified\":\"2020-12-23T19:42:50+00:00\",\"breadcrumb\":{\"@id\":\"https:\/\/haz.hr\/2020\/12\/23\/novo-vodstvo-alumni-zajednice-haz-a-i-novi-sastav-alumni-vijeca-haz-a\/#breadcrumb\"},\"inLanguage\":\"en-GB\",\"potentialAction\":[{\"@type\":\"ReadAction\",\"target\":[\"https:\/\/haz.hr\/2020\/12\/23\/novo-vodstvo-alumni-zajednice-haz-a-i-novi-sastav-alumni-vijeca-haz-a\/\"]}]},{\"@type\":\"ImageObject\",\"inLanguage\":\"en-GB\",\"@id\":\"https:\/\/haz.hr\/2020\/12\/23\/novo-vodstvo-alumni-zajednice-haz-a-i-novi-sastav-alumni-vijeca-haz-a\/#primaryimage\",\"url\":\"https:\/\/haz.hr\/wp-content\/uploads\/2020\/12\/Glavni-odbor_HAZ-4.png\",\"contentUrl\":\"https:\/\/haz.hr\/wp-content\/uploads\/2020\/12\/Glavni-odbor_HAZ-4.png\",\"width\":1200,\"height\":800,\"caption\":\"\"},{\"@type\":\"BreadcrumbList\",\"@id\":\"https:\/\/haz.hr\/2020\/12\/23\/novo-vodstvo-alumni-zajednice-haz-a-i-novi-sastav-alumni-vijeca-haz-a\/#breadcrumb\",\"itemListElement\":[{\"@type\":\"ListItem\",\"position\":1,\"name\":\"Home\",\"item\":\"https:\/\/haz.hr\/\"},{\"@type\":\"ListItem\",\"position\":2,\"name\":\"Novo vodstvo Alumni zajednice HAZ-a i novi sastav Alumni vije\u0107a HAZ-a\"}]},{\"@type\":\"WebSite\",\"@id\":\"https:\/\/haz.hr\/#website\",\"url\":\"https:\/\/haz.hr\/\",\"name\":\"HAZ\",\"description\":\"Hrvatska akademska zajednica\",\"publisher\":{\"@id\":\"https:\/\/haz.hr\/#organization\"},\"potentialAction\":[{\"@type\":\"SearchAction\",\"target\":{\"@type\":\"EntryPoint\",\"urlTemplate\":\"https:\/\/haz.hr\/?s={search_term_string}\"},\"query-input\":{\"@type\":\"PropertyValueSpecification\",\"valueRequired\":true,\"valueName\":\"search_term_string\"}}],\"inLanguage\":\"en-GB\"},{\"@type\":\"Organization\",\"@id\":\"https:\/\/haz.hr\/#organization\",\"name\":\"HAZ\",\"url\":\"https:\/\/haz.hr\/\",\"logo\":{\"@type\":\"ImageObject\",\"inLanguage\":\"en-GB\",\"@id\":\"https:\/\/haz.hr\/#\/schema\/logo\/image\/\",\"url\":\"https:\/\/haz.hr\/wp-content\/uploads\/2022\/12\/cropped-HAZ_logo.png\",\"contentUrl\":\"https:\/\/haz.hr\/wp-content\/uploads\/2022\/12\/cropped-HAZ_logo.png\",\"width\":125,\"height\":76,\"caption\":\"HAZ\"},\"image\":{\"@id\":\"https:\/\/haz.hr\/#\/schema\/logo\/image\/\"}},{\"@type\":\"Person\",\"@id\":\"https:\/\/haz.hr\/#\/schema\/person\/438892ce514665613f7cd5bb7a19213a\",\"name\":\"JT-design\",\"image\":{\"@type\":\"ImageObject\",\"inLanguage\":\"en-GB\",\"@id\":\"https:\/\/haz.hr\/#\/schema\/person\/image\/\",\"url\":\"https:\/\/secure.gravatar.com\/avatar\/0032728fc07181d052d653eb6ce26d3ff30f5b1c7d867e6fb82eb66a6fc50646?s=96&d=mm&r=g\",\"contentUrl\":\"https:\/\/secure.gravatar.com\/avatar\/0032728fc07181d052d653eb6ce26d3ff30f5b1c7d867e6fb82eb66a6fc50646?s=96&d=mm&r=g\",\"caption\":\"JT-design\"},\"sameAs\":[\"https:\/\/haz.hr\"],\"url\":\"https:\/\/haz.hr\/en\/author\/jt-design\/\"}]}<\/script>\n<!-- \/ Yoast SEO plugin. -->","yoast_head_json":{"title":"Novo vodstvo Alumni zajednice HAZ-a i novi sastav Alumni vije\u0107a HAZ-a - HAZ","robots":{"index":"index","follow":"follow","max-snippet":"max-snippet:-1","max-image-preview":"max-image-preview:large","max-video-preview":"max-video-preview:-1"},"canonical":"https:\/\/haz.hr\/en\/2020\/12\/23\/novo-vodstvo-alumni-zajednice-haz-a-i-novi-sastav-alumni-vijeca-haz-a\/","og_locale":"en_GB","og_type":"article","og_title":"Novo vodstvo Alumni zajednice HAZ-a i novi sastav Alumni vije\u0107a HAZ-a - HAZ","og_description":"U sklopu Hrvatske akademske zajednice (HAZ) djeluje i Alumni zajednica koja ima ulogu pomagati studentskom dijelu Udruge svojim iskustvom, dru\u0161tvenim statusom i utjecajem, ali ima i va\u017enu zada\u0107u okupljanja &#8220;starih&#8221; [&hellip;]","og_url":"https:\/\/haz.hr\/en\/2020\/12\/23\/novo-vodstvo-alumni-zajednice-haz-a-i-novi-sastav-alumni-vijeca-haz-a\/","og_site_name":"HAZ","article_published_time":"2020-12-23T19:42:50+00:00","og_image":[{"width":1200,"height":800,"url":"https:\/\/haz.hr\/wp-content\/uploads\/2020\/12\/Glavni-odbor_HAZ-4.png","type":"image\/png"}],"author":"JT-design","twitter_card":"summary_large_image","twitter_misc":{"Written by":"JT-design","Est. reading time":"2 minutes"},"schema":{"@context":"https:\/\/schema.org","@graph":[{"@type":"Article","@id":"https:\/\/haz.hr\/2020\/12\/23\/novo-vodstvo-alumni-zajednice-haz-a-i-novi-sastav-alumni-vijeca-haz-a\/#article","isPartOf":{"@id":"https:\/\/haz.hr\/2020\/12\/23\/novo-vodstvo-alumni-zajednice-haz-a-i-novi-sastav-alumni-vijeca-haz-a\/"},"author":{"name":"JT-design","@id":"https:\/\/haz.hr\/#\/schema\/person\/438892ce514665613f7cd5bb7a19213a"},"headline":"Novo vodstvo Alumni zajednice HAZ-a i novi sastav Alumni vije\u0107a HAZ-a","datePublished":"2020-12-23T19:42:50+00:00","dateModified":"2020-12-23T19:42:50+00:00","mainEntityOfPage":{"@id":"https:\/\/haz.hr\/2020\/12\/23\/novo-vodstvo-alumni-zajednice-haz-a-i-novi-sastav-alumni-vijeca-haz-a\/"},"wordCount":333,"publisher":{"@id":"https:\/\/haz.hr\/#organization"},"image":{"@id":"https:\/\/haz.hr\/2020\/12\/23\/novo-vodstvo-alumni-zajednice-haz-a-i-novi-sastav-alumni-vijeca-haz-a\/#primaryimage"},"thumbnailUrl":"https:\/\/haz.hr\/wp-content\/uploads\/2020\/12\/Glavni-odbor_HAZ-4.png","articleSection":["HAZ novosti"],"inLanguage":"en-GB"},{"@type":"WebPage","@id":"https:\/\/haz.hr\/2020\/12\/23\/novo-vodstvo-alumni-zajednice-haz-a-i-novi-sastav-alumni-vijeca-haz-a\/","url":"https:\/\/haz.hr\/2020\/12\/23\/novo-vodstvo-alumni-zajednice-haz-a-i-novi-sastav-alumni-vijeca-haz-a\/","name":"Novo vodstvo Alumni zajednice HAZ-a i novi sastav Alumni vije\u0107a HAZ-a - HAZ","isPartOf":{"@id":"https:\/\/haz.hr\/#website"},"primaryImageOfPage":{"@id":"https:\/\/haz.hr\/2020\/12\/23\/novo-vodstvo-alumni-zajednice-haz-a-i-novi-sastav-alumni-vijeca-haz-a\/#primaryimage"},"image":{"@id":"https:\/\/haz.hr\/2020\/12\/23\/novo-vodstvo-alumni-zajednice-haz-a-i-novi-sastav-alumni-vijeca-haz-a\/#primaryimage"},"thumbnailUrl":"https:\/\/haz.hr\/wp-content\/uploads\/2020\/12\/Glavni-odbor_HAZ-4.png","datePublished":"2020-12-23T19:42:50+00:00","dateModified":"2020-12-23T19:42:50+00:00","breadcrumb":{"@id":"https:\/\/haz.hr\/2020\/12\/23\/novo-vodstvo-alumni-zajednice-haz-a-i-novi-sastav-alumni-vijeca-haz-a\/#breadcrumb"},"inLanguage":"en-GB","potentialAction":[{"@type":"ReadAction","target":["https:\/\/haz.hr\/2020\/12\/23\/novo-vodstvo-alumni-zajednice-haz-a-i-novi-sastav-alumni-vijeca-haz-a\/"]}]},{"@type":"ImageObject","inLanguage":"en-GB","@id":"https:\/\/haz.hr\/2020\/12\/23\/novo-vodstvo-alumni-zajednice-haz-a-i-novi-sastav-alumni-vijeca-haz-a\/#primaryimage","url":"https:\/\/haz.hr\/wp-content\/uploads\/2020\/12\/Glavni-odbor_HAZ-4.png","contentUrl":"https:\/\/haz.hr\/wp-content\/uploads\/2020\/12\/Glavni-odbor_HAZ-4.png","width":1200,"height":800,"caption":""},{"@type":"BreadcrumbList","@id":"https:\/\/haz.hr\/2020\/12\/23\/novo-vodstvo-alumni-zajednice-haz-a-i-novi-sastav-alumni-vijeca-haz-a\/#breadcrumb","itemListElement":[{"@type":"ListItem","position":1,"name":"Home","item":"https:\/\/haz.hr\/"},{"@type":"ListItem","position":2,"name":"Novo vodstvo Alumni zajednice HAZ-a i novi sastav Alumni vije\u0107a HAZ-a"}]},{"@type":"WebSite","@id":"https:\/\/haz.hr\/#website","url":"https:\/\/haz.hr\/","name":"HAZ","description":"Croatian Academic Community","publisher":{"@id":"https:\/\/haz.hr\/#organization"},"potentialAction":[{"@type":"SearchAction","target":{"@type":"EntryPoint","urlTemplate":"https:\/\/haz.hr\/?s={search_term_string}"},"query-input":{"@type":"PropertyValueSpecification","valueRequired":true,"valueName":"search_term_string"}}],"inLanguage":"en-GB"},{"@type":"Organization","@id":"https:\/\/haz.hr\/#organization","name":"HAZ","url":"https:\/\/haz.hr\/","logo":{"@type":"ImageObject","inLanguage":"en-GB","@id":"https:\/\/haz.hr\/#\/schema\/logo\/image\/","url":"https:\/\/haz.hr\/wp-content\/uploads\/2022\/12\/cropped-HAZ_logo.png","contentUrl":"https:\/\/haz.hr\/wp-content\/uploads\/2022\/12\/cropped-HAZ_logo.png","width":125,"height":76,"caption":"HAZ"},"image":{"@id":"https:\/\/haz.hr\/#\/schema\/logo\/image\/"}},{"@type":"Person","@id":"https:\/\/haz.hr\/#\/schema\/person\/438892ce514665613f7cd5bb7a19213a","name":"JT-design","image":{"@type":"ImageObject","inLanguage":"en-GB","@id":"https:\/\/haz.hr\/#\/schema\/person\/image\/","url":"https:\/\/secure.gravatar.com\/avatar\/0032728fc07181d052d653eb6ce26d3ff30f5b1c7d867e6fb82eb66a6fc50646?s=96&d=mm&r=g","contentUrl":"https:\/\/secure.gravatar.com\/avatar\/0032728fc07181d052d653eb6ce26d3ff30f5b1c7d867e6fb82eb66a6fc50646?s=96&d=mm&r=g","caption":"JT-design"},"sameAs":["https:\/\/haz.hr"],"url":"https:\/\/haz.hr\/en\/author\/jt-design\/"}]}},"_links":{"self":[{"href":"https:\/\/haz.hr\/en\/wp-json\/wp\/v2\/posts\/1577","targetHints":{"allow":["GET"]}}],"collection":[{"href":"https:\/\/haz.hr\/en\/wp-json\/wp\/v2\/posts"}],"about":[{"href":"https:\/\/haz.hr\/en\/wp-json\/wp\/v2\/types\/post"}],"author":[{"embeddable":true,"href":"https:\/\/haz.hr\/en\/wp-json\/wp\/v2\/users\/1"}],"replies":[{"embeddable":true,"href":"https:\/\/haz.hr\/en\/wp-json\/wp\/v2\/comments?post=1577"}],"version-history":[{"count":0,"href":"https:\/\/haz.hr\/en\/wp-json\/wp\/v2\/posts\/1577\/revisions"}],"wp:featuredmedia":[{"embeddable":true,"href":"https:\/\/haz.hr\/en\/wp-json\/wp\/v2\/media\/1579"}],"wp:attachment":[{"href":"https:\/\/haz.hr\/en\/wp-json\/wp\/v2\/media?parent=1577"}],"wp:term":[{"taxonomy":"category","embeddable":true,"href":"https:\/\/haz.hr\/en\/wp-json\/wp\/v2\/categories?post=1577"},{"taxonomy":"post_tag","embeddable":true,"href":"https:\/\/haz.hr\/en\/wp-json\/wp\/v2\/tags?post=1577"}],"curies":[{"name":"wp","href":"https:\/\/api.w.org\/{rel}","templated":true}]}}