{"id":1584,"date":"2020-12-24T10:35:55","date_gmt":"2020-12-24T09:35:55","guid":{"rendered":"https:\/\/www.haz.hr\/?p=1584"},"modified":"2020-12-24T10:35:55","modified_gmt":"2020-12-24T09:35:55","slug":"formirano-novo-akademsko-vijece-hrvatske-akademske-zajednice","status":"publish","type":"post","link":"https:\/\/haz.hr\/en\/2020\/12\/24\/formirano-novo-akademsko-vijece-hrvatske-akademske-zajednice\/","title":{"rendered":"Formirano novo Akademsko vije\u0107e Hrvatske akademske zajednice"},"content":{"rendered":"<p class=\"wp-block-paragraph\">Izmjenama Statuta Hrvatske akademske zajednice (HAZ), formirano je novo Akademsko vije\u0107e HAZ-a, \u010dije \u0107e djelovanje biti usmjereno prema davanju mi\u0161ljenja i preporuka o politikama visokog obrazovanja, znanosti, kulture i \u0161porta, organiziranju tematskih predavanja, okruglih stolova, panela i tribina te razvijanju programa me\u0111unarodne suradnje.<\/p>\n\n\n\n<p class=\"wp-block-paragraph\">Tijekom XI. Sabora HAZ-a, koji je odr\u017ean u <em>online<\/em> obliku 17. prosinca 2020. godine, na prijedlog novoizabranog i prvog predsjednika Akademskog vije\u0107a HAZ-a prof. dr. sc. Mislava Grgi\u0107a, izaslanici na Saboru jednoglasno su izabrali sljede\u0107i novi sastav Akademskog vije\u0107a HAZ-a:<\/p>\n\n\n\n<p class=\"wp-block-paragraph\"><strong>Predsjednik Akademskog vije\u0107a:<\/strong> prof. dr. sc. <strong>Mislav Grgi\u0107<\/strong><\/p>\n\n\n\n<p class=\"wp-block-paragraph\"><strong>Dopredsjednici Akademskog vije\u0107a:<\/strong><\/p>\n\n\n\n<ul class=\"wp-block-list\"><li>mr. sc. <strong>Hrvojka Bo\u017ei\u0107<\/strong><\/li><li>izv. prof. dr. sc. <strong>Davor Filipovi\u0107<\/strong><\/li><li>izv. prof. dr. sc. <strong>Ivica Mi\u0161kulin<\/strong><\/li><li>prof. dr. sc. <strong>Drago \u017dagar<\/strong><\/li><\/ul>\n\n\n\n<p class=\"wp-block-paragraph\"><strong>\u010clanovi Akademskog vije\u0107a:<\/strong><\/p>\n\n\n\n<ul class=\"wp-block-list\"><li><strong>Marija Bari\u010devi\u0107<\/strong>, dipl. iur.<\/li><li>izv. prof. dr. sc. <strong>Marija Boban<\/strong><\/li><li>dr. sc. <strong>Filip Dujmovi\u0107<\/strong><\/li><li>dr. sc. <strong>Martina Harc<\/strong><\/li><li>izv. prof. dr. sc. <strong>Ivana Hebrang Grgi\u0107<\/strong><\/li><li>prof. dr. sc. <strong>\u017deljko Holjevac<\/strong><\/li><li>prof. dr. sc. <strong>Kristian Jambro\u0161i\u0107<\/strong><\/li><li><strong>Vladimir Kere\u010deni<\/strong>, mag. theol.<\/li><li>dr. sc. <strong>Domagoj Kne\u017eevi\u0107<\/strong><\/li><li><strong>Suzana Kolesar<\/strong>, dr. iur.<\/li><li>mr. sc. <strong>Vi\u0161eslav Maji\u0107<\/strong><\/li><li>dr. sc. <strong>Ana Malnar<\/strong><\/li><li>dr. sc. <strong>Rebeka Mesari\u0107 \u017dab\u010di\u0107<\/strong><\/li><li>dr. sc. <strong>Hrvoje Me\u0161tri\u0107<\/strong><\/li><li><strong>Dra\u017een Opali\u0107<\/strong>, stru\u010d. spec. oec.<\/li><li>doc. dr. sc. <strong>Marko Peri\u0161a<\/strong><\/li><li>izv. prof. dr. sc. <strong>Dora Pokaz<\/strong><\/li><li>dr. sc. <strong>Vlatka Ru\u017ei\u0107<\/strong><\/li><li>dr. sc. <strong>Nedjeljko \u0160pilek<\/strong><\/li><li>prof. dr. sc. <strong>Zoran Tomi\u0107<\/strong><\/li><li>doc. dr. sc. <strong>Neven Tu\u010dkar<\/strong><\/li><\/ul>\n\n\n\n<p class=\"wp-block-paragraph\">\u010cestitamo svim \u010dlanovima Akademskog vije\u0107a i \u017eelimo im uspje\u0161an rad!<br><\/p>","protected":false},"excerpt":{"rendered":"<p>Izmjenama Statuta Hrvatske akademske zajednice (HAZ), formirano je novo Akademsko vije\u0107e HAZ-a, \u010dije \u0107e djelovanje biti usmjereno prema davanju mi\u0161ljenja i preporuka o politikama visokog obrazovanja, znanosti, kulture i \u0161porta, [&hellip;]<\/p>\n","protected":false},"author":1,"featured_media":1585,"comment_status":"closed","ping_status":"open","sticky":true,"template":"","format":"standard","meta":{"footnotes":""},"categories":[14],"tags":[],"class_list":["post-1584","post","type-post","status-publish","format-standard","has-post-thumbnail","hentry","category-haz-novosti"],"yoast_head":"<!-- This site is optimized with the Yoast SEO plugin v23.7 - https:\/\/yoast.com\/wordpress\/plugins\/seo\/ -->\n<title>Formirano novo Akademsko vije\u0107e Hrvatske akademske zajednice - HAZ<\/title>\n<meta name=\"robots\" content=\"index, follow, max-snippet:-1, max-image-preview:large, max-video-preview:-1\" \/>\n<link rel=\"canonical\" href=\"https:\/\/haz.hr\/en\/2020\/12\/24\/formirano-novo-akademsko-vijece-hrvatske-akademske-zajednice\/\" \/>\n<meta property=\"og:locale\" content=\"en_GB\" \/>\n<meta property=\"og:type\" content=\"article\" \/>\n<meta property=\"og:title\" content=\"Formirano novo Akademsko vije\u0107e Hrvatske akademske zajednice - HAZ\" \/>\n<meta property=\"og:description\" content=\"Izmjenama Statuta Hrvatske akademske zajednice (HAZ), formirano je novo Akademsko vije\u0107e HAZ-a, \u010dije \u0107e djelovanje biti usmjereno prema davanju mi\u0161ljenja i preporuka o politikama visokog obrazovanja, znanosti, kulture i \u0161porta, [&hellip;]\" \/>\n<meta property=\"og:url\" content=\"https:\/\/haz.hr\/en\/2020\/12\/24\/formirano-novo-akademsko-vijece-hrvatske-akademske-zajednice\/\" \/>\n<meta property=\"og:site_name\" content=\"HAZ\" \/>\n<meta property=\"article:published_time\" content=\"2020-12-24T09:35:55+00:00\" \/>\n<meta property=\"og:image\" content=\"https:\/\/haz.hr\/wp-content\/uploads\/2020\/12\/AV_HAZ-2.png\" \/>\n\t<meta property=\"og:image:width\" content=\"1200\" \/>\n\t<meta property=\"og:image:height\" content=\"800\" \/>\n\t<meta property=\"og:image:type\" content=\"image\/png\" \/>\n<meta name=\"author\" content=\"JT-design\" \/>\n<meta name=\"twitter:card\" content=\"summary_large_image\" \/>\n<meta name=\"twitter:label1\" content=\"Written by\" \/>\n\t<meta name=\"twitter:data1\" content=\"JT-design\" \/>\n\t<meta name=\"twitter:label2\" content=\"Est. reading time\" \/>\n\t<meta name=\"twitter:data2\" content=\"1 minute\" \/>\n<script type=\"application\/ld+json\" class=\"yoast-schema-graph\">{\"@context\":\"https:\/\/schema.org\",\"@graph\":[{\"@type\":\"Article\",\"@id\":\"https:\/\/haz.hr\/2020\/12\/24\/formirano-novo-akademsko-vijece-hrvatske-akademske-zajednice\/#article\",\"isPartOf\":{\"@id\":\"https:\/\/haz.hr\/2020\/12\/24\/formirano-novo-akademsko-vijece-hrvatske-akademske-zajednice\/\"},\"author\":{\"name\":\"JT-design\",\"@id\":\"https:\/\/haz.hr\/#\/schema\/person\/438892ce514665613f7cd5bb7a19213a\"},\"headline\":\"Formirano novo Akademsko vije\u0107e Hrvatske akademske zajednice\",\"datePublished\":\"2020-12-24T09:35:55+00:00\",\"dateModified\":\"2020-12-24T09:35:55+00:00\",\"mainEntityOfPage\":{\"@id\":\"https:\/\/haz.hr\/2020\/12\/24\/formirano-novo-akademsko-vijece-hrvatske-akademske-zajednice\/\"},\"wordCount\":258,\"publisher\":{\"@id\":\"https:\/\/haz.hr\/#organization\"},\"image\":{\"@id\":\"https:\/\/haz.hr\/2020\/12\/24\/formirano-novo-akademsko-vijece-hrvatske-akademske-zajednice\/#primaryimage\"},\"thumbnailUrl\":\"https:\/\/haz.hr\/wp-content\/uploads\/2020\/12\/AV_HAZ-2.png\",\"articleSection\":[\"HAZ novosti\"],\"inLanguage\":\"en-GB\"},{\"@type\":\"WebPage\",\"@id\":\"https:\/\/haz.hr\/2020\/12\/24\/formirano-novo-akademsko-vijece-hrvatske-akademske-zajednice\/\",\"url\":\"https:\/\/haz.hr\/2020\/12\/24\/formirano-novo-akademsko-vijece-hrvatske-akademske-zajednice\/\",\"name\":\"Formirano novo Akademsko vije\u0107e Hrvatske akademske zajednice - HAZ\",\"isPartOf\":{\"@id\":\"https:\/\/haz.hr\/#website\"},\"primaryImageOfPage\":{\"@id\":\"https:\/\/haz.hr\/2020\/12\/24\/formirano-novo-akademsko-vijece-hrvatske-akademske-zajednice\/#primaryimage\"},\"image\":{\"@id\":\"https:\/\/haz.hr\/2020\/12\/24\/formirano-novo-akademsko-vijece-hrvatske-akademske-zajednice\/#primaryimage\"},\"thumbnailUrl\":\"https:\/\/haz.hr\/wp-content\/uploads\/2020\/12\/AV_HAZ-2.png\",\"datePublished\":\"2020-12-24T09:35:55+00:00\",\"dateModified\":\"2020-12-24T09:35:55+00:00\",\"breadcrumb\":{\"@id\":\"https:\/\/haz.hr\/2020\/12\/24\/formirano-novo-akademsko-vijece-hrvatske-akademske-zajednice\/#breadcrumb\"},\"inLanguage\":\"en-GB\",\"potentialAction\":[{\"@type\":\"ReadAction\",\"target\":[\"https:\/\/haz.hr\/2020\/12\/24\/formirano-novo-akademsko-vijece-hrvatske-akademske-zajednice\/\"]}]},{\"@type\":\"ImageObject\",\"inLanguage\":\"en-GB\",\"@id\":\"https:\/\/haz.hr\/2020\/12\/24\/formirano-novo-akademsko-vijece-hrvatske-akademske-zajednice\/#primaryimage\",\"url\":\"https:\/\/haz.hr\/wp-content\/uploads\/2020\/12\/AV_HAZ-2.png\",\"contentUrl\":\"https:\/\/haz.hr\/wp-content\/uploads\/2020\/12\/AV_HAZ-2.png\",\"width\":1200,\"height\":800,\"caption\":\"\"},{\"@type\":\"BreadcrumbList\",\"@id\":\"https:\/\/haz.hr\/2020\/12\/24\/formirano-novo-akademsko-vijece-hrvatske-akademske-zajednice\/#breadcrumb\",\"itemListElement\":[{\"@type\":\"ListItem\",\"position\":1,\"name\":\"Home\",\"item\":\"https:\/\/haz.hr\/\"},{\"@type\":\"ListItem\",\"position\":2,\"name\":\"Formirano novo Akademsko vije\u0107e Hrvatske akademske zajednice\"}]},{\"@type\":\"WebSite\",\"@id\":\"https:\/\/haz.hr\/#website\",\"url\":\"https:\/\/haz.hr\/\",\"name\":\"HAZ\",\"description\":\"Hrvatska akademska zajednica\",\"publisher\":{\"@id\":\"https:\/\/haz.hr\/#organization\"},\"potentialAction\":[{\"@type\":\"SearchAction\",\"target\":{\"@type\":\"EntryPoint\",\"urlTemplate\":\"https:\/\/haz.hr\/?s={search_term_string}\"},\"query-input\":{\"@type\":\"PropertyValueSpecification\",\"valueRequired\":true,\"valueName\":\"search_term_string\"}}],\"inLanguage\":\"en-GB\"},{\"@type\":\"Organization\",\"@id\":\"https:\/\/haz.hr\/#organization\",\"name\":\"HAZ\",\"url\":\"https:\/\/haz.hr\/\",\"logo\":{\"@type\":\"ImageObject\",\"inLanguage\":\"en-GB\",\"@id\":\"https:\/\/haz.hr\/#\/schema\/logo\/image\/\",\"url\":\"https:\/\/haz.hr\/wp-content\/uploads\/2022\/12\/cropped-HAZ_logo.png\",\"contentUrl\":\"https:\/\/haz.hr\/wp-content\/uploads\/2022\/12\/cropped-HAZ_logo.png\",\"width\":125,\"height\":76,\"caption\":\"HAZ\"},\"image\":{\"@id\":\"https:\/\/haz.hr\/#\/schema\/logo\/image\/\"}},{\"@type\":\"Person\",\"@id\":\"https:\/\/haz.hr\/#\/schema\/person\/438892ce514665613f7cd5bb7a19213a\",\"name\":\"JT-design\",\"image\":{\"@type\":\"ImageObject\",\"inLanguage\":\"en-GB\",\"@id\":\"https:\/\/haz.hr\/#\/schema\/person\/image\/\",\"url\":\"https:\/\/secure.gravatar.com\/avatar\/0032728fc07181d052d653eb6ce26d3ff30f5b1c7d867e6fb82eb66a6fc50646?s=96&d=mm&r=g\",\"contentUrl\":\"https:\/\/secure.gravatar.com\/avatar\/0032728fc07181d052d653eb6ce26d3ff30f5b1c7d867e6fb82eb66a6fc50646?s=96&d=mm&r=g\",\"caption\":\"JT-design\"},\"sameAs\":[\"https:\/\/haz.hr\"],\"url\":\"https:\/\/haz.hr\/en\/author\/jt-design\/\"}]}<\/script>\n<!-- \/ Yoast SEO plugin. -->","yoast_head_json":{"title":"Formirano novo Akademsko vije\u0107e Hrvatske akademske zajednice - HAZ","robots":{"index":"index","follow":"follow","max-snippet":"max-snippet:-1","max-image-preview":"max-image-preview:large","max-video-preview":"max-video-preview:-1"},"canonical":"https:\/\/haz.hr\/en\/2020\/12\/24\/formirano-novo-akademsko-vijece-hrvatske-akademske-zajednice\/","og_locale":"en_GB","og_type":"article","og_title":"Formirano novo Akademsko vije\u0107e Hrvatske akademske zajednice - HAZ","og_description":"Izmjenama Statuta Hrvatske akademske zajednice (HAZ), formirano je novo Akademsko vije\u0107e HAZ-a, \u010dije \u0107e djelovanje biti usmjereno prema davanju mi\u0161ljenja i preporuka o politikama visokog obrazovanja, znanosti, kulture i \u0161porta, [&hellip;]","og_url":"https:\/\/haz.hr\/en\/2020\/12\/24\/formirano-novo-akademsko-vijece-hrvatske-akademske-zajednice\/","og_site_name":"HAZ","article_published_time":"2020-12-24T09:35:55+00:00","og_image":[{"width":1200,"height":800,"url":"https:\/\/haz.hr\/wp-content\/uploads\/2020\/12\/AV_HAZ-2.png","type":"image\/png"}],"author":"JT-design","twitter_card":"summary_large_image","twitter_misc":{"Written by":"JT-design","Est. reading time":"1 minute"},"schema":{"@context":"https:\/\/schema.org","@graph":[{"@type":"Article","@id":"https:\/\/haz.hr\/2020\/12\/24\/formirano-novo-akademsko-vijece-hrvatske-akademske-zajednice\/#article","isPartOf":{"@id":"https:\/\/haz.hr\/2020\/12\/24\/formirano-novo-akademsko-vijece-hrvatske-akademske-zajednice\/"},"author":{"name":"JT-design","@id":"https:\/\/haz.hr\/#\/schema\/person\/438892ce514665613f7cd5bb7a19213a"},"headline":"Formirano novo Akademsko vije\u0107e Hrvatske akademske zajednice","datePublished":"2020-12-24T09:35:55+00:00","dateModified":"2020-12-24T09:35:55+00:00","mainEntityOfPage":{"@id":"https:\/\/haz.hr\/2020\/12\/24\/formirano-novo-akademsko-vijece-hrvatske-akademske-zajednice\/"},"wordCount":258,"publisher":{"@id":"https:\/\/haz.hr\/#organization"},"image":{"@id":"https:\/\/haz.hr\/2020\/12\/24\/formirano-novo-akademsko-vijece-hrvatske-akademske-zajednice\/#primaryimage"},"thumbnailUrl":"https:\/\/haz.hr\/wp-content\/uploads\/2020\/12\/AV_HAZ-2.png","articleSection":["HAZ novosti"],"inLanguage":"en-GB"},{"@type":"WebPage","@id":"https:\/\/haz.hr\/2020\/12\/24\/formirano-novo-akademsko-vijece-hrvatske-akademske-zajednice\/","url":"https:\/\/haz.hr\/2020\/12\/24\/formirano-novo-akademsko-vijece-hrvatske-akademske-zajednice\/","name":"Formirano novo Akademsko vije\u0107e Hrvatske akademske zajednice - HAZ","isPartOf":{"@id":"https:\/\/haz.hr\/#website"},"primaryImageOfPage":{"@id":"https:\/\/haz.hr\/2020\/12\/24\/formirano-novo-akademsko-vijece-hrvatske-akademske-zajednice\/#primaryimage"},"image":{"@id":"https:\/\/haz.hr\/2020\/12\/24\/formirano-novo-akademsko-vijece-hrvatske-akademske-zajednice\/#primaryimage"},"thumbnailUrl":"https:\/\/haz.hr\/wp-content\/uploads\/2020\/12\/AV_HAZ-2.png","datePublished":"2020-12-24T09:35:55+00:00","dateModified":"2020-12-24T09:35:55+00:00","breadcrumb":{"@id":"https:\/\/haz.hr\/2020\/12\/24\/formirano-novo-akademsko-vijece-hrvatske-akademske-zajednice\/#breadcrumb"},"inLanguage":"en-GB","potentialAction":[{"@type":"ReadAction","target":["https:\/\/haz.hr\/2020\/12\/24\/formirano-novo-akademsko-vijece-hrvatske-akademske-zajednice\/"]}]},{"@type":"ImageObject","inLanguage":"en-GB","@id":"https:\/\/haz.hr\/2020\/12\/24\/formirano-novo-akademsko-vijece-hrvatske-akademske-zajednice\/#primaryimage","url":"https:\/\/haz.hr\/wp-content\/uploads\/2020\/12\/AV_HAZ-2.png","contentUrl":"https:\/\/haz.hr\/wp-content\/uploads\/2020\/12\/AV_HAZ-2.png","width":1200,"height":800,"caption":""},{"@type":"BreadcrumbList","@id":"https:\/\/haz.hr\/2020\/12\/24\/formirano-novo-akademsko-vijece-hrvatske-akademske-zajednice\/#breadcrumb","itemListElement":[{"@type":"ListItem","position":1,"name":"Home","item":"https:\/\/haz.hr\/"},{"@type":"ListItem","position":2,"name":"Formirano novo Akademsko vije\u0107e Hrvatske akademske zajednice"}]},{"@type":"WebSite","@id":"https:\/\/haz.hr\/#website","url":"https:\/\/haz.hr\/","name":"HAZ","description":"Croatian Academic Community","publisher":{"@id":"https:\/\/haz.hr\/#organization"},"potentialAction":[{"@type":"SearchAction","target":{"@type":"EntryPoint","urlTemplate":"https:\/\/haz.hr\/?s={search_term_string}"},"query-input":{"@type":"PropertyValueSpecification","valueRequired":true,"valueName":"search_term_string"}}],"inLanguage":"en-GB"},{"@type":"Organization","@id":"https:\/\/haz.hr\/#organization","name":"HAZ","url":"https:\/\/haz.hr\/","logo":{"@type":"ImageObject","inLanguage":"en-GB","@id":"https:\/\/haz.hr\/#\/schema\/logo\/image\/","url":"https:\/\/haz.hr\/wp-content\/uploads\/2022\/12\/cropped-HAZ_logo.png","contentUrl":"https:\/\/haz.hr\/wp-content\/uploads\/2022\/12\/cropped-HAZ_logo.png","width":125,"height":76,"caption":"HAZ"},"image":{"@id":"https:\/\/haz.hr\/#\/schema\/logo\/image\/"}},{"@type":"Person","@id":"https:\/\/haz.hr\/#\/schema\/person\/438892ce514665613f7cd5bb7a19213a","name":"JT-design","image":{"@type":"ImageObject","inLanguage":"en-GB","@id":"https:\/\/haz.hr\/#\/schema\/person\/image\/","url":"https:\/\/secure.gravatar.com\/avatar\/0032728fc07181d052d653eb6ce26d3ff30f5b1c7d867e6fb82eb66a6fc50646?s=96&d=mm&r=g","contentUrl":"https:\/\/secure.gravatar.com\/avatar\/0032728fc07181d052d653eb6ce26d3ff30f5b1c7d867e6fb82eb66a6fc50646?s=96&d=mm&r=g","caption":"JT-design"},"sameAs":["https:\/\/haz.hr"],"url":"https:\/\/haz.hr\/en\/author\/jt-design\/"}]}},"_links":{"self":[{"href":"https:\/\/haz.hr\/en\/wp-json\/wp\/v2\/posts\/1584","targetHints":{"allow":["GET"]}}],"collection":[{"href":"https:\/\/haz.hr\/en\/wp-json\/wp\/v2\/posts"}],"about":[{"href":"https:\/\/haz.hr\/en\/wp-json\/wp\/v2\/types\/post"}],"author":[{"embeddable":true,"href":"https:\/\/haz.hr\/en\/wp-json\/wp\/v2\/users\/1"}],"replies":[{"embeddable":true,"href":"https:\/\/haz.hr\/en\/wp-json\/wp\/v2\/comments?post=1584"}],"version-history":[{"count":0,"href":"https:\/\/haz.hr\/en\/wp-json\/wp\/v2\/posts\/1584\/revisions"}],"wp:featuredmedia":[{"embeddable":true,"href":"https:\/\/haz.hr\/en\/wp-json\/wp\/v2\/media\/1585"}],"wp:attachment":[{"href":"https:\/\/haz.hr\/en\/wp-json\/wp\/v2\/media?parent=1584"}],"wp:term":[{"taxonomy":"category","embeddable":true,"href":"https:\/\/haz.hr\/en\/wp-json\/wp\/v2\/categories?post=1584"},{"taxonomy":"post_tag","embeddable":true,"href":"https:\/\/haz.hr\/en\/wp-json\/wp\/v2\/tags?post=1584"}],"curies":[{"name":"wp","href":"https:\/\/api.w.org\/{rel}","templated":true}]}}