{"id":1797,"date":"2021-05-21T15:40:32","date_gmt":"2021-05-21T13:40:32","guid":{"rendered":"https:\/\/www.haz.hr\/?p=1797"},"modified":"2021-05-21T15:40:32","modified_gmt":"2021-05-21T13:40:32","slug":"stajaliste-haz-a-o-ucenju-i-provjeri-znanja-na-daljinu-iskustva-u-hrvatskoj-obrazovnoj-vertikali","status":"publish","type":"post","link":"https:\/\/haz.hr\/en\/2021\/05\/21\/stajaliste-haz-a-o-ucenju-i-provjeri-znanja-na-daljinu-iskustva-u-hrvatskoj-obrazovnoj-vertikali\/","title":{"rendered":"Stajali\u0161te HAZ-a i Akademskog vije\u0107a o u\u010denju i provjeri znanja na daljinu &#8211; iskustva u hrvatskoj obrazovnoj vertikali"},"content":{"rendered":"<p class=\"wp-block-paragraph\">Hrvatska akademska zajednica (HAZ) i Akademsko vije\u0107e\nHAZ-a, organiziralo je u o\u017eujku 2021. godine panel-raspravu: &#8220;U\u010denje i\nprovjera znanja na daljinu &#8211; iskustva u hrvatskoj obrazovnoj vertikali&#8221;,\npotaknutoj pandemijom koronavirusa zbog koje su sve institucije hrvatske obrazovne\nvertikale u o\u017eujku 2020. godine iznenada morale prije\u0107i na nastavu na daljinu. Panelisti\nsu bili: prof. dr. sc. Nina Begi\u010devi\u0107\nRe\u0111ep, dekanica Fakulteta organizacije i informatike Sveu\u010dili\u0161ta u\nZagrebu, izv. prof. dr. sc. Predrag\nPale, profesor Fakulteta elektrotehnike i ra\u010dunarstva Sveu\u010dili\u0161ta u\nZagrebu, gosp. Nikola Dmitrovi\u0107,\nprof., ravnatelj XV. gimnazije, Zagreb, gosp. Kre\u0161imir Supanc, prof., ravnatelj Osnovne \u0161kole Jure Ka\u0161telana,\nZagreb, mr. sc. Smiljan Pilipovi\u0107,\ndipl. ing., direktor HashCode, Zagreb, te gosp. Mihovil Miokovi\u0107, predsjednik Studentskog zbora Sveu\u010dili\u0161ta u\nZagrebu.<\/p>\n\n\n\n<p class=\"wp-block-paragraph\">Kroz raspravu je potvr\u0111eno kako ovakva nastava na\ndaljinu spada u kategoriju hitne nastave zbog izvanrednih okolnosti, a ne u online\nnastavu kao rezultat kontinuiranog razvoja e-u\u010denja te nije jednako primjenjiva\nna svim razinama obrazovne vertikale. Raspravljeni su glavni problemi nastave i\nprovjere znanja na daljinu uz zaklju\u010dak kako se ovako provedena nastava mo\u017ee\nsmatrati samo nu\u017enom zamjenom za klasi\u010dnu nastavu zbog svih prepoznatih\nproblema, dok je istovremeno potrebno osigurati unapre\u0111ivanje kvalitete\nnastavnog procesa i poticanje daljnjeg razvoja e-u\u010denja.<\/p>\n\n\n\n<p class=\"wp-block-paragraph\">Kao rezultat odr\u017eane panel-rasprave objavljeno je <a href=\"https:\/\/haz.hr\/en\/izvodenje-nastave-na-daljinu\/\">stajali\u0161te HAZ-a<\/a> u kojemu su sa\u017eeti glavni ishodi rasprave te navedene osnovne smjernice za razvoj i organizaciju nastavnog procesa na daljinu i preporuke za provedbu online ispita.<\/p>","protected":false},"excerpt":{"rendered":"<p>Hrvatska akademska zajednica (HAZ) i Akademsko vije\u0107e HAZ-a, organiziralo je u o\u017eujku 2021. godine panel-raspravu: &#8220;U\u010denje i provjera znanja na daljinu &#8211; iskustva u hrvatskoj obrazovnoj vertikali&#8221;, potaknutoj pandemijom koronavirusa [&hellip;]<\/p>\n","protected":false},"author":1,"featured_media":1798,"comment_status":"closed","ping_status":"open","sticky":true,"template":"","format":"standard","meta":{"footnotes":""},"categories":[14],"tags":[],"class_list":["post-1797","post","type-post","status-publish","format-standard","has-post-thumbnail","hentry","category-haz-novosti"],"yoast_head":"<!-- This site is optimized with the Yoast SEO plugin v23.7 - https:\/\/yoast.com\/wordpress\/plugins\/seo\/ -->\n<title>Stajali\u0161te HAZ-a i Akademskog vije\u0107a o u\u010denju i provjeri znanja na daljinu - iskustva u hrvatskoj obrazovnoj vertikali - HAZ<\/title>\n<meta name=\"robots\" content=\"index, follow, max-snippet:-1, max-image-preview:large, max-video-preview:-1\" \/>\n<link rel=\"canonical\" href=\"https:\/\/haz.hr\/en\/2021\/05\/21\/stajaliste-haz-a-o-ucenju-i-provjeri-znanja-na-daljinu-iskustva-u-hrvatskoj-obrazovnoj-vertikali\/\" \/>\n<meta property=\"og:locale\" content=\"en_GB\" \/>\n<meta property=\"og:type\" content=\"article\" \/>\n<meta property=\"og:title\" content=\"Stajali\u0161te HAZ-a i Akademskog vije\u0107a o u\u010denju i provjeri znanja na daljinu - iskustva u hrvatskoj obrazovnoj vertikali - HAZ\" \/>\n<meta property=\"og:description\" content=\"Hrvatska akademska zajednica (HAZ) i Akademsko vije\u0107e HAZ-a, organiziralo je u o\u017eujku 2021. godine panel-raspravu: &#8220;U\u010denje i provjera znanja na daljinu &#8211; iskustva u hrvatskoj obrazovnoj vertikali&#8221;, potaknutoj pandemijom koronavirusa [&hellip;]\" \/>\n<meta property=\"og:url\" content=\"https:\/\/haz.hr\/en\/2021\/05\/21\/stajaliste-haz-a-o-ucenju-i-provjeri-znanja-na-daljinu-iskustva-u-hrvatskoj-obrazovnoj-vertikali\/\" \/>\n<meta property=\"og:site_name\" content=\"HAZ\" \/>\n<meta property=\"article:published_time\" content=\"2021-05-21T13:40:32+00:00\" \/>\n<meta property=\"og:image\" content=\"https:\/\/haz.hr\/wp-content\/uploads\/2021\/05\/Ucenje_na_daljinu_HAZ.png\" \/>\n\t<meta property=\"og:image:width\" content=\"1200\" \/>\n\t<meta property=\"og:image:height\" content=\"800\" \/>\n\t<meta property=\"og:image:type\" content=\"image\/png\" \/>\n<meta name=\"author\" content=\"JT-design\" \/>\n<meta name=\"twitter:card\" content=\"summary_large_image\" \/>\n<meta name=\"twitter:label1\" content=\"Written by\" \/>\n\t<meta name=\"twitter:data1\" content=\"JT-design\" \/>\n\t<meta name=\"twitter:label2\" content=\"Est. reading time\" \/>\n\t<meta name=\"twitter:data2\" content=\"1 minute\" \/>\n<script type=\"application\/ld+json\" class=\"yoast-schema-graph\">{\"@context\":\"https:\/\/schema.org\",\"@graph\":[{\"@type\":\"Article\",\"@id\":\"https:\/\/haz.hr\/2021\/05\/21\/stajaliste-haz-a-o-ucenju-i-provjeri-znanja-na-daljinu-iskustva-u-hrvatskoj-obrazovnoj-vertikali\/#article\",\"isPartOf\":{\"@id\":\"https:\/\/haz.hr\/2021\/05\/21\/stajaliste-haz-a-o-ucenju-i-provjeri-znanja-na-daljinu-iskustva-u-hrvatskoj-obrazovnoj-vertikali\/\"},\"author\":{\"name\":\"JT-design\",\"@id\":\"https:\/\/haz.hr\/#\/schema\/person\/438892ce514665613f7cd5bb7a19213a\"},\"headline\":\"Stajali\u0161te HAZ-a i Akademskog vije\u0107a o u\u010denju i provjeri znanja na daljinu &#8211; iskustva u hrvatskoj obrazovnoj vertikali\",\"datePublished\":\"2021-05-21T13:40:32+00:00\",\"dateModified\":\"2021-05-21T13:40:32+00:00\",\"mainEntityOfPage\":{\"@id\":\"https:\/\/haz.hr\/2021\/05\/21\/stajaliste-haz-a-o-ucenju-i-provjeri-znanja-na-daljinu-iskustva-u-hrvatskoj-obrazovnoj-vertikali\/\"},\"wordCount\":275,\"publisher\":{\"@id\":\"https:\/\/haz.hr\/#organization\"},\"image\":{\"@id\":\"https:\/\/haz.hr\/2021\/05\/21\/stajaliste-haz-a-o-ucenju-i-provjeri-znanja-na-daljinu-iskustva-u-hrvatskoj-obrazovnoj-vertikali\/#primaryimage\"},\"thumbnailUrl\":\"https:\/\/haz.hr\/wp-content\/uploads\/2021\/05\/Ucenje_na_daljinu_HAZ.png\",\"articleSection\":[\"HAZ novosti\"],\"inLanguage\":\"en-GB\"},{\"@type\":\"WebPage\",\"@id\":\"https:\/\/haz.hr\/2021\/05\/21\/stajaliste-haz-a-o-ucenju-i-provjeri-znanja-na-daljinu-iskustva-u-hrvatskoj-obrazovnoj-vertikali\/\",\"url\":\"https:\/\/haz.hr\/2021\/05\/21\/stajaliste-haz-a-o-ucenju-i-provjeri-znanja-na-daljinu-iskustva-u-hrvatskoj-obrazovnoj-vertikali\/\",\"name\":\"Stajali\u0161te HAZ-a i Akademskog vije\u0107a o u\u010denju i provjeri znanja na daljinu - iskustva u hrvatskoj obrazovnoj vertikali - HAZ\",\"isPartOf\":{\"@id\":\"https:\/\/haz.hr\/#website\"},\"primaryImageOfPage\":{\"@id\":\"https:\/\/haz.hr\/2021\/05\/21\/stajaliste-haz-a-o-ucenju-i-provjeri-znanja-na-daljinu-iskustva-u-hrvatskoj-obrazovnoj-vertikali\/#primaryimage\"},\"image\":{\"@id\":\"https:\/\/haz.hr\/2021\/05\/21\/stajaliste-haz-a-o-ucenju-i-provjeri-znanja-na-daljinu-iskustva-u-hrvatskoj-obrazovnoj-vertikali\/#primaryimage\"},\"thumbnailUrl\":\"https:\/\/haz.hr\/wp-content\/uploads\/2021\/05\/Ucenje_na_daljinu_HAZ.png\",\"datePublished\":\"2021-05-21T13:40:32+00:00\",\"dateModified\":\"2021-05-21T13:40:32+00:00\",\"breadcrumb\":{\"@id\":\"https:\/\/haz.hr\/2021\/05\/21\/stajaliste-haz-a-o-ucenju-i-provjeri-znanja-na-daljinu-iskustva-u-hrvatskoj-obrazovnoj-vertikali\/#breadcrumb\"},\"inLanguage\":\"en-GB\",\"potentialAction\":[{\"@type\":\"ReadAction\",\"target\":[\"https:\/\/haz.hr\/2021\/05\/21\/stajaliste-haz-a-o-ucenju-i-provjeri-znanja-na-daljinu-iskustva-u-hrvatskoj-obrazovnoj-vertikali\/\"]}]},{\"@type\":\"ImageObject\",\"inLanguage\":\"en-GB\",\"@id\":\"https:\/\/haz.hr\/2021\/05\/21\/stajaliste-haz-a-o-ucenju-i-provjeri-znanja-na-daljinu-iskustva-u-hrvatskoj-obrazovnoj-vertikali\/#primaryimage\",\"url\":\"https:\/\/haz.hr\/wp-content\/uploads\/2021\/05\/Ucenje_na_daljinu_HAZ.png\",\"contentUrl\":\"https:\/\/haz.hr\/wp-content\/uploads\/2021\/05\/Ucenje_na_daljinu_HAZ.png\",\"width\":1200,\"height\":800,\"caption\":\"\"},{\"@type\":\"BreadcrumbList\",\"@id\":\"https:\/\/haz.hr\/2021\/05\/21\/stajaliste-haz-a-o-ucenju-i-provjeri-znanja-na-daljinu-iskustva-u-hrvatskoj-obrazovnoj-vertikali\/#breadcrumb\",\"itemListElement\":[{\"@type\":\"ListItem\",\"position\":1,\"name\":\"Home\",\"item\":\"https:\/\/haz.hr\/\"},{\"@type\":\"ListItem\",\"position\":2,\"name\":\"Stajali\u0161te HAZ-a i Akademskog vije\u0107a o u\u010denju i provjeri znanja na daljinu &#8211; iskustva u hrvatskoj obrazovnoj vertikali\"}]},{\"@type\":\"WebSite\",\"@id\":\"https:\/\/haz.hr\/#website\",\"url\":\"https:\/\/haz.hr\/\",\"name\":\"HAZ\",\"description\":\"Hrvatska akademska zajednica\",\"publisher\":{\"@id\":\"https:\/\/haz.hr\/#organization\"},\"potentialAction\":[{\"@type\":\"SearchAction\",\"target\":{\"@type\":\"EntryPoint\",\"urlTemplate\":\"https:\/\/haz.hr\/?s={search_term_string}\"},\"query-input\":{\"@type\":\"PropertyValueSpecification\",\"valueRequired\":true,\"valueName\":\"search_term_string\"}}],\"inLanguage\":\"en-GB\"},{\"@type\":\"Organization\",\"@id\":\"https:\/\/haz.hr\/#organization\",\"name\":\"HAZ\",\"url\":\"https:\/\/haz.hr\/\",\"logo\":{\"@type\":\"ImageObject\",\"inLanguage\":\"en-GB\",\"@id\":\"https:\/\/haz.hr\/#\/schema\/logo\/image\/\",\"url\":\"https:\/\/haz.hr\/wp-content\/uploads\/2022\/12\/cropped-HAZ_logo.png\",\"contentUrl\":\"https:\/\/haz.hr\/wp-content\/uploads\/2022\/12\/cropped-HAZ_logo.png\",\"width\":125,\"height\":76,\"caption\":\"HAZ\"},\"image\":{\"@id\":\"https:\/\/haz.hr\/#\/schema\/logo\/image\/\"}},{\"@type\":\"Person\",\"@id\":\"https:\/\/haz.hr\/#\/schema\/person\/438892ce514665613f7cd5bb7a19213a\",\"name\":\"JT-design\",\"image\":{\"@type\":\"ImageObject\",\"inLanguage\":\"en-GB\",\"@id\":\"https:\/\/haz.hr\/#\/schema\/person\/image\/\",\"url\":\"https:\/\/secure.gravatar.com\/avatar\/0032728fc07181d052d653eb6ce26d3ff30f5b1c7d867e6fb82eb66a6fc50646?s=96&d=mm&r=g\",\"contentUrl\":\"https:\/\/secure.gravatar.com\/avatar\/0032728fc07181d052d653eb6ce26d3ff30f5b1c7d867e6fb82eb66a6fc50646?s=96&d=mm&r=g\",\"caption\":\"JT-design\"},\"sameAs\":[\"https:\/\/haz.hr\"],\"url\":\"https:\/\/haz.hr\/en\/author\/jt-design\/\"}]}<\/script>\n<!-- \/ Yoast SEO plugin. -->","yoast_head_json":{"title":"Stajali\u0161te HAZ-a i Akademskog vije\u0107a o u\u010denju i provjeri znanja na daljinu - iskustva u hrvatskoj obrazovnoj vertikali - HAZ","robots":{"index":"index","follow":"follow","max-snippet":"max-snippet:-1","max-image-preview":"max-image-preview:large","max-video-preview":"max-video-preview:-1"},"canonical":"https:\/\/haz.hr\/en\/2021\/05\/21\/stajaliste-haz-a-o-ucenju-i-provjeri-znanja-na-daljinu-iskustva-u-hrvatskoj-obrazovnoj-vertikali\/","og_locale":"en_GB","og_type":"article","og_title":"Stajali\u0161te HAZ-a i Akademskog vije\u0107a o u\u010denju i provjeri znanja na daljinu - iskustva u hrvatskoj obrazovnoj vertikali - HAZ","og_description":"Hrvatska akademska zajednica (HAZ) i Akademsko vije\u0107e HAZ-a, organiziralo je u o\u017eujku 2021. godine panel-raspravu: &#8220;U\u010denje i provjera znanja na daljinu &#8211; iskustva u hrvatskoj obrazovnoj vertikali&#8221;, potaknutoj pandemijom koronavirusa [&hellip;]","og_url":"https:\/\/haz.hr\/en\/2021\/05\/21\/stajaliste-haz-a-o-ucenju-i-provjeri-znanja-na-daljinu-iskustva-u-hrvatskoj-obrazovnoj-vertikali\/","og_site_name":"HAZ","article_published_time":"2021-05-21T13:40:32+00:00","og_image":[{"width":1200,"height":800,"url":"https:\/\/haz.hr\/wp-content\/uploads\/2021\/05\/Ucenje_na_daljinu_HAZ.png","type":"image\/png"}],"author":"JT-design","twitter_card":"summary_large_image","twitter_misc":{"Written by":"JT-design","Est. reading time":"1 minute"},"schema":{"@context":"https:\/\/schema.org","@graph":[{"@type":"Article","@id":"https:\/\/haz.hr\/2021\/05\/21\/stajaliste-haz-a-o-ucenju-i-provjeri-znanja-na-daljinu-iskustva-u-hrvatskoj-obrazovnoj-vertikali\/#article","isPartOf":{"@id":"https:\/\/haz.hr\/2021\/05\/21\/stajaliste-haz-a-o-ucenju-i-provjeri-znanja-na-daljinu-iskustva-u-hrvatskoj-obrazovnoj-vertikali\/"},"author":{"name":"JT-design","@id":"https:\/\/haz.hr\/#\/schema\/person\/438892ce514665613f7cd5bb7a19213a"},"headline":"Stajali\u0161te HAZ-a i Akademskog vije\u0107a o u\u010denju i provjeri znanja na daljinu &#8211; iskustva u hrvatskoj obrazovnoj vertikali","datePublished":"2021-05-21T13:40:32+00:00","dateModified":"2021-05-21T13:40:32+00:00","mainEntityOfPage":{"@id":"https:\/\/haz.hr\/2021\/05\/21\/stajaliste-haz-a-o-ucenju-i-provjeri-znanja-na-daljinu-iskustva-u-hrvatskoj-obrazovnoj-vertikali\/"},"wordCount":275,"publisher":{"@id":"https:\/\/haz.hr\/#organization"},"image":{"@id":"https:\/\/haz.hr\/2021\/05\/21\/stajaliste-haz-a-o-ucenju-i-provjeri-znanja-na-daljinu-iskustva-u-hrvatskoj-obrazovnoj-vertikali\/#primaryimage"},"thumbnailUrl":"https:\/\/haz.hr\/wp-content\/uploads\/2021\/05\/Ucenje_na_daljinu_HAZ.png","articleSection":["HAZ novosti"],"inLanguage":"en-GB"},{"@type":"WebPage","@id":"https:\/\/haz.hr\/2021\/05\/21\/stajaliste-haz-a-o-ucenju-i-provjeri-znanja-na-daljinu-iskustva-u-hrvatskoj-obrazovnoj-vertikali\/","url":"https:\/\/haz.hr\/2021\/05\/21\/stajaliste-haz-a-o-ucenju-i-provjeri-znanja-na-daljinu-iskustva-u-hrvatskoj-obrazovnoj-vertikali\/","name":"Stajali\u0161te HAZ-a i Akademskog vije\u0107a o u\u010denju i provjeri znanja na daljinu - iskustva u hrvatskoj obrazovnoj vertikali - HAZ","isPartOf":{"@id":"https:\/\/haz.hr\/#website"},"primaryImageOfPage":{"@id":"https:\/\/haz.hr\/2021\/05\/21\/stajaliste-haz-a-o-ucenju-i-provjeri-znanja-na-daljinu-iskustva-u-hrvatskoj-obrazovnoj-vertikali\/#primaryimage"},"image":{"@id":"https:\/\/haz.hr\/2021\/05\/21\/stajaliste-haz-a-o-ucenju-i-provjeri-znanja-na-daljinu-iskustva-u-hrvatskoj-obrazovnoj-vertikali\/#primaryimage"},"thumbnailUrl":"https:\/\/haz.hr\/wp-content\/uploads\/2021\/05\/Ucenje_na_daljinu_HAZ.png","datePublished":"2021-05-21T13:40:32+00:00","dateModified":"2021-05-21T13:40:32+00:00","breadcrumb":{"@id":"https:\/\/haz.hr\/2021\/05\/21\/stajaliste-haz-a-o-ucenju-i-provjeri-znanja-na-daljinu-iskustva-u-hrvatskoj-obrazovnoj-vertikali\/#breadcrumb"},"inLanguage":"en-GB","potentialAction":[{"@type":"ReadAction","target":["https:\/\/haz.hr\/2021\/05\/21\/stajaliste-haz-a-o-ucenju-i-provjeri-znanja-na-daljinu-iskustva-u-hrvatskoj-obrazovnoj-vertikali\/"]}]},{"@type":"ImageObject","inLanguage":"en-GB","@id":"https:\/\/haz.hr\/2021\/05\/21\/stajaliste-haz-a-o-ucenju-i-provjeri-znanja-na-daljinu-iskustva-u-hrvatskoj-obrazovnoj-vertikali\/#primaryimage","url":"https:\/\/haz.hr\/wp-content\/uploads\/2021\/05\/Ucenje_na_daljinu_HAZ.png","contentUrl":"https:\/\/haz.hr\/wp-content\/uploads\/2021\/05\/Ucenje_na_daljinu_HAZ.png","width":1200,"height":800,"caption":""},{"@type":"BreadcrumbList","@id":"https:\/\/haz.hr\/2021\/05\/21\/stajaliste-haz-a-o-ucenju-i-provjeri-znanja-na-daljinu-iskustva-u-hrvatskoj-obrazovnoj-vertikali\/#breadcrumb","itemListElement":[{"@type":"ListItem","position":1,"name":"Home","item":"https:\/\/haz.hr\/"},{"@type":"ListItem","position":2,"name":"Stajali\u0161te HAZ-a i Akademskog vije\u0107a o u\u010denju i provjeri znanja na daljinu &#8211; iskustva u hrvatskoj obrazovnoj vertikali"}]},{"@type":"WebSite","@id":"https:\/\/haz.hr\/#website","url":"https:\/\/haz.hr\/","name":"HAZ","description":"Croatian Academic Community","publisher":{"@id":"https:\/\/haz.hr\/#organization"},"potentialAction":[{"@type":"SearchAction","target":{"@type":"EntryPoint","urlTemplate":"https:\/\/haz.hr\/?s={search_term_string}"},"query-input":{"@type":"PropertyValueSpecification","valueRequired":true,"valueName":"search_term_string"}}],"inLanguage":"en-GB"},{"@type":"Organization","@id":"https:\/\/haz.hr\/#organization","name":"HAZ","url":"https:\/\/haz.hr\/","logo":{"@type":"ImageObject","inLanguage":"en-GB","@id":"https:\/\/haz.hr\/#\/schema\/logo\/image\/","url":"https:\/\/haz.hr\/wp-content\/uploads\/2022\/12\/cropped-HAZ_logo.png","contentUrl":"https:\/\/haz.hr\/wp-content\/uploads\/2022\/12\/cropped-HAZ_logo.png","width":125,"height":76,"caption":"HAZ"},"image":{"@id":"https:\/\/haz.hr\/#\/schema\/logo\/image\/"}},{"@type":"Person","@id":"https:\/\/haz.hr\/#\/schema\/person\/438892ce514665613f7cd5bb7a19213a","name":"JT-design","image":{"@type":"ImageObject","inLanguage":"en-GB","@id":"https:\/\/haz.hr\/#\/schema\/person\/image\/","url":"https:\/\/secure.gravatar.com\/avatar\/0032728fc07181d052d653eb6ce26d3ff30f5b1c7d867e6fb82eb66a6fc50646?s=96&d=mm&r=g","contentUrl":"https:\/\/secure.gravatar.com\/avatar\/0032728fc07181d052d653eb6ce26d3ff30f5b1c7d867e6fb82eb66a6fc50646?s=96&d=mm&r=g","caption":"JT-design"},"sameAs":["https:\/\/haz.hr"],"url":"https:\/\/haz.hr\/en\/author\/jt-design\/"}]}},"_links":{"self":[{"href":"https:\/\/haz.hr\/en\/wp-json\/wp\/v2\/posts\/1797","targetHints":{"allow":["GET"]}}],"collection":[{"href":"https:\/\/haz.hr\/en\/wp-json\/wp\/v2\/posts"}],"about":[{"href":"https:\/\/haz.hr\/en\/wp-json\/wp\/v2\/types\/post"}],"author":[{"embeddable":true,"href":"https:\/\/haz.hr\/en\/wp-json\/wp\/v2\/users\/1"}],"replies":[{"embeddable":true,"href":"https:\/\/haz.hr\/en\/wp-json\/wp\/v2\/comments?post=1797"}],"version-history":[{"count":0,"href":"https:\/\/haz.hr\/en\/wp-json\/wp\/v2\/posts\/1797\/revisions"}],"wp:featuredmedia":[{"embeddable":true,"href":"https:\/\/haz.hr\/en\/wp-json\/wp\/v2\/media\/1798"}],"wp:attachment":[{"href":"https:\/\/haz.hr\/en\/wp-json\/wp\/v2\/media?parent=1797"}],"wp:term":[{"taxonomy":"category","embeddable":true,"href":"https:\/\/haz.hr\/en\/wp-json\/wp\/v2\/categories?post=1797"},{"taxonomy":"post_tag","embeddable":true,"href":"https:\/\/haz.hr\/en\/wp-json\/wp\/v2\/tags?post=1797"}],"curies":[{"name":"wp","href":"https:\/\/api.w.org\/{rel}","templated":true}]}}