{"id":1861,"date":"2022-01-23T11:25:15","date_gmt":"2022-01-23T10:25:15","guid":{"rendered":"https:\/\/www.haz.hr\/?p=1861"},"modified":"2022-01-23T11:25:15","modified_gmt":"2022-01-23T10:25:15","slug":"najstarija-studentska-i-alumni-organizacija-u-hrvatskoj-izabrala-novo-vodstvo","status":"publish","type":"post","link":"https:\/\/haz.hr\/en\/2022\/01\/23\/najstarija-studentska-i-alumni-organizacija-u-hrvatskoj-izabrala-novo-vodstvo\/","title":{"rendered":"Najve\u0107a studentska i alumni organizacija u Hrvatskoj izabrala novo vodstvo"},"content":{"rendered":"<p class=\"wp-block-paragraph\">Hrvatska akademska zajednica (HAZ) je na XII. Saboru izabrala novog nacionalnog predsjednika, zamjenicu predsjednika te tri nacionalna dopredsjednika iz redova studenata i mladih. Sabor HAZ-a odr\u017ean je u petak, 21. sije\u010dnja 2022. u hibridnom obliku, na Fakultetu elektrotehnike i ra\u010dunarstva, a 120 izaslanika su se, me\u0111u ostalima, obratili i istaknuti gosti poput ministra <strong>prof. dr. sc. Radovana Fuchsa<\/strong> u ulozi izaslanika predsjednika Vlade mr. sc. Andreja Plenkovi\u0107, ministra <strong>dr. sc. Gordana Grli\u0107-Radmana <\/strong>i rektorica Sveu\u010dili\u0161ta u Zadru <strong>prof. dr. sc. Dijana Vican<\/strong> koja je uime splitskog i mostarskog rektora sveu\u010dili\u0161ta pozdravila okupljene. Saboru je bio nazo\u010dan i izaslanik predsjednika Hrvatskog sabora Gordan Jandrokovi\u0107, saborski zastupnik i glavni tajnik Hrvatske demokratske zajednice Krunoslav Kati\u010di\u0107.<\/p>\n\n\n\n<div class=\"wp-block-image\"><figure class=\"aligncenter is-resized\"><img fetchpriority=\"high\" decoding=\"async\" src=\"https:\/\/www.haz.hr\/wp-content\/uploads\/2022\/01\/Izaslanici_i_gosti_HAZ_XII_Sabor-1024x682.jpeg\" alt=\"\" class=\"wp-image-1863\" width=\"532\" height=\"354\"\/><figcaption>Izaslanici i gosti XII. Sabora Hrvatske akademske zajednice I Foto: Mihal Jaci\u0107<\/figcaption><\/figure><\/div>\n\n\n\n<p class=\"wp-block-paragraph\">Za nacionalnog predsjednika HAZ-a sa svim glasovima izaslanika izabran je <strong>Karlo Kolesar<\/strong>, posebni savjetnik ministra vanjskih i europskih poslova, ina\u010de javnosti poznatiji kao dugogodi\u0161nji predsjednik Vije\u0107a studenata veleu\u010dili\u0161ta i visokih \u0161kola RH i potpredsjednik Europskih demokratskih studenata, studentske organizacije EPP-a, a sada. Zamjenica predsjednika \u0107e u novom mandatnom razdoblju biti istaknuta muzikologinja i jezikoslovka mr. sc. <strong>Hrvojka Bo\u017ei\u0107<\/strong>, ravnateljica Gradskog muzeja Grada Karlovca i voditeljica projekta izgradnje muzeja Domovinskog rata Karlovac-Turanj. <\/p>\n\n\n\n<div class=\"wp-block-image\"><figure class=\"aligncenter is-resized\"><img decoding=\"async\" src=\"https:\/\/www.haz.hr\/wp-content\/uploads\/2022\/01\/Karlo_Kolesar_predsjednik_HAZ_XII_Sabor-1024x682.jpeg\" alt=\"\" class=\"wp-image-1864\" width=\"515\" height=\"343\"\/><figcaption>Novoizabrani predsjednik Hrvatske akademske zajednice Karlo Kolesar I <br>Foto: Mihal Jaci\u0107<\/figcaption><\/figure><\/div>\n\n\n\n<blockquote class=\"wp-block-quote is-layout-flow wp-block-quote-is-layout-flow\"><p>\u201ePodr\u0161ka koju ste mi pru\u017eili na ovome Saboru, obvezuje me da u ovome mandatu nastavimo raditi za Hrvatsku i povezivati studente u okviru HAZ-a, uz podr\u0161ku na\u0161ih istaknutih senior alumni \u010dlanova\u201c, <\/p><cite>poru\u010dio je <strong>Karlo Kolesar, novoizabrani nacionalni predsjednik Hrvatske akademske zajednice<\/strong> te se zahvalio dosada\u0161njem predsjedniku mr. sc. Zdeslavu Milasu na vo\u0111enju udruge. <\/cite><\/blockquote>\n\n\n\n<p class=\"wp-block-paragraph\">Iz redova studenata i mladih izabrana su tri nacionalna dopredsjednika pa \u0107e tako razvoju ove udruge aktivno doprinositi i <strong>Hrvoje Raos, Dora Miketek i Adrian Pozni\u0107<\/strong>. Raos je aktivan u splitskoj sveu\u010dili\u0161noj organizaciji i polaznik je doktorskog studija medicine. Miketek je kao studentska predstavnica niz godina anga\u017eirana na obrazovnoj politici, a magistrirala je u Engleskoj. Pozni\u0107 je mladi poduzetnik koji zavr\u0161ava studij ekonomije na EFZG-u, a dobitnik je i Rektorove nagrade za projekte koje je predvodio na fakultetskom ogranku Hrvatske akademske zajednice. <\/p>\n\n\n\n<p class=\"wp-block-paragraph\">Zdeslav Milas koji je vodio HAZ od 2016. godine, izabran je za po\u010dasnog predsjednika, dodijelio je priznanja za doprinos razvoju HAZ-a onima koji su se svojim imenom istaknuli u vi\u0161e od 30 godina djelovanja udruge.<\/p>\n\n\n\n<ul class=\"wp-block-gallery columns-3 is-cropped wp-block-gallery-1 is-layout-flex wp-block-gallery-is-layout-flex\"><li class=\"blocks-gallery-item\"><figure><img decoding=\"async\" src=\"https:\/\/www.haz.hr\/wp-content\/uploads\/2022\/01\/Svi_publika_XII_Sabor_HAZ-1024x682.jpeg\" alt=\"\" data-id=\"1865\" data-link=\"https:\/\/www.haz.hr\/?attachment_id=1865\" class=\"wp-image-1865\"\/><\/figure><\/li><li class=\"blocks-gallery-item\"><figure><img decoding=\"async\" src=\"https:\/\/www.haz.hr\/wp-content\/uploads\/2022\/01\/Mladi_publika_XII_Sabor_HAZ-1024x682.jpeg\" alt=\"\" data-id=\"1866\" data-link=\"https:\/\/www.haz.hr\/?attachment_id=1866\" class=\"wp-image-1866\"\/><\/figure><\/li><li class=\"blocks-gallery-item\"><figure><img decoding=\"async\" src=\"https:\/\/www.haz.hr\/wp-content\/uploads\/2022\/01\/Publika_XII_Sabor_HAZ-1024x682.jpeg\" alt=\"\" data-id=\"1867\" data-link=\"https:\/\/www.haz.hr\/?attachment_id=1867\" class=\"wp-image-1867\"\/><\/figure><\/li><li class=\"blocks-gallery-item\"><figure><img decoding=\"async\" src=\"https:\/\/www.haz.hr\/wp-content\/uploads\/2022\/01\/Zdeslav_Milas_po\u010dasni_predsjednik_XII_Sabor_HAZ-1024x682.jpeg\" alt=\"\" data-id=\"1868\" data-link=\"https:\/\/www.haz.hr\/?attachment_id=1868\" class=\"wp-image-1868\"\/><\/figure><\/li><li class=\"blocks-gallery-item\"><figure><img decoding=\"async\" src=\"https:\/\/www.haz.hr\/wp-content\/uploads\/2022\/01\/Grli\u0107-Radman_XII_Sabor_HAZ-1024x682.jpeg\" alt=\"\" data-id=\"1869\" data-link=\"https:\/\/www.haz.hr\/?attachment_id=1869\" class=\"wp-image-1869\"\/><\/figure><\/li><li class=\"blocks-gallery-item\"><figure><img decoding=\"async\" src=\"https:\/\/www.haz.hr\/wp-content\/uploads\/2022\/01\/Karlo_Kolesar_predsjednik_HAZ_XII_Sabor-1-1024x682.jpeg\" alt=\"\" data-id=\"1870\" data-link=\"https:\/\/www.haz.hr\/?attachment_id=1870\" class=\"wp-image-1870\"\/><\/figure><\/li><li class=\"blocks-gallery-item\"><figure><img decoding=\"async\" src=\"https:\/\/www.haz.hr\/wp-content\/uploads\/2022\/01\/Izaslanici_i_gosti_HAZ_XII_Sabor-1-1024x682.jpeg\" alt=\"\" data-id=\"1871\" data-link=\"https:\/\/www.haz.hr\/?attachment_id=1871\" class=\"wp-image-1871\"\/><\/figure><\/li><li class=\"blocks-gallery-item\"><figure><img decoding=\"async\" src=\"https:\/\/www.haz.hr\/wp-content\/uploads\/2022\/01\/Novo_vodstvo_HAZ_XII_Sabor-1-1024x682.jpeg\" alt=\"\" data-id=\"1872\" data-link=\"https:\/\/www.haz.hr\/?attachment_id=1872\" class=\"wp-image-1872\"\/><\/figure><\/li><li class=\"blocks-gallery-item\"><figure><img decoding=\"async\" src=\"https:\/\/www.haz.hr\/wp-content\/uploads\/2022\/01\/WhatsApp-Image-2022-01-23-at-12.11.07-1024x768.jpeg\" alt=\"\" data-id=\"1877\" data-link=\"https:\/\/www.haz.hr\/2022\/01\/23\/najstarija-studentska-i-alumni-organizacija-u-hrvatskoj-izabrala-novo-vodstvo\/whatsapp-image-2022-01-23-at-12-11-07\/\" class=\"wp-image-1877\"\/><\/figure><\/li><\/ul>","protected":false},"excerpt":{"rendered":"<p>Hrvatska akademska zajednica (HAZ) je na XII. Saboru izabrala novog nacionalnog predsjednika, zamjenicu predsjednika te tri nacionalna dopredsjednika iz redova studenata i mladih. Sabor HAZ-a odr\u017ean je u petak, 21. [&hellip;]<\/p>\n","protected":false},"author":1,"featured_media":1862,"comment_status":"closed","ping_status":"open","sticky":true,"template":"","format":"standard","meta":{"footnotes":""},"categories":[14],"tags":[],"class_list":["post-1861","post","type-post","status-publish","format-standard","has-post-thumbnail","hentry","category-haz-novosti"],"yoast_head":"<!-- This site is optimized with the Yoast SEO plugin v23.7 - https:\/\/yoast.com\/wordpress\/plugins\/seo\/ -->\n<title>Najve\u0107a studentska i alumni organizacija u Hrvatskoj izabrala novo vodstvo - HAZ<\/title>\n<meta name=\"robots\" content=\"index, follow, max-snippet:-1, max-image-preview:large, max-video-preview:-1\" \/>\n<link rel=\"canonical\" href=\"https:\/\/haz.hr\/en\/2022\/01\/23\/najstarija-studentska-i-alumni-organizacija-u-hrvatskoj-izabrala-novo-vodstvo\/\" \/>\n<meta property=\"og:locale\" content=\"en_GB\" \/>\n<meta property=\"og:type\" content=\"article\" \/>\n<meta property=\"og:title\" content=\"Najve\u0107a studentska i alumni organizacija u Hrvatskoj izabrala novo vodstvo - HAZ\" \/>\n<meta property=\"og:description\" content=\"Hrvatska akademska zajednica (HAZ) je na XII. Saboru izabrala novog nacionalnog predsjednika, zamjenicu predsjednika te tri nacionalna dopredsjednika iz redova studenata i mladih. Sabor HAZ-a odr\u017ean je u petak, 21. [&hellip;]\" \/>\n<meta property=\"og:url\" content=\"https:\/\/haz.hr\/en\/2022\/01\/23\/najstarija-studentska-i-alumni-organizacija-u-hrvatskoj-izabrala-novo-vodstvo\/\" \/>\n<meta property=\"og:site_name\" content=\"HAZ\" \/>\n<meta property=\"article:published_time\" content=\"2022-01-23T10:25:15+00:00\" \/>\n<meta property=\"og:image\" content=\"https:\/\/haz.hr\/wp-content\/uploads\/2022\/01\/Novo_vodstvo_HAZ_XII_Sabor.jpeg\" \/>\n\t<meta property=\"og:image:width\" content=\"2048\" \/>\n\t<meta property=\"og:image:height\" content=\"1364\" \/>\n\t<meta property=\"og:image:type\" content=\"image\/jpeg\" \/>\n<meta name=\"author\" content=\"JT-design\" \/>\n<meta name=\"twitter:card\" content=\"summary_large_image\" \/>\n<meta name=\"twitter:label1\" content=\"Written by\" \/>\n\t<meta name=\"twitter:data1\" content=\"JT-design\" \/>\n\t<meta name=\"twitter:label2\" content=\"Est. reading time\" \/>\n\t<meta name=\"twitter:data2\" content=\"2 minutes\" \/>\n<script type=\"application\/ld+json\" class=\"yoast-schema-graph\">{\"@context\":\"https:\/\/schema.org\",\"@graph\":[{\"@type\":\"Article\",\"@id\":\"https:\/\/haz.hr\/2022\/01\/23\/najstarija-studentska-i-alumni-organizacija-u-hrvatskoj-izabrala-novo-vodstvo\/#article\",\"isPartOf\":{\"@id\":\"https:\/\/haz.hr\/2022\/01\/23\/najstarija-studentska-i-alumni-organizacija-u-hrvatskoj-izabrala-novo-vodstvo\/\"},\"author\":{\"name\":\"JT-design\",\"@id\":\"https:\/\/haz.hr\/#\/schema\/person\/438892ce514665613f7cd5bb7a19213a\"},\"headline\":\"Najve\u0107a studentska i alumni organizacija u Hrvatskoj izabrala novo vodstvo\",\"datePublished\":\"2022-01-23T10:25:15+00:00\",\"dateModified\":\"2022-01-23T10:25:15+00:00\",\"mainEntityOfPage\":{\"@id\":\"https:\/\/haz.hr\/2022\/01\/23\/najstarija-studentska-i-alumni-organizacija-u-hrvatskoj-izabrala-novo-vodstvo\/\"},\"wordCount\":413,\"publisher\":{\"@id\":\"https:\/\/haz.hr\/#organization\"},\"image\":{\"@id\":\"https:\/\/haz.hr\/2022\/01\/23\/najstarija-studentska-i-alumni-organizacija-u-hrvatskoj-izabrala-novo-vodstvo\/#primaryimage\"},\"thumbnailUrl\":\"https:\/\/haz.hr\/wp-content\/uploads\/2022\/01\/Novo_vodstvo_HAZ_XII_Sabor.jpeg\",\"articleSection\":[\"HAZ novosti\"],\"inLanguage\":\"en-GB\"},{\"@type\":\"WebPage\",\"@id\":\"https:\/\/haz.hr\/2022\/01\/23\/najstarija-studentska-i-alumni-organizacija-u-hrvatskoj-izabrala-novo-vodstvo\/\",\"url\":\"https:\/\/haz.hr\/2022\/01\/23\/najstarija-studentska-i-alumni-organizacija-u-hrvatskoj-izabrala-novo-vodstvo\/\",\"name\":\"Najve\u0107a studentska i alumni organizacija u Hrvatskoj izabrala novo vodstvo - HAZ\",\"isPartOf\":{\"@id\":\"https:\/\/haz.hr\/#website\"},\"primaryImageOfPage\":{\"@id\":\"https:\/\/haz.hr\/2022\/01\/23\/najstarija-studentska-i-alumni-organizacija-u-hrvatskoj-izabrala-novo-vodstvo\/#primaryimage\"},\"image\":{\"@id\":\"https:\/\/haz.hr\/2022\/01\/23\/najstarija-studentska-i-alumni-organizacija-u-hrvatskoj-izabrala-novo-vodstvo\/#primaryimage\"},\"thumbnailUrl\":\"https:\/\/haz.hr\/wp-content\/uploads\/2022\/01\/Novo_vodstvo_HAZ_XII_Sabor.jpeg\",\"datePublished\":\"2022-01-23T10:25:15+00:00\",\"dateModified\":\"2022-01-23T10:25:15+00:00\",\"breadcrumb\":{\"@id\":\"https:\/\/haz.hr\/2022\/01\/23\/najstarija-studentska-i-alumni-organizacija-u-hrvatskoj-izabrala-novo-vodstvo\/#breadcrumb\"},\"inLanguage\":\"en-GB\",\"potentialAction\":[{\"@type\":\"ReadAction\",\"target\":[\"https:\/\/haz.hr\/2022\/01\/23\/najstarija-studentska-i-alumni-organizacija-u-hrvatskoj-izabrala-novo-vodstvo\/\"]}]},{\"@type\":\"ImageObject\",\"inLanguage\":\"en-GB\",\"@id\":\"https:\/\/haz.hr\/2022\/01\/23\/najstarija-studentska-i-alumni-organizacija-u-hrvatskoj-izabrala-novo-vodstvo\/#primaryimage\",\"url\":\"https:\/\/haz.hr\/wp-content\/uploads\/2022\/01\/Novo_vodstvo_HAZ_XII_Sabor.jpeg\",\"contentUrl\":\"https:\/\/haz.hr\/wp-content\/uploads\/2022\/01\/Novo_vodstvo_HAZ_XII_Sabor.jpeg\",\"width\":2048,\"height\":1364,\"caption\":\"\"},{\"@type\":\"BreadcrumbList\",\"@id\":\"https:\/\/haz.hr\/2022\/01\/23\/najstarija-studentska-i-alumni-organizacija-u-hrvatskoj-izabrala-novo-vodstvo\/#breadcrumb\",\"itemListElement\":[{\"@type\":\"ListItem\",\"position\":1,\"name\":\"Home\",\"item\":\"https:\/\/haz.hr\/\"},{\"@type\":\"ListItem\",\"position\":2,\"name\":\"Najve\u0107a studentska i alumni organizacija u Hrvatskoj izabrala novo vodstvo\"}]},{\"@type\":\"WebSite\",\"@id\":\"https:\/\/haz.hr\/#website\",\"url\":\"https:\/\/haz.hr\/\",\"name\":\"HAZ\",\"description\":\"Hrvatska akademska zajednica\",\"publisher\":{\"@id\":\"https:\/\/haz.hr\/#organization\"},\"potentialAction\":[{\"@type\":\"SearchAction\",\"target\":{\"@type\":\"EntryPoint\",\"urlTemplate\":\"https:\/\/haz.hr\/?s={search_term_string}\"},\"query-input\":{\"@type\":\"PropertyValueSpecification\",\"valueRequired\":true,\"valueName\":\"search_term_string\"}}],\"inLanguage\":\"en-GB\"},{\"@type\":\"Organization\",\"@id\":\"https:\/\/haz.hr\/#organization\",\"name\":\"HAZ\",\"url\":\"https:\/\/haz.hr\/\",\"logo\":{\"@type\":\"ImageObject\",\"inLanguage\":\"en-GB\",\"@id\":\"https:\/\/haz.hr\/#\/schema\/logo\/image\/\",\"url\":\"https:\/\/haz.hr\/wp-content\/uploads\/2022\/12\/cropped-HAZ_logo.png\",\"contentUrl\":\"https:\/\/haz.hr\/wp-content\/uploads\/2022\/12\/cropped-HAZ_logo.png\",\"width\":125,\"height\":76,\"caption\":\"HAZ\"},\"image\":{\"@id\":\"https:\/\/haz.hr\/#\/schema\/logo\/image\/\"}},{\"@type\":\"Person\",\"@id\":\"https:\/\/haz.hr\/#\/schema\/person\/438892ce514665613f7cd5bb7a19213a\",\"name\":\"JT-design\",\"image\":{\"@type\":\"ImageObject\",\"inLanguage\":\"en-GB\",\"@id\":\"https:\/\/haz.hr\/#\/schema\/person\/image\/\",\"url\":\"https:\/\/secure.gravatar.com\/avatar\/0032728fc07181d052d653eb6ce26d3ff30f5b1c7d867e6fb82eb66a6fc50646?s=96&d=mm&r=g\",\"contentUrl\":\"https:\/\/secure.gravatar.com\/avatar\/0032728fc07181d052d653eb6ce26d3ff30f5b1c7d867e6fb82eb66a6fc50646?s=96&d=mm&r=g\",\"caption\":\"JT-design\"},\"sameAs\":[\"https:\/\/haz.hr\"],\"url\":\"https:\/\/haz.hr\/en\/author\/jt-design\/\"}]}<\/script>\n<!-- \/ Yoast SEO plugin. -->","yoast_head_json":{"title":"Najve\u0107a studentska i alumni organizacija u Hrvatskoj izabrala novo vodstvo - HAZ","robots":{"index":"index","follow":"follow","max-snippet":"max-snippet:-1","max-image-preview":"max-image-preview:large","max-video-preview":"max-video-preview:-1"},"canonical":"https:\/\/haz.hr\/en\/2022\/01\/23\/najstarija-studentska-i-alumni-organizacija-u-hrvatskoj-izabrala-novo-vodstvo\/","og_locale":"en_GB","og_type":"article","og_title":"Najve\u0107a studentska i alumni organizacija u Hrvatskoj izabrala novo vodstvo - HAZ","og_description":"Hrvatska akademska zajednica (HAZ) je na XII. Saboru izabrala novog nacionalnog predsjednika, zamjenicu predsjednika te tri nacionalna dopredsjednika iz redova studenata i mladih. Sabor HAZ-a odr\u017ean je u petak, 21. [&hellip;]","og_url":"https:\/\/haz.hr\/en\/2022\/01\/23\/najstarija-studentska-i-alumni-organizacija-u-hrvatskoj-izabrala-novo-vodstvo\/","og_site_name":"HAZ","article_published_time":"2022-01-23T10:25:15+00:00","og_image":[{"width":2048,"height":1364,"url":"https:\/\/haz.hr\/wp-content\/uploads\/2022\/01\/Novo_vodstvo_HAZ_XII_Sabor.jpeg","type":"image\/jpeg"}],"author":"JT-design","twitter_card":"summary_large_image","twitter_misc":{"Written by":"JT-design","Est. reading time":"2 minutes"},"schema":{"@context":"https:\/\/schema.org","@graph":[{"@type":"Article","@id":"https:\/\/haz.hr\/2022\/01\/23\/najstarija-studentska-i-alumni-organizacija-u-hrvatskoj-izabrala-novo-vodstvo\/#article","isPartOf":{"@id":"https:\/\/haz.hr\/2022\/01\/23\/najstarija-studentska-i-alumni-organizacija-u-hrvatskoj-izabrala-novo-vodstvo\/"},"author":{"name":"JT-design","@id":"https:\/\/haz.hr\/#\/schema\/person\/438892ce514665613f7cd5bb7a19213a"},"headline":"Najve\u0107a studentska i alumni organizacija u Hrvatskoj izabrala novo vodstvo","datePublished":"2022-01-23T10:25:15+00:00","dateModified":"2022-01-23T10:25:15+00:00","mainEntityOfPage":{"@id":"https:\/\/haz.hr\/2022\/01\/23\/najstarija-studentska-i-alumni-organizacija-u-hrvatskoj-izabrala-novo-vodstvo\/"},"wordCount":413,"publisher":{"@id":"https:\/\/haz.hr\/#organization"},"image":{"@id":"https:\/\/haz.hr\/2022\/01\/23\/najstarija-studentska-i-alumni-organizacija-u-hrvatskoj-izabrala-novo-vodstvo\/#primaryimage"},"thumbnailUrl":"https:\/\/haz.hr\/wp-content\/uploads\/2022\/01\/Novo_vodstvo_HAZ_XII_Sabor.jpeg","articleSection":["HAZ novosti"],"inLanguage":"en-GB"},{"@type":"WebPage","@id":"https:\/\/haz.hr\/2022\/01\/23\/najstarija-studentska-i-alumni-organizacija-u-hrvatskoj-izabrala-novo-vodstvo\/","url":"https:\/\/haz.hr\/2022\/01\/23\/najstarija-studentska-i-alumni-organizacija-u-hrvatskoj-izabrala-novo-vodstvo\/","name":"Najve\u0107a studentska i alumni organizacija u Hrvatskoj izabrala novo vodstvo - HAZ","isPartOf":{"@id":"https:\/\/haz.hr\/#website"},"primaryImageOfPage":{"@id":"https:\/\/haz.hr\/2022\/01\/23\/najstarija-studentska-i-alumni-organizacija-u-hrvatskoj-izabrala-novo-vodstvo\/#primaryimage"},"image":{"@id":"https:\/\/haz.hr\/2022\/01\/23\/najstarija-studentska-i-alumni-organizacija-u-hrvatskoj-izabrala-novo-vodstvo\/#primaryimage"},"thumbnailUrl":"https:\/\/haz.hr\/wp-content\/uploads\/2022\/01\/Novo_vodstvo_HAZ_XII_Sabor.jpeg","datePublished":"2022-01-23T10:25:15+00:00","dateModified":"2022-01-23T10:25:15+00:00","breadcrumb":{"@id":"https:\/\/haz.hr\/2022\/01\/23\/najstarija-studentska-i-alumni-organizacija-u-hrvatskoj-izabrala-novo-vodstvo\/#breadcrumb"},"inLanguage":"en-GB","potentialAction":[{"@type":"ReadAction","target":["https:\/\/haz.hr\/2022\/01\/23\/najstarija-studentska-i-alumni-organizacija-u-hrvatskoj-izabrala-novo-vodstvo\/"]}]},{"@type":"ImageObject","inLanguage":"en-GB","@id":"https:\/\/haz.hr\/2022\/01\/23\/najstarija-studentska-i-alumni-organizacija-u-hrvatskoj-izabrala-novo-vodstvo\/#primaryimage","url":"https:\/\/haz.hr\/wp-content\/uploads\/2022\/01\/Novo_vodstvo_HAZ_XII_Sabor.jpeg","contentUrl":"https:\/\/haz.hr\/wp-content\/uploads\/2022\/01\/Novo_vodstvo_HAZ_XII_Sabor.jpeg","width":2048,"height":1364,"caption":""},{"@type":"BreadcrumbList","@id":"https:\/\/haz.hr\/2022\/01\/23\/najstarija-studentska-i-alumni-organizacija-u-hrvatskoj-izabrala-novo-vodstvo\/#breadcrumb","itemListElement":[{"@type":"ListItem","position":1,"name":"Home","item":"https:\/\/haz.hr\/"},{"@type":"ListItem","position":2,"name":"Najve\u0107a studentska i alumni organizacija u Hrvatskoj izabrala novo vodstvo"}]},{"@type":"WebSite","@id":"https:\/\/haz.hr\/#website","url":"https:\/\/haz.hr\/","name":"HAZ","description":"Croatian Academic Community","publisher":{"@id":"https:\/\/haz.hr\/#organization"},"potentialAction":[{"@type":"SearchAction","target":{"@type":"EntryPoint","urlTemplate":"https:\/\/haz.hr\/?s={search_term_string}"},"query-input":{"@type":"PropertyValueSpecification","valueRequired":true,"valueName":"search_term_string"}}],"inLanguage":"en-GB"},{"@type":"Organization","@id":"https:\/\/haz.hr\/#organization","name":"HAZ","url":"https:\/\/haz.hr\/","logo":{"@type":"ImageObject","inLanguage":"en-GB","@id":"https:\/\/haz.hr\/#\/schema\/logo\/image\/","url":"https:\/\/haz.hr\/wp-content\/uploads\/2022\/12\/cropped-HAZ_logo.png","contentUrl":"https:\/\/haz.hr\/wp-content\/uploads\/2022\/12\/cropped-HAZ_logo.png","width":125,"height":76,"caption":"HAZ"},"image":{"@id":"https:\/\/haz.hr\/#\/schema\/logo\/image\/"}},{"@type":"Person","@id":"https:\/\/haz.hr\/#\/schema\/person\/438892ce514665613f7cd5bb7a19213a","name":"JT-design","image":{"@type":"ImageObject","inLanguage":"en-GB","@id":"https:\/\/haz.hr\/#\/schema\/person\/image\/","url":"https:\/\/secure.gravatar.com\/avatar\/0032728fc07181d052d653eb6ce26d3ff30f5b1c7d867e6fb82eb66a6fc50646?s=96&d=mm&r=g","contentUrl":"https:\/\/secure.gravatar.com\/avatar\/0032728fc07181d052d653eb6ce26d3ff30f5b1c7d867e6fb82eb66a6fc50646?s=96&d=mm&r=g","caption":"JT-design"},"sameAs":["https:\/\/haz.hr"],"url":"https:\/\/haz.hr\/en\/author\/jt-design\/"}]}},"_links":{"self":[{"href":"https:\/\/haz.hr\/en\/wp-json\/wp\/v2\/posts\/1861","targetHints":{"allow":["GET"]}}],"collection":[{"href":"https:\/\/haz.hr\/en\/wp-json\/wp\/v2\/posts"}],"about":[{"href":"https:\/\/haz.hr\/en\/wp-json\/wp\/v2\/types\/post"}],"author":[{"embeddable":true,"href":"https:\/\/haz.hr\/en\/wp-json\/wp\/v2\/users\/1"}],"replies":[{"embeddable":true,"href":"https:\/\/haz.hr\/en\/wp-json\/wp\/v2\/comments?post=1861"}],"version-history":[{"count":0,"href":"https:\/\/haz.hr\/en\/wp-json\/wp\/v2\/posts\/1861\/revisions"}],"wp:featuredmedia":[{"embeddable":true,"href":"https:\/\/haz.hr\/en\/wp-json\/wp\/v2\/media\/1862"}],"wp:attachment":[{"href":"https:\/\/haz.hr\/en\/wp-json\/wp\/v2\/media?parent=1861"}],"wp:term":[{"taxonomy":"category","embeddable":true,"href":"https:\/\/haz.hr\/en\/wp-json\/wp\/v2\/categories?post=1861"},{"taxonomy":"post_tag","embeddable":true,"href":"https:\/\/haz.hr\/en\/wp-json\/wp\/v2\/tags?post=1861"}],"curies":[{"name":"wp","href":"https:\/\/api.w.org\/{rel}","templated":true}]}}