{"id":1910,"date":"2022-05-02T08:48:03","date_gmt":"2022-05-02T06:48:03","guid":{"rendered":"https:\/\/www.haz.hr\/?p=1910"},"modified":"2022-05-02T08:48:03","modified_gmt":"2022-05-02T06:48:03","slug":"katastrofa-je-sto-grad-zagreb-zrtvuje-mlade-za-jeftine-politicke-poene-mlade-treba-poticati-a-ne-ih-sputavati","status":"publish","type":"post","link":"https:\/\/haz.hr\/en\/2022\/05\/02\/katastrofa-je-sto-grad-zagreb-zrtvuje-mlade-za-jeftine-politicke-poene-mlade-treba-poticati-a-ne-ih-sputavati\/","title":{"rendered":"Grad Zagreb poru\u010duje mladima da njihov anga\u017eman nije dobrodo\u0161ao!"},"content":{"rendered":"<p class=\"wp-block-paragraph\">Na <strong>11. sjednici Gradske skup\u0161tine Grada Zagreba<\/strong> zastupnici vladaju\u0107e koalicije odbili prihvatiti Izvje\u0161taj o radu Savjeta za 2021. godinu. Sramotno i jeftino politikantstvo, tako to naziva Savjet, a isti\u010du i da je \u017ealosno \u0161to koalicija platforme Mo\u017eemo! i Socijaldemokratske partije Hrvatske (SDP) lomi koplja upravo na mladima. <\/p>\n\n\n\n<p class=\"wp-block-paragraph\">Zamjenica predsjednika Savjeta mladih, a ujedno i Nacionalna dopredsjednica Hrvatske akademske zajednice <strong>Dora Miketek<\/strong> poja\u0161njava:<\/p>\n\n\n\n<p class=\"wp-block-paragraph\"><em>\u201ePodnijeli smo najkvalitetniji izvje\u0161taj od postojanja Savjeta\nmladih u Gradu Zagrebu, pa i u cijeloj Hrvatskoj, ali to nije bilo dovoljno jer\novo glasovanje ionako nije bilo o Izvje\u0161taju ve\u0107<\/em><\/p>\n\n\n\n<p class=\"wp-block-paragraph\"><em>jedan\nu nizu poteza da se poku\u0161a ugu\u0161iti rad Savjeta mladih. Stav vladaju\u0107ih prema\n\u010dlanovima Savjeta je itekako opipljiv, a otpor, iracionalnost postupaka te\nskrivanje iza birokratskih procedura su toliko u\u010destale pojave da je te\u0161ko\nuop\u0107e kohabitirati s gradskom vlasti kamoli raditi.\u201c<\/em><\/p>\n\n\n\n<p class=\"wp-block-paragraph\">Vlast o\u010dito ne priznaje mlade koji ne potje\u010du iz njihovih politi\u010dkih redova, pogotovo kada su aktivni i znaju \u0161to rade. Za pojedince i stranke koje su toliko zagovarale ulogu mladih, situacija je poprili\u010dno ironi\u010dna kada danas jasno pokazuju svoj odnos prema mladima &#8211; zaklju\u010duju iz <strong>Hrvatske akademske zajednice.<\/strong><\/p>\n\n\n\n<p class=\"wp-block-paragraph\">Predsjednik Vije\u0107a studenata veleu\u010dili\u0161ta i visokih \u0161kola Republike Hrvatske <strong>Filip Marinovi\u0107<\/strong> naglasio je bitnu ulogu studenata u Zagrebu:<\/p>\n\n\n\n<p class=\"wp-block-paragraph\"><em>&#8220;Imaju\u0107i na umu da je Zagreb studentski grad, \u017ealosno je \u0161to gradska vlast zarad vlastitih interesa, ali i jeftinih politi\u010dkih bodova spremna i\u0107i suprotno interesima mladih i studenata u Gradu Zagrebu. Volim naglasiti kako su mladi oduvijek bili pokreta\u010di dru\u0161tvenih promjena, a studenti stru\u010dnih studija motor pokreta\u010d hrvatskog gospodarstva, ovim postupkom vladaju\u0107i direktno sputavaju rad mladih i studenata, te \u0161alju poruku kako za nas mlade ako se njih pita u Zagrebu nema prostora za napredak.&#8221;<\/em><\/p>\n\n\n\n<p class=\"wp-block-paragraph\">Hrvatska akademska zajednica djeluje kao organizacija koja okuplja veliki broj mladih. Ono \u0161to je bitno naglasiti jest da snaga Hrvatske akademske zajednice upravo proizlazi iz sinergije studenata i alumni \u010dlanova \u0161to je primjer dobre prakse kako poticati mlade da se aktiviraju, kriti\u010dki razmi\u0161ljaju i napreduju. Nacionalni dopredsjednik Hrvatske akademske zajednice <strong>Adrian Pozni\u0107 <\/strong>dao je svoje vi\u0111enje situacije:<\/p>\n\n\n\n<p class=\"wp-block-paragraph\"><em>&#8220;Te\u0161ko mi je shvatiti da je Izvje\u0161taj o radu Savjeta mladih odbijen bez dodatnih poja\u0161njenja, osim da obrazac izvje\u0161tavanja nije valjan. Uzimaju\u0107i u obzir kako forma obrasca nije propisana, ne mogu ovo prihvatiti kao legitiman odgovor. Ovakve stvari se doga\u0111aju svakodnevno na svim razinama dru\u0161tva, i to je realnost. Nije tajna da je ovo \u010dista politi\u010dka odluka. U kona\u010dnici, Skup\u0161tina mo\u017ee odbaciti Izvje\u0161taj bez puno obja\u0161njenja, ali ono \u0161to me osobno smeta i \u0161to je pora\u017eavaju\u0107e, da ni mladi nisu iznimka, nego su upravo mladi, oni na kojima se lome koplja&#8221;<\/em>. <\/p>\n\n\n\n<p class=\"wp-block-paragraph\"><strong>Croatian Academic Community<\/strong> stava je da se mladima treba stvoriti prostor i dati prilika za napredak neovisno o njihovom politi\u010dkom opredjeljenju, te se protivi svakoj vrsti oduzimanja ne samo prostora, nego i prilika mladima za daljnji napredak.<\/p>","protected":false},"excerpt":{"rendered":"<p>Na 11. sjednici Gradske skup\u0161tine Grada Zagreba zastupnici vladaju\u0107e koalicije odbili prihvatiti Izvje\u0161taj o radu Savjeta za 2021. godinu. Sramotno i jeftino politikantstvo, tako to naziva Savjet, a isti\u010du i [&hellip;]<\/p>\n","protected":false},"author":1,"featured_media":1798,"comment_status":"closed","ping_status":"open","sticky":false,"template":"","format":"standard","meta":{"footnotes":""},"categories":[14],"tags":[],"class_list":["post-1910","post","type-post","status-publish","format-standard","has-post-thumbnail","hentry","category-haz-novosti"],"yoast_head":"<!-- This site is optimized with the Yoast SEO plugin v23.7 - https:\/\/yoast.com\/wordpress\/plugins\/seo\/ -->\n<title>Grad Zagreb poru\u010duje mladima da njihov anga\u017eman nije dobrodo\u0161ao! - HAZ<\/title>\n<meta name=\"robots\" content=\"index, follow, max-snippet:-1, max-image-preview:large, max-video-preview:-1\" \/>\n<link rel=\"canonical\" href=\"https:\/\/haz.hr\/en\/2022\/05\/02\/katastrofa-je-sto-grad-zagreb-zrtvuje-mlade-za-jeftine-politicke-poene-mlade-treba-poticati-a-ne-ih-sputavati\/\" \/>\n<meta property=\"og:locale\" content=\"en_GB\" \/>\n<meta property=\"og:type\" content=\"article\" \/>\n<meta property=\"og:title\" content=\"Grad Zagreb poru\u010duje mladima da njihov anga\u017eman nije dobrodo\u0161ao! - HAZ\" \/>\n<meta property=\"og:description\" content=\"Na 11. sjednici Gradske skup\u0161tine Grada Zagreba zastupnici vladaju\u0107e koalicije odbili prihvatiti Izvje\u0161taj o radu Savjeta za 2021. godinu. Sramotno i jeftino politikantstvo, tako to naziva Savjet, a isti\u010du i [&hellip;]\" \/>\n<meta property=\"og:url\" content=\"https:\/\/haz.hr\/en\/2022\/05\/02\/katastrofa-je-sto-grad-zagreb-zrtvuje-mlade-za-jeftine-politicke-poene-mlade-treba-poticati-a-ne-ih-sputavati\/\" \/>\n<meta property=\"og:site_name\" content=\"HAZ\" \/>\n<meta property=\"article:published_time\" content=\"2022-05-02T06:48:03+00:00\" \/>\n<meta property=\"og:image\" content=\"https:\/\/haz.hr\/wp-content\/uploads\/2021\/05\/Ucenje_na_daljinu_HAZ.png\" \/>\n\t<meta property=\"og:image:width\" content=\"1200\" \/>\n\t<meta property=\"og:image:height\" content=\"800\" \/>\n\t<meta property=\"og:image:type\" content=\"image\/png\" \/>\n<meta name=\"author\" content=\"JT-design\" \/>\n<meta name=\"twitter:card\" content=\"summary_large_image\" \/>\n<meta name=\"twitter:label1\" content=\"Written by\" \/>\n\t<meta name=\"twitter:data1\" content=\"JT-design\" \/>\n\t<meta name=\"twitter:label2\" content=\"Est. reading time\" \/>\n\t<meta name=\"twitter:data2\" content=\"3 minutes\" \/>\n<script type=\"application\/ld+json\" class=\"yoast-schema-graph\">{\"@context\":\"https:\/\/schema.org\",\"@graph\":[{\"@type\":\"Article\",\"@id\":\"https:\/\/haz.hr\/2022\/05\/02\/katastrofa-je-sto-grad-zagreb-zrtvuje-mlade-za-jeftine-politicke-poene-mlade-treba-poticati-a-ne-ih-sputavati\/#article\",\"isPartOf\":{\"@id\":\"https:\/\/haz.hr\/2022\/05\/02\/katastrofa-je-sto-grad-zagreb-zrtvuje-mlade-za-jeftine-politicke-poene-mlade-treba-poticati-a-ne-ih-sputavati\/\"},\"author\":{\"name\":\"JT-design\",\"@id\":\"https:\/\/haz.hr\/#\/schema\/person\/438892ce514665613f7cd5bb7a19213a\"},\"headline\":\"Grad Zagreb poru\u010duje mladima da njihov anga\u017eman nije dobrodo\u0161ao!\",\"datePublished\":\"2022-05-02T06:48:03+00:00\",\"dateModified\":\"2022-05-02T06:48:03+00:00\",\"mainEntityOfPage\":{\"@id\":\"https:\/\/haz.hr\/2022\/05\/02\/katastrofa-je-sto-grad-zagreb-zrtvuje-mlade-za-jeftine-politicke-poene-mlade-treba-poticati-a-ne-ih-sputavati\/\"},\"wordCount\":519,\"publisher\":{\"@id\":\"https:\/\/haz.hr\/#organization\"},\"image\":{\"@id\":\"https:\/\/haz.hr\/2022\/05\/02\/katastrofa-je-sto-grad-zagreb-zrtvuje-mlade-za-jeftine-politicke-poene-mlade-treba-poticati-a-ne-ih-sputavati\/#primaryimage\"},\"thumbnailUrl\":\"https:\/\/haz.hr\/wp-content\/uploads\/2021\/05\/Ucenje_na_daljinu_HAZ.png\",\"articleSection\":[\"HAZ novosti\"],\"inLanguage\":\"en-GB\"},{\"@type\":\"WebPage\",\"@id\":\"https:\/\/haz.hr\/2022\/05\/02\/katastrofa-je-sto-grad-zagreb-zrtvuje-mlade-za-jeftine-politicke-poene-mlade-treba-poticati-a-ne-ih-sputavati\/\",\"url\":\"https:\/\/haz.hr\/2022\/05\/02\/katastrofa-je-sto-grad-zagreb-zrtvuje-mlade-za-jeftine-politicke-poene-mlade-treba-poticati-a-ne-ih-sputavati\/\",\"name\":\"Grad Zagreb poru\u010duje mladima da njihov anga\u017eman nije dobrodo\u0161ao! - HAZ\",\"isPartOf\":{\"@id\":\"https:\/\/haz.hr\/#website\"},\"primaryImageOfPage\":{\"@id\":\"https:\/\/haz.hr\/2022\/05\/02\/katastrofa-je-sto-grad-zagreb-zrtvuje-mlade-za-jeftine-politicke-poene-mlade-treba-poticati-a-ne-ih-sputavati\/#primaryimage\"},\"image\":{\"@id\":\"https:\/\/haz.hr\/2022\/05\/02\/katastrofa-je-sto-grad-zagreb-zrtvuje-mlade-za-jeftine-politicke-poene-mlade-treba-poticati-a-ne-ih-sputavati\/#primaryimage\"},\"thumbnailUrl\":\"https:\/\/haz.hr\/wp-content\/uploads\/2021\/05\/Ucenje_na_daljinu_HAZ.png\",\"datePublished\":\"2022-05-02T06:48:03+00:00\",\"dateModified\":\"2022-05-02T06:48:03+00:00\",\"breadcrumb\":{\"@id\":\"https:\/\/haz.hr\/2022\/05\/02\/katastrofa-je-sto-grad-zagreb-zrtvuje-mlade-za-jeftine-politicke-poene-mlade-treba-poticati-a-ne-ih-sputavati\/#breadcrumb\"},\"inLanguage\":\"en-GB\",\"potentialAction\":[{\"@type\":\"ReadAction\",\"target\":[\"https:\/\/haz.hr\/2022\/05\/02\/katastrofa-je-sto-grad-zagreb-zrtvuje-mlade-za-jeftine-politicke-poene-mlade-treba-poticati-a-ne-ih-sputavati\/\"]}]},{\"@type\":\"ImageObject\",\"inLanguage\":\"en-GB\",\"@id\":\"https:\/\/haz.hr\/2022\/05\/02\/katastrofa-je-sto-grad-zagreb-zrtvuje-mlade-za-jeftine-politicke-poene-mlade-treba-poticati-a-ne-ih-sputavati\/#primaryimage\",\"url\":\"https:\/\/haz.hr\/wp-content\/uploads\/2021\/05\/Ucenje_na_daljinu_HAZ.png\",\"contentUrl\":\"https:\/\/haz.hr\/wp-content\/uploads\/2021\/05\/Ucenje_na_daljinu_HAZ.png\",\"width\":1200,\"height\":800,\"caption\":\"\"},{\"@type\":\"BreadcrumbList\",\"@id\":\"https:\/\/haz.hr\/2022\/05\/02\/katastrofa-je-sto-grad-zagreb-zrtvuje-mlade-za-jeftine-politicke-poene-mlade-treba-poticati-a-ne-ih-sputavati\/#breadcrumb\",\"itemListElement\":[{\"@type\":\"ListItem\",\"position\":1,\"name\":\"Home\",\"item\":\"https:\/\/haz.hr\/\"},{\"@type\":\"ListItem\",\"position\":2,\"name\":\"Grad Zagreb poru\u010duje mladima da njihov anga\u017eman nije dobrodo\u0161ao!\"}]},{\"@type\":\"WebSite\",\"@id\":\"https:\/\/haz.hr\/#website\",\"url\":\"https:\/\/haz.hr\/\",\"name\":\"HAZ\",\"description\":\"Hrvatska akademska zajednica\",\"publisher\":{\"@id\":\"https:\/\/haz.hr\/#organization\"},\"potentialAction\":[{\"@type\":\"SearchAction\",\"target\":{\"@type\":\"EntryPoint\",\"urlTemplate\":\"https:\/\/haz.hr\/?s={search_term_string}\"},\"query-input\":{\"@type\":\"PropertyValueSpecification\",\"valueRequired\":true,\"valueName\":\"search_term_string\"}}],\"inLanguage\":\"en-GB\"},{\"@type\":\"Organization\",\"@id\":\"https:\/\/haz.hr\/#organization\",\"name\":\"HAZ\",\"url\":\"https:\/\/haz.hr\/\",\"logo\":{\"@type\":\"ImageObject\",\"inLanguage\":\"en-GB\",\"@id\":\"https:\/\/haz.hr\/#\/schema\/logo\/image\/\",\"url\":\"https:\/\/haz.hr\/wp-content\/uploads\/2022\/12\/cropped-HAZ_logo.png\",\"contentUrl\":\"https:\/\/haz.hr\/wp-content\/uploads\/2022\/12\/cropped-HAZ_logo.png\",\"width\":125,\"height\":76,\"caption\":\"HAZ\"},\"image\":{\"@id\":\"https:\/\/haz.hr\/#\/schema\/logo\/image\/\"}},{\"@type\":\"Person\",\"@id\":\"https:\/\/haz.hr\/#\/schema\/person\/438892ce514665613f7cd5bb7a19213a\",\"name\":\"JT-design\",\"image\":{\"@type\":\"ImageObject\",\"inLanguage\":\"en-GB\",\"@id\":\"https:\/\/haz.hr\/#\/schema\/person\/image\/\",\"url\":\"https:\/\/secure.gravatar.com\/avatar\/0032728fc07181d052d653eb6ce26d3ff30f5b1c7d867e6fb82eb66a6fc50646?s=96&d=mm&r=g\",\"contentUrl\":\"https:\/\/secure.gravatar.com\/avatar\/0032728fc07181d052d653eb6ce26d3ff30f5b1c7d867e6fb82eb66a6fc50646?s=96&d=mm&r=g\",\"caption\":\"JT-design\"},\"sameAs\":[\"https:\/\/haz.hr\"],\"url\":\"https:\/\/haz.hr\/en\/author\/jt-design\/\"}]}<\/script>\n<!-- \/ Yoast SEO plugin. -->","yoast_head_json":{"title":"Grad Zagreb poru\u010duje mladima da njihov anga\u017eman nije dobrodo\u0161ao! - HAZ","robots":{"index":"index","follow":"follow","max-snippet":"max-snippet:-1","max-image-preview":"max-image-preview:large","max-video-preview":"max-video-preview:-1"},"canonical":"https:\/\/haz.hr\/en\/2022\/05\/02\/katastrofa-je-sto-grad-zagreb-zrtvuje-mlade-za-jeftine-politicke-poene-mlade-treba-poticati-a-ne-ih-sputavati\/","og_locale":"en_GB","og_type":"article","og_title":"Grad Zagreb poru\u010duje mladima da njihov anga\u017eman nije dobrodo\u0161ao! - HAZ","og_description":"Na 11. sjednici Gradske skup\u0161tine Grada Zagreba zastupnici vladaju\u0107e koalicije odbili prihvatiti Izvje\u0161taj o radu Savjeta za 2021. godinu. Sramotno i jeftino politikantstvo, tako to naziva Savjet, a isti\u010du i [&hellip;]","og_url":"https:\/\/haz.hr\/en\/2022\/05\/02\/katastrofa-je-sto-grad-zagreb-zrtvuje-mlade-za-jeftine-politicke-poene-mlade-treba-poticati-a-ne-ih-sputavati\/","og_site_name":"HAZ","article_published_time":"2022-05-02T06:48:03+00:00","og_image":[{"width":1200,"height":800,"url":"https:\/\/haz.hr\/wp-content\/uploads\/2021\/05\/Ucenje_na_daljinu_HAZ.png","type":"image\/png"}],"author":"JT-design","twitter_card":"summary_large_image","twitter_misc":{"Written by":"JT-design","Est. reading time":"3 minutes"},"schema":{"@context":"https:\/\/schema.org","@graph":[{"@type":"Article","@id":"https:\/\/haz.hr\/2022\/05\/02\/katastrofa-je-sto-grad-zagreb-zrtvuje-mlade-za-jeftine-politicke-poene-mlade-treba-poticati-a-ne-ih-sputavati\/#article","isPartOf":{"@id":"https:\/\/haz.hr\/2022\/05\/02\/katastrofa-je-sto-grad-zagreb-zrtvuje-mlade-za-jeftine-politicke-poene-mlade-treba-poticati-a-ne-ih-sputavati\/"},"author":{"name":"JT-design","@id":"https:\/\/haz.hr\/#\/schema\/person\/438892ce514665613f7cd5bb7a19213a"},"headline":"Grad Zagreb poru\u010duje mladima da njihov anga\u017eman nije dobrodo\u0161ao!","datePublished":"2022-05-02T06:48:03+00:00","dateModified":"2022-05-02T06:48:03+00:00","mainEntityOfPage":{"@id":"https:\/\/haz.hr\/2022\/05\/02\/katastrofa-je-sto-grad-zagreb-zrtvuje-mlade-za-jeftine-politicke-poene-mlade-treba-poticati-a-ne-ih-sputavati\/"},"wordCount":519,"publisher":{"@id":"https:\/\/haz.hr\/#organization"},"image":{"@id":"https:\/\/haz.hr\/2022\/05\/02\/katastrofa-je-sto-grad-zagreb-zrtvuje-mlade-za-jeftine-politicke-poene-mlade-treba-poticati-a-ne-ih-sputavati\/#primaryimage"},"thumbnailUrl":"https:\/\/haz.hr\/wp-content\/uploads\/2021\/05\/Ucenje_na_daljinu_HAZ.png","articleSection":["HAZ novosti"],"inLanguage":"en-GB"},{"@type":"WebPage","@id":"https:\/\/haz.hr\/2022\/05\/02\/katastrofa-je-sto-grad-zagreb-zrtvuje-mlade-za-jeftine-politicke-poene-mlade-treba-poticati-a-ne-ih-sputavati\/","url":"https:\/\/haz.hr\/2022\/05\/02\/katastrofa-je-sto-grad-zagreb-zrtvuje-mlade-za-jeftine-politicke-poene-mlade-treba-poticati-a-ne-ih-sputavati\/","name":"Grad Zagreb poru\u010duje mladima da njihov anga\u017eman nije dobrodo\u0161ao! - HAZ","isPartOf":{"@id":"https:\/\/haz.hr\/#website"},"primaryImageOfPage":{"@id":"https:\/\/haz.hr\/2022\/05\/02\/katastrofa-je-sto-grad-zagreb-zrtvuje-mlade-za-jeftine-politicke-poene-mlade-treba-poticati-a-ne-ih-sputavati\/#primaryimage"},"image":{"@id":"https:\/\/haz.hr\/2022\/05\/02\/katastrofa-je-sto-grad-zagreb-zrtvuje-mlade-za-jeftine-politicke-poene-mlade-treba-poticati-a-ne-ih-sputavati\/#primaryimage"},"thumbnailUrl":"https:\/\/haz.hr\/wp-content\/uploads\/2021\/05\/Ucenje_na_daljinu_HAZ.png","datePublished":"2022-05-02T06:48:03+00:00","dateModified":"2022-05-02T06:48:03+00:00","breadcrumb":{"@id":"https:\/\/haz.hr\/2022\/05\/02\/katastrofa-je-sto-grad-zagreb-zrtvuje-mlade-za-jeftine-politicke-poene-mlade-treba-poticati-a-ne-ih-sputavati\/#breadcrumb"},"inLanguage":"en-GB","potentialAction":[{"@type":"ReadAction","target":["https:\/\/haz.hr\/2022\/05\/02\/katastrofa-je-sto-grad-zagreb-zrtvuje-mlade-za-jeftine-politicke-poene-mlade-treba-poticati-a-ne-ih-sputavati\/"]}]},{"@type":"ImageObject","inLanguage":"en-GB","@id":"https:\/\/haz.hr\/2022\/05\/02\/katastrofa-je-sto-grad-zagreb-zrtvuje-mlade-za-jeftine-politicke-poene-mlade-treba-poticati-a-ne-ih-sputavati\/#primaryimage","url":"https:\/\/haz.hr\/wp-content\/uploads\/2021\/05\/Ucenje_na_daljinu_HAZ.png","contentUrl":"https:\/\/haz.hr\/wp-content\/uploads\/2021\/05\/Ucenje_na_daljinu_HAZ.png","width":1200,"height":800,"caption":""},{"@type":"BreadcrumbList","@id":"https:\/\/haz.hr\/2022\/05\/02\/katastrofa-je-sto-grad-zagreb-zrtvuje-mlade-za-jeftine-politicke-poene-mlade-treba-poticati-a-ne-ih-sputavati\/#breadcrumb","itemListElement":[{"@type":"ListItem","position":1,"name":"Home","item":"https:\/\/haz.hr\/"},{"@type":"ListItem","position":2,"name":"Grad Zagreb poru\u010duje mladima da njihov anga\u017eman nije dobrodo\u0161ao!"}]},{"@type":"WebSite","@id":"https:\/\/haz.hr\/#website","url":"https:\/\/haz.hr\/","name":"HAZ","description":"Croatian Academic Community","publisher":{"@id":"https:\/\/haz.hr\/#organization"},"potentialAction":[{"@type":"SearchAction","target":{"@type":"EntryPoint","urlTemplate":"https:\/\/haz.hr\/?s={search_term_string}"},"query-input":{"@type":"PropertyValueSpecification","valueRequired":true,"valueName":"search_term_string"}}],"inLanguage":"en-GB"},{"@type":"Organization","@id":"https:\/\/haz.hr\/#organization","name":"HAZ","url":"https:\/\/haz.hr\/","logo":{"@type":"ImageObject","inLanguage":"en-GB","@id":"https:\/\/haz.hr\/#\/schema\/logo\/image\/","url":"https:\/\/haz.hr\/wp-content\/uploads\/2022\/12\/cropped-HAZ_logo.png","contentUrl":"https:\/\/haz.hr\/wp-content\/uploads\/2022\/12\/cropped-HAZ_logo.png","width":125,"height":76,"caption":"HAZ"},"image":{"@id":"https:\/\/haz.hr\/#\/schema\/logo\/image\/"}},{"@type":"Person","@id":"https:\/\/haz.hr\/#\/schema\/person\/438892ce514665613f7cd5bb7a19213a","name":"JT-design","image":{"@type":"ImageObject","inLanguage":"en-GB","@id":"https:\/\/haz.hr\/#\/schema\/person\/image\/","url":"https:\/\/secure.gravatar.com\/avatar\/0032728fc07181d052d653eb6ce26d3ff30f5b1c7d867e6fb82eb66a6fc50646?s=96&d=mm&r=g","contentUrl":"https:\/\/secure.gravatar.com\/avatar\/0032728fc07181d052d653eb6ce26d3ff30f5b1c7d867e6fb82eb66a6fc50646?s=96&d=mm&r=g","caption":"JT-design"},"sameAs":["https:\/\/haz.hr"],"url":"https:\/\/haz.hr\/en\/author\/jt-design\/"}]}},"_links":{"self":[{"href":"https:\/\/haz.hr\/en\/wp-json\/wp\/v2\/posts\/1910","targetHints":{"allow":["GET"]}}],"collection":[{"href":"https:\/\/haz.hr\/en\/wp-json\/wp\/v2\/posts"}],"about":[{"href":"https:\/\/haz.hr\/en\/wp-json\/wp\/v2\/types\/post"}],"author":[{"embeddable":true,"href":"https:\/\/haz.hr\/en\/wp-json\/wp\/v2\/users\/1"}],"replies":[{"embeddable":true,"href":"https:\/\/haz.hr\/en\/wp-json\/wp\/v2\/comments?post=1910"}],"version-history":[{"count":0,"href":"https:\/\/haz.hr\/en\/wp-json\/wp\/v2\/posts\/1910\/revisions"}],"wp:featuredmedia":[{"embeddable":true,"href":"https:\/\/haz.hr\/en\/wp-json\/wp\/v2\/media\/1798"}],"wp:attachment":[{"href":"https:\/\/haz.hr\/en\/wp-json\/wp\/v2\/media?parent=1910"}],"wp:term":[{"taxonomy":"category","embeddable":true,"href":"https:\/\/haz.hr\/en\/wp-json\/wp\/v2\/categories?post=1910"},{"taxonomy":"post_tag","embeddable":true,"href":"https:\/\/haz.hr\/en\/wp-json\/wp\/v2\/tags?post=1910"}],"curies":[{"name":"wp","href":"https:\/\/api.w.org\/{rel}","templated":true}]}}