{"id":1930,"date":"2022-06-12T11:05:51","date_gmt":"2022-06-12T09:05:51","guid":{"rendered":"https:\/\/www.haz.hr\/?p=1930"},"modified":"2023-02-09T13:00:56","modified_gmt":"2023-02-09T13:00:56","slug":"odrzano-prvo-izdanje-edukativne-konferencije-cool-tura-na-filozofskom-fakultetu-sveucilista-u-zagrebu","status":"publish","type":"post","link":"https:\/\/haz.hr\/en\/2022\/06\/12\/odrzano-prvo-izdanje-edukativne-konferencije-cool-tura-na-filozofskom-fakultetu-sveucilista-u-zagrebu\/","title":{"rendered":"\ufeffOdr\u017eano prvo izdanje edukativne konferencije Cool tura na Filozofskom fakultetu Sveu\u010dili\u0161ta u Zagrebu"},"content":{"rendered":"<p class=\"wp-block-paragraph\">Zagreb, 10. lipnja 2022. \u2013 <strong>Na Filozofskom fakultetu Sveu\u010dili\u0161ta u\nZagrebu, u organizaciji Hrvatske akademske zajednice pri Filozofskom i\nEkonomskom fakultetu, odr\u017eano je prvo izdanje edukativne konferencije Cool tura.\nCilj doga\u0111aja bio je podizanje svijesti o va\u017enosti integracije kulture sa\nsvakodnevnim \u017eivotom, njenim kreativnim oblicima i izdanjima, a obuhva\u0107ena su\npodru\u010dja glazbe, knji\u017eevnosti, dizajna, plesa i gastronomije.<\/strong><\/p>\n\n\n\n<p class=\"wp-block-paragraph\">Konferenciju je otvorila <strong>voditeljica projekta i studentica\nEkonomskog fakulteta, Lara Krili\u0107, <\/strong>koja je&nbsp;ispred organizacijskog tima\npozdravila prisutne: <em>\u201eHrvatska akademska\nzajednica svoje djelovanje usmjerava ka mladima jer na njima svijet ostaje.\nOmogu\u0107imo tim mladima kreativnu, zanimljivu i kulturnu sada\u0161njost &#8211; dobrodo\u0161li\nna prvu Cool turu!\u201c<\/em><\/p>\n\n\n\n<p class=\"wp-block-paragraph\">Prvom panel raspravom pod nazivom\n\u201e3,2,1 kuhaj\u201c predstavljena je gastronomija, odnosno kulinarstvo kao bitan\nsegment suvremene umjetnosti. Jedni od najboljih hrvatskih kuhara, <strong>Tvrtko \u0160akota, Hrvoje Kroflin i <\/strong>slasti\u010darka<strong> Petra Jeleni\u0107<\/strong> naglasili su da je posao\nu kulinarstvu iznimno te\u017eak jer zahtjeva konstantan trud, znanje i pa\u017enju te\nkreativnost, upravo zbog stalne potrebe diferenciranja jela od ostalih, putem\nkvalitete i prezentacije, ali i autohtonosti iste.<\/p>\n\n\n\n<p class=\"wp-block-paragraph\"><em>\u201ePosao u kulinarstvu zbilja je stresan i naporan, no pru\u017ea stalnu\nmogu\u0107nost unaprje\u0111ivanja jela i kreativnosti, odnosno pru\u017ea ti da radi\u0161 ono \u0161to\n\u017eeli\u0161 i ono \u0161to voli\u0161\u201c<\/em>, izjavio je <strong>Hrvoje\nKroflin, jedan od najtalentiranijih hrvatskih kuhara i glavni chef restorana\nMano2 u Zagrebu<\/strong>. <\/p>\n\n\n\n<p class=\"wp-block-paragraph\">Hrvatski knji\u017eevnik i\njezikoslovac, ujedno i vi\u0161estruki dobitnik mnogih nagrada u knji\u017eevstvu<strong> Kristian Novak<\/strong>, podijelio je svoju\n\u017eivotnu pri\u010du sudionicima konferencije kroz zanimljiv razgovor o svojim djelima\ni dugogodi\u0161njem radu te prisutnima objasnio kako danas, u dinami\u010dnoj\nsvakodnevici prepunoj noviteta i promjena u trendovima ostati kreativan i posve\u0107en\nsvojim \u017eeljama i ciljevima. Tako\u0111er, sve prisutne motivirao je na vlastito\npisanje izjavljuju\u0107i da prva verzija nikada nije kona\u010dna, odnosno najbolja te\nda uvijek treba biti konzistentan i kreativan u radu, a da \u0107e s radom do\u0107i i\nkvaliteta. <\/p>\n\n\n\n<p class=\"wp-block-paragraph\">Poslijepodnevni dio programa\nzapo\u010deo je panel raspravom pod nazivom \u201eVrag nosi Pradu\u201c na kojoj su\nsudjelovale kreatorice dizajna <strong>Ivana\nJuri\u0107, Stankica Stojanovi\u0107 i Majda Postru\u017ein<\/strong>. Panel raspravu tematizirale\nsu brze promjene u modnim trendovima dana\u0161njega doba, kao i prisutnost mode na\nna\u0161em prostoru. Istaknule su kako ne treba biti \u201erob\u201c novih trendova, ve\u0107 da\ntreba ostati vjeran sebi i svojem stilu, odnosno da je najbitniji na\u010din na koji\nse ne\u0161to nosi, a ne \u0161to se nosi.<\/p>\n\n\n\n<p class=\"wp-block-paragraph\">Uslijedila je panel rasprava\n\u201eZaple\u0161i samnom\u201c na kojoj su prisustvovali plesni mentori i pobjednici showa \u201ePles\nsa zvijezdama\u201c, <strong>Gabriela Pili\u0107 i Marko\nMrki\u0107<\/strong>. Sudionicima konferencije pobli\u017ee su objasnili da se kreativnost\nizra\u017eavanja u svim oblicima nalazi u svima nama te da je ples jedan od\nnajboljih na\u010dina za iskazivanje te kreativnosti pokretom. Tako\u0111er, sve prisutne\nzaintrigirali su komentiranjem nedavno zavr\u0161ene sezone plesnog show-a doti\u0107u\u0107i\nse raznih zanimljivih doga\u0111aja iza televizijskih kamera.<\/p>\n\n\n\n<p class=\"wp-block-paragraph\">Na zadnjoj panel raspravi konferencije,\npod nazivom \u201eTko pjeva zlo ne misli\u201c, sudjelovali su na\u0161i poznati glazbenici i\numjetnici <strong>Martina Tom\u010di\u0107, Tomislav Mari\u0107\ni Goran Karan<\/strong>. Najbitnija to\u010dka panel rasprave bila je pregled dana\u0161njih\nglazbenih trendova i stilova glazbe koju slu\u0161a i prati mla\u0111a populacija, uz &nbsp;isticanje bitnosti, odnosno va\u017enosti klasi\u010dne\nglazbe u poznavanju kulture. <\/p>\n\n\n\n<p class=\"wp-block-paragraph\"><em>\u201eDoga\u0111aji poput ovog izniman su prikaz ujedinjenosti i \u017eelje studenata\nza dobivanjem novih spoznaja i znanja izvan studentskih klupa i predavaonica.\nZbilja je jako lijepo vidjeti studente razli\u010ditih godina koji su aktivni u\norganizaciji ovakvih edukativnih doga\u0111aja\u201c<\/em>, istaknula je <strong>Martina Tom\u010di\u0107, na\u0161 poznati operni\nmezzosopran. <\/strong><\/p>\n\n\n\n<p class=\"wp-block-paragraph\">Na zavr\u0161etku prvog izdanja\nkonferencije Cooltura, sudionici su bili ispunjeni dojmovima i novim spoznajama\nkomentiraju\u0107i kako je ovaj doga\u0111aj ispunio njihova o\u010dekivanja te im pribli\u017eilo\nrazne vrste i segmente umjetnosti, kao i va\u017enost poznavanja kulture.<\/p>\n\n\n\n<p class=\"wp-block-paragraph\"><em>\u201eOvo je va\u017ean dan za o\u010duvanje hrvatske kulture i preno\u0161enje znanja\nmla\u0111im generacijama. Promjena moramo biti mi studenti, a ovo je tek po\u010detak\u201c<\/em>,\nizjavila je <strong>Nansi Petrovi\u0107, voditeljica\nprojekta i studentica Ekonomskog fakulteta u Zagrebu<\/strong> najavljuju\u0107i nastavak,\nodnosno organizaciju druge edukativne konferencije Cooltura. <\/p>","protected":false},"excerpt":{"rendered":"<p>Zagreb, 10. lipnja 2022. \u2013 Na Filozofskom fakultetu Sveu\u010dili\u0161ta u Zagrebu, u organizaciji Hrvatske akademske zajednice pri Filozofskom i Ekonomskom fakultetu, odr\u017eano je prvo izdanje edukativne konferencije Cool tura. Cilj [&hellip;]<\/p>\n","protected":false},"author":1,"featured_media":844,"comment_status":"closed","ping_status":"open","sticky":true,"template":"","format":"standard","meta":{"footnotes":""},"categories":[14],"tags":[26,24,28,27],"class_list":["post-1930","post","type-post","status-publish","format-standard","has-post-thumbnail","hentry","category-haz-novosti","tag-cooltura","tag-haz","tag-konferencija","tag-kultura"],"yoast_head":"<!-- This site is optimized with the Yoast SEO plugin v23.7 - https:\/\/yoast.com\/wordpress\/plugins\/seo\/ -->\n<title>\ufeffOdr\u017eano prvo izdanje edukativne konferencije Cool tura na Filozofskom fakultetu Sveu\u010dili\u0161ta u Zagrebu - HAZ<\/title>\n<meta name=\"robots\" content=\"index, follow, max-snippet:-1, max-image-preview:large, max-video-preview:-1\" \/>\n<link rel=\"canonical\" href=\"https:\/\/haz.hr\/en\/2022\/06\/12\/odrzano-prvo-izdanje-edukativne-konferencije-cool-tura-na-filozofskom-fakultetu-sveucilista-u-zagrebu\/\" \/>\n<meta property=\"og:locale\" content=\"en_GB\" \/>\n<meta property=\"og:type\" content=\"article\" \/>\n<meta property=\"og:title\" content=\"\ufeffOdr\u017eano prvo izdanje edukativne konferencije Cool tura na Filozofskom fakultetu Sveu\u010dili\u0161ta u Zagrebu - HAZ\" \/>\n<meta property=\"og:description\" content=\"Zagreb, 10. lipnja 2022. \u2013 Na Filozofskom fakultetu Sveu\u010dili\u0161ta u Zagrebu, u organizaciji Hrvatske akademske zajednice pri Filozofskom i Ekonomskom fakultetu, odr\u017eano je prvo izdanje edukativne konferencije Cool tura. Cilj [&hellip;]\" \/>\n<meta property=\"og:url\" content=\"https:\/\/haz.hr\/en\/2022\/06\/12\/odrzano-prvo-izdanje-edukativne-konferencije-cool-tura-na-filozofskom-fakultetu-sveucilista-u-zagrebu\/\" \/>\n<meta property=\"og:site_name\" content=\"HAZ\" \/>\n<meta property=\"article:published_time\" content=\"2022-06-12T09:05:51+00:00\" \/>\n<meta property=\"article:modified_time\" content=\"2023-02-09T13:00:56+00:00\" \/>\n<meta property=\"og:image\" content=\"https:\/\/haz.hr\/wp-content\/uploads\/2023\/01\/HAZ_blog3.jpg\" \/>\n\t<meta property=\"og:image:width\" content=\"1920\" \/>\n\t<meta property=\"og:image:height\" content=\"1080\" \/>\n\t<meta property=\"og:image:type\" content=\"image\/jpeg\" \/>\n<meta name=\"author\" content=\"JT-design\" \/>\n<meta name=\"twitter:card\" content=\"summary_large_image\" \/>\n<meta name=\"twitter:label1\" content=\"Written by\" \/>\n\t<meta name=\"twitter:data1\" content=\"JT-design\" \/>\n\t<meta name=\"twitter:label2\" content=\"Est. reading time\" \/>\n\t<meta name=\"twitter:data2\" content=\"3 minutes\" \/>\n<script type=\"application\/ld+json\" class=\"yoast-schema-graph\">{\"@context\":\"https:\/\/schema.org\",\"@graph\":[{\"@type\":\"Article\",\"@id\":\"https:\/\/haz.hr\/2022\/06\/12\/odrzano-prvo-izdanje-edukativne-konferencije-cool-tura-na-filozofskom-fakultetu-sveucilista-u-zagrebu\/#article\",\"isPartOf\":{\"@id\":\"https:\/\/haz.hr\/2022\/06\/12\/odrzano-prvo-izdanje-edukativne-konferencije-cool-tura-na-filozofskom-fakultetu-sveucilista-u-zagrebu\/\"},\"author\":{\"name\":\"JT-design\",\"@id\":\"https:\/\/haz.hr\/#\/schema\/person\/438892ce514665613f7cd5bb7a19213a\"},\"headline\":\"\ufeffOdr\u017eano prvo izdanje edukativne konferencije Cool tura na Filozofskom fakultetu Sveu\u010dili\u0161ta u Zagrebu\",\"datePublished\":\"2022-06-12T09:05:51+00:00\",\"dateModified\":\"2023-02-09T13:00:56+00:00\",\"mainEntityOfPage\":{\"@id\":\"https:\/\/haz.hr\/2022\/06\/12\/odrzano-prvo-izdanje-edukativne-konferencije-cool-tura-na-filozofskom-fakultetu-sveucilista-u-zagrebu\/\"},\"wordCount\":704,\"publisher\":{\"@id\":\"https:\/\/haz.hr\/#organization\"},\"image\":{\"@id\":\"https:\/\/haz.hr\/2022\/06\/12\/odrzano-prvo-izdanje-edukativne-konferencije-cool-tura-na-filozofskom-fakultetu-sveucilista-u-zagrebu\/#primaryimage\"},\"thumbnailUrl\":\"https:\/\/haz.hr\/wp-content\/uploads\/2023\/01\/HAZ_blog3.jpg\",\"keywords\":[\"cooltura\",\"HAZ\",\"konferencija\",\"kultura\"],\"articleSection\":[\"HAZ novosti\"],\"inLanguage\":\"en-GB\"},{\"@type\":\"WebPage\",\"@id\":\"https:\/\/haz.hr\/2022\/06\/12\/odrzano-prvo-izdanje-edukativne-konferencije-cool-tura-na-filozofskom-fakultetu-sveucilista-u-zagrebu\/\",\"url\":\"https:\/\/haz.hr\/2022\/06\/12\/odrzano-prvo-izdanje-edukativne-konferencije-cool-tura-na-filozofskom-fakultetu-sveucilista-u-zagrebu\/\",\"name\":\"\ufeffOdr\u017eano prvo izdanje edukativne konferencije Cool tura na Filozofskom fakultetu Sveu\u010dili\u0161ta u Zagrebu - HAZ\",\"isPartOf\":{\"@id\":\"https:\/\/haz.hr\/#website\"},\"primaryImageOfPage\":{\"@id\":\"https:\/\/haz.hr\/2022\/06\/12\/odrzano-prvo-izdanje-edukativne-konferencije-cool-tura-na-filozofskom-fakultetu-sveucilista-u-zagrebu\/#primaryimage\"},\"image\":{\"@id\":\"https:\/\/haz.hr\/2022\/06\/12\/odrzano-prvo-izdanje-edukativne-konferencije-cool-tura-na-filozofskom-fakultetu-sveucilista-u-zagrebu\/#primaryimage\"},\"thumbnailUrl\":\"https:\/\/haz.hr\/wp-content\/uploads\/2023\/01\/HAZ_blog3.jpg\",\"datePublished\":\"2022-06-12T09:05:51+00:00\",\"dateModified\":\"2023-02-09T13:00:56+00:00\",\"breadcrumb\":{\"@id\":\"https:\/\/haz.hr\/2022\/06\/12\/odrzano-prvo-izdanje-edukativne-konferencije-cool-tura-na-filozofskom-fakultetu-sveucilista-u-zagrebu\/#breadcrumb\"},\"inLanguage\":\"en-GB\",\"potentialAction\":[{\"@type\":\"ReadAction\",\"target\":[\"https:\/\/haz.hr\/2022\/06\/12\/odrzano-prvo-izdanje-edukativne-konferencije-cool-tura-na-filozofskom-fakultetu-sveucilista-u-zagrebu\/\"]}]},{\"@type\":\"ImageObject\",\"inLanguage\":\"en-GB\",\"@id\":\"https:\/\/haz.hr\/2022\/06\/12\/odrzano-prvo-izdanje-edukativne-konferencije-cool-tura-na-filozofskom-fakultetu-sveucilista-u-zagrebu\/#primaryimage\",\"url\":\"https:\/\/haz.hr\/wp-content\/uploads\/2023\/01\/HAZ_blog3.jpg\",\"contentUrl\":\"https:\/\/haz.hr\/wp-content\/uploads\/2023\/01\/HAZ_blog3.jpg\",\"width\":1920,\"height\":1080},{\"@type\":\"BreadcrumbList\",\"@id\":\"https:\/\/haz.hr\/2022\/06\/12\/odrzano-prvo-izdanje-edukativne-konferencije-cool-tura-na-filozofskom-fakultetu-sveucilista-u-zagrebu\/#breadcrumb\",\"itemListElement\":[{\"@type\":\"ListItem\",\"position\":1,\"name\":\"Home\",\"item\":\"https:\/\/haz.hr\/\"},{\"@type\":\"ListItem\",\"position\":2,\"name\":\"\ufeffOdr\u017eano prvo izdanje edukativne konferencije Cool tura na Filozofskom fakultetu Sveu\u010dili\u0161ta u Zagrebu\"}]},{\"@type\":\"WebSite\",\"@id\":\"https:\/\/haz.hr\/#website\",\"url\":\"https:\/\/haz.hr\/\",\"name\":\"HAZ\",\"description\":\"Hrvatska akademska zajednica\",\"publisher\":{\"@id\":\"https:\/\/haz.hr\/#organization\"},\"potentialAction\":[{\"@type\":\"SearchAction\",\"target\":{\"@type\":\"EntryPoint\",\"urlTemplate\":\"https:\/\/haz.hr\/?s={search_term_string}\"},\"query-input\":{\"@type\":\"PropertyValueSpecification\",\"valueRequired\":true,\"valueName\":\"search_term_string\"}}],\"inLanguage\":\"en-GB\"},{\"@type\":\"Organization\",\"@id\":\"https:\/\/haz.hr\/#organization\",\"name\":\"HAZ\",\"url\":\"https:\/\/haz.hr\/\",\"logo\":{\"@type\":\"ImageObject\",\"inLanguage\":\"en-GB\",\"@id\":\"https:\/\/haz.hr\/#\/schema\/logo\/image\/\",\"url\":\"https:\/\/haz.hr\/wp-content\/uploads\/2022\/12\/cropped-HAZ_logo.png\",\"contentUrl\":\"https:\/\/haz.hr\/wp-content\/uploads\/2022\/12\/cropped-HAZ_logo.png\",\"width\":125,\"height\":76,\"caption\":\"HAZ\"},\"image\":{\"@id\":\"https:\/\/haz.hr\/#\/schema\/logo\/image\/\"}},{\"@type\":\"Person\",\"@id\":\"https:\/\/haz.hr\/#\/schema\/person\/438892ce514665613f7cd5bb7a19213a\",\"name\":\"JT-design\",\"image\":{\"@type\":\"ImageObject\",\"inLanguage\":\"en-GB\",\"@id\":\"https:\/\/haz.hr\/#\/schema\/person\/image\/\",\"url\":\"https:\/\/secure.gravatar.com\/avatar\/0032728fc07181d052d653eb6ce26d3ff30f5b1c7d867e6fb82eb66a6fc50646?s=96&d=mm&r=g\",\"contentUrl\":\"https:\/\/secure.gravatar.com\/avatar\/0032728fc07181d052d653eb6ce26d3ff30f5b1c7d867e6fb82eb66a6fc50646?s=96&d=mm&r=g\",\"caption\":\"JT-design\"},\"sameAs\":[\"https:\/\/haz.hr\"],\"url\":\"https:\/\/haz.hr\/en\/author\/jt-design\/\"}]}<\/script>\n<!-- \/ Yoast SEO plugin. -->","yoast_head_json":{"title":"\ufeffOdr\u017eano prvo izdanje edukativne konferencije Cool tura na Filozofskom fakultetu Sveu\u010dili\u0161ta u Zagrebu - HAZ","robots":{"index":"index","follow":"follow","max-snippet":"max-snippet:-1","max-image-preview":"max-image-preview:large","max-video-preview":"max-video-preview:-1"},"canonical":"https:\/\/haz.hr\/en\/2022\/06\/12\/odrzano-prvo-izdanje-edukativne-konferencije-cool-tura-na-filozofskom-fakultetu-sveucilista-u-zagrebu\/","og_locale":"en_GB","og_type":"article","og_title":"\ufeffOdr\u017eano prvo izdanje edukativne konferencije Cool tura na Filozofskom fakultetu Sveu\u010dili\u0161ta u Zagrebu - HAZ","og_description":"Zagreb, 10. lipnja 2022. \u2013 Na Filozofskom fakultetu Sveu\u010dili\u0161ta u Zagrebu, u organizaciji Hrvatske akademske zajednice pri Filozofskom i Ekonomskom fakultetu, odr\u017eano je prvo izdanje edukativne konferencije Cool tura. Cilj [&hellip;]","og_url":"https:\/\/haz.hr\/en\/2022\/06\/12\/odrzano-prvo-izdanje-edukativne-konferencije-cool-tura-na-filozofskom-fakultetu-sveucilista-u-zagrebu\/","og_site_name":"HAZ","article_published_time":"2022-06-12T09:05:51+00:00","article_modified_time":"2023-02-09T13:00:56+00:00","og_image":[{"width":1920,"height":1080,"url":"https:\/\/haz.hr\/wp-content\/uploads\/2023\/01\/HAZ_blog3.jpg","type":"image\/jpeg"}],"author":"JT-design","twitter_card":"summary_large_image","twitter_misc":{"Written by":"JT-design","Est. reading time":"3 minutes"},"schema":{"@context":"https:\/\/schema.org","@graph":[{"@type":"Article","@id":"https:\/\/haz.hr\/2022\/06\/12\/odrzano-prvo-izdanje-edukativne-konferencije-cool-tura-na-filozofskom-fakultetu-sveucilista-u-zagrebu\/#article","isPartOf":{"@id":"https:\/\/haz.hr\/2022\/06\/12\/odrzano-prvo-izdanje-edukativne-konferencije-cool-tura-na-filozofskom-fakultetu-sveucilista-u-zagrebu\/"},"author":{"name":"JT-design","@id":"https:\/\/haz.hr\/#\/schema\/person\/438892ce514665613f7cd5bb7a19213a"},"headline":"\ufeffOdr\u017eano prvo izdanje edukativne konferencije Cool tura na Filozofskom fakultetu Sveu\u010dili\u0161ta u Zagrebu","datePublished":"2022-06-12T09:05:51+00:00","dateModified":"2023-02-09T13:00:56+00:00","mainEntityOfPage":{"@id":"https:\/\/haz.hr\/2022\/06\/12\/odrzano-prvo-izdanje-edukativne-konferencije-cool-tura-na-filozofskom-fakultetu-sveucilista-u-zagrebu\/"},"wordCount":704,"publisher":{"@id":"https:\/\/haz.hr\/#organization"},"image":{"@id":"https:\/\/haz.hr\/2022\/06\/12\/odrzano-prvo-izdanje-edukativne-konferencije-cool-tura-na-filozofskom-fakultetu-sveucilista-u-zagrebu\/#primaryimage"},"thumbnailUrl":"https:\/\/haz.hr\/wp-content\/uploads\/2023\/01\/HAZ_blog3.jpg","keywords":["cooltura","HAZ","konferencija","kultura"],"articleSection":["HAZ novosti"],"inLanguage":"en-GB"},{"@type":"WebPage","@id":"https:\/\/haz.hr\/2022\/06\/12\/odrzano-prvo-izdanje-edukativne-konferencije-cool-tura-na-filozofskom-fakultetu-sveucilista-u-zagrebu\/","url":"https:\/\/haz.hr\/2022\/06\/12\/odrzano-prvo-izdanje-edukativne-konferencije-cool-tura-na-filozofskom-fakultetu-sveucilista-u-zagrebu\/","name":"\ufeffOdr\u017eano prvo izdanje edukativne konferencije Cool tura na Filozofskom fakultetu Sveu\u010dili\u0161ta u Zagrebu - HAZ","isPartOf":{"@id":"https:\/\/haz.hr\/#website"},"primaryImageOfPage":{"@id":"https:\/\/haz.hr\/2022\/06\/12\/odrzano-prvo-izdanje-edukativne-konferencije-cool-tura-na-filozofskom-fakultetu-sveucilista-u-zagrebu\/#primaryimage"},"image":{"@id":"https:\/\/haz.hr\/2022\/06\/12\/odrzano-prvo-izdanje-edukativne-konferencije-cool-tura-na-filozofskom-fakultetu-sveucilista-u-zagrebu\/#primaryimage"},"thumbnailUrl":"https:\/\/haz.hr\/wp-content\/uploads\/2023\/01\/HAZ_blog3.jpg","datePublished":"2022-06-12T09:05:51+00:00","dateModified":"2023-02-09T13:00:56+00:00","breadcrumb":{"@id":"https:\/\/haz.hr\/2022\/06\/12\/odrzano-prvo-izdanje-edukativne-konferencije-cool-tura-na-filozofskom-fakultetu-sveucilista-u-zagrebu\/#breadcrumb"},"inLanguage":"en-GB","potentialAction":[{"@type":"ReadAction","target":["https:\/\/haz.hr\/2022\/06\/12\/odrzano-prvo-izdanje-edukativne-konferencije-cool-tura-na-filozofskom-fakultetu-sveucilista-u-zagrebu\/"]}]},{"@type":"ImageObject","inLanguage":"en-GB","@id":"https:\/\/haz.hr\/2022\/06\/12\/odrzano-prvo-izdanje-edukativne-konferencije-cool-tura-na-filozofskom-fakultetu-sveucilista-u-zagrebu\/#primaryimage","url":"https:\/\/haz.hr\/wp-content\/uploads\/2023\/01\/HAZ_blog3.jpg","contentUrl":"https:\/\/haz.hr\/wp-content\/uploads\/2023\/01\/HAZ_blog3.jpg","width":1920,"height":1080},{"@type":"BreadcrumbList","@id":"https:\/\/haz.hr\/2022\/06\/12\/odrzano-prvo-izdanje-edukativne-konferencije-cool-tura-na-filozofskom-fakultetu-sveucilista-u-zagrebu\/#breadcrumb","itemListElement":[{"@type":"ListItem","position":1,"name":"Home","item":"https:\/\/haz.hr\/"},{"@type":"ListItem","position":2,"name":"\ufeffOdr\u017eano prvo izdanje edukativne konferencije Cool tura na Filozofskom fakultetu Sveu\u010dili\u0161ta u Zagrebu"}]},{"@type":"WebSite","@id":"https:\/\/haz.hr\/#website","url":"https:\/\/haz.hr\/","name":"HAZ","description":"Croatian Academic Community","publisher":{"@id":"https:\/\/haz.hr\/#organization"},"potentialAction":[{"@type":"SearchAction","target":{"@type":"EntryPoint","urlTemplate":"https:\/\/haz.hr\/?s={search_term_string}"},"query-input":{"@type":"PropertyValueSpecification","valueRequired":true,"valueName":"search_term_string"}}],"inLanguage":"en-GB"},{"@type":"Organization","@id":"https:\/\/haz.hr\/#organization","name":"HAZ","url":"https:\/\/haz.hr\/","logo":{"@type":"ImageObject","inLanguage":"en-GB","@id":"https:\/\/haz.hr\/#\/schema\/logo\/image\/","url":"https:\/\/haz.hr\/wp-content\/uploads\/2022\/12\/cropped-HAZ_logo.png","contentUrl":"https:\/\/haz.hr\/wp-content\/uploads\/2022\/12\/cropped-HAZ_logo.png","width":125,"height":76,"caption":"HAZ"},"image":{"@id":"https:\/\/haz.hr\/#\/schema\/logo\/image\/"}},{"@type":"Person","@id":"https:\/\/haz.hr\/#\/schema\/person\/438892ce514665613f7cd5bb7a19213a","name":"JT-design","image":{"@type":"ImageObject","inLanguage":"en-GB","@id":"https:\/\/haz.hr\/#\/schema\/person\/image\/","url":"https:\/\/secure.gravatar.com\/avatar\/0032728fc07181d052d653eb6ce26d3ff30f5b1c7d867e6fb82eb66a6fc50646?s=96&d=mm&r=g","contentUrl":"https:\/\/secure.gravatar.com\/avatar\/0032728fc07181d052d653eb6ce26d3ff30f5b1c7d867e6fb82eb66a6fc50646?s=96&d=mm&r=g","caption":"JT-design"},"sameAs":["https:\/\/haz.hr"],"url":"https:\/\/haz.hr\/en\/author\/jt-design\/"}]}},"_links":{"self":[{"href":"https:\/\/haz.hr\/en\/wp-json\/wp\/v2\/posts\/1930","targetHints":{"allow":["GET"]}}],"collection":[{"href":"https:\/\/haz.hr\/en\/wp-json\/wp\/v2\/posts"}],"about":[{"href":"https:\/\/haz.hr\/en\/wp-json\/wp\/v2\/types\/post"}],"author":[{"embeddable":true,"href":"https:\/\/haz.hr\/en\/wp-json\/wp\/v2\/users\/1"}],"replies":[{"embeddable":true,"href":"https:\/\/haz.hr\/en\/wp-json\/wp\/v2\/comments?post=1930"}],"version-history":[{"count":1,"href":"https:\/\/haz.hr\/en\/wp-json\/wp\/v2\/posts\/1930\/revisions"}],"predecessor-version":[{"id":2439,"href":"https:\/\/haz.hr\/en\/wp-json\/wp\/v2\/posts\/1930\/revisions\/2439"}],"wp:featuredmedia":[{"embeddable":true,"href":"https:\/\/haz.hr\/en\/wp-json\/wp\/v2\/media\/844"}],"wp:attachment":[{"href":"https:\/\/haz.hr\/en\/wp-json\/wp\/v2\/media?parent=1930"}],"wp:term":[{"taxonomy":"category","embeddable":true,"href":"https:\/\/haz.hr\/en\/wp-json\/wp\/v2\/categories?post=1930"},{"taxonomy":"post_tag","embeddable":true,"href":"https:\/\/haz.hr\/en\/wp-json\/wp\/v2\/tags?post=1930"}],"curies":[{"name":"wp","href":"https:\/\/api.w.org\/{rel}","templated":true}]}}