{"id":1994,"date":"2022-07-18T21:41:23","date_gmt":"2022-07-18T21:41:23","guid":{"rendered":"https:\/\/www.haz.hr\/?p=1994"},"modified":"2023-02-09T13:50:34","modified_gmt":"2023-02-09T13:50:34","slug":"haz-osuduje-verbalne-napade-na-djelatnike-u-obrazovnom-sustavu-rh","status":"publish","type":"post","link":"https:\/\/haz.hr\/en\/2022\/07\/18\/haz-osuduje-verbalne-napade-na-djelatnike-u-obrazovnom-sustavu-rh\/","title":{"rendered":"HAZ OSU\u0110UJE VERBALNE NAPADE NA DJELATNIKE U OBRAZOVNOM SUSTAVU RH"},"content":{"rendered":"<p class=\"has-text-align-center wp-block-paragraph\">Zorane\nMilanovi\u0107u, ocjena iz \u201evladanja\u201c &#8211; NEDOVOLJAN<\/p>\n\n\n\n<p class=\"wp-block-paragraph\"><strong>HAZ osu\u0111uje pro\u0161lotjednu izjavu predsjednika Republike\nHrvatske, Zorana Milanovi\u0107a, u kojoj otvoreno i bez imalo zadr\u0161ke vrije\u0111a\nnastavnicu u mirovini. Zaustavimo diskriminaciju i vrije\u0111anje djelatnika u\nsustavu obrazovanja.&nbsp;<\/strong><\/p>\n\n\n\n<p class=\"wp-block-paragraph\">Predsjednik\nRepublike Hrvatske, Zoran Milanovi\u0107, je prilikom davanja izjave poru\u010dio kako <em>\u201cCitiraju\nnekakvu anonimnu profesoricu koja je u penziji. <\/em><em>\u0160tite identitet nekakve la\u017eljivice, ali identitet\ndjeteta, to nije bitno. Mi, naravno, znamo tko je ta protuha, ona je slala po\n14 djece na popravni ispit. Toliko o profesorima. Ona \u0107e komentirati kakvu je\nocjenu imao moj stariji sin Jakov. Imao je \u010detiri. Ali bio je jedini koji je\nimao \u010detiri, svi ostali su imali tri&nbsp; ili\njedan. Kakav je to profesor\u201d<\/em><\/p>\n\n\n\n<p class=\"wp-block-paragraph\">Nije rije\u010d o \u201eanonimcima\u201c, \u201eprotuhama\u201c i \u201ela\u017eljivcima\u201c. Rije\u010d je o\nnasilnicima nad u\u010diteljima i nastavnicima koji su klju\u010dni u obrazovanju budu\u0107ih\nakademskih gra\u0111ana. Stoga je nedopustivo i neodgovorno, na ovakav na\u010din u\njavnom medijskom prostoru slati ovakve poruke.<\/p>\n\n\n\n<p class=\"wp-block-paragraph\">Spomenutu situaciju komentirao je i <strong>prof.dr.sc.\nMislav Grgi\u0107, predsjednik Akademskog Vije\u0107a HAZ-a<\/strong>: \u201e<em>Polo\u017eaj nastavnika i u\u010ditelja u hrvatskome dru\u0161tvu trebamo sustavno\nosna\u017eivati jer oni obrazuju, ali i odgajaju na\u0161u djecu. Dignitet nastavnika i\nu\u010ditelja ne bi se smio naru\u0161avati. Posebice je neprihvatljivo kada se to\nradi&nbsp; s pozicije najvi\u0161ih dr\u017eavnih institucija\njer to daje negativan primjer cijelom dru\u0161tvu. Takvi su postupci potpuno\nneprihvatljivi i samo produbljuju nepovjerenje u obrazovni sustav, ne\nrje\u0161avaju\u0107i niti jedan problem. Doprinos rje\u0161avanju problema posti\u017ee se\nstrate\u0161kim promi\u0161ljanjem, tolerancijom, uva\u017eavanjem argumenata i sustavnim\nradom, a ne izjavama kojima je jedini cilj napad, poni\u017eavanje i vrije\u0111anje\njednog nastavnika\u201c.<\/em><\/p>\n\n\n\n<p class=\"wp-block-paragraph\">\u010clan Glavnog odbora\nHAZ-a te izvanredni profesor na Fakultetu prometnih znanosti Sveu\u010dili\u0161ta u\nZagrebu <strong>izv.prof.dr.sc. Marko Peri\u0161a<\/strong>\nizjavio je: \u201e<em>Na ovakve javne istupe koji za cilj imaju omalova\u017eati\ndjelatnike u obrazovnom sustavu moramo reagirati kako bi poru\u010dilii mladim\ngeneracijama da isto nije dopustivo. <\/em><em>Va\u017eno je naglasiti kako svatko ima pravo na svoje\nmi\u0161ljenje ali ako se istim na najgrublji na\u010din naru\u0161ava ugled i autoritet\nkrucijalne skupine djelatnika u obrazovnom sustavu, potrebno je nedvosmisleno\nosuditi neodgovorno pona\u0161anje\u201c.<\/em><\/p>\n\n\n\n<p class=\"wp-block-paragraph\">Predsjednik dr\u017eave svojom komunikacijom i istupima u javnom diskursu treba\nslu\u017eiti&nbsp; za primjer po\u0161tovanja svih gra\u0111ana pa tako i obrazovnih\ndjelatnika te na kraju biti primjer mladima Ovakvim vrije\u0111anjem i\nomalova\u017eavanjem nastavnika koji u tom istom obrazovnom procesu preuzimaju\nveliku odgovornost, daje se primjer kojega nitko ne bi smi slijediti. Ocjena iz\nvladanja \u2013 nedovoljan. <\/p>","protected":false},"excerpt":{"rendered":"<p>Zorane Milanovi\u0107u, ocjena iz \u201evladanja\u201c &#8211; NEDOVOLJAN HAZ osu\u0111uje pro\u0161lotjednu izjavu predsjednika Republike Hrvatske, Zorana Milanovi\u0107a, u kojoj otvoreno i bez imalo zadr\u0161ke vrije\u0111a nastavnicu u mirovini. Zaustavimo diskriminaciju i [&hellip;]<\/p>\n","protected":false},"author":1,"featured_media":2436,"comment_status":"closed","ping_status":"open","sticky":false,"template":"","format":"standard","meta":{"footnotes":""},"categories":[14,10],"tags":[],"class_list":["post-1994","post","type-post","status-publish","format-standard","has-post-thumbnail","hentry","category-haz-novosti","category-haz-unizg"],"yoast_head":"<!-- This site is optimized with the Yoast SEO plugin v23.7 - https:\/\/yoast.com\/wordpress\/plugins\/seo\/ -->\n<title>HAZ OSU\u0110UJE VERBALNE NAPADE NA DJELATNIKE U OBRAZOVNOM SUSTAVU RH - HAZ<\/title>\n<meta name=\"robots\" content=\"index, follow, max-snippet:-1, max-image-preview:large, max-video-preview:-1\" \/>\n<link rel=\"canonical\" href=\"https:\/\/haz.hr\/en\/2022\/07\/18\/haz-osuduje-verbalne-napade-na-djelatnike-u-obrazovnom-sustavu-rh\/\" \/>\n<meta property=\"og:locale\" content=\"en_GB\" \/>\n<meta property=\"og:type\" content=\"article\" \/>\n<meta property=\"og:title\" content=\"HAZ OSU\u0110UJE VERBALNE NAPADE NA DJELATNIKE U OBRAZOVNOM SUSTAVU RH - HAZ\" \/>\n<meta property=\"og:description\" content=\"Zorane Milanovi\u0107u, ocjena iz \u201evladanja\u201c &#8211; NEDOVOLJAN HAZ osu\u0111uje pro\u0161lotjednu izjavu predsjednika Republike Hrvatske, Zorana Milanovi\u0107a, u kojoj otvoreno i bez imalo zadr\u0161ke vrije\u0111a nastavnicu u mirovini. Zaustavimo diskriminaciju i [&hellip;]\" \/>\n<meta property=\"og:url\" content=\"https:\/\/haz.hr\/en\/2022\/07\/18\/haz-osuduje-verbalne-napade-na-djelatnike-u-obrazovnom-sustavu-rh\/\" \/>\n<meta property=\"og:site_name\" content=\"HAZ\" \/>\n<meta property=\"article:published_time\" content=\"2022-07-18T21:41:23+00:00\" \/>\n<meta property=\"article:modified_time\" content=\"2023-02-09T13:50:34+00:00\" \/>\n<meta property=\"og:image\" content=\"https:\/\/haz.hr\/wp-content\/uploads\/2022\/07\/Dizajn-bez-naslova1-300x251-1.png\" \/>\n\t<meta property=\"og:image:width\" content=\"300\" \/>\n\t<meta property=\"og:image:height\" content=\"251\" \/>\n\t<meta property=\"og:image:type\" content=\"image\/png\" \/>\n<meta name=\"author\" content=\"JT-design\" \/>\n<meta name=\"twitter:card\" content=\"summary_large_image\" \/>\n<meta name=\"twitter:label1\" content=\"Written by\" \/>\n\t<meta name=\"twitter:data1\" content=\"JT-design\" \/>\n\t<meta name=\"twitter:label2\" content=\"Est. reading time\" \/>\n\t<meta name=\"twitter:data2\" content=\"2 minutes\" \/>\n<script type=\"application\/ld+json\" class=\"yoast-schema-graph\">{\"@context\":\"https:\/\/schema.org\",\"@graph\":[{\"@type\":\"Article\",\"@id\":\"https:\/\/haz.hr\/2022\/07\/18\/haz-osuduje-verbalne-napade-na-djelatnike-u-obrazovnom-sustavu-rh\/#article\",\"isPartOf\":{\"@id\":\"https:\/\/haz.hr\/2022\/07\/18\/haz-osuduje-verbalne-napade-na-djelatnike-u-obrazovnom-sustavu-rh\/\"},\"author\":{\"name\":\"JT-design\",\"@id\":\"https:\/\/haz.hr\/#\/schema\/person\/438892ce514665613f7cd5bb7a19213a\"},\"headline\":\"HAZ OSU\u0110UJE VERBALNE NAPADE NA DJELATNIKE U OBRAZOVNOM SUSTAVU RH\",\"datePublished\":\"2022-07-18T21:41:23+00:00\",\"dateModified\":\"2023-02-09T13:50:34+00:00\",\"mainEntityOfPage\":{\"@id\":\"https:\/\/haz.hr\/2022\/07\/18\/haz-osuduje-verbalne-napade-na-djelatnike-u-obrazovnom-sustavu-rh\/\"},\"wordCount\":455,\"publisher\":{\"@id\":\"https:\/\/haz.hr\/#organization\"},\"image\":{\"@id\":\"https:\/\/haz.hr\/2022\/07\/18\/haz-osuduje-verbalne-napade-na-djelatnike-u-obrazovnom-sustavu-rh\/#primaryimage\"},\"thumbnailUrl\":\"https:\/\/haz.hr\/wp-content\/uploads\/2022\/07\/Dizajn-bez-naslova1-300x251-1.png\",\"articleSection\":[\"HAZ novosti\",\"HAZ UniZg novosti\"],\"inLanguage\":\"en-GB\"},{\"@type\":\"WebPage\",\"@id\":\"https:\/\/haz.hr\/2022\/07\/18\/haz-osuduje-verbalne-napade-na-djelatnike-u-obrazovnom-sustavu-rh\/\",\"url\":\"https:\/\/haz.hr\/2022\/07\/18\/haz-osuduje-verbalne-napade-na-djelatnike-u-obrazovnom-sustavu-rh\/\",\"name\":\"HAZ OSU\u0110UJE VERBALNE NAPADE NA DJELATNIKE U OBRAZOVNOM SUSTAVU RH - HAZ\",\"isPartOf\":{\"@id\":\"https:\/\/haz.hr\/#website\"},\"primaryImageOfPage\":{\"@id\":\"https:\/\/haz.hr\/2022\/07\/18\/haz-osuduje-verbalne-napade-na-djelatnike-u-obrazovnom-sustavu-rh\/#primaryimage\"},\"image\":{\"@id\":\"https:\/\/haz.hr\/2022\/07\/18\/haz-osuduje-verbalne-napade-na-djelatnike-u-obrazovnom-sustavu-rh\/#primaryimage\"},\"thumbnailUrl\":\"https:\/\/haz.hr\/wp-content\/uploads\/2022\/07\/Dizajn-bez-naslova1-300x251-1.png\",\"datePublished\":\"2022-07-18T21:41:23+00:00\",\"dateModified\":\"2023-02-09T13:50:34+00:00\",\"breadcrumb\":{\"@id\":\"https:\/\/haz.hr\/2022\/07\/18\/haz-osuduje-verbalne-napade-na-djelatnike-u-obrazovnom-sustavu-rh\/#breadcrumb\"},\"inLanguage\":\"en-GB\",\"potentialAction\":[{\"@type\":\"ReadAction\",\"target\":[\"https:\/\/haz.hr\/2022\/07\/18\/haz-osuduje-verbalne-napade-na-djelatnike-u-obrazovnom-sustavu-rh\/\"]}]},{\"@type\":\"ImageObject\",\"inLanguage\":\"en-GB\",\"@id\":\"https:\/\/haz.hr\/2022\/07\/18\/haz-osuduje-verbalne-napade-na-djelatnike-u-obrazovnom-sustavu-rh\/#primaryimage\",\"url\":\"https:\/\/haz.hr\/wp-content\/uploads\/2022\/07\/Dizajn-bez-naslova1-300x251-1.png\",\"contentUrl\":\"https:\/\/haz.hr\/wp-content\/uploads\/2022\/07\/Dizajn-bez-naslova1-300x251-1.png\",\"width\":300,\"height\":251},{\"@type\":\"BreadcrumbList\",\"@id\":\"https:\/\/haz.hr\/2022\/07\/18\/haz-osuduje-verbalne-napade-na-djelatnike-u-obrazovnom-sustavu-rh\/#breadcrumb\",\"itemListElement\":[{\"@type\":\"ListItem\",\"position\":1,\"name\":\"Home\",\"item\":\"https:\/\/haz.hr\/\"},{\"@type\":\"ListItem\",\"position\":2,\"name\":\"HAZ OSU\u0110UJE VERBALNE NAPADE NA DJELATNIKE U OBRAZOVNOM SUSTAVU RH\"}]},{\"@type\":\"WebSite\",\"@id\":\"https:\/\/haz.hr\/#website\",\"url\":\"https:\/\/haz.hr\/\",\"name\":\"HAZ\",\"description\":\"Hrvatska akademska zajednica\",\"publisher\":{\"@id\":\"https:\/\/haz.hr\/#organization\"},\"potentialAction\":[{\"@type\":\"SearchAction\",\"target\":{\"@type\":\"EntryPoint\",\"urlTemplate\":\"https:\/\/haz.hr\/?s={search_term_string}\"},\"query-input\":{\"@type\":\"PropertyValueSpecification\",\"valueRequired\":true,\"valueName\":\"search_term_string\"}}],\"inLanguage\":\"en-GB\"},{\"@type\":\"Organization\",\"@id\":\"https:\/\/haz.hr\/#organization\",\"name\":\"HAZ\",\"url\":\"https:\/\/haz.hr\/\",\"logo\":{\"@type\":\"ImageObject\",\"inLanguage\":\"en-GB\",\"@id\":\"https:\/\/haz.hr\/#\/schema\/logo\/image\/\",\"url\":\"https:\/\/haz.hr\/wp-content\/uploads\/2022\/12\/cropped-HAZ_logo.png\",\"contentUrl\":\"https:\/\/haz.hr\/wp-content\/uploads\/2022\/12\/cropped-HAZ_logo.png\",\"width\":125,\"height\":76,\"caption\":\"HAZ\"},\"image\":{\"@id\":\"https:\/\/haz.hr\/#\/schema\/logo\/image\/\"}},{\"@type\":\"Person\",\"@id\":\"https:\/\/haz.hr\/#\/schema\/person\/438892ce514665613f7cd5bb7a19213a\",\"name\":\"JT-design\",\"image\":{\"@type\":\"ImageObject\",\"inLanguage\":\"en-GB\",\"@id\":\"https:\/\/haz.hr\/#\/schema\/person\/image\/\",\"url\":\"https:\/\/secure.gravatar.com\/avatar\/0032728fc07181d052d653eb6ce26d3ff30f5b1c7d867e6fb82eb66a6fc50646?s=96&d=mm&r=g\",\"contentUrl\":\"https:\/\/secure.gravatar.com\/avatar\/0032728fc07181d052d653eb6ce26d3ff30f5b1c7d867e6fb82eb66a6fc50646?s=96&d=mm&r=g\",\"caption\":\"JT-design\"},\"sameAs\":[\"https:\/\/haz.hr\"],\"url\":\"https:\/\/haz.hr\/en\/author\/jt-design\/\"}]}<\/script>\n<!-- \/ Yoast SEO plugin. -->","yoast_head_json":{"title":"HAZ OSU\u0110UJE VERBALNE NAPADE NA DJELATNIKE U OBRAZOVNOM SUSTAVU RH - HAZ","robots":{"index":"index","follow":"follow","max-snippet":"max-snippet:-1","max-image-preview":"max-image-preview:large","max-video-preview":"max-video-preview:-1"},"canonical":"https:\/\/haz.hr\/en\/2022\/07\/18\/haz-osuduje-verbalne-napade-na-djelatnike-u-obrazovnom-sustavu-rh\/","og_locale":"en_GB","og_type":"article","og_title":"HAZ OSU\u0110UJE VERBALNE NAPADE NA DJELATNIKE U OBRAZOVNOM SUSTAVU RH - HAZ","og_description":"Zorane Milanovi\u0107u, ocjena iz \u201evladanja\u201c &#8211; NEDOVOLJAN HAZ osu\u0111uje pro\u0161lotjednu izjavu predsjednika Republike Hrvatske, Zorana Milanovi\u0107a, u kojoj otvoreno i bez imalo zadr\u0161ke vrije\u0111a nastavnicu u mirovini. Zaustavimo diskriminaciju i [&hellip;]","og_url":"https:\/\/haz.hr\/en\/2022\/07\/18\/haz-osuduje-verbalne-napade-na-djelatnike-u-obrazovnom-sustavu-rh\/","og_site_name":"HAZ","article_published_time":"2022-07-18T21:41:23+00:00","article_modified_time":"2023-02-09T13:50:34+00:00","og_image":[{"width":300,"height":251,"url":"https:\/\/haz.hr\/wp-content\/uploads\/2022\/07\/Dizajn-bez-naslova1-300x251-1.png","type":"image\/png"}],"author":"JT-design","twitter_card":"summary_large_image","twitter_misc":{"Written by":"JT-design","Est. reading time":"2 minutes"},"schema":{"@context":"https:\/\/schema.org","@graph":[{"@type":"Article","@id":"https:\/\/haz.hr\/2022\/07\/18\/haz-osuduje-verbalne-napade-na-djelatnike-u-obrazovnom-sustavu-rh\/#article","isPartOf":{"@id":"https:\/\/haz.hr\/2022\/07\/18\/haz-osuduje-verbalne-napade-na-djelatnike-u-obrazovnom-sustavu-rh\/"},"author":{"name":"JT-design","@id":"https:\/\/haz.hr\/#\/schema\/person\/438892ce514665613f7cd5bb7a19213a"},"headline":"HAZ OSU\u0110UJE VERBALNE NAPADE NA DJELATNIKE U OBRAZOVNOM SUSTAVU RH","datePublished":"2022-07-18T21:41:23+00:00","dateModified":"2023-02-09T13:50:34+00:00","mainEntityOfPage":{"@id":"https:\/\/haz.hr\/2022\/07\/18\/haz-osuduje-verbalne-napade-na-djelatnike-u-obrazovnom-sustavu-rh\/"},"wordCount":455,"publisher":{"@id":"https:\/\/haz.hr\/#organization"},"image":{"@id":"https:\/\/haz.hr\/2022\/07\/18\/haz-osuduje-verbalne-napade-na-djelatnike-u-obrazovnom-sustavu-rh\/#primaryimage"},"thumbnailUrl":"https:\/\/haz.hr\/wp-content\/uploads\/2022\/07\/Dizajn-bez-naslova1-300x251-1.png","articleSection":["HAZ novosti","HAZ UniZg novosti"],"inLanguage":"en-GB"},{"@type":"WebPage","@id":"https:\/\/haz.hr\/2022\/07\/18\/haz-osuduje-verbalne-napade-na-djelatnike-u-obrazovnom-sustavu-rh\/","url":"https:\/\/haz.hr\/2022\/07\/18\/haz-osuduje-verbalne-napade-na-djelatnike-u-obrazovnom-sustavu-rh\/","name":"HAZ OSU\u0110UJE VERBALNE NAPADE NA DJELATNIKE U OBRAZOVNOM SUSTAVU RH - HAZ","isPartOf":{"@id":"https:\/\/haz.hr\/#website"},"primaryImageOfPage":{"@id":"https:\/\/haz.hr\/2022\/07\/18\/haz-osuduje-verbalne-napade-na-djelatnike-u-obrazovnom-sustavu-rh\/#primaryimage"},"image":{"@id":"https:\/\/haz.hr\/2022\/07\/18\/haz-osuduje-verbalne-napade-na-djelatnike-u-obrazovnom-sustavu-rh\/#primaryimage"},"thumbnailUrl":"https:\/\/haz.hr\/wp-content\/uploads\/2022\/07\/Dizajn-bez-naslova1-300x251-1.png","datePublished":"2022-07-18T21:41:23+00:00","dateModified":"2023-02-09T13:50:34+00:00","breadcrumb":{"@id":"https:\/\/haz.hr\/2022\/07\/18\/haz-osuduje-verbalne-napade-na-djelatnike-u-obrazovnom-sustavu-rh\/#breadcrumb"},"inLanguage":"en-GB","potentialAction":[{"@type":"ReadAction","target":["https:\/\/haz.hr\/2022\/07\/18\/haz-osuduje-verbalne-napade-na-djelatnike-u-obrazovnom-sustavu-rh\/"]}]},{"@type":"ImageObject","inLanguage":"en-GB","@id":"https:\/\/haz.hr\/2022\/07\/18\/haz-osuduje-verbalne-napade-na-djelatnike-u-obrazovnom-sustavu-rh\/#primaryimage","url":"https:\/\/haz.hr\/wp-content\/uploads\/2022\/07\/Dizajn-bez-naslova1-300x251-1.png","contentUrl":"https:\/\/haz.hr\/wp-content\/uploads\/2022\/07\/Dizajn-bez-naslova1-300x251-1.png","width":300,"height":251},{"@type":"BreadcrumbList","@id":"https:\/\/haz.hr\/2022\/07\/18\/haz-osuduje-verbalne-napade-na-djelatnike-u-obrazovnom-sustavu-rh\/#breadcrumb","itemListElement":[{"@type":"ListItem","position":1,"name":"Home","item":"https:\/\/haz.hr\/"},{"@type":"ListItem","position":2,"name":"HAZ OSU\u0110UJE VERBALNE NAPADE NA DJELATNIKE U OBRAZOVNOM SUSTAVU RH"}]},{"@type":"WebSite","@id":"https:\/\/haz.hr\/#website","url":"https:\/\/haz.hr\/","name":"HAZ","description":"Croatian Academic Community","publisher":{"@id":"https:\/\/haz.hr\/#organization"},"potentialAction":[{"@type":"SearchAction","target":{"@type":"EntryPoint","urlTemplate":"https:\/\/haz.hr\/?s={search_term_string}"},"query-input":{"@type":"PropertyValueSpecification","valueRequired":true,"valueName":"search_term_string"}}],"inLanguage":"en-GB"},{"@type":"Organization","@id":"https:\/\/haz.hr\/#organization","name":"HAZ","url":"https:\/\/haz.hr\/","logo":{"@type":"ImageObject","inLanguage":"en-GB","@id":"https:\/\/haz.hr\/#\/schema\/logo\/image\/","url":"https:\/\/haz.hr\/wp-content\/uploads\/2022\/12\/cropped-HAZ_logo.png","contentUrl":"https:\/\/haz.hr\/wp-content\/uploads\/2022\/12\/cropped-HAZ_logo.png","width":125,"height":76,"caption":"HAZ"},"image":{"@id":"https:\/\/haz.hr\/#\/schema\/logo\/image\/"}},{"@type":"Person","@id":"https:\/\/haz.hr\/#\/schema\/person\/438892ce514665613f7cd5bb7a19213a","name":"JT-design","image":{"@type":"ImageObject","inLanguage":"en-GB","@id":"https:\/\/haz.hr\/#\/schema\/person\/image\/","url":"https:\/\/secure.gravatar.com\/avatar\/0032728fc07181d052d653eb6ce26d3ff30f5b1c7d867e6fb82eb66a6fc50646?s=96&d=mm&r=g","contentUrl":"https:\/\/secure.gravatar.com\/avatar\/0032728fc07181d052d653eb6ce26d3ff30f5b1c7d867e6fb82eb66a6fc50646?s=96&d=mm&r=g","caption":"JT-design"},"sameAs":["https:\/\/haz.hr"],"url":"https:\/\/haz.hr\/en\/author\/jt-design\/"}]}},"_links":{"self":[{"href":"https:\/\/haz.hr\/en\/wp-json\/wp\/v2\/posts\/1994","targetHints":{"allow":["GET"]}}],"collection":[{"href":"https:\/\/haz.hr\/en\/wp-json\/wp\/v2\/posts"}],"about":[{"href":"https:\/\/haz.hr\/en\/wp-json\/wp\/v2\/types\/post"}],"author":[{"embeddable":true,"href":"https:\/\/haz.hr\/en\/wp-json\/wp\/v2\/users\/1"}],"replies":[{"embeddable":true,"href":"https:\/\/haz.hr\/en\/wp-json\/wp\/v2\/comments?post=1994"}],"version-history":[{"count":2,"href":"https:\/\/haz.hr\/en\/wp-json\/wp\/v2\/posts\/1994\/revisions"}],"predecessor-version":[{"id":2437,"href":"https:\/\/haz.hr\/en\/wp-json\/wp\/v2\/posts\/1994\/revisions\/2437"}],"wp:featuredmedia":[{"embeddable":true,"href":"https:\/\/haz.hr\/en\/wp-json\/wp\/v2\/media\/2436"}],"wp:attachment":[{"href":"https:\/\/haz.hr\/en\/wp-json\/wp\/v2\/media?parent=1994"}],"wp:term":[{"taxonomy":"category","embeddable":true,"href":"https:\/\/haz.hr\/en\/wp-json\/wp\/v2\/categories?post=1994"},{"taxonomy":"post_tag","embeddable":true,"href":"https:\/\/haz.hr\/en\/wp-json\/wp\/v2\/tags?post=1994"}],"curies":[{"name":"wp","href":"https:\/\/api.w.org\/{rel}","templated":true}]}}