{"id":1998,"date":"2022-10-11T10:47:12","date_gmt":"2022-10-11T10:47:12","guid":{"rendered":"https:\/\/www.haz.hr\/?p=1998"},"modified":"2023-02-09T13:41:14","modified_gmt":"2023-02-09T13:41:14","slug":"haz-hss-akademija-2022-the-position-of-youth-in-the-future-eu-labor-market-split-30-rujan-2-listopad-2022","status":"publish","type":"post","link":"https:\/\/haz.hr\/en\/2022\/10\/11\/haz-hss-akademija-2022-the-position-of-youth-in-the-future-eu-labor-market-split-30-rujan-2-listopad-2022\/","title":{"rendered":"HAZ &#038; HSS Akademija 2022. The position of youth in the future EU labor market Split, 30. rujan \u2013 2. listopad 2022."},"content":{"rendered":"<p class=\"wp-block-paragraph\">Hrvatska\nakademska zajednica i Ured Zaklade Hanns Seidel Stiftung u Hrvatskoj\norganizirali su, sada ve\u0107 tradicionalnu, Akademiju u Splitu i Stobre\u010du, \u010diji je\nnaglasak ove godine bio usmjeren na mlade i njihovu poziciju unutar europskog\ntr\u017ei\u0161ta rada.<\/p>\n\n\n\n<p class=\"wp-block-paragraph\">Izvrsna\ndugogodi\u0161nja suradnja dviju organizacija rezultirala je jo\u0161 jednim uspje\u0161nim\nprojektom koji je zapo\u010deo u petak, 30. rujna 2022. godine \u010dime smo zatvorili\nstaru i obilje\u017eili novu akademsku godinu. S obzirom na to da trenutna globalna situacija krije mnogo\nizazova za mlade, a pogotovo u kontekstu zaposlenja i budu\u0107ih radnih mjesta,\novogodi\u0161njom temom Akademije pod nazivom \u201eThe position of youth in the future\nEU labor market\u201c cilj je bio predvidjeti koje vje\u0161tine i znanja mladi trebaju posjedovati\nkako bi prona\u0161li i u\u010dvrstili svoje mjesto na tr\u017ei\u0161tu rada EU. Uz akademsko-stru\u010dni\nsegment Akademije koji su nam omogu\u0107ili stru\u010dni predava\u010di, kao i prija\u0161njih\ngodina, osiguran je bio i posjet Sveu\u010dili\u0161tu u Splitu, na \u010delu s rektorom&nbsp;prof.dr.sc.\nDraganom Ljuti\u0107em kao nastavak \n \n \n  \n  \n  \n  \n  \n  \n  \n  \n  \n  \n  \n  \n \n \n \n\n \n \ndugogodi\u0161njeg prijateljstva i\nsuradnje.<\/p>\n\n\n\n<p class=\"wp-block-paragraph\">Slu\u017ebeni program Akademije zapo\u010deo je u petak, 30. rujna u Sveu\u010dili\u0161noj knji\u017enici u Splitu, gdje su \u010dlanovi i drugi uva\u017eeni gosti imali priliku poslu\u0161ati pozdravne govore prof. dr. sc. Dragana Ljuti\u0107a, rektora Sveu\u010dili\u0161ta u Splitu, mr. sc. Aleksandru Marki\u0107 Ljuti\u0107, ravnateljicu ureda Zaklade Hanns Seidel u Hrvatskoj, prof. dr. sc. Mislava Grgi\u0107a, predsjednika Akademskog vije\u0107a HAZ-a te Karla Kolesara, stru\u010d.spec.oec., nacionalnog predsjednika Hrvatske akademske zajednice.<\/p>\n\n\n<div class=\"wp-block-image\">\n<figure class=\"alignleft is-resized\"><img fetchpriority=\"high\" decoding=\"async\" src=\"https:\/\/www.haz.hr\/wp-content\/uploads\/2022\/10\/IMG-20221001-WA0024-1024x576.jpg\" alt=\"\" class=\"wp-image-2000\" width=\"376\" height=\"211\"\/><\/figure>\n<\/div>\n\n\n<p class=\"wp-block-paragraph\">Nakon inspirativnih, motiviraju\u0107ih i lijepih pozdravnih rije\u010di uslijedila su dva interesantna predavanja koja su sve prisutne, posebice studente, navela na promi\u0161ljanje i diskusiju o ovim aktualnim temama. Prvo predavanje <em>Politi\u010dko obrazovanje za Europu: europska i vrijednosna dimenzija njema\u010dkih politi\u010dkih zaklada,<\/em> odr\u017eala je Aleksandra Marki\u0107 Boban, a drugo pod nazivom <em>Mladi i tr\u017ei\u0161te rada<\/em>, odr\u017eale su prof. dr. sc. Renata Relja i Tea Gutovi\u0107 s Filozofskog fakulteta Sveu\u010dili\u0161ta u Splitu.  Po zavr\u0161etku prvog modula Akademije uslijedilo je odlazak u Camping Stobre\u010d gdje su \u010dlanovi nacionalnog predsjedni\u0161tva HAZ-a predstavili radionicu za subotu. Uslijedila je ve\u010dera i dru\u017eenje tijekom kojeg su se novi i stari \u010dlanovi me\u0111usobno upoznali i povezali. Neformalni dio Akademije poslu\u017eio je kao podloga mladima za poticanje interesnih dijaloga sa svojim kolegama iz drugih gradova, a kraj ve\u010deri obilje\u017een je i dru\u0161tvenim igrama te pjesmom.<\/p>\n\n\n\n<p class=\"wp-block-paragraph\">Drugi dan Akademije zapo\u010deo je predstavljanjem plana i programa rada za akademsku godinu 2022.\/2023. koje su prezentirala predsjedni\u0161tva sveu\u010dili\u0161nih organizacija HAZ-a. Osijek, Zagreb, Rijeka, HKS i Split iznijeli su svoje projekte i aktivnosti u nadolaze\u0107oj godini. Prezentirano je vi\u0161e od 30 projekata koji \u0107e se u obliku edukacija, radionica, konferencija, kongresa, <em>pub <\/em>kvizova, humanitarnih akcija, portala i <em>podcasta<\/em> aktivno provoditi tijekom cijele godine, a prije po\u010detka projektnog djelovanja u sve \u0107e se sveu\u010dili\u0161ne sastavnice kroz regrutaciju uklju\u010diti novi budu\u0107i akademski gra\u0111ani.<\/p>\n\n\n<div class=\"wp-block-image\">\n<figure class=\"alignright is-resized\"><img decoding=\"async\" src=\"https:\/\/www.haz.hr\/wp-content\/uploads\/2022\/10\/IMG-20221001-WA0026-1-1024x682.jpg\" alt=\"\" class=\"wp-image-2012\" width=\"365\" height=\"243\"\/><\/figure>\n<\/div>\n\n\n<p class=\"wp-block-paragraph\">Nakon predstavljanja planova i programa, nacionalna dopredsjednica HAZ-a Dora Miketek odr\u017eala je predavanje <em>Od lobiranja do uspjeha<\/em>, kojim je pribli\u017eila studentima zaposlenje profesionalnog lobista i potaknula diskusiju tijekom koje su studenti uvidjeli da je ustvari lobiranje dio njihove svakodnevnice, a o \u010demu se nastavilo pri\u010dati i nakon kraja formalnog dijela programa. Uslijedila su predavanja nacionalnog dopredsjednika Adriana Pozni\u0107a <em>Od kvarta do starta <\/em>te predstavljanje nacionalne strategije HAZ-a za PR koju su iznijeli Filip Marinovi\u0107 i Lovro Matkovi\u0107, \u010dlanovi Ureda za odnose s javno\u0161\u0107u. Popodnevni dio programa bio je posve\u0107en polemici o iznesenoj problematici vezanoj uz studentski rad, obja\u0161njenoj u petak, a za koju su se studenti ostatak dana pripremali. Tema je bila nu\u017enost studentskih ugovora i studentskih servisa kao posrednika te koje potencijalne alternative mogu poslu\u017eiti kao dobra zamjena na zadovoljstvo studenata, poslodavaca i dr\u017eave. Podijeljeni u timove razli\u010ditih strana, \u010dlanovi su suradnjom i zajedni\u010dkim promi\u0161ljanjima pripremili svoje argumente za diskusiju, a radionicom je moderirala Dora Miketek. S obzirom da se ve\u0107ina studenata prvi put susrela sa debatiranjem i diskutiranjem na zadanu temu, slo\u017eili su se kako je ovo bilo interesantno   iskustvo koje svakako treba ponoviti, a tema je prepoznata kao vi\u0161e nego potrebna za daljnji razgovor.  Po zavr\u0161etku radionice uslijedila je ve\u010dera i slobodno vrijeme za dru\u017eenje koje su \u010dlanovi proveli smi\u0161ljaju\u0107i zajedni\u010dke projekte i raspisuju\u0107i ideje za nadolaze\u0107u godinu. Produktivna i edukativna, subota zaokru\u017eena je dru\u017eenjem u le\u017eernijem obliku i slobodnijem integriranju \u010dlanstva.<\/p>\n\n\n<div class=\"wp-block-image\">\n<figure class=\"alignleft is-resized\"><img decoding=\"async\" src=\"https:\/\/www.haz.hr\/wp-content\/uploads\/2022\/10\/IMG-20221001-WA0029-1024x768.jpg\" alt=\"\" class=\"wp-image-2010\" width=\"353\" height=\"265\"\/><\/figure>\n<\/div>\n\n\n<p class=\"wp-block-paragraph\">Zadnjeg dana Akademije, u nedjelju, 2. listopada predstavljen je zaklju\u010dak subotnje radionice i izneseni su rezultati rada po timovima. Uslijedilo je slobodno vrijeme koje su \u010dlanovi iskoristili za dodatno povezivanje, a zatim je do\u0161lo vrijeme za povratak. <\/p>\n\n\n\n<p class=\"wp-block-paragraph\">Kontinuitet Akademije u Stobre\u010du odli\u010dna je spona akademskog i neformalnog, studenata i alumnija te \u0161ire zajednice kroz partnere i prijatelje. Ve\u0107ina studenata prvi je put sudjelovala na Akademiji te do sada nisu imali prilika za upoznavanje i povezivanje sa kolegama iz drugih gradova. Dojmovi su iznimno pozitivni, pa je Akademija osim svoje edukativne svrhe zasigurno mnoge studente dodatno potaknula na studentski aktivizam i djelovanje u korist zajednice. <\/p>\n\n\n\n<p class=\"wp-block-paragraph\">Iskustva studenata:<\/p>\n\n\n\n<p class=\"wp-block-paragraph\">\u201eI kad\nmisli\u0161 da te ni\u0161ta ne mo\u017ee iznenaditi, dogodi se Stobre\u010d. Jedno lijepo i\nnezaboravno iskustvo koje \u0107u svakako pamtiti i nadam se da \u0107u i sljede\u0107e godine\nimati priliku sudjelovati u istom.\u201c<\/p>\n\n\n\n<p class=\"wp-block-paragraph\"><em>&nbsp;&nbsp;&nbsp;&nbsp;&nbsp;&nbsp;&nbsp;&nbsp;&nbsp;&nbsp; &#8211; Monika Hukavec, \u010dlanica HAZ-a na\nEkonomskom fakultetu u Zagrebu<\/em><\/p>\n\n\n\n<p class=\"wp-block-paragraph\">\u201eBoravak\nu Stobre\u010du i sudjelovanje na HAZ &amp; HSS Akademiji bilo je edukativno i\nmotiviraju\u0107e iskustvo te je to bila jedinstvena prilika da se \u010dlanovi upoznaju\ni po\u010dnu graditi odnose, cjelo\u017eivotna poznanstva i prijateljstva.\u201c<\/p>\n\n\n\n<p class=\"wp-block-paragraph\"><em>&#8211;\nMarko Re\u0161etar Rudi\u0107, predsjednika HAZ-a UniOs<\/em><\/p>\n\n\n\n<p class=\"wp-block-paragraph\">\u201eOkupljanje\naktivnih \u010dlanova iz ogranaka diljem RH pridonijela je suradnji \u010dlanova, ali i\nrazvoju projekata. U nadolaze\u0107oj akademskoj godini zbog ovog susreta o\u010dekujemo\nbrojna iznena\u0111enja, zanimljive projekte i razan sadr\u017eaj uz pomo\u0107 kojeg \u0107emo HAZ\npodi\u0107i na novu razinu.\u201c<\/p>\n\n\n\n<p class=\"wp-block-paragraph\"><em>&#8211;\nAntea Kr\u0161ek, predsjednica HAZ-a UniRi<\/em><\/p>\n\n\n\n<p class=\"wp-block-paragraph\">\u201eOsim\nformalnosti, iskazana je iznimna razina podr\u0161ke, pozitivne energije i ljubavi\nprema \u010dlanovima i me\u0111u \u010dlanovima. Osim motivacije u akademskom smislu, Hrvatska\nakademska zajednica mi je postala obitelj.\u201c<\/p>\n\n\n\n<p class=\"wp-block-paragraph\"><em>&#8211;\npredsjedni\u0161tvo HAZ-a UniZg<\/em><\/p>\n\n\n\n<p class=\"wp-block-paragraph\">Predivno\nje vidjeti toliko studenata koji konstantno te\u017ee razvoju i unaprje\u0111enju\nvlastitih znanja. Radit \u0107emo na tome da im se omogu\u0107e uvjeti za to. Mo\u017eda bi\nStobre\u010d trebali ponoviti par puta godi\u0161nje!\u201d<\/p>\n\n\n\n<p class=\"wp-block-paragraph\"><em>&#8211;\nIvan Pnjak, Glavni tajnik HAZ-a<\/em><\/p>\n\n\n\n<p class=\"wp-block-paragraph\">Nije bilo potrebno mnogo da studenti u\u0111u u diskusije, upoznaju se i krenu graditi prijateljstva, ali i suradnje koje \u0107e, sigurni smo, pratiti ih kroz \u010ditavo djelovanje unutar Hrvatske akademske zajednice te kasnije u \u017eivotu.<\/p>\n\n\n\n<figure class=\"wp-block-image\"><img decoding=\"async\" src=\"https:\/\/www.haz.hr\/wp-content\/uploads\/2022\/10\/IMG-20221002-WA0060-1024x768.jpg\" alt=\"\" class=\"wp-image-2003\"\/><\/figure>","protected":false},"excerpt":{"rendered":"<p>Hrvatska akademska zajednica i Ured Zaklade Hanns Seidel Stiftung u Hrvatskoj organizirali su, sada ve\u0107 tradicionalnu, Akademiju u Splitu i Stobre\u010du, \u010diji je naglasak ove godine bio usmjeren na mlade [&hellip;]<\/p>\n","protected":false},"author":1,"featured_media":2435,"comment_status":"closed","ping_status":"open","sticky":true,"template":"","format":"standard","meta":{"footnotes":""},"categories":[14],"tags":[30,29],"class_list":["post-1998","post","type-post","status-publish","format-standard","has-post-thumbnail","hentry","category-haz-novosti","tag-akademija","tag-hss"],"yoast_head":"<!-- This site is optimized with the Yoast SEO plugin v23.7 - https:\/\/yoast.com\/wordpress\/plugins\/seo\/ -->\n<title>HAZ &amp; HSS Akademija 2022. The position of youth in the future EU labor market Split, 30. rujan \u2013 2. listopad 2022. - HAZ<\/title>\n<meta name=\"robots\" content=\"index, follow, max-snippet:-1, max-image-preview:large, max-video-preview:-1\" \/>\n<link rel=\"canonical\" href=\"https:\/\/haz.hr\/en\/2022\/10\/11\/haz-hss-akademija-2022-the-position-of-youth-in-the-future-eu-labor-market-split-30-rujan-2-listopad-2022\/\" \/>\n<meta property=\"og:locale\" content=\"en_GB\" \/>\n<meta property=\"og:type\" content=\"article\" \/>\n<meta property=\"og:title\" content=\"HAZ &amp; HSS Akademija 2022. The position of youth in the future EU labor market Split, 30. rujan \u2013 2. listopad 2022. - HAZ\" \/>\n<meta property=\"og:description\" content=\"Hrvatska akademska zajednica i Ured Zaklade Hanns Seidel Stiftung u Hrvatskoj organizirali su, sada ve\u0107 tradicionalnu, Akademiju u Splitu i Stobre\u010du, \u010diji je naglasak ove godine bio usmjeren na mlade [&hellip;]\" \/>\n<meta property=\"og:url\" content=\"https:\/\/haz.hr\/en\/2022\/10\/11\/haz-hss-akademija-2022-the-position-of-youth-in-the-future-eu-labor-market-split-30-rujan-2-listopad-2022\/\" \/>\n<meta property=\"og:site_name\" content=\"HAZ\" \/>\n<meta property=\"article:published_time\" content=\"2022-10-11T10:47:12+00:00\" \/>\n<meta property=\"article:modified_time\" content=\"2023-02-09T13:41:14+00:00\" \/>\n<meta property=\"og:image\" content=\"https:\/\/haz.hr\/wp-content\/uploads\/2022\/10\/IMG-20220930-WA0018-300x169-1.jpg\" \/>\n\t<meta property=\"og:image:width\" content=\"300\" \/>\n\t<meta property=\"og:image:height\" content=\"169\" \/>\n\t<meta property=\"og:image:type\" content=\"image\/jpeg\" \/>\n<meta name=\"author\" content=\"JT-design\" \/>\n<meta name=\"twitter:card\" content=\"summary_large_image\" \/>\n<meta name=\"twitter:label1\" content=\"Written by\" \/>\n\t<meta name=\"twitter:data1\" content=\"JT-design\" \/>\n\t<meta name=\"twitter:label2\" content=\"Est. reading time\" \/>\n\t<meta name=\"twitter:data2\" content=\"6 minutes\" \/>\n<script type=\"application\/ld+json\" class=\"yoast-schema-graph\">{\"@context\":\"https:\/\/schema.org\",\"@graph\":[{\"@type\":\"Article\",\"@id\":\"https:\/\/haz.hr\/2022\/10\/11\/haz-hss-akademija-2022-the-position-of-youth-in-the-future-eu-labor-market-split-30-rujan-2-listopad-2022\/#article\",\"isPartOf\":{\"@id\":\"https:\/\/haz.hr\/2022\/10\/11\/haz-hss-akademija-2022-the-position-of-youth-in-the-future-eu-labor-market-split-30-rujan-2-listopad-2022\/\"},\"author\":{\"name\":\"JT-design\",\"@id\":\"https:\/\/haz.hr\/#\/schema\/person\/438892ce514665613f7cd5bb7a19213a\"},\"headline\":\"HAZ &#038; HSS Akademija 2022. The position of youth in the future EU labor market Split, 30. rujan \u2013 2. listopad 2022.\",\"datePublished\":\"2022-10-11T10:47:12+00:00\",\"dateModified\":\"2023-02-09T13:41:14+00:00\",\"mainEntityOfPage\":{\"@id\":\"https:\/\/haz.hr\/2022\/10\/11\/haz-hss-akademija-2022-the-position-of-youth-in-the-future-eu-labor-market-split-30-rujan-2-listopad-2022\/\"},\"wordCount\":1165,\"publisher\":{\"@id\":\"https:\/\/haz.hr\/#organization\"},\"image\":{\"@id\":\"https:\/\/haz.hr\/2022\/10\/11\/haz-hss-akademija-2022-the-position-of-youth-in-the-future-eu-labor-market-split-30-rujan-2-listopad-2022\/#primaryimage\"},\"thumbnailUrl\":\"https:\/\/haz.hr\/wp-content\/uploads\/2022\/10\/IMG-20220930-WA0018-300x169-1.jpg\",\"keywords\":[\"AKADEMIJA\",\"HSS\"],\"articleSection\":[\"HAZ novosti\"],\"inLanguage\":\"en-GB\"},{\"@type\":\"WebPage\",\"@id\":\"https:\/\/haz.hr\/2022\/10\/11\/haz-hss-akademija-2022-the-position-of-youth-in-the-future-eu-labor-market-split-30-rujan-2-listopad-2022\/\",\"url\":\"https:\/\/haz.hr\/2022\/10\/11\/haz-hss-akademija-2022-the-position-of-youth-in-the-future-eu-labor-market-split-30-rujan-2-listopad-2022\/\",\"name\":\"HAZ & HSS Akademija 2022. The position of youth in the future EU labor market Split, 30. rujan \u2013 2. listopad 2022. - HAZ\",\"isPartOf\":{\"@id\":\"https:\/\/haz.hr\/#website\"},\"primaryImageOfPage\":{\"@id\":\"https:\/\/haz.hr\/2022\/10\/11\/haz-hss-akademija-2022-the-position-of-youth-in-the-future-eu-labor-market-split-30-rujan-2-listopad-2022\/#primaryimage\"},\"image\":{\"@id\":\"https:\/\/haz.hr\/2022\/10\/11\/haz-hss-akademija-2022-the-position-of-youth-in-the-future-eu-labor-market-split-30-rujan-2-listopad-2022\/#primaryimage\"},\"thumbnailUrl\":\"https:\/\/haz.hr\/wp-content\/uploads\/2022\/10\/IMG-20220930-WA0018-300x169-1.jpg\",\"datePublished\":\"2022-10-11T10:47:12+00:00\",\"dateModified\":\"2023-02-09T13:41:14+00:00\",\"breadcrumb\":{\"@id\":\"https:\/\/haz.hr\/2022\/10\/11\/haz-hss-akademija-2022-the-position-of-youth-in-the-future-eu-labor-market-split-30-rujan-2-listopad-2022\/#breadcrumb\"},\"inLanguage\":\"en-GB\",\"potentialAction\":[{\"@type\":\"ReadAction\",\"target\":[\"https:\/\/haz.hr\/2022\/10\/11\/haz-hss-akademija-2022-the-position-of-youth-in-the-future-eu-labor-market-split-30-rujan-2-listopad-2022\/\"]}]},{\"@type\":\"ImageObject\",\"inLanguage\":\"en-GB\",\"@id\":\"https:\/\/haz.hr\/2022\/10\/11\/haz-hss-akademija-2022-the-position-of-youth-in-the-future-eu-labor-market-split-30-rujan-2-listopad-2022\/#primaryimage\",\"url\":\"https:\/\/haz.hr\/wp-content\/uploads\/2022\/10\/IMG-20220930-WA0018-300x169-1.jpg\",\"contentUrl\":\"https:\/\/haz.hr\/wp-content\/uploads\/2022\/10\/IMG-20220930-WA0018-300x169-1.jpg\",\"width\":300,\"height\":169},{\"@type\":\"BreadcrumbList\",\"@id\":\"https:\/\/haz.hr\/2022\/10\/11\/haz-hss-akademija-2022-the-position-of-youth-in-the-future-eu-labor-market-split-30-rujan-2-listopad-2022\/#breadcrumb\",\"itemListElement\":[{\"@type\":\"ListItem\",\"position\":1,\"name\":\"Home\",\"item\":\"https:\/\/haz.hr\/\"},{\"@type\":\"ListItem\",\"position\":2,\"name\":\"HAZ &#038; HSS Akademija 2022. The position of youth in the future EU labor market Split, 30. rujan \u2013 2. listopad 2022.\"}]},{\"@type\":\"WebSite\",\"@id\":\"https:\/\/haz.hr\/#website\",\"url\":\"https:\/\/haz.hr\/\",\"name\":\"HAZ\",\"description\":\"Hrvatska akademska zajednica\",\"publisher\":{\"@id\":\"https:\/\/haz.hr\/#organization\"},\"potentialAction\":[{\"@type\":\"SearchAction\",\"target\":{\"@type\":\"EntryPoint\",\"urlTemplate\":\"https:\/\/haz.hr\/?s={search_term_string}\"},\"query-input\":{\"@type\":\"PropertyValueSpecification\",\"valueRequired\":true,\"valueName\":\"search_term_string\"}}],\"inLanguage\":\"en-GB\"},{\"@type\":\"Organization\",\"@id\":\"https:\/\/haz.hr\/#organization\",\"name\":\"HAZ\",\"url\":\"https:\/\/haz.hr\/\",\"logo\":{\"@type\":\"ImageObject\",\"inLanguage\":\"en-GB\",\"@id\":\"https:\/\/haz.hr\/#\/schema\/logo\/image\/\",\"url\":\"https:\/\/haz.hr\/wp-content\/uploads\/2022\/12\/cropped-HAZ_logo.png\",\"contentUrl\":\"https:\/\/haz.hr\/wp-content\/uploads\/2022\/12\/cropped-HAZ_logo.png\",\"width\":125,\"height\":76,\"caption\":\"HAZ\"},\"image\":{\"@id\":\"https:\/\/haz.hr\/#\/schema\/logo\/image\/\"}},{\"@type\":\"Person\",\"@id\":\"https:\/\/haz.hr\/#\/schema\/person\/438892ce514665613f7cd5bb7a19213a\",\"name\":\"JT-design\",\"image\":{\"@type\":\"ImageObject\",\"inLanguage\":\"en-GB\",\"@id\":\"https:\/\/haz.hr\/#\/schema\/person\/image\/\",\"url\":\"https:\/\/secure.gravatar.com\/avatar\/0032728fc07181d052d653eb6ce26d3ff30f5b1c7d867e6fb82eb66a6fc50646?s=96&d=mm&r=g\",\"contentUrl\":\"https:\/\/secure.gravatar.com\/avatar\/0032728fc07181d052d653eb6ce26d3ff30f5b1c7d867e6fb82eb66a6fc50646?s=96&d=mm&r=g\",\"caption\":\"JT-design\"},\"sameAs\":[\"https:\/\/haz.hr\"],\"url\":\"https:\/\/haz.hr\/en\/author\/jt-design\/\"}]}<\/script>\n<!-- \/ Yoast SEO plugin. -->","yoast_head_json":{"title":"HAZ & HSS Akademija 2022. The position of youth in the future EU labor market Split, 30. rujan \u2013 2. listopad 2022. - HAZ","robots":{"index":"index","follow":"follow","max-snippet":"max-snippet:-1","max-image-preview":"max-image-preview:large","max-video-preview":"max-video-preview:-1"},"canonical":"https:\/\/haz.hr\/en\/2022\/10\/11\/haz-hss-akademija-2022-the-position-of-youth-in-the-future-eu-labor-market-split-30-rujan-2-listopad-2022\/","og_locale":"en_GB","og_type":"article","og_title":"HAZ & HSS Akademija 2022. The position of youth in the future EU labor market Split, 30. rujan \u2013 2. listopad 2022. - HAZ","og_description":"Hrvatska akademska zajednica i Ured Zaklade Hanns Seidel Stiftung u Hrvatskoj organizirali su, sada ve\u0107 tradicionalnu, Akademiju u Splitu i Stobre\u010du, \u010diji je naglasak ove godine bio usmjeren na mlade [&hellip;]","og_url":"https:\/\/haz.hr\/en\/2022\/10\/11\/haz-hss-akademija-2022-the-position-of-youth-in-the-future-eu-labor-market-split-30-rujan-2-listopad-2022\/","og_site_name":"HAZ","article_published_time":"2022-10-11T10:47:12+00:00","article_modified_time":"2023-02-09T13:41:14+00:00","og_image":[{"width":300,"height":169,"url":"https:\/\/haz.hr\/wp-content\/uploads\/2022\/10\/IMG-20220930-WA0018-300x169-1.jpg","type":"image\/jpeg"}],"author":"JT-design","twitter_card":"summary_large_image","twitter_misc":{"Written by":"JT-design","Est. reading time":"6 minutes"},"schema":{"@context":"https:\/\/schema.org","@graph":[{"@type":"Article","@id":"https:\/\/haz.hr\/2022\/10\/11\/haz-hss-akademija-2022-the-position-of-youth-in-the-future-eu-labor-market-split-30-rujan-2-listopad-2022\/#article","isPartOf":{"@id":"https:\/\/haz.hr\/2022\/10\/11\/haz-hss-akademija-2022-the-position-of-youth-in-the-future-eu-labor-market-split-30-rujan-2-listopad-2022\/"},"author":{"name":"JT-design","@id":"https:\/\/haz.hr\/#\/schema\/person\/438892ce514665613f7cd5bb7a19213a"},"headline":"HAZ &#038; HSS Akademija 2022. The position of youth in the future EU labor market Split, 30. rujan \u2013 2. listopad 2022.","datePublished":"2022-10-11T10:47:12+00:00","dateModified":"2023-02-09T13:41:14+00:00","mainEntityOfPage":{"@id":"https:\/\/haz.hr\/2022\/10\/11\/haz-hss-akademija-2022-the-position-of-youth-in-the-future-eu-labor-market-split-30-rujan-2-listopad-2022\/"},"wordCount":1165,"publisher":{"@id":"https:\/\/haz.hr\/#organization"},"image":{"@id":"https:\/\/haz.hr\/2022\/10\/11\/haz-hss-akademija-2022-the-position-of-youth-in-the-future-eu-labor-market-split-30-rujan-2-listopad-2022\/#primaryimage"},"thumbnailUrl":"https:\/\/haz.hr\/wp-content\/uploads\/2022\/10\/IMG-20220930-WA0018-300x169-1.jpg","keywords":["AKADEMIJA","HSS"],"articleSection":["HAZ novosti"],"inLanguage":"en-GB"},{"@type":"WebPage","@id":"https:\/\/haz.hr\/2022\/10\/11\/haz-hss-akademija-2022-the-position-of-youth-in-the-future-eu-labor-market-split-30-rujan-2-listopad-2022\/","url":"https:\/\/haz.hr\/2022\/10\/11\/haz-hss-akademija-2022-the-position-of-youth-in-the-future-eu-labor-market-split-30-rujan-2-listopad-2022\/","name":"HAZ & HSS Akademija 2022. The position of youth in the future EU labor market Split, 30. rujan \u2013 2. listopad 2022. - HAZ","isPartOf":{"@id":"https:\/\/haz.hr\/#website"},"primaryImageOfPage":{"@id":"https:\/\/haz.hr\/2022\/10\/11\/haz-hss-akademija-2022-the-position-of-youth-in-the-future-eu-labor-market-split-30-rujan-2-listopad-2022\/#primaryimage"},"image":{"@id":"https:\/\/haz.hr\/2022\/10\/11\/haz-hss-akademija-2022-the-position-of-youth-in-the-future-eu-labor-market-split-30-rujan-2-listopad-2022\/#primaryimage"},"thumbnailUrl":"https:\/\/haz.hr\/wp-content\/uploads\/2022\/10\/IMG-20220930-WA0018-300x169-1.jpg","datePublished":"2022-10-11T10:47:12+00:00","dateModified":"2023-02-09T13:41:14+00:00","breadcrumb":{"@id":"https:\/\/haz.hr\/2022\/10\/11\/haz-hss-akademija-2022-the-position-of-youth-in-the-future-eu-labor-market-split-30-rujan-2-listopad-2022\/#breadcrumb"},"inLanguage":"en-GB","potentialAction":[{"@type":"ReadAction","target":["https:\/\/haz.hr\/2022\/10\/11\/haz-hss-akademija-2022-the-position-of-youth-in-the-future-eu-labor-market-split-30-rujan-2-listopad-2022\/"]}]},{"@type":"ImageObject","inLanguage":"en-GB","@id":"https:\/\/haz.hr\/2022\/10\/11\/haz-hss-akademija-2022-the-position-of-youth-in-the-future-eu-labor-market-split-30-rujan-2-listopad-2022\/#primaryimage","url":"https:\/\/haz.hr\/wp-content\/uploads\/2022\/10\/IMG-20220930-WA0018-300x169-1.jpg","contentUrl":"https:\/\/haz.hr\/wp-content\/uploads\/2022\/10\/IMG-20220930-WA0018-300x169-1.jpg","width":300,"height":169},{"@type":"BreadcrumbList","@id":"https:\/\/haz.hr\/2022\/10\/11\/haz-hss-akademija-2022-the-position-of-youth-in-the-future-eu-labor-market-split-30-rujan-2-listopad-2022\/#breadcrumb","itemListElement":[{"@type":"ListItem","position":1,"name":"Home","item":"https:\/\/haz.hr\/"},{"@type":"ListItem","position":2,"name":"HAZ &#038; HSS Akademija 2022. The position of youth in the future EU labor market Split, 30. rujan \u2013 2. listopad 2022."}]},{"@type":"WebSite","@id":"https:\/\/haz.hr\/#website","url":"https:\/\/haz.hr\/","name":"HAZ","description":"Croatian Academic Community","publisher":{"@id":"https:\/\/haz.hr\/#organization"},"potentialAction":[{"@type":"SearchAction","target":{"@type":"EntryPoint","urlTemplate":"https:\/\/haz.hr\/?s={search_term_string}"},"query-input":{"@type":"PropertyValueSpecification","valueRequired":true,"valueName":"search_term_string"}}],"inLanguage":"en-GB"},{"@type":"Organization","@id":"https:\/\/haz.hr\/#organization","name":"HAZ","url":"https:\/\/haz.hr\/","logo":{"@type":"ImageObject","inLanguage":"en-GB","@id":"https:\/\/haz.hr\/#\/schema\/logo\/image\/","url":"https:\/\/haz.hr\/wp-content\/uploads\/2022\/12\/cropped-HAZ_logo.png","contentUrl":"https:\/\/haz.hr\/wp-content\/uploads\/2022\/12\/cropped-HAZ_logo.png","width":125,"height":76,"caption":"HAZ"},"image":{"@id":"https:\/\/haz.hr\/#\/schema\/logo\/image\/"}},{"@type":"Person","@id":"https:\/\/haz.hr\/#\/schema\/person\/438892ce514665613f7cd5bb7a19213a","name":"JT-design","image":{"@type":"ImageObject","inLanguage":"en-GB","@id":"https:\/\/haz.hr\/#\/schema\/person\/image\/","url":"https:\/\/secure.gravatar.com\/avatar\/0032728fc07181d052d653eb6ce26d3ff30f5b1c7d867e6fb82eb66a6fc50646?s=96&d=mm&r=g","contentUrl":"https:\/\/secure.gravatar.com\/avatar\/0032728fc07181d052d653eb6ce26d3ff30f5b1c7d867e6fb82eb66a6fc50646?s=96&d=mm&r=g","caption":"JT-design"},"sameAs":["https:\/\/haz.hr"],"url":"https:\/\/haz.hr\/en\/author\/jt-design\/"}]}},"_links":{"self":[{"href":"https:\/\/haz.hr\/en\/wp-json\/wp\/v2\/posts\/1998","targetHints":{"allow":["GET"]}}],"collection":[{"href":"https:\/\/haz.hr\/en\/wp-json\/wp\/v2\/posts"}],"about":[{"href":"https:\/\/haz.hr\/en\/wp-json\/wp\/v2\/types\/post"}],"author":[{"embeddable":true,"href":"https:\/\/haz.hr\/en\/wp-json\/wp\/v2\/users\/1"}],"replies":[{"embeddable":true,"href":"https:\/\/haz.hr\/en\/wp-json\/wp\/v2\/comments?post=1998"}],"version-history":[{"count":2,"href":"https:\/\/haz.hr\/en\/wp-json\/wp\/v2\/posts\/1998\/revisions"}],"predecessor-version":[{"id":2797,"href":"https:\/\/haz.hr\/en\/wp-json\/wp\/v2\/posts\/1998\/revisions\/2797"}],"wp:featuredmedia":[{"embeddable":true,"href":"https:\/\/haz.hr\/en\/wp-json\/wp\/v2\/media\/2435"}],"wp:attachment":[{"href":"https:\/\/haz.hr\/en\/wp-json\/wp\/v2\/media?parent=1998"}],"wp:term":[{"taxonomy":"category","embeddable":true,"href":"https:\/\/haz.hr\/en\/wp-json\/wp\/v2\/categories?post=1998"},{"taxonomy":"post_tag","embeddable":true,"href":"https:\/\/haz.hr\/en\/wp-json\/wp\/v2\/tags?post=1998"}],"curies":[{"name":"wp","href":"https:\/\/api.w.org\/{rel}","templated":true}]}}