{"id":2357,"date":"2017-06-30T00:00:22","date_gmt":"2017-06-29T23:00:22","guid":{"rendered":"http:\/\/haz.hr\/?p=70"},"modified":"2023-02-09T13:33:21","modified_gmt":"2023-02-09T13:33:21","slug":"cestitamo-prof-dr-sc-zoranu-tomicu-na-izboru-za-rektora-sveucilista-u-mostaru","status":"publish","type":"post","link":"https:\/\/haz.hr\/en\/2017\/06\/30\/cestitamo-prof-dr-sc-zoranu-tomicu-na-izboru-za-rektora-sveucilista-u-mostaru\/","title":{"rendered":"\u010cestitamo prof.dr.sc. Zoranu Tomi\u0107u na izboru za rektora Sveu\u010dili\u0161ta u Mostaru!"},"content":{"rendered":"<p class=\"wp-block-paragraph\">Tomi\u0107 je 1995. osnovao Hrvatsku akademsku zajednicu BiH.<\/p>\n\n\n\n<p class=\"wp-block-paragraph\">Zoran Tomi\u0107, redoviti je Sveu\u010dili\u0161ni profesor i aktualni dekan Filozofskog fakulteta u Mostaru. \u0160kolovao se na Sveu\u010dili\u0161tu u Mostaru, Zagrebu i Sarajevu. Programe izobrazbe pro\u0161ao je u SAD-u, Velikoj Britaniji i Njema\u010dkoj. Jedan je od najplodnijih znanstvenika na Sveu\u010dili\u0161tu u Mostaru. <\/p>\n\n\n\n<p class=\"wp-block-paragraph\">Napisao je 15 knjiga od kojih je pet ud\u017ebenika obvezna&nbsp;<span class=\"text_exposed_show\">literatura na brojnim Sveu\u010dili\u0161tima u BiH, Hrvatskoj i susjednim zemljama. Isti\u010du se: Odnosi s javno\u0161\u0107u-Teorija i praksa, Teorije odnosa s javno\u0161\u0107u, Politi\u010dki odnosi s javno\u0161\u0107u, Osnove politi\u010dkog komuniciranja, Politi\u010dki marketing, Izborni marketing, Izbori u BiH, Javno komuniciranje, PR blog i dr.<\/span><\/p>\n\n\n\n<p class=\"wp-block-paragraph\"><span class=\"text_exposed_show\">Tako\u0111er je objavio vi\u0161e od 70 znanstvenih i stru\u010dnih radova, sudjelovao i izlagao na brojnim znanstvenim konferencijama u domovini i inozemstvu. <\/span><\/p>\n\n\n\n<p class=\"wp-block-paragraph\"><span class=\"text_exposed_show\">Poznati je politi\u010dki i medijski analiti\u010dar i nastupao je na brojnim nacionalnim TV ku\u0107ama. \u010clan je Vije\u0107a za znanost BiH, Upravnog odbora Agencije za razvitak visokog obrazovanja i unapre\u0111enju kvalitete BiH, suradnik Hrvatske akademije za znanost i umjetnost u BiH. Profesor je i na Sveu\u010dili\u0161tu u Zagrebu i Sveu\u010dili\u0161tu u Dubrovniku. Za svoj rad dobio je vi\u0161e doma\u0107ih i me\u0111unarodnih nagrada. Ro\u0111en je u Ljubu\u0161kom a \u017eivi u Mostaru.<\/span><\/p>","protected":false},"excerpt":{"rendered":"<p>Tomi\u0107 je 1995. osnovao Hrvatsku akademsku zajednicu BiH. Zoran Tomi\u0107, redoviti je Sveu\u010dili\u0161ni profesor i aktualni dekan Filozofskog fakulteta u Mostaru. \u0160kolovao se na Sveu\u010dili\u0161tu u Mostaru, Zagrebu i Sarajevu. [&hellip;]<\/p>\n","protected":false},"author":1,"featured_media":2281,"comment_status":"open","ping_status":"open","sticky":false,"template":"","format":"standard","meta":{"footnotes":""},"categories":[14],"tags":[],"class_list":["post-2357","post","type-post","status-publish","format-standard","has-post-thumbnail","hentry","category-haz-novosti"],"yoast_head":"<!-- This site is optimized with the Yoast SEO plugin v23.7 - https:\/\/yoast.com\/wordpress\/plugins\/seo\/ -->\n<title>\u010cestitamo prof.dr.sc. Zoranu Tomi\u0107u na izboru za rektora Sveu\u010dili\u0161ta u Mostaru! - HAZ<\/title>\n<meta name=\"robots\" content=\"index, follow, max-snippet:-1, max-image-preview:large, max-video-preview:-1\" \/>\n<link rel=\"canonical\" href=\"https:\/\/haz.hr\/en\/2017\/06\/30\/cestitamo-prof-dr-sc-zoranu-tomicu-na-izboru-za-rektora-sveucilista-u-mostaru\/\" \/>\n<meta property=\"og:locale\" content=\"en_GB\" \/>\n<meta property=\"og:type\" content=\"article\" \/>\n<meta property=\"og:title\" content=\"\u010cestitamo prof.dr.sc. Zoranu Tomi\u0107u na izboru za rektora Sveu\u010dili\u0161ta u Mostaru! - HAZ\" \/>\n<meta property=\"og:description\" content=\"Tomi\u0107 je 1995. osnovao Hrvatsku akademsku zajednicu BiH. Zoran Tomi\u0107, redoviti je Sveu\u010dili\u0161ni profesor i aktualni dekan Filozofskog fakulteta u Mostaru. \u0160kolovao se na Sveu\u010dili\u0161tu u Mostaru, Zagrebu i Sarajevu. [&hellip;]\" \/>\n<meta property=\"og:url\" content=\"https:\/\/haz.hr\/en\/2017\/06\/30\/cestitamo-prof-dr-sc-zoranu-tomicu-na-izboru-za-rektora-sveucilista-u-mostaru\/\" \/>\n<meta property=\"og:site_name\" content=\"HAZ\" \/>\n<meta property=\"article:published_time\" content=\"2017-06-29T23:00:22+00:00\" \/>\n<meta property=\"article:modified_time\" content=\"2023-02-09T13:33:21+00:00\" \/>\n<meta property=\"og:image\" content=\"https:\/\/haz.hr\/wp-content\/uploads\/2017\/08\/drsc_zoran-tomic.jpg\" \/>\n\t<meta property=\"og:image:width\" content=\"800\" \/>\n\t<meta property=\"og:image:height\" content=\"536\" \/>\n\t<meta property=\"og:image:type\" content=\"image\/jpeg\" \/>\n<meta name=\"author\" content=\"JT-design\" \/>\n<meta name=\"twitter:card\" content=\"summary_large_image\" \/>\n<meta name=\"twitter:label1\" content=\"Written by\" \/>\n\t<meta name=\"twitter:data1\" content=\"JT-design\" \/>\n\t<meta name=\"twitter:label2\" content=\"Est. reading time\" \/>\n\t<meta name=\"twitter:data2\" content=\"1 minute\" \/>\n<script type=\"application\/ld+json\" class=\"yoast-schema-graph\">{\"@context\":\"https:\/\/schema.org\",\"@graph\":[{\"@type\":\"Article\",\"@id\":\"https:\/\/haz.hr\/2017\/06\/30\/cestitamo-prof-dr-sc-zoranu-tomicu-na-izboru-za-rektora-sveucilista-u-mostaru\/#article\",\"isPartOf\":{\"@id\":\"https:\/\/haz.hr\/2017\/06\/30\/cestitamo-prof-dr-sc-zoranu-tomicu-na-izboru-za-rektora-sveucilista-u-mostaru\/\"},\"author\":{\"name\":\"JT-design\",\"@id\":\"https:\/\/haz.hr\/#\/schema\/person\/438892ce514665613f7cd5bb7a19213a\"},\"headline\":\"\u010cestitamo prof.dr.sc. Zoranu Tomi\u0107u na izboru za rektora Sveu\u010dili\u0161ta u Mostaru!\",\"datePublished\":\"2017-06-29T23:00:22+00:00\",\"dateModified\":\"2023-02-09T13:33:21+00:00\",\"mainEntityOfPage\":{\"@id\":\"https:\/\/haz.hr\/2017\/06\/30\/cestitamo-prof-dr-sc-zoranu-tomicu-na-izboru-za-rektora-sveucilista-u-mostaru\/\"},\"wordCount\":239,\"commentCount\":0,\"publisher\":{\"@id\":\"https:\/\/haz.hr\/#organization\"},\"image\":{\"@id\":\"https:\/\/haz.hr\/2017\/06\/30\/cestitamo-prof-dr-sc-zoranu-tomicu-na-izboru-za-rektora-sveucilista-u-mostaru\/#primaryimage\"},\"thumbnailUrl\":\"https:\/\/haz.hr\/wp-content\/uploads\/2017\/08\/drsc_zoran-tomic.jpg\",\"articleSection\":[\"HAZ novosti\"],\"inLanguage\":\"en-GB\",\"potentialAction\":[{\"@type\":\"CommentAction\",\"name\":\"Comment\",\"target\":[\"https:\/\/haz.hr\/2017\/06\/30\/cestitamo-prof-dr-sc-zoranu-tomicu-na-izboru-za-rektora-sveucilista-u-mostaru\/#respond\"]}]},{\"@type\":\"WebPage\",\"@id\":\"https:\/\/haz.hr\/2017\/06\/30\/cestitamo-prof-dr-sc-zoranu-tomicu-na-izboru-za-rektora-sveucilista-u-mostaru\/\",\"url\":\"https:\/\/haz.hr\/2017\/06\/30\/cestitamo-prof-dr-sc-zoranu-tomicu-na-izboru-za-rektora-sveucilista-u-mostaru\/\",\"name\":\"\u010cestitamo prof.dr.sc. Zoranu Tomi\u0107u na izboru za rektora Sveu\u010dili\u0161ta u Mostaru! - HAZ\",\"isPartOf\":{\"@id\":\"https:\/\/haz.hr\/#website\"},\"primaryImageOfPage\":{\"@id\":\"https:\/\/haz.hr\/2017\/06\/30\/cestitamo-prof-dr-sc-zoranu-tomicu-na-izboru-za-rektora-sveucilista-u-mostaru\/#primaryimage\"},\"image\":{\"@id\":\"https:\/\/haz.hr\/2017\/06\/30\/cestitamo-prof-dr-sc-zoranu-tomicu-na-izboru-za-rektora-sveucilista-u-mostaru\/#primaryimage\"},\"thumbnailUrl\":\"https:\/\/haz.hr\/wp-content\/uploads\/2017\/08\/drsc_zoran-tomic.jpg\",\"datePublished\":\"2017-06-29T23:00:22+00:00\",\"dateModified\":\"2023-02-09T13:33:21+00:00\",\"breadcrumb\":{\"@id\":\"https:\/\/haz.hr\/2017\/06\/30\/cestitamo-prof-dr-sc-zoranu-tomicu-na-izboru-za-rektora-sveucilista-u-mostaru\/#breadcrumb\"},\"inLanguage\":\"en-GB\",\"potentialAction\":[{\"@type\":\"ReadAction\",\"target\":[\"https:\/\/haz.hr\/2017\/06\/30\/cestitamo-prof-dr-sc-zoranu-tomicu-na-izboru-za-rektora-sveucilista-u-mostaru\/\"]}]},{\"@type\":\"ImageObject\",\"inLanguage\":\"en-GB\",\"@id\":\"https:\/\/haz.hr\/2017\/06\/30\/cestitamo-prof-dr-sc-zoranu-tomicu-na-izboru-za-rektora-sveucilista-u-mostaru\/#primaryimage\",\"url\":\"https:\/\/haz.hr\/wp-content\/uploads\/2017\/08\/drsc_zoran-tomic.jpg\",\"contentUrl\":\"https:\/\/haz.hr\/wp-content\/uploads\/2017\/08\/drsc_zoran-tomic.jpg\",\"width\":800,\"height\":536,\"caption\":\"\"},{\"@type\":\"BreadcrumbList\",\"@id\":\"https:\/\/haz.hr\/2017\/06\/30\/cestitamo-prof-dr-sc-zoranu-tomicu-na-izboru-za-rektora-sveucilista-u-mostaru\/#breadcrumb\",\"itemListElement\":[{\"@type\":\"ListItem\",\"position\":1,\"name\":\"Home\",\"item\":\"https:\/\/haz.hr\/\"},{\"@type\":\"ListItem\",\"position\":2,\"name\":\"\u010cestitamo prof.dr.sc. Zoranu Tomi\u0107u na izboru za rektora Sveu\u010dili\u0161ta u Mostaru!\"}]},{\"@type\":\"WebSite\",\"@id\":\"https:\/\/haz.hr\/#website\",\"url\":\"https:\/\/haz.hr\/\",\"name\":\"HAZ\",\"description\":\"Hrvatska akademska zajednica\",\"publisher\":{\"@id\":\"https:\/\/haz.hr\/#organization\"},\"potentialAction\":[{\"@type\":\"SearchAction\",\"target\":{\"@type\":\"EntryPoint\",\"urlTemplate\":\"https:\/\/haz.hr\/?s={search_term_string}\"},\"query-input\":{\"@type\":\"PropertyValueSpecification\",\"valueRequired\":true,\"valueName\":\"search_term_string\"}}],\"inLanguage\":\"en-GB\"},{\"@type\":\"Organization\",\"@id\":\"https:\/\/haz.hr\/#organization\",\"name\":\"HAZ\",\"url\":\"https:\/\/haz.hr\/\",\"logo\":{\"@type\":\"ImageObject\",\"inLanguage\":\"en-GB\",\"@id\":\"https:\/\/haz.hr\/#\/schema\/logo\/image\/\",\"url\":\"https:\/\/haz.hr\/wp-content\/uploads\/2022\/12\/cropped-HAZ_logo.png\",\"contentUrl\":\"https:\/\/haz.hr\/wp-content\/uploads\/2022\/12\/cropped-HAZ_logo.png\",\"width\":125,\"height\":76,\"caption\":\"HAZ\"},\"image\":{\"@id\":\"https:\/\/haz.hr\/#\/schema\/logo\/image\/\"}},{\"@type\":\"Person\",\"@id\":\"https:\/\/haz.hr\/#\/schema\/person\/438892ce514665613f7cd5bb7a19213a\",\"name\":\"JT-design\",\"image\":{\"@type\":\"ImageObject\",\"inLanguage\":\"en-GB\",\"@id\":\"https:\/\/haz.hr\/#\/schema\/person\/image\/\",\"url\":\"https:\/\/secure.gravatar.com\/avatar\/0032728fc07181d052d653eb6ce26d3ff30f5b1c7d867e6fb82eb66a6fc50646?s=96&d=mm&r=g\",\"contentUrl\":\"https:\/\/secure.gravatar.com\/avatar\/0032728fc07181d052d653eb6ce26d3ff30f5b1c7d867e6fb82eb66a6fc50646?s=96&d=mm&r=g\",\"caption\":\"JT-design\"},\"sameAs\":[\"https:\/\/haz.hr\"],\"url\":\"https:\/\/haz.hr\/en\/author\/jt-design\/\"}]}<\/script>\n<!-- \/ Yoast SEO plugin. -->","yoast_head_json":{"title":"\u010cestitamo prof.dr.sc. Zoranu Tomi\u0107u na izboru za rektora Sveu\u010dili\u0161ta u Mostaru! - HAZ","robots":{"index":"index","follow":"follow","max-snippet":"max-snippet:-1","max-image-preview":"max-image-preview:large","max-video-preview":"max-video-preview:-1"},"canonical":"https:\/\/haz.hr\/en\/2017\/06\/30\/cestitamo-prof-dr-sc-zoranu-tomicu-na-izboru-za-rektora-sveucilista-u-mostaru\/","og_locale":"en_GB","og_type":"article","og_title":"\u010cestitamo prof.dr.sc. Zoranu Tomi\u0107u na izboru za rektora Sveu\u010dili\u0161ta u Mostaru! - HAZ","og_description":"Tomi\u0107 je 1995. osnovao Hrvatsku akademsku zajednicu BiH. Zoran Tomi\u0107, redoviti je Sveu\u010dili\u0161ni profesor i aktualni dekan Filozofskog fakulteta u Mostaru. \u0160kolovao se na Sveu\u010dili\u0161tu u Mostaru, Zagrebu i Sarajevu. [&hellip;]","og_url":"https:\/\/haz.hr\/en\/2017\/06\/30\/cestitamo-prof-dr-sc-zoranu-tomicu-na-izboru-za-rektora-sveucilista-u-mostaru\/","og_site_name":"HAZ","article_published_time":"2017-06-29T23:00:22+00:00","article_modified_time":"2023-02-09T13:33:21+00:00","og_image":[{"width":800,"height":536,"url":"https:\/\/haz.hr\/wp-content\/uploads\/2017\/08\/drsc_zoran-tomic.jpg","type":"image\/jpeg"}],"author":"JT-design","twitter_card":"summary_large_image","twitter_misc":{"Written by":"JT-design","Est. reading time":"1 minute"},"schema":{"@context":"https:\/\/schema.org","@graph":[{"@type":"Article","@id":"https:\/\/haz.hr\/2017\/06\/30\/cestitamo-prof-dr-sc-zoranu-tomicu-na-izboru-za-rektora-sveucilista-u-mostaru\/#article","isPartOf":{"@id":"https:\/\/haz.hr\/2017\/06\/30\/cestitamo-prof-dr-sc-zoranu-tomicu-na-izboru-za-rektora-sveucilista-u-mostaru\/"},"author":{"name":"JT-design","@id":"https:\/\/haz.hr\/#\/schema\/person\/438892ce514665613f7cd5bb7a19213a"},"headline":"\u010cestitamo prof.dr.sc. Zoranu Tomi\u0107u na izboru za rektora Sveu\u010dili\u0161ta u Mostaru!","datePublished":"2017-06-29T23:00:22+00:00","dateModified":"2023-02-09T13:33:21+00:00","mainEntityOfPage":{"@id":"https:\/\/haz.hr\/2017\/06\/30\/cestitamo-prof-dr-sc-zoranu-tomicu-na-izboru-za-rektora-sveucilista-u-mostaru\/"},"wordCount":239,"commentCount":0,"publisher":{"@id":"https:\/\/haz.hr\/#organization"},"image":{"@id":"https:\/\/haz.hr\/2017\/06\/30\/cestitamo-prof-dr-sc-zoranu-tomicu-na-izboru-za-rektora-sveucilista-u-mostaru\/#primaryimage"},"thumbnailUrl":"https:\/\/haz.hr\/wp-content\/uploads\/2017\/08\/drsc_zoran-tomic.jpg","articleSection":["HAZ novosti"],"inLanguage":"en-GB","potentialAction":[{"@type":"CommentAction","name":"Comment","target":["https:\/\/haz.hr\/2017\/06\/30\/cestitamo-prof-dr-sc-zoranu-tomicu-na-izboru-za-rektora-sveucilista-u-mostaru\/#respond"]}]},{"@type":"WebPage","@id":"https:\/\/haz.hr\/2017\/06\/30\/cestitamo-prof-dr-sc-zoranu-tomicu-na-izboru-za-rektora-sveucilista-u-mostaru\/","url":"https:\/\/haz.hr\/2017\/06\/30\/cestitamo-prof-dr-sc-zoranu-tomicu-na-izboru-za-rektora-sveucilista-u-mostaru\/","name":"\u010cestitamo prof.dr.sc. Zoranu Tomi\u0107u na izboru za rektora Sveu\u010dili\u0161ta u Mostaru! - HAZ","isPartOf":{"@id":"https:\/\/haz.hr\/#website"},"primaryImageOfPage":{"@id":"https:\/\/haz.hr\/2017\/06\/30\/cestitamo-prof-dr-sc-zoranu-tomicu-na-izboru-za-rektora-sveucilista-u-mostaru\/#primaryimage"},"image":{"@id":"https:\/\/haz.hr\/2017\/06\/30\/cestitamo-prof-dr-sc-zoranu-tomicu-na-izboru-za-rektora-sveucilista-u-mostaru\/#primaryimage"},"thumbnailUrl":"https:\/\/haz.hr\/wp-content\/uploads\/2017\/08\/drsc_zoran-tomic.jpg","datePublished":"2017-06-29T23:00:22+00:00","dateModified":"2023-02-09T13:33:21+00:00","breadcrumb":{"@id":"https:\/\/haz.hr\/2017\/06\/30\/cestitamo-prof-dr-sc-zoranu-tomicu-na-izboru-za-rektora-sveucilista-u-mostaru\/#breadcrumb"},"inLanguage":"en-GB","potentialAction":[{"@type":"ReadAction","target":["https:\/\/haz.hr\/2017\/06\/30\/cestitamo-prof-dr-sc-zoranu-tomicu-na-izboru-za-rektora-sveucilista-u-mostaru\/"]}]},{"@type":"ImageObject","inLanguage":"en-GB","@id":"https:\/\/haz.hr\/2017\/06\/30\/cestitamo-prof-dr-sc-zoranu-tomicu-na-izboru-za-rektora-sveucilista-u-mostaru\/#primaryimage","url":"https:\/\/haz.hr\/wp-content\/uploads\/2017\/08\/drsc_zoran-tomic.jpg","contentUrl":"https:\/\/haz.hr\/wp-content\/uploads\/2017\/08\/drsc_zoran-tomic.jpg","width":800,"height":536,"caption":""},{"@type":"BreadcrumbList","@id":"https:\/\/haz.hr\/2017\/06\/30\/cestitamo-prof-dr-sc-zoranu-tomicu-na-izboru-za-rektora-sveucilista-u-mostaru\/#breadcrumb","itemListElement":[{"@type":"ListItem","position":1,"name":"Home","item":"https:\/\/haz.hr\/"},{"@type":"ListItem","position":2,"name":"\u010cestitamo prof.dr.sc. Zoranu Tomi\u0107u na izboru za rektora Sveu\u010dili\u0161ta u Mostaru!"}]},{"@type":"WebSite","@id":"https:\/\/haz.hr\/#website","url":"https:\/\/haz.hr\/","name":"HAZ","description":"Croatian Academic Community","publisher":{"@id":"https:\/\/haz.hr\/#organization"},"potentialAction":[{"@type":"SearchAction","target":{"@type":"EntryPoint","urlTemplate":"https:\/\/haz.hr\/?s={search_term_string}"},"query-input":{"@type":"PropertyValueSpecification","valueRequired":true,"valueName":"search_term_string"}}],"inLanguage":"en-GB"},{"@type":"Organization","@id":"https:\/\/haz.hr\/#organization","name":"HAZ","url":"https:\/\/haz.hr\/","logo":{"@type":"ImageObject","inLanguage":"en-GB","@id":"https:\/\/haz.hr\/#\/schema\/logo\/image\/","url":"https:\/\/haz.hr\/wp-content\/uploads\/2022\/12\/cropped-HAZ_logo.png","contentUrl":"https:\/\/haz.hr\/wp-content\/uploads\/2022\/12\/cropped-HAZ_logo.png","width":125,"height":76,"caption":"HAZ"},"image":{"@id":"https:\/\/haz.hr\/#\/schema\/logo\/image\/"}},{"@type":"Person","@id":"https:\/\/haz.hr\/#\/schema\/person\/438892ce514665613f7cd5bb7a19213a","name":"JT-design","image":{"@type":"ImageObject","inLanguage":"en-GB","@id":"https:\/\/haz.hr\/#\/schema\/person\/image\/","url":"https:\/\/secure.gravatar.com\/avatar\/0032728fc07181d052d653eb6ce26d3ff30f5b1c7d867e6fb82eb66a6fc50646?s=96&d=mm&r=g","contentUrl":"https:\/\/secure.gravatar.com\/avatar\/0032728fc07181d052d653eb6ce26d3ff30f5b1c7d867e6fb82eb66a6fc50646?s=96&d=mm&r=g","caption":"JT-design"},"sameAs":["https:\/\/haz.hr"],"url":"https:\/\/haz.hr\/en\/author\/jt-design\/"}]}},"_links":{"self":[{"href":"https:\/\/haz.hr\/en\/wp-json\/wp\/v2\/posts\/2357","targetHints":{"allow":["GET"]}}],"collection":[{"href":"https:\/\/haz.hr\/en\/wp-json\/wp\/v2\/posts"}],"about":[{"href":"https:\/\/haz.hr\/en\/wp-json\/wp\/v2\/types\/post"}],"author":[{"embeddable":true,"href":"https:\/\/haz.hr\/en\/wp-json\/wp\/v2\/users\/1"}],"replies":[{"embeddable":true,"href":"https:\/\/haz.hr\/en\/wp-json\/wp\/v2\/comments?post=2357"}],"version-history":[{"count":1,"href":"https:\/\/haz.hr\/en\/wp-json\/wp\/v2\/posts\/2357\/revisions"}],"predecessor-version":[{"id":2476,"href":"https:\/\/haz.hr\/en\/wp-json\/wp\/v2\/posts\/2357\/revisions\/2476"}],"wp:featuredmedia":[{"embeddable":true,"href":"https:\/\/haz.hr\/en\/wp-json\/wp\/v2\/media\/2281"}],"wp:attachment":[{"href":"https:\/\/haz.hr\/en\/wp-json\/wp\/v2\/media?parent=2357"}],"wp:term":[{"taxonomy":"category","embeddable":true,"href":"https:\/\/haz.hr\/en\/wp-json\/wp\/v2\/categories?post=2357"},{"taxonomy":"post_tag","embeddable":true,"href":"https:\/\/haz.hr\/en\/wp-json\/wp\/v2\/tags?post=2357"}],"curies":[{"name":"wp","href":"https:\/\/api.w.org\/{rel}","templated":true}]}}