{"id":2358,"date":"2017-06-20T00:00:59","date_gmt":"2017-06-19T23:00:59","guid":{"rendered":"http:\/\/haz.hr\/?p=73"},"modified":"2023-02-09T13:33:57","modified_gmt":"2023-02-09T13:33:57","slug":"ivana-serdarusic-na-10-konferenciji-isabs-u-dubrovniku","status":"publish","type":"post","link":"https:\/\/haz.hr\/en\/2017\/06\/20\/ivana-serdarusic-na-10-konferenciji-isabs-u-dubrovniku\/","title":{"rendered":"Ivana Serdaru\u0161i\u0107 na 10. konferenciji ISABS u Dubrovniku"},"content":{"rendered":"<p>Na\u0161a \u010dlanica Predsjedni\u0161tva i povjerenica HAZ-a za Osijek&nbsp;Ivana Serdaru\u0161i\u0107&nbsp;upravo nam je poslala nekoliko slika s ugledne me\u0111unarodne konferencije \u201eThe Tenth ISABS Conference on Forensic and Anthropologic Genetics and Mayo Clinic Lectures in Individualized Medicine\u201c otvorena je danas u Dubrovniku. Radi se o jednom od najzna\u010dajnijih doga\u0111aja iz podru\u010dja biomedicine. Utemeljitelj konferencije je biv\u0161i ministar Dragan Prim<span class=\"text_exposed_show\">orac.<\/span><\/p>\n<div class=\"text_exposed_show\">\n<p>Konferenciju je otvorila predsjednica Republike Hrvatske, Kolinda Grabar Kitarovi\u0107, a na otvorenju su sudjelovali, izme\u0111u ostalih, ministar zdravlja Milan Kujund\u017ei\u0107, ministrica znanosti i obrazovanja Bla\u017eenka Divjak, ministar turizma Gari Cappelli, gradona\u010delnik Dubrovnika Matko Frankovi\u0107.<\/p>\n<p>Ivana je jedna odabranih studenata medicine koja sudjeluje na presti\u017enoj konferenciji, a na kojoj sudjeluje 60-tak predava\u010da i 500 sudionika iz vi\u0161e od 40 dr\u017eava svijeta me\u0111u kojima su i dobitnici Nobelove nagrade prof.dr. Herald zun Hausen (University of Heildeberg), prof. dr. Ada Yonath (Weizmann Institute of Science) i prof.dr. Robert Huber (Max Planck Institute of Biochemistry).<\/p>\n<\/div>","protected":false},"excerpt":{"rendered":"<p>Na\u0161a \u010dlanica Predsjedni\u0161tva i povjerenica HAZ-a za Osijek&nbsp;Ivana Serdaru\u0161i\u0107&nbsp;upravo nam je poslala nekoliko slika s ugledne me\u0111unarodne konferencije \u201eThe Tenth ISABS Conference on Forensic and Anthropologic Genetics and Mayo Clinic [&hellip;]<\/p>\n","protected":false},"author":1,"featured_media":2282,"comment_status":"open","ping_status":"open","sticky":false,"template":"","format":"standard","meta":{"footnotes":""},"categories":[14],"tags":[],"class_list":["post-2358","post","type-post","status-publish","format-standard","has-post-thumbnail","hentry","category-haz-novosti"],"yoast_head":"<!-- This site is optimized with the Yoast SEO plugin v23.7 - https:\/\/yoast.com\/wordpress\/plugins\/seo\/ -->\n<title>Ivana Serdaru\u0161i\u0107 na 10. konferenciji ISABS u Dubrovniku - HAZ<\/title>\n<meta name=\"robots\" content=\"index, follow, max-snippet:-1, max-image-preview:large, max-video-preview:-1\" \/>\n<link rel=\"canonical\" href=\"https:\/\/haz.hr\/en\/2017\/06\/20\/ivana-serdarusic-na-10-konferenciji-isabs-u-dubrovniku\/\" \/>\n<meta property=\"og:locale\" content=\"en_GB\" \/>\n<meta property=\"og:type\" content=\"article\" \/>\n<meta property=\"og:title\" content=\"Ivana Serdaru\u0161i\u0107 na 10. konferenciji ISABS u Dubrovniku - HAZ\" \/>\n<meta property=\"og:description\" content=\"Na\u0161a \u010dlanica Predsjedni\u0161tva i povjerenica HAZ-a za Osijek&nbsp;Ivana Serdaru\u0161i\u0107&nbsp;upravo nam je poslala nekoliko slika s ugledne me\u0111unarodne konferencije \u201eThe Tenth ISABS Conference on Forensic and Anthropologic Genetics and Mayo Clinic [&hellip;]\" \/>\n<meta property=\"og:url\" content=\"https:\/\/haz.hr\/en\/2017\/06\/20\/ivana-serdarusic-na-10-konferenciji-isabs-u-dubrovniku\/\" \/>\n<meta property=\"og:site_name\" content=\"HAZ\" \/>\n<meta property=\"article:published_time\" content=\"2017-06-19T23:00:59+00:00\" \/>\n<meta property=\"article:modified_time\" content=\"2023-02-09T13:33:57+00:00\" \/>\n<meta property=\"og:image\" content=\"https:\/\/haz.hr\/wp-content\/uploads\/2017\/08\/isabs_ivana.jpg\" \/>\n\t<meta property=\"og:image:width\" content=\"720\" \/>\n\t<meta property=\"og:image:height\" content=\"960\" \/>\n\t<meta property=\"og:image:type\" content=\"image\/jpeg\" \/>\n<meta name=\"author\" content=\"JT-design\" \/>\n<meta name=\"twitter:card\" content=\"summary_large_image\" \/>\n<meta name=\"twitter:label1\" content=\"Written by\" \/>\n\t<meta name=\"twitter:data1\" content=\"JT-design\" \/>\n\t<meta name=\"twitter:label2\" content=\"Est. reading time\" \/>\n\t<meta name=\"twitter:data2\" content=\"1 minute\" \/>\n<script type=\"application\/ld+json\" class=\"yoast-schema-graph\">{\"@context\":\"https:\/\/schema.org\",\"@graph\":[{\"@type\":\"Article\",\"@id\":\"https:\/\/haz.hr\/2017\/06\/20\/ivana-serdarusic-na-10-konferenciji-isabs-u-dubrovniku\/#article\",\"isPartOf\":{\"@id\":\"https:\/\/haz.hr\/2017\/06\/20\/ivana-serdarusic-na-10-konferenciji-isabs-u-dubrovniku\/\"},\"author\":{\"name\":\"JT-design\",\"@id\":\"https:\/\/haz.hr\/#\/schema\/person\/438892ce514665613f7cd5bb7a19213a\"},\"headline\":\"Ivana Serdaru\u0161i\u0107 na 10. konferenciji ISABS u Dubrovniku\",\"datePublished\":\"2017-06-19T23:00:59+00:00\",\"dateModified\":\"2023-02-09T13:33:57+00:00\",\"mainEntityOfPage\":{\"@id\":\"https:\/\/haz.hr\/2017\/06\/20\/ivana-serdarusic-na-10-konferenciji-isabs-u-dubrovniku\/\"},\"wordCount\":176,\"commentCount\":0,\"publisher\":{\"@id\":\"https:\/\/haz.hr\/#organization\"},\"image\":{\"@id\":\"https:\/\/haz.hr\/2017\/06\/20\/ivana-serdarusic-na-10-konferenciji-isabs-u-dubrovniku\/#primaryimage\"},\"thumbnailUrl\":\"https:\/\/haz.hr\/wp-content\/uploads\/2017\/08\/isabs_ivana.jpg\",\"articleSection\":[\"HAZ novosti\"],\"inLanguage\":\"en-GB\",\"potentialAction\":[{\"@type\":\"CommentAction\",\"name\":\"Comment\",\"target\":[\"https:\/\/haz.hr\/2017\/06\/20\/ivana-serdarusic-na-10-konferenciji-isabs-u-dubrovniku\/#respond\"]}]},{\"@type\":\"WebPage\",\"@id\":\"https:\/\/haz.hr\/2017\/06\/20\/ivana-serdarusic-na-10-konferenciji-isabs-u-dubrovniku\/\",\"url\":\"https:\/\/haz.hr\/2017\/06\/20\/ivana-serdarusic-na-10-konferenciji-isabs-u-dubrovniku\/\",\"name\":\"Ivana Serdaru\u0161i\u0107 na 10. konferenciji ISABS u Dubrovniku - HAZ\",\"isPartOf\":{\"@id\":\"https:\/\/haz.hr\/#website\"},\"primaryImageOfPage\":{\"@id\":\"https:\/\/haz.hr\/2017\/06\/20\/ivana-serdarusic-na-10-konferenciji-isabs-u-dubrovniku\/#primaryimage\"},\"image\":{\"@id\":\"https:\/\/haz.hr\/2017\/06\/20\/ivana-serdarusic-na-10-konferenciji-isabs-u-dubrovniku\/#primaryimage\"},\"thumbnailUrl\":\"https:\/\/haz.hr\/wp-content\/uploads\/2017\/08\/isabs_ivana.jpg\",\"datePublished\":\"2017-06-19T23:00:59+00:00\",\"dateModified\":\"2023-02-09T13:33:57+00:00\",\"breadcrumb\":{\"@id\":\"https:\/\/haz.hr\/2017\/06\/20\/ivana-serdarusic-na-10-konferenciji-isabs-u-dubrovniku\/#breadcrumb\"},\"inLanguage\":\"en-GB\",\"potentialAction\":[{\"@type\":\"ReadAction\",\"target\":[\"https:\/\/haz.hr\/2017\/06\/20\/ivana-serdarusic-na-10-konferenciji-isabs-u-dubrovniku\/\"]}]},{\"@type\":\"ImageObject\",\"inLanguage\":\"en-GB\",\"@id\":\"https:\/\/haz.hr\/2017\/06\/20\/ivana-serdarusic-na-10-konferenciji-isabs-u-dubrovniku\/#primaryimage\",\"url\":\"https:\/\/haz.hr\/wp-content\/uploads\/2017\/08\/isabs_ivana.jpg\",\"contentUrl\":\"https:\/\/haz.hr\/wp-content\/uploads\/2017\/08\/isabs_ivana.jpg\",\"width\":720,\"height\":960,\"caption\":\"\"},{\"@type\":\"BreadcrumbList\",\"@id\":\"https:\/\/haz.hr\/2017\/06\/20\/ivana-serdarusic-na-10-konferenciji-isabs-u-dubrovniku\/#breadcrumb\",\"itemListElement\":[{\"@type\":\"ListItem\",\"position\":1,\"name\":\"Home\",\"item\":\"https:\/\/haz.hr\/\"},{\"@type\":\"ListItem\",\"position\":2,\"name\":\"Ivana Serdaru\u0161i\u0107 na 10. konferenciji ISABS u Dubrovniku\"}]},{\"@type\":\"WebSite\",\"@id\":\"https:\/\/haz.hr\/#website\",\"url\":\"https:\/\/haz.hr\/\",\"name\":\"HAZ\",\"description\":\"Hrvatska akademska zajednica\",\"publisher\":{\"@id\":\"https:\/\/haz.hr\/#organization\"},\"potentialAction\":[{\"@type\":\"SearchAction\",\"target\":{\"@type\":\"EntryPoint\",\"urlTemplate\":\"https:\/\/haz.hr\/?s={search_term_string}\"},\"query-input\":{\"@type\":\"PropertyValueSpecification\",\"valueRequired\":true,\"valueName\":\"search_term_string\"}}],\"inLanguage\":\"en-GB\"},{\"@type\":\"Organization\",\"@id\":\"https:\/\/haz.hr\/#organization\",\"name\":\"HAZ\",\"url\":\"https:\/\/haz.hr\/\",\"logo\":{\"@type\":\"ImageObject\",\"inLanguage\":\"en-GB\",\"@id\":\"https:\/\/haz.hr\/#\/schema\/logo\/image\/\",\"url\":\"https:\/\/haz.hr\/wp-content\/uploads\/2022\/12\/cropped-HAZ_logo.png\",\"contentUrl\":\"https:\/\/haz.hr\/wp-content\/uploads\/2022\/12\/cropped-HAZ_logo.png\",\"width\":125,\"height\":76,\"caption\":\"HAZ\"},\"image\":{\"@id\":\"https:\/\/haz.hr\/#\/schema\/logo\/image\/\"}},{\"@type\":\"Person\",\"@id\":\"https:\/\/haz.hr\/#\/schema\/person\/438892ce514665613f7cd5bb7a19213a\",\"name\":\"JT-design\",\"image\":{\"@type\":\"ImageObject\",\"inLanguage\":\"en-GB\",\"@id\":\"https:\/\/haz.hr\/#\/schema\/person\/image\/\",\"url\":\"https:\/\/secure.gravatar.com\/avatar\/0032728fc07181d052d653eb6ce26d3ff30f5b1c7d867e6fb82eb66a6fc50646?s=96&d=mm&r=g\",\"contentUrl\":\"https:\/\/secure.gravatar.com\/avatar\/0032728fc07181d052d653eb6ce26d3ff30f5b1c7d867e6fb82eb66a6fc50646?s=96&d=mm&r=g\",\"caption\":\"JT-design\"},\"sameAs\":[\"https:\/\/haz.hr\"],\"url\":\"https:\/\/haz.hr\/en\/author\/jt-design\/\"}]}<\/script>\n<!-- \/ Yoast SEO plugin. -->","yoast_head_json":{"title":"Ivana Serdaru\u0161i\u0107 na 10. konferenciji ISABS u Dubrovniku - HAZ","robots":{"index":"index","follow":"follow","max-snippet":"max-snippet:-1","max-image-preview":"max-image-preview:large","max-video-preview":"max-video-preview:-1"},"canonical":"https:\/\/haz.hr\/en\/2017\/06\/20\/ivana-serdarusic-na-10-konferenciji-isabs-u-dubrovniku\/","og_locale":"en_GB","og_type":"article","og_title":"Ivana Serdaru\u0161i\u0107 na 10. konferenciji ISABS u Dubrovniku - HAZ","og_description":"Na\u0161a \u010dlanica Predsjedni\u0161tva i povjerenica HAZ-a za Osijek&nbsp;Ivana Serdaru\u0161i\u0107&nbsp;upravo nam je poslala nekoliko slika s ugledne me\u0111unarodne konferencije \u201eThe Tenth ISABS Conference on Forensic and Anthropologic Genetics and Mayo Clinic [&hellip;]","og_url":"https:\/\/haz.hr\/en\/2017\/06\/20\/ivana-serdarusic-na-10-konferenciji-isabs-u-dubrovniku\/","og_site_name":"HAZ","article_published_time":"2017-06-19T23:00:59+00:00","article_modified_time":"2023-02-09T13:33:57+00:00","og_image":[{"width":720,"height":960,"url":"https:\/\/haz.hr\/wp-content\/uploads\/2017\/08\/isabs_ivana.jpg","type":"image\/jpeg"}],"author":"JT-design","twitter_card":"summary_large_image","twitter_misc":{"Written by":"JT-design","Est. reading time":"1 minute"},"schema":{"@context":"https:\/\/schema.org","@graph":[{"@type":"Article","@id":"https:\/\/haz.hr\/2017\/06\/20\/ivana-serdarusic-na-10-konferenciji-isabs-u-dubrovniku\/#article","isPartOf":{"@id":"https:\/\/haz.hr\/2017\/06\/20\/ivana-serdarusic-na-10-konferenciji-isabs-u-dubrovniku\/"},"author":{"name":"JT-design","@id":"https:\/\/haz.hr\/#\/schema\/person\/438892ce514665613f7cd5bb7a19213a"},"headline":"Ivana Serdaru\u0161i\u0107 na 10. konferenciji ISABS u Dubrovniku","datePublished":"2017-06-19T23:00:59+00:00","dateModified":"2023-02-09T13:33:57+00:00","mainEntityOfPage":{"@id":"https:\/\/haz.hr\/2017\/06\/20\/ivana-serdarusic-na-10-konferenciji-isabs-u-dubrovniku\/"},"wordCount":176,"commentCount":0,"publisher":{"@id":"https:\/\/haz.hr\/#organization"},"image":{"@id":"https:\/\/haz.hr\/2017\/06\/20\/ivana-serdarusic-na-10-konferenciji-isabs-u-dubrovniku\/#primaryimage"},"thumbnailUrl":"https:\/\/haz.hr\/wp-content\/uploads\/2017\/08\/isabs_ivana.jpg","articleSection":["HAZ novosti"],"inLanguage":"en-GB","potentialAction":[{"@type":"CommentAction","name":"Comment","target":["https:\/\/haz.hr\/2017\/06\/20\/ivana-serdarusic-na-10-konferenciji-isabs-u-dubrovniku\/#respond"]}]},{"@type":"WebPage","@id":"https:\/\/haz.hr\/2017\/06\/20\/ivana-serdarusic-na-10-konferenciji-isabs-u-dubrovniku\/","url":"https:\/\/haz.hr\/2017\/06\/20\/ivana-serdarusic-na-10-konferenciji-isabs-u-dubrovniku\/","name":"Ivana Serdaru\u0161i\u0107 na 10. konferenciji ISABS u Dubrovniku - HAZ","isPartOf":{"@id":"https:\/\/haz.hr\/#website"},"primaryImageOfPage":{"@id":"https:\/\/haz.hr\/2017\/06\/20\/ivana-serdarusic-na-10-konferenciji-isabs-u-dubrovniku\/#primaryimage"},"image":{"@id":"https:\/\/haz.hr\/2017\/06\/20\/ivana-serdarusic-na-10-konferenciji-isabs-u-dubrovniku\/#primaryimage"},"thumbnailUrl":"https:\/\/haz.hr\/wp-content\/uploads\/2017\/08\/isabs_ivana.jpg","datePublished":"2017-06-19T23:00:59+00:00","dateModified":"2023-02-09T13:33:57+00:00","breadcrumb":{"@id":"https:\/\/haz.hr\/2017\/06\/20\/ivana-serdarusic-na-10-konferenciji-isabs-u-dubrovniku\/#breadcrumb"},"inLanguage":"en-GB","potentialAction":[{"@type":"ReadAction","target":["https:\/\/haz.hr\/2017\/06\/20\/ivana-serdarusic-na-10-konferenciji-isabs-u-dubrovniku\/"]}]},{"@type":"ImageObject","inLanguage":"en-GB","@id":"https:\/\/haz.hr\/2017\/06\/20\/ivana-serdarusic-na-10-konferenciji-isabs-u-dubrovniku\/#primaryimage","url":"https:\/\/haz.hr\/wp-content\/uploads\/2017\/08\/isabs_ivana.jpg","contentUrl":"https:\/\/haz.hr\/wp-content\/uploads\/2017\/08\/isabs_ivana.jpg","width":720,"height":960,"caption":""},{"@type":"BreadcrumbList","@id":"https:\/\/haz.hr\/2017\/06\/20\/ivana-serdarusic-na-10-konferenciji-isabs-u-dubrovniku\/#breadcrumb","itemListElement":[{"@type":"ListItem","position":1,"name":"Home","item":"https:\/\/haz.hr\/"},{"@type":"ListItem","position":2,"name":"Ivana Serdaru\u0161i\u0107 na 10. konferenciji ISABS u Dubrovniku"}]},{"@type":"WebSite","@id":"https:\/\/haz.hr\/#website","url":"https:\/\/haz.hr\/","name":"HAZ","description":"Croatian Academic Community","publisher":{"@id":"https:\/\/haz.hr\/#organization"},"potentialAction":[{"@type":"SearchAction","target":{"@type":"EntryPoint","urlTemplate":"https:\/\/haz.hr\/?s={search_term_string}"},"query-input":{"@type":"PropertyValueSpecification","valueRequired":true,"valueName":"search_term_string"}}],"inLanguage":"en-GB"},{"@type":"Organization","@id":"https:\/\/haz.hr\/#organization","name":"HAZ","url":"https:\/\/haz.hr\/","logo":{"@type":"ImageObject","inLanguage":"en-GB","@id":"https:\/\/haz.hr\/#\/schema\/logo\/image\/","url":"https:\/\/haz.hr\/wp-content\/uploads\/2022\/12\/cropped-HAZ_logo.png","contentUrl":"https:\/\/haz.hr\/wp-content\/uploads\/2022\/12\/cropped-HAZ_logo.png","width":125,"height":76,"caption":"HAZ"},"image":{"@id":"https:\/\/haz.hr\/#\/schema\/logo\/image\/"}},{"@type":"Person","@id":"https:\/\/haz.hr\/#\/schema\/person\/438892ce514665613f7cd5bb7a19213a","name":"JT-design","image":{"@type":"ImageObject","inLanguage":"en-GB","@id":"https:\/\/haz.hr\/#\/schema\/person\/image\/","url":"https:\/\/secure.gravatar.com\/avatar\/0032728fc07181d052d653eb6ce26d3ff30f5b1c7d867e6fb82eb66a6fc50646?s=96&d=mm&r=g","contentUrl":"https:\/\/secure.gravatar.com\/avatar\/0032728fc07181d052d653eb6ce26d3ff30f5b1c7d867e6fb82eb66a6fc50646?s=96&d=mm&r=g","caption":"JT-design"},"sameAs":["https:\/\/haz.hr"],"url":"https:\/\/haz.hr\/en\/author\/jt-design\/"}]}},"_links":{"self":[{"href":"https:\/\/haz.hr\/en\/wp-json\/wp\/v2\/posts\/2358","targetHints":{"allow":["GET"]}}],"collection":[{"href":"https:\/\/haz.hr\/en\/wp-json\/wp\/v2\/posts"}],"about":[{"href":"https:\/\/haz.hr\/en\/wp-json\/wp\/v2\/types\/post"}],"author":[{"embeddable":true,"href":"https:\/\/haz.hr\/en\/wp-json\/wp\/v2\/users\/1"}],"replies":[{"embeddable":true,"href":"https:\/\/haz.hr\/en\/wp-json\/wp\/v2\/comments?post=2358"}],"version-history":[{"count":1,"href":"https:\/\/haz.hr\/en\/wp-json\/wp\/v2\/posts\/2358\/revisions"}],"predecessor-version":[{"id":2477,"href":"https:\/\/haz.hr\/en\/wp-json\/wp\/v2\/posts\/2358\/revisions\/2477"}],"wp:featuredmedia":[{"embeddable":true,"href":"https:\/\/haz.hr\/en\/wp-json\/wp\/v2\/media\/2282"}],"wp:attachment":[{"href":"https:\/\/haz.hr\/en\/wp-json\/wp\/v2\/media?parent=2358"}],"wp:term":[{"taxonomy":"category","embeddable":true,"href":"https:\/\/haz.hr\/en\/wp-json\/wp\/v2\/categories?post=2358"},{"taxonomy":"post_tag","embeddable":true,"href":"https:\/\/haz.hr\/en\/wp-json\/wp\/v2\/tags?post=2358"}],"curies":[{"name":"wp","href":"https:\/\/api.w.org\/{rel}","templated":true}]}}