{"id":2364,"date":"2016-10-28T00:00:32","date_gmt":"2016-10-27T23:00:32","guid":{"rendered":"http:\/\/haz.hr\/?p=118"},"modified":"2016-10-28T00:00:32","modified_gmt":"2016-10-27T23:00:32","slug":"novi-pocetak-najznacajnije-studentske-udruge","status":"publish","type":"post","link":"https:\/\/haz.hr\/en\/2016\/10\/28\/novi-pocetak-najznacajnije-studentske-udruge\/","title":{"rendered":"Novi po\u010detak najzna\u010dajnije studentske udruge"},"content":{"rendered":"<p class=\"wp-block-paragraph\">S ciljem o\u017eivljavanja ove studentske i akademske udruge danas je u Matici hrvatskoj odr\u017ean Obnoviteljski Sabor Hrvatske akademske zajednice. Ponovno okupljanje organizirano je na inicijativu izvornih osniva\u010da HAZ-a iz 1990., me\u0111u kojima su uglednici i javne osobe Andro Krstulovi\u0107 Opara, Artur Gedike i Tomislav Vukojevi\u0107.<\/p>\n\n\n\n<p class=\"wp-block-paragraph\">HAZ je od osnivanja, 31. listopada 1990. do 2006. bio najzna\u010dajnija studentska organizacija u Hrvatskoj, organizirana na svim hrvatskim sveu\u010dili\u0161tima, a njezini predstavnici redovito su bili okupljeni oko Hrvatskog studentskog zbora. Ideja osniva\u010da koji su danas u statusu alumnija je ponovno obnoviti ovu studentsku organizaciju, ponovno izgraditi njezin utjecaj me\u0111u studentima te je nakon toga ustupiti upravo studentima koji \u0107e u budu\u0107nosti preuzeti njezino upravljanje.<\/p>\n\n\n\n<p class=\"wp-block-paragraph\">Pedesetak \u010dlanova alumni zajednice HAZ-a za novog nacionalnog predsjednika Zajednice izabrali su mr. sc. Zdeslava Milasa, prodekana Edward Bernays Visoke \u0161kole za komunikacijski menad\u017ement, a za njegovog zamjenika Gordana Han\u017eeka, savjetnika u gradskoj upravi Grada Zagreba. Obnoviteljski Sabor je ovom prigodom donio i novi Statut te izabrao Glavni i Nadzorni odbor udruge. Me\u0111u biv\u0161im \u010dlanovima bili su i \u010detvero dosada\u0161njih predsjednika HAZ-a: Tomislav Vukojevi\u0107, Robert Pavi\u010di\u0107, Krunoslav Ga\u0161pari\u0107 i Kre\u0161imir Mihali\u0107.<\/p>\n\n\n\n<p class=\"wp-block-paragraph\">\u201ePredvi\u0111anje potreba tr\u017ei\u0161ta rada u smislu potra\u017enje i ponude vje\u0161tina va\u017ena je politi\u010dka funkcija visokog obrazovanja. Hrvatska je uz Bugarsku i Portugal jedina \u010dlanica Europske unije koja nema sustav prognoziranja trendova tr\u017ei\u0161ta rada. Takav sustav poma\u017ee u osmi\u0161ljavanju studijskih programa te odre\u0111ivanju broja mjesta za dodjeljivanje financijske potpore iz javnih sredstava. Povezivanje visokih u\u010dili\u0161ta i tr\u017ei\u0161te rada neophodno je, a studijski programi nedovoljno poti\u010du sustav studentske prakse\u201c, istaknuo je novoizabrani predsjednik HAZ-a Milas.<\/p>\n\n\n\n<p class=\"wp-block-paragraph\">U raspravi sudionika otvorena je tema o perspektivi studenata nakon diplomiranja i pozicioniranju na hrvatskom tr\u017ei\u0161tu rada. Poseban osvrt napravljen je na problem velike nezaposlenosti i iseljavanja mladih ljudi u inozemstvo te problem zapo\u0161ljivosti diplomiranih studenata i nefunkcioniranje tr\u017ei\u0161ta rada kad je rije\u010d o prvostupnicima.<\/p>\n\n\n\n<p class=\"wp-block-paragraph\">Djelatnosti HAZ-a, kao va\u017ene studentske i akademske udruge su raspravljanje i odre\u0111ivanje o politikama visokog obrazovanja, znanosti, informiranje javnosti o studentskim pravima, zastupanje studentskih interesa, odre\u0111ivanje o pitanjima znanstvenog podmlatka, okupljanje relevantnih dionika u visokom obrazovanju, posebice studenata, diplomiranih studenata (alumni) te profesora i nastavnika.<\/p>\n\n\n\n<p class=\"wp-block-paragraph\">Nakon ustrojavanja sveu\u010dili\u0161ne organizacije, HAZ tako\u0111er u vrlo kratkom roku planira aplicirati za ponovno \u010dlanstvo u organizaciji Europskih demokratskih studenata (EDS), najve\u0107e europske studentske organizacije.<\/p>\n\n\n\n<p class=\"wp-block-paragraph\">Pro\u010ditajte vi\u0161e na:&nbsp;<a href=\"https:\/\/www.vecernji.hr\/vijesti\/novi-pocetak-najznacajnije-studentske-udruge-1124632\">https:\/\/www.vecernji.hr\/vijesti\/novi-pocetak-najznacajnije-studentske-udruge-1124632<\/a>&nbsp;&#8211; www.vecernji.hr<\/p>","protected":false},"excerpt":{"rendered":"<p>S ciljem o\u017eivljavanja ove studentske i akademske udruge danas je u Matici hrvatskoj odr\u017ean Obnoviteljski Sabor Hrvatske akademske zajednice. Ponovno okupljanje organizirano je na inicijativu izvornih osniva\u010da HAZ-a iz 1990., [&hellip;]<\/p>\n","protected":false},"author":1,"featured_media":119,"comment_status":"open","ping_status":"open","sticky":false,"template":"","format":"standard","meta":{"footnotes":""},"categories":[14],"tags":[],"class_list":["post-2364","post","type-post","status-publish","format-standard","has-post-thumbnail","hentry","category-haz-novosti"],"yoast_head":"<!-- This site is optimized with the Yoast SEO plugin v23.7 - https:\/\/yoast.com\/wordpress\/plugins\/seo\/ -->\n<title>Novi po\u010detak najzna\u010dajnije studentske udruge - HAZ<\/title>\n<meta name=\"robots\" content=\"index, follow, max-snippet:-1, max-image-preview:large, max-video-preview:-1\" \/>\n<link rel=\"canonical\" href=\"https:\/\/haz.hr\/en\/2016\/10\/28\/novi-pocetak-najznacajnije-studentske-udruge\/\" \/>\n<meta property=\"og:locale\" content=\"en_GB\" \/>\n<meta property=\"og:type\" content=\"article\" \/>\n<meta property=\"og:title\" content=\"Novi po\u010detak najzna\u010dajnije studentske udruge - HAZ\" \/>\n<meta property=\"og:description\" content=\"S ciljem o\u017eivljavanja ove studentske i akademske udruge danas je u Matici hrvatskoj odr\u017ean Obnoviteljski Sabor Hrvatske akademske zajednice. Ponovno okupljanje organizirano je na inicijativu izvornih osniva\u010da HAZ-a iz 1990., [&hellip;]\" \/>\n<meta property=\"og:url\" content=\"https:\/\/haz.hr\/en\/2016\/10\/28\/novi-pocetak-najznacajnije-studentske-udruge\/\" \/>\n<meta property=\"og:site_name\" content=\"HAZ\" \/>\n<meta property=\"article:published_time\" content=\"2016-10-27T23:00:32+00:00\" \/>\n<meta property=\"og:image\" content=\"https:\/\/haz.hr\/wp-content\/uploads\/2017\/08\/haz_osnivacka.jpeg\" \/>\n\t<meta property=\"og:image:width\" content=\"1920\" \/>\n\t<meta property=\"og:image:height\" content=\"1112\" \/>\n\t<meta property=\"og:image:type\" content=\"image\/jpeg\" \/>\n<meta name=\"author\" content=\"JT-design\" \/>\n<meta name=\"twitter:card\" content=\"summary_large_image\" \/>\n<meta name=\"twitter:label1\" content=\"Written by\" \/>\n\t<meta name=\"twitter:data1\" content=\"JT-design\" \/>\n\t<meta name=\"twitter:label2\" content=\"Est. reading time\" \/>\n\t<meta name=\"twitter:data2\" content=\"2 minutes\" \/>\n<script type=\"application\/ld+json\" class=\"yoast-schema-graph\">{\"@context\":\"https:\/\/schema.org\",\"@graph\":[{\"@type\":\"Article\",\"@id\":\"https:\/\/haz.hr\/2016\/10\/28\/novi-pocetak-najznacajnije-studentske-udruge\/#article\",\"isPartOf\":{\"@id\":\"https:\/\/haz.hr\/2016\/10\/28\/novi-pocetak-najznacajnije-studentske-udruge\/\"},\"author\":{\"name\":\"JT-design\",\"@id\":\"https:\/\/haz.hr\/#\/schema\/person\/438892ce514665613f7cd5bb7a19213a\"},\"headline\":\"Novi po\u010detak najzna\u010dajnije studentske udruge\",\"datePublished\":\"2016-10-27T23:00:32+00:00\",\"dateModified\":\"2016-10-27T23:00:32+00:00\",\"mainEntityOfPage\":{\"@id\":\"https:\/\/haz.hr\/2016\/10\/28\/novi-pocetak-najznacajnije-studentske-udruge\/\"},\"wordCount\":436,\"commentCount\":0,\"publisher\":{\"@id\":\"https:\/\/haz.hr\/#organization\"},\"image\":{\"@id\":\"https:\/\/haz.hr\/2016\/10\/28\/novi-pocetak-najznacajnije-studentske-udruge\/#primaryimage\"},\"thumbnailUrl\":\"https:\/\/haz.hr\/wp-content\/uploads\/2017\/08\/haz_osnivacka.jpeg\",\"articleSection\":[\"HAZ novosti\"],\"inLanguage\":\"en-GB\",\"potentialAction\":[{\"@type\":\"CommentAction\",\"name\":\"Comment\",\"target\":[\"https:\/\/haz.hr\/2016\/10\/28\/novi-pocetak-najznacajnije-studentske-udruge\/#respond\"]}]},{\"@type\":\"WebPage\",\"@id\":\"https:\/\/haz.hr\/2016\/10\/28\/novi-pocetak-najznacajnije-studentske-udruge\/\",\"url\":\"https:\/\/haz.hr\/2016\/10\/28\/novi-pocetak-najznacajnije-studentske-udruge\/\",\"name\":\"Novi po\u010detak najzna\u010dajnije studentske udruge - HAZ\",\"isPartOf\":{\"@id\":\"https:\/\/haz.hr\/#website\"},\"primaryImageOfPage\":{\"@id\":\"https:\/\/haz.hr\/2016\/10\/28\/novi-pocetak-najznacajnije-studentske-udruge\/#primaryimage\"},\"image\":{\"@id\":\"https:\/\/haz.hr\/2016\/10\/28\/novi-pocetak-najznacajnije-studentske-udruge\/#primaryimage\"},\"thumbnailUrl\":\"https:\/\/haz.hr\/wp-content\/uploads\/2017\/08\/haz_osnivacka.jpeg\",\"datePublished\":\"2016-10-27T23:00:32+00:00\",\"dateModified\":\"2016-10-27T23:00:32+00:00\",\"breadcrumb\":{\"@id\":\"https:\/\/haz.hr\/2016\/10\/28\/novi-pocetak-najznacajnije-studentske-udruge\/#breadcrumb\"},\"inLanguage\":\"en-GB\",\"potentialAction\":[{\"@type\":\"ReadAction\",\"target\":[\"https:\/\/haz.hr\/2016\/10\/28\/novi-pocetak-najznacajnije-studentske-udruge\/\"]}]},{\"@type\":\"ImageObject\",\"inLanguage\":\"en-GB\",\"@id\":\"https:\/\/haz.hr\/2016\/10\/28\/novi-pocetak-najznacajnije-studentske-udruge\/#primaryimage\",\"url\":\"https:\/\/haz.hr\/wp-content\/uploads\/2017\/08\/haz_osnivacka.jpeg\",\"contentUrl\":\"https:\/\/haz.hr\/wp-content\/uploads\/2017\/08\/haz_osnivacka.jpeg\",\"width\":1920,\"height\":1112,\"caption\":\"\"},{\"@type\":\"BreadcrumbList\",\"@id\":\"https:\/\/haz.hr\/2016\/10\/28\/novi-pocetak-najznacajnije-studentske-udruge\/#breadcrumb\",\"itemListElement\":[{\"@type\":\"ListItem\",\"position\":1,\"name\":\"Home\",\"item\":\"https:\/\/haz.hr\/\"},{\"@type\":\"ListItem\",\"position\":2,\"name\":\"Novi po\u010detak najzna\u010dajnije studentske udruge\"}]},{\"@type\":\"WebSite\",\"@id\":\"https:\/\/haz.hr\/#website\",\"url\":\"https:\/\/haz.hr\/\",\"name\":\"HAZ\",\"description\":\"Hrvatska akademska zajednica\",\"publisher\":{\"@id\":\"https:\/\/haz.hr\/#organization\"},\"potentialAction\":[{\"@type\":\"SearchAction\",\"target\":{\"@type\":\"EntryPoint\",\"urlTemplate\":\"https:\/\/haz.hr\/?s={search_term_string}\"},\"query-input\":{\"@type\":\"PropertyValueSpecification\",\"valueRequired\":true,\"valueName\":\"search_term_string\"}}],\"inLanguage\":\"en-GB\"},{\"@type\":\"Organization\",\"@id\":\"https:\/\/haz.hr\/#organization\",\"name\":\"HAZ\",\"url\":\"https:\/\/haz.hr\/\",\"logo\":{\"@type\":\"ImageObject\",\"inLanguage\":\"en-GB\",\"@id\":\"https:\/\/haz.hr\/#\/schema\/logo\/image\/\",\"url\":\"https:\/\/haz.hr\/wp-content\/uploads\/2022\/12\/cropped-HAZ_logo.png\",\"contentUrl\":\"https:\/\/haz.hr\/wp-content\/uploads\/2022\/12\/cropped-HAZ_logo.png\",\"width\":125,\"height\":76,\"caption\":\"HAZ\"},\"image\":{\"@id\":\"https:\/\/haz.hr\/#\/schema\/logo\/image\/\"}},{\"@type\":\"Person\",\"@id\":\"https:\/\/haz.hr\/#\/schema\/person\/438892ce514665613f7cd5bb7a19213a\",\"name\":\"JT-design\",\"image\":{\"@type\":\"ImageObject\",\"inLanguage\":\"en-GB\",\"@id\":\"https:\/\/haz.hr\/#\/schema\/person\/image\/\",\"url\":\"https:\/\/secure.gravatar.com\/avatar\/0032728fc07181d052d653eb6ce26d3ff30f5b1c7d867e6fb82eb66a6fc50646?s=96&d=mm&r=g\",\"contentUrl\":\"https:\/\/secure.gravatar.com\/avatar\/0032728fc07181d052d653eb6ce26d3ff30f5b1c7d867e6fb82eb66a6fc50646?s=96&d=mm&r=g\",\"caption\":\"JT-design\"},\"sameAs\":[\"https:\/\/haz.hr\"],\"url\":\"https:\/\/haz.hr\/en\/author\/jt-design\/\"}]}<\/script>\n<!-- \/ Yoast SEO plugin. -->","yoast_head_json":{"title":"Novi po\u010detak najzna\u010dajnije studentske udruge - HAZ","robots":{"index":"index","follow":"follow","max-snippet":"max-snippet:-1","max-image-preview":"max-image-preview:large","max-video-preview":"max-video-preview:-1"},"canonical":"https:\/\/haz.hr\/en\/2016\/10\/28\/novi-pocetak-najznacajnije-studentske-udruge\/","og_locale":"en_GB","og_type":"article","og_title":"Novi po\u010detak najzna\u010dajnije studentske udruge - HAZ","og_description":"S ciljem o\u017eivljavanja ove studentske i akademske udruge danas je u Matici hrvatskoj odr\u017ean Obnoviteljski Sabor Hrvatske akademske zajednice. Ponovno okupljanje organizirano je na inicijativu izvornih osniva\u010da HAZ-a iz 1990., [&hellip;]","og_url":"https:\/\/haz.hr\/en\/2016\/10\/28\/novi-pocetak-najznacajnije-studentske-udruge\/","og_site_name":"HAZ","article_published_time":"2016-10-27T23:00:32+00:00","og_image":[{"width":1920,"height":1112,"url":"https:\/\/haz.hr\/wp-content\/uploads\/2017\/08\/haz_osnivacka.jpeg","type":"image\/jpeg"}],"author":"JT-design","twitter_card":"summary_large_image","twitter_misc":{"Written by":"JT-design","Est. reading time":"2 minutes"},"schema":{"@context":"https:\/\/schema.org","@graph":[{"@type":"Article","@id":"https:\/\/haz.hr\/2016\/10\/28\/novi-pocetak-najznacajnije-studentske-udruge\/#article","isPartOf":{"@id":"https:\/\/haz.hr\/2016\/10\/28\/novi-pocetak-najznacajnije-studentske-udruge\/"},"author":{"name":"JT-design","@id":"https:\/\/haz.hr\/#\/schema\/person\/438892ce514665613f7cd5bb7a19213a"},"headline":"Novi po\u010detak najzna\u010dajnije studentske udruge","datePublished":"2016-10-27T23:00:32+00:00","dateModified":"2016-10-27T23:00:32+00:00","mainEntityOfPage":{"@id":"https:\/\/haz.hr\/2016\/10\/28\/novi-pocetak-najznacajnije-studentske-udruge\/"},"wordCount":436,"commentCount":0,"publisher":{"@id":"https:\/\/haz.hr\/#organization"},"image":{"@id":"https:\/\/haz.hr\/2016\/10\/28\/novi-pocetak-najznacajnije-studentske-udruge\/#primaryimage"},"thumbnailUrl":"https:\/\/haz.hr\/wp-content\/uploads\/2017\/08\/haz_osnivacka.jpeg","articleSection":["HAZ novosti"],"inLanguage":"en-GB","potentialAction":[{"@type":"CommentAction","name":"Comment","target":["https:\/\/haz.hr\/2016\/10\/28\/novi-pocetak-najznacajnije-studentske-udruge\/#respond"]}]},{"@type":"WebPage","@id":"https:\/\/haz.hr\/2016\/10\/28\/novi-pocetak-najznacajnije-studentske-udruge\/","url":"https:\/\/haz.hr\/2016\/10\/28\/novi-pocetak-najznacajnije-studentske-udruge\/","name":"Novi po\u010detak najzna\u010dajnije studentske udruge - HAZ","isPartOf":{"@id":"https:\/\/haz.hr\/#website"},"primaryImageOfPage":{"@id":"https:\/\/haz.hr\/2016\/10\/28\/novi-pocetak-najznacajnije-studentske-udruge\/#primaryimage"},"image":{"@id":"https:\/\/haz.hr\/2016\/10\/28\/novi-pocetak-najznacajnije-studentske-udruge\/#primaryimage"},"thumbnailUrl":"https:\/\/haz.hr\/wp-content\/uploads\/2017\/08\/haz_osnivacka.jpeg","datePublished":"2016-10-27T23:00:32+00:00","dateModified":"2016-10-27T23:00:32+00:00","breadcrumb":{"@id":"https:\/\/haz.hr\/2016\/10\/28\/novi-pocetak-najznacajnije-studentske-udruge\/#breadcrumb"},"inLanguage":"en-GB","potentialAction":[{"@type":"ReadAction","target":["https:\/\/haz.hr\/2016\/10\/28\/novi-pocetak-najznacajnije-studentske-udruge\/"]}]},{"@type":"ImageObject","inLanguage":"en-GB","@id":"https:\/\/haz.hr\/2016\/10\/28\/novi-pocetak-najznacajnije-studentske-udruge\/#primaryimage","url":"https:\/\/haz.hr\/wp-content\/uploads\/2017\/08\/haz_osnivacka.jpeg","contentUrl":"https:\/\/haz.hr\/wp-content\/uploads\/2017\/08\/haz_osnivacka.jpeg","width":1920,"height":1112,"caption":""},{"@type":"BreadcrumbList","@id":"https:\/\/haz.hr\/2016\/10\/28\/novi-pocetak-najznacajnije-studentske-udruge\/#breadcrumb","itemListElement":[{"@type":"ListItem","position":1,"name":"Home","item":"https:\/\/haz.hr\/"},{"@type":"ListItem","position":2,"name":"Novi po\u010detak najzna\u010dajnije studentske udruge"}]},{"@type":"WebSite","@id":"https:\/\/haz.hr\/#website","url":"https:\/\/haz.hr\/","name":"HAZ","description":"Croatian Academic Community","publisher":{"@id":"https:\/\/haz.hr\/#organization"},"potentialAction":[{"@type":"SearchAction","target":{"@type":"EntryPoint","urlTemplate":"https:\/\/haz.hr\/?s={search_term_string}"},"query-input":{"@type":"PropertyValueSpecification","valueRequired":true,"valueName":"search_term_string"}}],"inLanguage":"en-GB"},{"@type":"Organization","@id":"https:\/\/haz.hr\/#organization","name":"HAZ","url":"https:\/\/haz.hr\/","logo":{"@type":"ImageObject","inLanguage":"en-GB","@id":"https:\/\/haz.hr\/#\/schema\/logo\/image\/","url":"https:\/\/haz.hr\/wp-content\/uploads\/2022\/12\/cropped-HAZ_logo.png","contentUrl":"https:\/\/haz.hr\/wp-content\/uploads\/2022\/12\/cropped-HAZ_logo.png","width":125,"height":76,"caption":"HAZ"},"image":{"@id":"https:\/\/haz.hr\/#\/schema\/logo\/image\/"}},{"@type":"Person","@id":"https:\/\/haz.hr\/#\/schema\/person\/438892ce514665613f7cd5bb7a19213a","name":"JT-design","image":{"@type":"ImageObject","inLanguage":"en-GB","@id":"https:\/\/haz.hr\/#\/schema\/person\/image\/","url":"https:\/\/secure.gravatar.com\/avatar\/0032728fc07181d052d653eb6ce26d3ff30f5b1c7d867e6fb82eb66a6fc50646?s=96&d=mm&r=g","contentUrl":"https:\/\/secure.gravatar.com\/avatar\/0032728fc07181d052d653eb6ce26d3ff30f5b1c7d867e6fb82eb66a6fc50646?s=96&d=mm&r=g","caption":"JT-design"},"sameAs":["https:\/\/haz.hr"],"url":"https:\/\/haz.hr\/en\/author\/jt-design\/"}]}},"_links":{"self":[{"href":"https:\/\/haz.hr\/en\/wp-json\/wp\/v2\/posts\/2364","targetHints":{"allow":["GET"]}}],"collection":[{"href":"https:\/\/haz.hr\/en\/wp-json\/wp\/v2\/posts"}],"about":[{"href":"https:\/\/haz.hr\/en\/wp-json\/wp\/v2\/types\/post"}],"author":[{"embeddable":true,"href":"https:\/\/haz.hr\/en\/wp-json\/wp\/v2\/users\/1"}],"replies":[{"embeddable":true,"href":"https:\/\/haz.hr\/en\/wp-json\/wp\/v2\/comments?post=2364"}],"version-history":[{"count":0,"href":"https:\/\/haz.hr\/en\/wp-json\/wp\/v2\/posts\/2364\/revisions"}],"wp:featuredmedia":[{"embeddable":true,"href":"https:\/\/haz.hr\/en\/wp-json\/wp\/v2\/media\/119"}],"wp:attachment":[{"href":"https:\/\/haz.hr\/en\/wp-json\/wp\/v2\/media?parent=2364"}],"wp:term":[{"taxonomy":"category","embeddable":true,"href":"https:\/\/haz.hr\/en\/wp-json\/wp\/v2\/categories?post=2364"},{"taxonomy":"post_tag","embeddable":true,"href":"https:\/\/haz.hr\/en\/wp-json\/wp\/v2\/tags?post=2364"}],"curies":[{"name":"wp","href":"https:\/\/api.w.org\/{rel}","templated":true}]}}