{"id":2365,"date":"2017-02-22T00:00:04","date_gmt":"2017-02-22T00:00:04","guid":{"rendered":"http:\/\/haz.hr\/?p=127"},"modified":"2023-02-09T13:37:59","modified_gmt":"2023-02-09T13:37:59","slug":"odrzana-panel-rasprava-o-formaliziranju-studentskog-rada-u-novom-zakonu-o-zaposljavanju-i-radu-ucenika-i-studenata","status":"publish","type":"post","link":"https:\/\/haz.hr\/en\/2017\/02\/22\/odrzana-panel-rasprava-o-formaliziranju-studentskog-rada-u-novom-zakonu-o-zaposljavanju-i-radu-ucenika-i-studenata\/","title":{"rendered":"Odr\u017eana panel rasprava o formaliziranju studentskog rada u novom Zakonu o zapo\u0161ljavanju i radu u\u010denika i studenata"},"content":{"rendered":"<p class=\"wp-block-paragraph\"><em class=\"\">Kako formalizirati studentski rad kao instrument lak\u0161eg zapo\u0161ljavanja pri dolasku na tr\u017ei\u0161te rada? \u2013&nbsp;<\/em>tema je panel rasprave u organizaciji Hrvatske akademske zajednice i Gradskog ureda za strategijsko planiranje i razvoj Grada, odr\u017eane 22. velja\u010de 2017. godine u prostorijama ZgForuma. Sudionici panel rasprave su bili \u010dlanica uprave Hrvatskog Telekoma te glavna direktorica odjela ljudskih resursa Marija Felkel, voditelj Student servisa Sveu\u010dili\u0161ta u Zagrebu Tomislav Jurki\u0107, direktorica granskih udruga Hrvatske udruge poslodavaca Jasminka Martinovi\u0107, predsjednik Vije\u0107a studenata veleu\u010dili\u0161ta i visokih \u0161kola RH Karlo Kolesar, gdje je panelist bio na\u0161 HAZ-ovac Mihal Jaci\u0107<\/p>\n\n\n\n<p class=\"wp-block-paragraph\">Na panel raspravi razgovaralo se o mogu\u0107nostima lak\u0161eg konkuriranja studenata na tr\u017ei\u0161tu rada, s obzirom na to da ve\u0107ina studenata kod poslodavaca radi vi\u0161e od godinu dana, te su aktivno uklju\u010deni u radni proces. Studenti naj\u010de\u0161\u0107e rade u struci za koju se \u0161koluju te im je to najbolji na\u010din za umre\u017eavanje i stjecanje iskustva, istaknuto je na raspravi. No najve\u0107i je problem \u0161to studenti ne mogu formalno dokazati svoj studentski rad budu\u0107im poslodavcima s obzirom na to da studentski rad nije nigdje prepoznat u Zakonu o radu.<\/p>\n\n\n\n<p class=\"wp-block-paragraph\">Tr\u017ei\u0161te rada se ubrzano mijenja, te je nu\u017eno kontinuirano prilago\u0111avanje i stjecanje novih znanja za budu\u0107nost, a upravo je studentski rad bitna komponenta pri stjecanju vje\u0161tina i kompetencija kako bi nau\u010dena teoretska znanja studenti lak\u0161e primijenili u praksi, zaklju\u010dili su svi sudionici ove panel rasprave. Na raspravi je bilo govora i o novom Zakonu o zapo\u0161ljavanju i radu u\u010denika i studenata, te ho\u0107e li novi Zakon za\u0161titi i prepoznati studentski rad.<\/p>\n\n\n\n<p class=\"wp-block-paragraph\">Hrvatska akademska zajednica je studentska i akademska neprofitna organizacija s ciljem promicanja razvoja visokog obrazovanja i zastupanja studentskih interesa. U svojoj povijesti je sudjelovala u radu svih relevantnih dr\u017eavnih i lokalnih institucija, te je pozitivno utjecala na studentski standard i kreiranje obrazovne politike.<\/p>","protected":false},"excerpt":{"rendered":"<p>Kako formalizirati studentski rad kao instrument lak\u0161eg zapo\u0161ljavanja pri dolasku na tr\u017ei\u0161te rada? \u2013&nbsp;tema je panel rasprave u organizaciji Hrvatske akademske zajednice i Gradskog ureda za strategijsko planiranje i razvoj [&hellip;]<\/p>\n","protected":false},"author":1,"featured_media":2289,"comment_status":"open","ping_status":"open","sticky":false,"template":"","format":"standard","meta":{"footnotes":""},"categories":[14],"tags":[],"class_list":["post-2365","post","type-post","status-publish","format-standard","has-post-thumbnail","hentry","category-haz-novosti"],"yoast_head":"<!-- This site is optimized with the Yoast SEO plugin v23.7 - https:\/\/yoast.com\/wordpress\/plugins\/seo\/ -->\n<title>Odr\u017eana panel rasprava o formaliziranju studentskog rada u novom Zakonu o zapo\u0161ljavanju i radu u\u010denika i studenata - HAZ<\/title>\n<meta name=\"robots\" content=\"index, follow, max-snippet:-1, max-image-preview:large, max-video-preview:-1\" \/>\n<link rel=\"canonical\" href=\"https:\/\/haz.hr\/en\/2017\/02\/22\/odrzana-panel-rasprava-o-formaliziranju-studentskog-rada-u-novom-zakonu-o-zaposljavanju-i-radu-ucenika-i-studenata\/\" \/>\n<meta property=\"og:locale\" content=\"en_GB\" \/>\n<meta property=\"og:type\" content=\"article\" \/>\n<meta property=\"og:title\" content=\"Odr\u017eana panel rasprava o formaliziranju studentskog rada u novom Zakonu o zapo\u0161ljavanju i radu u\u010denika i studenata - HAZ\" \/>\n<meta property=\"og:description\" content=\"Kako formalizirati studentski rad kao instrument lak\u0161eg zapo\u0161ljavanja pri dolasku na tr\u017ei\u0161te rada? \u2013&nbsp;tema je panel rasprave u organizaciji Hrvatske akademske zajednice i Gradskog ureda za strategijsko planiranje i razvoj [&hellip;]\" \/>\n<meta property=\"og:url\" content=\"https:\/\/haz.hr\/en\/2017\/02\/22\/odrzana-panel-rasprava-o-formaliziranju-studentskog-rada-u-novom-zakonu-o-zaposljavanju-i-radu-ucenika-i-studenata\/\" \/>\n<meta property=\"og:site_name\" content=\"HAZ\" \/>\n<meta property=\"article:published_time\" content=\"2017-02-22T00:00:04+00:00\" \/>\n<meta property=\"article:modified_time\" content=\"2023-02-09T13:37:59+00:00\" \/>\n<meta property=\"og:image\" content=\"https:\/\/haz.hr\/wp-content\/uploads\/2017\/08\/haz_panel.jpg\" \/>\n\t<meta property=\"og:image:width\" content=\"720\" \/>\n\t<meta property=\"og:image:height\" content=\"960\" \/>\n\t<meta property=\"og:image:type\" content=\"image\/jpeg\" \/>\n<meta name=\"author\" content=\"JT-design\" \/>\n<meta name=\"twitter:card\" content=\"summary_large_image\" \/>\n<meta name=\"twitter:label1\" content=\"Written by\" \/>\n\t<meta name=\"twitter:data1\" content=\"JT-design\" \/>\n\t<meta name=\"twitter:label2\" content=\"Est. reading time\" \/>\n\t<meta name=\"twitter:data2\" content=\"2 minutes\" \/>\n<script type=\"application\/ld+json\" class=\"yoast-schema-graph\">{\"@context\":\"https:\/\/schema.org\",\"@graph\":[{\"@type\":\"Article\",\"@id\":\"https:\/\/haz.hr\/2017\/02\/22\/odrzana-panel-rasprava-o-formaliziranju-studentskog-rada-u-novom-zakonu-o-zaposljavanju-i-radu-ucenika-i-studenata\/#article\",\"isPartOf\":{\"@id\":\"https:\/\/haz.hr\/2017\/02\/22\/odrzana-panel-rasprava-o-formaliziranju-studentskog-rada-u-novom-zakonu-o-zaposljavanju-i-radu-ucenika-i-studenata\/\"},\"author\":{\"name\":\"JT-design\",\"@id\":\"https:\/\/haz.hr\/#\/schema\/person\/438892ce514665613f7cd5bb7a19213a\"},\"headline\":\"Odr\u017eana panel rasprava o formaliziranju studentskog rada u novom Zakonu o zapo\u0161ljavanju i radu u\u010denika i studenata\",\"datePublished\":\"2017-02-22T00:00:04+00:00\",\"dateModified\":\"2023-02-09T13:37:59+00:00\",\"mainEntityOfPage\":{\"@id\":\"https:\/\/haz.hr\/2017\/02\/22\/odrzana-panel-rasprava-o-formaliziranju-studentskog-rada-u-novom-zakonu-o-zaposljavanju-i-radu-ucenika-i-studenata\/\"},\"wordCount\":348,\"commentCount\":0,\"publisher\":{\"@id\":\"https:\/\/haz.hr\/#organization\"},\"image\":{\"@id\":\"https:\/\/haz.hr\/2017\/02\/22\/odrzana-panel-rasprava-o-formaliziranju-studentskog-rada-u-novom-zakonu-o-zaposljavanju-i-radu-ucenika-i-studenata\/#primaryimage\"},\"thumbnailUrl\":\"https:\/\/haz.hr\/wp-content\/uploads\/2017\/08\/haz_panel.jpg\",\"articleSection\":[\"HAZ novosti\"],\"inLanguage\":\"en-GB\",\"potentialAction\":[{\"@type\":\"CommentAction\",\"name\":\"Comment\",\"target\":[\"https:\/\/haz.hr\/2017\/02\/22\/odrzana-panel-rasprava-o-formaliziranju-studentskog-rada-u-novom-zakonu-o-zaposljavanju-i-radu-ucenika-i-studenata\/#respond\"]}]},{\"@type\":\"WebPage\",\"@id\":\"https:\/\/haz.hr\/2017\/02\/22\/odrzana-panel-rasprava-o-formaliziranju-studentskog-rada-u-novom-zakonu-o-zaposljavanju-i-radu-ucenika-i-studenata\/\",\"url\":\"https:\/\/haz.hr\/2017\/02\/22\/odrzana-panel-rasprava-o-formaliziranju-studentskog-rada-u-novom-zakonu-o-zaposljavanju-i-radu-ucenika-i-studenata\/\",\"name\":\"Odr\u017eana panel rasprava o formaliziranju studentskog rada u novom Zakonu o zapo\u0161ljavanju i radu u\u010denika i studenata - HAZ\",\"isPartOf\":{\"@id\":\"https:\/\/haz.hr\/#website\"},\"primaryImageOfPage\":{\"@id\":\"https:\/\/haz.hr\/2017\/02\/22\/odrzana-panel-rasprava-o-formaliziranju-studentskog-rada-u-novom-zakonu-o-zaposljavanju-i-radu-ucenika-i-studenata\/#primaryimage\"},\"image\":{\"@id\":\"https:\/\/haz.hr\/2017\/02\/22\/odrzana-panel-rasprava-o-formaliziranju-studentskog-rada-u-novom-zakonu-o-zaposljavanju-i-radu-ucenika-i-studenata\/#primaryimage\"},\"thumbnailUrl\":\"https:\/\/haz.hr\/wp-content\/uploads\/2017\/08\/haz_panel.jpg\",\"datePublished\":\"2017-02-22T00:00:04+00:00\",\"dateModified\":\"2023-02-09T13:37:59+00:00\",\"breadcrumb\":{\"@id\":\"https:\/\/haz.hr\/2017\/02\/22\/odrzana-panel-rasprava-o-formaliziranju-studentskog-rada-u-novom-zakonu-o-zaposljavanju-i-radu-ucenika-i-studenata\/#breadcrumb\"},\"inLanguage\":\"en-GB\",\"potentialAction\":[{\"@type\":\"ReadAction\",\"target\":[\"https:\/\/haz.hr\/2017\/02\/22\/odrzana-panel-rasprava-o-formaliziranju-studentskog-rada-u-novom-zakonu-o-zaposljavanju-i-radu-ucenika-i-studenata\/\"]}]},{\"@type\":\"ImageObject\",\"inLanguage\":\"en-GB\",\"@id\":\"https:\/\/haz.hr\/2017\/02\/22\/odrzana-panel-rasprava-o-formaliziranju-studentskog-rada-u-novom-zakonu-o-zaposljavanju-i-radu-ucenika-i-studenata\/#primaryimage\",\"url\":\"https:\/\/haz.hr\/wp-content\/uploads\/2017\/08\/haz_panel.jpg\",\"contentUrl\":\"https:\/\/haz.hr\/wp-content\/uploads\/2017\/08\/haz_panel.jpg\",\"width\":720,\"height\":960,\"caption\":\"\"},{\"@type\":\"BreadcrumbList\",\"@id\":\"https:\/\/haz.hr\/2017\/02\/22\/odrzana-panel-rasprava-o-formaliziranju-studentskog-rada-u-novom-zakonu-o-zaposljavanju-i-radu-ucenika-i-studenata\/#breadcrumb\",\"itemListElement\":[{\"@type\":\"ListItem\",\"position\":1,\"name\":\"Home\",\"item\":\"https:\/\/haz.hr\/\"},{\"@type\":\"ListItem\",\"position\":2,\"name\":\"Odr\u017eana panel rasprava o formaliziranju studentskog rada u novom Zakonu o zapo\u0161ljavanju i radu u\u010denika i studenata\"}]},{\"@type\":\"WebSite\",\"@id\":\"https:\/\/haz.hr\/#website\",\"url\":\"https:\/\/haz.hr\/\",\"name\":\"HAZ\",\"description\":\"Hrvatska akademska zajednica\",\"publisher\":{\"@id\":\"https:\/\/haz.hr\/#organization\"},\"potentialAction\":[{\"@type\":\"SearchAction\",\"target\":{\"@type\":\"EntryPoint\",\"urlTemplate\":\"https:\/\/haz.hr\/?s={search_term_string}\"},\"query-input\":{\"@type\":\"PropertyValueSpecification\",\"valueRequired\":true,\"valueName\":\"search_term_string\"}}],\"inLanguage\":\"en-GB\"},{\"@type\":\"Organization\",\"@id\":\"https:\/\/haz.hr\/#organization\",\"name\":\"HAZ\",\"url\":\"https:\/\/haz.hr\/\",\"logo\":{\"@type\":\"ImageObject\",\"inLanguage\":\"en-GB\",\"@id\":\"https:\/\/haz.hr\/#\/schema\/logo\/image\/\",\"url\":\"https:\/\/haz.hr\/wp-content\/uploads\/2022\/12\/cropped-HAZ_logo.png\",\"contentUrl\":\"https:\/\/haz.hr\/wp-content\/uploads\/2022\/12\/cropped-HAZ_logo.png\",\"width\":125,\"height\":76,\"caption\":\"HAZ\"},\"image\":{\"@id\":\"https:\/\/haz.hr\/#\/schema\/logo\/image\/\"}},{\"@type\":\"Person\",\"@id\":\"https:\/\/haz.hr\/#\/schema\/person\/438892ce514665613f7cd5bb7a19213a\",\"name\":\"JT-design\",\"image\":{\"@type\":\"ImageObject\",\"inLanguage\":\"en-GB\",\"@id\":\"https:\/\/haz.hr\/#\/schema\/person\/image\/\",\"url\":\"https:\/\/secure.gravatar.com\/avatar\/0032728fc07181d052d653eb6ce26d3ff30f5b1c7d867e6fb82eb66a6fc50646?s=96&d=mm&r=g\",\"contentUrl\":\"https:\/\/secure.gravatar.com\/avatar\/0032728fc07181d052d653eb6ce26d3ff30f5b1c7d867e6fb82eb66a6fc50646?s=96&d=mm&r=g\",\"caption\":\"JT-design\"},\"sameAs\":[\"https:\/\/haz.hr\"],\"url\":\"https:\/\/haz.hr\/en\/author\/jt-design\/\"}]}<\/script>\n<!-- \/ Yoast SEO plugin. -->","yoast_head_json":{"title":"Odr\u017eana panel rasprava o formaliziranju studentskog rada u novom Zakonu o zapo\u0161ljavanju i radu u\u010denika i studenata - HAZ","robots":{"index":"index","follow":"follow","max-snippet":"max-snippet:-1","max-image-preview":"max-image-preview:large","max-video-preview":"max-video-preview:-1"},"canonical":"https:\/\/haz.hr\/en\/2017\/02\/22\/odrzana-panel-rasprava-o-formaliziranju-studentskog-rada-u-novom-zakonu-o-zaposljavanju-i-radu-ucenika-i-studenata\/","og_locale":"en_GB","og_type":"article","og_title":"Odr\u017eana panel rasprava o formaliziranju studentskog rada u novom Zakonu o zapo\u0161ljavanju i radu u\u010denika i studenata - HAZ","og_description":"Kako formalizirati studentski rad kao instrument lak\u0161eg zapo\u0161ljavanja pri dolasku na tr\u017ei\u0161te rada? \u2013&nbsp;tema je panel rasprave u organizaciji Hrvatske akademske zajednice i Gradskog ureda za strategijsko planiranje i razvoj [&hellip;]","og_url":"https:\/\/haz.hr\/en\/2017\/02\/22\/odrzana-panel-rasprava-o-formaliziranju-studentskog-rada-u-novom-zakonu-o-zaposljavanju-i-radu-ucenika-i-studenata\/","og_site_name":"HAZ","article_published_time":"2017-02-22T00:00:04+00:00","article_modified_time":"2023-02-09T13:37:59+00:00","og_image":[{"width":720,"height":960,"url":"https:\/\/haz.hr\/wp-content\/uploads\/2017\/08\/haz_panel.jpg","type":"image\/jpeg"}],"author":"JT-design","twitter_card":"summary_large_image","twitter_misc":{"Written by":"JT-design","Est. reading time":"2 minutes"},"schema":{"@context":"https:\/\/schema.org","@graph":[{"@type":"Article","@id":"https:\/\/haz.hr\/2017\/02\/22\/odrzana-panel-rasprava-o-formaliziranju-studentskog-rada-u-novom-zakonu-o-zaposljavanju-i-radu-ucenika-i-studenata\/#article","isPartOf":{"@id":"https:\/\/haz.hr\/2017\/02\/22\/odrzana-panel-rasprava-o-formaliziranju-studentskog-rada-u-novom-zakonu-o-zaposljavanju-i-radu-ucenika-i-studenata\/"},"author":{"name":"JT-design","@id":"https:\/\/haz.hr\/#\/schema\/person\/438892ce514665613f7cd5bb7a19213a"},"headline":"Odr\u017eana panel rasprava o formaliziranju studentskog rada u novom Zakonu o zapo\u0161ljavanju i radu u\u010denika i studenata","datePublished":"2017-02-22T00:00:04+00:00","dateModified":"2023-02-09T13:37:59+00:00","mainEntityOfPage":{"@id":"https:\/\/haz.hr\/2017\/02\/22\/odrzana-panel-rasprava-o-formaliziranju-studentskog-rada-u-novom-zakonu-o-zaposljavanju-i-radu-ucenika-i-studenata\/"},"wordCount":348,"commentCount":0,"publisher":{"@id":"https:\/\/haz.hr\/#organization"},"image":{"@id":"https:\/\/haz.hr\/2017\/02\/22\/odrzana-panel-rasprava-o-formaliziranju-studentskog-rada-u-novom-zakonu-o-zaposljavanju-i-radu-ucenika-i-studenata\/#primaryimage"},"thumbnailUrl":"https:\/\/haz.hr\/wp-content\/uploads\/2017\/08\/haz_panel.jpg","articleSection":["HAZ novosti"],"inLanguage":"en-GB","potentialAction":[{"@type":"CommentAction","name":"Comment","target":["https:\/\/haz.hr\/2017\/02\/22\/odrzana-panel-rasprava-o-formaliziranju-studentskog-rada-u-novom-zakonu-o-zaposljavanju-i-radu-ucenika-i-studenata\/#respond"]}]},{"@type":"WebPage","@id":"https:\/\/haz.hr\/2017\/02\/22\/odrzana-panel-rasprava-o-formaliziranju-studentskog-rada-u-novom-zakonu-o-zaposljavanju-i-radu-ucenika-i-studenata\/","url":"https:\/\/haz.hr\/2017\/02\/22\/odrzana-panel-rasprava-o-formaliziranju-studentskog-rada-u-novom-zakonu-o-zaposljavanju-i-radu-ucenika-i-studenata\/","name":"Odr\u017eana panel rasprava o formaliziranju studentskog rada u novom Zakonu o zapo\u0161ljavanju i radu u\u010denika i studenata - HAZ","isPartOf":{"@id":"https:\/\/haz.hr\/#website"},"primaryImageOfPage":{"@id":"https:\/\/haz.hr\/2017\/02\/22\/odrzana-panel-rasprava-o-formaliziranju-studentskog-rada-u-novom-zakonu-o-zaposljavanju-i-radu-ucenika-i-studenata\/#primaryimage"},"image":{"@id":"https:\/\/haz.hr\/2017\/02\/22\/odrzana-panel-rasprava-o-formaliziranju-studentskog-rada-u-novom-zakonu-o-zaposljavanju-i-radu-ucenika-i-studenata\/#primaryimage"},"thumbnailUrl":"https:\/\/haz.hr\/wp-content\/uploads\/2017\/08\/haz_panel.jpg","datePublished":"2017-02-22T00:00:04+00:00","dateModified":"2023-02-09T13:37:59+00:00","breadcrumb":{"@id":"https:\/\/haz.hr\/2017\/02\/22\/odrzana-panel-rasprava-o-formaliziranju-studentskog-rada-u-novom-zakonu-o-zaposljavanju-i-radu-ucenika-i-studenata\/#breadcrumb"},"inLanguage":"en-GB","potentialAction":[{"@type":"ReadAction","target":["https:\/\/haz.hr\/2017\/02\/22\/odrzana-panel-rasprava-o-formaliziranju-studentskog-rada-u-novom-zakonu-o-zaposljavanju-i-radu-ucenika-i-studenata\/"]}]},{"@type":"ImageObject","inLanguage":"en-GB","@id":"https:\/\/haz.hr\/2017\/02\/22\/odrzana-panel-rasprava-o-formaliziranju-studentskog-rada-u-novom-zakonu-o-zaposljavanju-i-radu-ucenika-i-studenata\/#primaryimage","url":"https:\/\/haz.hr\/wp-content\/uploads\/2017\/08\/haz_panel.jpg","contentUrl":"https:\/\/haz.hr\/wp-content\/uploads\/2017\/08\/haz_panel.jpg","width":720,"height":960,"caption":""},{"@type":"BreadcrumbList","@id":"https:\/\/haz.hr\/2017\/02\/22\/odrzana-panel-rasprava-o-formaliziranju-studentskog-rada-u-novom-zakonu-o-zaposljavanju-i-radu-ucenika-i-studenata\/#breadcrumb","itemListElement":[{"@type":"ListItem","position":1,"name":"Home","item":"https:\/\/haz.hr\/"},{"@type":"ListItem","position":2,"name":"Odr\u017eana panel rasprava o formaliziranju studentskog rada u novom Zakonu o zapo\u0161ljavanju i radu u\u010denika i studenata"}]},{"@type":"WebSite","@id":"https:\/\/haz.hr\/#website","url":"https:\/\/haz.hr\/","name":"HAZ","description":"Croatian Academic Community","publisher":{"@id":"https:\/\/haz.hr\/#organization"},"potentialAction":[{"@type":"SearchAction","target":{"@type":"EntryPoint","urlTemplate":"https:\/\/haz.hr\/?s={search_term_string}"},"query-input":{"@type":"PropertyValueSpecification","valueRequired":true,"valueName":"search_term_string"}}],"inLanguage":"en-GB"},{"@type":"Organization","@id":"https:\/\/haz.hr\/#organization","name":"HAZ","url":"https:\/\/haz.hr\/","logo":{"@type":"ImageObject","inLanguage":"en-GB","@id":"https:\/\/haz.hr\/#\/schema\/logo\/image\/","url":"https:\/\/haz.hr\/wp-content\/uploads\/2022\/12\/cropped-HAZ_logo.png","contentUrl":"https:\/\/haz.hr\/wp-content\/uploads\/2022\/12\/cropped-HAZ_logo.png","width":125,"height":76,"caption":"HAZ"},"image":{"@id":"https:\/\/haz.hr\/#\/schema\/logo\/image\/"}},{"@type":"Person","@id":"https:\/\/haz.hr\/#\/schema\/person\/438892ce514665613f7cd5bb7a19213a","name":"JT-design","image":{"@type":"ImageObject","inLanguage":"en-GB","@id":"https:\/\/haz.hr\/#\/schema\/person\/image\/","url":"https:\/\/secure.gravatar.com\/avatar\/0032728fc07181d052d653eb6ce26d3ff30f5b1c7d867e6fb82eb66a6fc50646?s=96&d=mm&r=g","contentUrl":"https:\/\/secure.gravatar.com\/avatar\/0032728fc07181d052d653eb6ce26d3ff30f5b1c7d867e6fb82eb66a6fc50646?s=96&d=mm&r=g","caption":"JT-design"},"sameAs":["https:\/\/haz.hr"],"url":"https:\/\/haz.hr\/en\/author\/jt-design\/"}]}},"_links":{"self":[{"href":"https:\/\/haz.hr\/en\/wp-json\/wp\/v2\/posts\/2365","targetHints":{"allow":["GET"]}}],"collection":[{"href":"https:\/\/haz.hr\/en\/wp-json\/wp\/v2\/posts"}],"about":[{"href":"https:\/\/haz.hr\/en\/wp-json\/wp\/v2\/types\/post"}],"author":[{"embeddable":true,"href":"https:\/\/haz.hr\/en\/wp-json\/wp\/v2\/users\/1"}],"replies":[{"embeddable":true,"href":"https:\/\/haz.hr\/en\/wp-json\/wp\/v2\/comments?post=2365"}],"version-history":[{"count":1,"href":"https:\/\/haz.hr\/en\/wp-json\/wp\/v2\/posts\/2365\/revisions"}],"predecessor-version":[{"id":2483,"href":"https:\/\/haz.hr\/en\/wp-json\/wp\/v2\/posts\/2365\/revisions\/2483"}],"wp:featuredmedia":[{"embeddable":true,"href":"https:\/\/haz.hr\/en\/wp-json\/wp\/v2\/media\/2289"}],"wp:attachment":[{"href":"https:\/\/haz.hr\/en\/wp-json\/wp\/v2\/media?parent=2365"}],"wp:term":[{"taxonomy":"category","embeddable":true,"href":"https:\/\/haz.hr\/en\/wp-json\/wp\/v2\/categories?post=2365"},{"taxonomy":"post_tag","embeddable":true,"href":"https:\/\/haz.hr\/en\/wp-json\/wp\/v2\/tags?post=2365"}],"curies":[{"name":"wp","href":"https:\/\/api.w.org\/{rel}","templated":true}]}}