{"id":2366,"date":"2017-02-16T00:00:36","date_gmt":"2017-02-16T00:00:36","guid":{"rendered":"http:\/\/haz.hr\/?p=130"},"modified":"2017-02-16T00:00:36","modified_gmt":"2017-02-16T00:00:36","slug":"hrvatska-akademska-zajednica-poziva-vas-na-panel-raspravu","status":"publish","type":"post","link":"https:\/\/haz.hr\/en\/2017\/02\/16\/hrvatska-akademska-zajednica-poziva-vas-na-panel-raspravu\/","title":{"rendered":"Hrvatska akademska zajednica poziva Vas na panel raspravu"},"content":{"rendered":"<p>\t\t\t\tKako formalizirati studentski rad kao instrument lak\u0161eg zapo\u0161ljavanja pri dolasku na tr\u017ei\u0161te rada?<\/p>\n<div class=\"text_exposed_show\">\n<p>koja \u0107e se odr\u017eati u srijedu, 22. velja\u010de 2017., s po\u010detkom u 16 sati, u ZgForum, Gajeva 27, Zagreb.<\/p>\n<p>Na\u0161i panelisti su:<br \/>\n\u2022 Mr. sc. Mirko Bo\u0161njak, sanacijski upravitelj Studentskog centra Zagreb<br \/>\n\u2022 Marija Felkel, \u010dlanica Uprave Hrvatskog Telekoma i glavna direktorica za Ljudske resurse<br \/>\n\u2022 Jasminka Martinovi\u0107, direktorica granskih udruga Hrvatske udruge poslodavaca<br \/>\n\u2022 Karlo Kolesar, predsjednik Vije\u0107a studenata veleu\u010dili\u0161ta i visokih \u0161kola RH, nacionalni dopredsjednik HAZ-a<\/p>\n<p>Moderator:<br \/>\n\u2022 Mihal Jaci\u0107, zamjenik predsjednika Vije\u0107a veleu\u010dili\u0161ta i visokih \u0161kola RH<\/p>\n<\/div>","protected":false},"excerpt":{"rendered":"<p>Kako formalizirati studentski rad kao instrument lak\u0161eg zapo\u0161ljavanja pri dolasku na tr\u017ei\u0161te rada? koja \u0107e se odr\u017eati u srijedu, 22. velja\u010de 2017., s po\u010detkom u 16 sati, u ZgForum, Gajeva [&hellip;]<\/p>\n","protected":false},"author":1,"featured_media":36,"comment_status":"open","ping_status":"open","sticky":false,"template":"","format":"standard","meta":{"footnotes":""},"categories":[14],"tags":[],"class_list":["post-2366","post","type-post","status-publish","format-standard","has-post-thumbnail","hentry","category-haz-novosti"],"yoast_head":"<!-- This site is optimized with the Yoast SEO plugin v23.7 - https:\/\/yoast.com\/wordpress\/plugins\/seo\/ -->\n<title>Hrvatska akademska zajednica poziva Vas na panel raspravu - HAZ<\/title>\n<meta name=\"robots\" content=\"index, follow, max-snippet:-1, max-image-preview:large, max-video-preview:-1\" \/>\n<link rel=\"canonical\" href=\"https:\/\/haz.hr\/en\/2017\/02\/16\/hrvatska-akademska-zajednica-poziva-vas-na-panel-raspravu\/\" \/>\n<meta property=\"og:locale\" content=\"en_GB\" \/>\n<meta property=\"og:type\" content=\"article\" \/>\n<meta property=\"og:title\" content=\"Hrvatska akademska zajednica poziva Vas na panel raspravu - HAZ\" \/>\n<meta property=\"og:description\" content=\"Kako formalizirati studentski rad kao instrument lak\u0161eg zapo\u0161ljavanja pri dolasku na tr\u017ei\u0161te rada? koja \u0107e se odr\u017eati u srijedu, 22. velja\u010de 2017., s po\u010detkom u 16 sati, u ZgForum, Gajeva [&hellip;]\" \/>\n<meta property=\"og:url\" content=\"https:\/\/haz.hr\/en\/2017\/02\/16\/hrvatska-akademska-zajednica-poziva-vas-na-panel-raspravu\/\" \/>\n<meta property=\"og:site_name\" content=\"HAZ\" \/>\n<meta property=\"article:published_time\" content=\"2017-02-16T00:00:36+00:00\" \/>\n<meta property=\"og:image\" content=\"https:\/\/haz.hr\/wp-content\/uploads\/2022\/12\/group-of-business-people-working-as-team-in-office-W5JJFMS.jpg\" \/>\n\t<meta property=\"og:image:width\" content=\"500\" \/>\n\t<meta property=\"og:image:height\" content=\"400\" \/>\n\t<meta property=\"og:image:type\" content=\"image\/jpeg\" \/>\n<meta name=\"author\" content=\"JT-design\" \/>\n<meta name=\"twitter:card\" content=\"summary_large_image\" \/>\n<meta name=\"twitter:label1\" content=\"Written by\" \/>\n\t<meta name=\"twitter:data1\" content=\"JT-design\" \/>\n<script type=\"application\/ld+json\" class=\"yoast-schema-graph\">{\"@context\":\"https:\/\/schema.org\",\"@graph\":[{\"@type\":\"Article\",\"@id\":\"https:\/\/haz.hr\/2017\/02\/16\/hrvatska-akademska-zajednica-poziva-vas-na-panel-raspravu\/#article\",\"isPartOf\":{\"@id\":\"https:\/\/haz.hr\/2017\/02\/16\/hrvatska-akademska-zajednica-poziva-vas-na-panel-raspravu\/\"},\"author\":{\"name\":\"JT-design\",\"@id\":\"https:\/\/haz.hr\/#\/schema\/person\/438892ce514665613f7cd5bb7a19213a\"},\"headline\":\"Hrvatska akademska zajednica poziva Vas na panel raspravu\",\"datePublished\":\"2017-02-16T00:00:36+00:00\",\"dateModified\":\"2017-02-16T00:00:36+00:00\",\"mainEntityOfPage\":{\"@id\":\"https:\/\/haz.hr\/2017\/02\/16\/hrvatska-akademska-zajednica-poziva-vas-na-panel-raspravu\/\"},\"wordCount\":107,\"commentCount\":0,\"publisher\":{\"@id\":\"https:\/\/haz.hr\/#organization\"},\"image\":{\"@id\":\"https:\/\/haz.hr\/2017\/02\/16\/hrvatska-akademska-zajednica-poziva-vas-na-panel-raspravu\/#primaryimage\"},\"thumbnailUrl\":\"https:\/\/haz.hr\/wp-content\/uploads\/2022\/12\/group-of-business-people-working-as-team-in-office-W5JJFMS.jpg\",\"articleSection\":[\"HAZ novosti\"],\"inLanguage\":\"en-GB\",\"potentialAction\":[{\"@type\":\"CommentAction\",\"name\":\"Comment\",\"target\":[\"https:\/\/haz.hr\/2017\/02\/16\/hrvatska-akademska-zajednica-poziva-vas-na-panel-raspravu\/#respond\"]}]},{\"@type\":\"WebPage\",\"@id\":\"https:\/\/haz.hr\/2017\/02\/16\/hrvatska-akademska-zajednica-poziva-vas-na-panel-raspravu\/\",\"url\":\"https:\/\/haz.hr\/2017\/02\/16\/hrvatska-akademska-zajednica-poziva-vas-na-panel-raspravu\/\",\"name\":\"Hrvatska akademska zajednica poziva Vas na panel raspravu - HAZ\",\"isPartOf\":{\"@id\":\"https:\/\/haz.hr\/#website\"},\"primaryImageOfPage\":{\"@id\":\"https:\/\/haz.hr\/2017\/02\/16\/hrvatska-akademska-zajednica-poziva-vas-na-panel-raspravu\/#primaryimage\"},\"image\":{\"@id\":\"https:\/\/haz.hr\/2017\/02\/16\/hrvatska-akademska-zajednica-poziva-vas-na-panel-raspravu\/#primaryimage\"},\"thumbnailUrl\":\"https:\/\/haz.hr\/wp-content\/uploads\/2022\/12\/group-of-business-people-working-as-team-in-office-W5JJFMS.jpg\",\"datePublished\":\"2017-02-16T00:00:36+00:00\",\"dateModified\":\"2017-02-16T00:00:36+00:00\",\"breadcrumb\":{\"@id\":\"https:\/\/haz.hr\/2017\/02\/16\/hrvatska-akademska-zajednica-poziva-vas-na-panel-raspravu\/#breadcrumb\"},\"inLanguage\":\"en-GB\",\"potentialAction\":[{\"@type\":\"ReadAction\",\"target\":[\"https:\/\/haz.hr\/2017\/02\/16\/hrvatska-akademska-zajednica-poziva-vas-na-panel-raspravu\/\"]}]},{\"@type\":\"ImageObject\",\"inLanguage\":\"en-GB\",\"@id\":\"https:\/\/haz.hr\/2017\/02\/16\/hrvatska-akademska-zajednica-poziva-vas-na-panel-raspravu\/#primaryimage\",\"url\":\"https:\/\/haz.hr\/wp-content\/uploads\/2022\/12\/group-of-business-people-working-as-team-in-office-W5JJFMS.jpg\",\"contentUrl\":\"https:\/\/haz.hr\/wp-content\/uploads\/2022\/12\/group-of-business-people-working-as-team-in-office-W5JJFMS.jpg\",\"width\":500,\"height\":400},{\"@type\":\"BreadcrumbList\",\"@id\":\"https:\/\/haz.hr\/2017\/02\/16\/hrvatska-akademska-zajednica-poziva-vas-na-panel-raspravu\/#breadcrumb\",\"itemListElement\":[{\"@type\":\"ListItem\",\"position\":1,\"name\":\"Home\",\"item\":\"https:\/\/haz.hr\/\"},{\"@type\":\"ListItem\",\"position\":2,\"name\":\"Hrvatska akademska zajednica poziva Vas na panel raspravu\"}]},{\"@type\":\"WebSite\",\"@id\":\"https:\/\/haz.hr\/#website\",\"url\":\"https:\/\/haz.hr\/\",\"name\":\"HAZ\",\"description\":\"Hrvatska akademska zajednica\",\"publisher\":{\"@id\":\"https:\/\/haz.hr\/#organization\"},\"potentialAction\":[{\"@type\":\"SearchAction\",\"target\":{\"@type\":\"EntryPoint\",\"urlTemplate\":\"https:\/\/haz.hr\/?s={search_term_string}\"},\"query-input\":{\"@type\":\"PropertyValueSpecification\",\"valueRequired\":true,\"valueName\":\"search_term_string\"}}],\"inLanguage\":\"en-GB\"},{\"@type\":\"Organization\",\"@id\":\"https:\/\/haz.hr\/#organization\",\"name\":\"HAZ\",\"url\":\"https:\/\/haz.hr\/\",\"logo\":{\"@type\":\"ImageObject\",\"inLanguage\":\"en-GB\",\"@id\":\"https:\/\/haz.hr\/#\/schema\/logo\/image\/\",\"url\":\"https:\/\/haz.hr\/wp-content\/uploads\/2022\/12\/cropped-HAZ_logo.png\",\"contentUrl\":\"https:\/\/haz.hr\/wp-content\/uploads\/2022\/12\/cropped-HAZ_logo.png\",\"width\":125,\"height\":76,\"caption\":\"HAZ\"},\"image\":{\"@id\":\"https:\/\/haz.hr\/#\/schema\/logo\/image\/\"}},{\"@type\":\"Person\",\"@id\":\"https:\/\/haz.hr\/#\/schema\/person\/438892ce514665613f7cd5bb7a19213a\",\"name\":\"JT-design\",\"image\":{\"@type\":\"ImageObject\",\"inLanguage\":\"en-GB\",\"@id\":\"https:\/\/haz.hr\/#\/schema\/person\/image\/\",\"url\":\"https:\/\/secure.gravatar.com\/avatar\/0032728fc07181d052d653eb6ce26d3ff30f5b1c7d867e6fb82eb66a6fc50646?s=96&d=mm&r=g\",\"contentUrl\":\"https:\/\/secure.gravatar.com\/avatar\/0032728fc07181d052d653eb6ce26d3ff30f5b1c7d867e6fb82eb66a6fc50646?s=96&d=mm&r=g\",\"caption\":\"JT-design\"},\"sameAs\":[\"https:\/\/haz.hr\"],\"url\":\"https:\/\/haz.hr\/en\/author\/jt-design\/\"}]}<\/script>\n<!-- \/ Yoast SEO plugin. -->","yoast_head_json":{"title":"Hrvatska akademska zajednica poziva Vas na panel raspravu - HAZ","robots":{"index":"index","follow":"follow","max-snippet":"max-snippet:-1","max-image-preview":"max-image-preview:large","max-video-preview":"max-video-preview:-1"},"canonical":"https:\/\/haz.hr\/en\/2017\/02\/16\/hrvatska-akademska-zajednica-poziva-vas-na-panel-raspravu\/","og_locale":"en_GB","og_type":"article","og_title":"Hrvatska akademska zajednica poziva Vas na panel raspravu - HAZ","og_description":"Kako formalizirati studentski rad kao instrument lak\u0161eg zapo\u0161ljavanja pri dolasku na tr\u017ei\u0161te rada? koja \u0107e se odr\u017eati u srijedu, 22. velja\u010de 2017., s po\u010detkom u 16 sati, u ZgForum, Gajeva [&hellip;]","og_url":"https:\/\/haz.hr\/en\/2017\/02\/16\/hrvatska-akademska-zajednica-poziva-vas-na-panel-raspravu\/","og_site_name":"HAZ","article_published_time":"2017-02-16T00:00:36+00:00","og_image":[{"width":500,"height":400,"url":"https:\/\/haz.hr\/wp-content\/uploads\/2022\/12\/group-of-business-people-working-as-team-in-office-W5JJFMS.jpg","type":"image\/jpeg"}],"author":"JT-design","twitter_card":"summary_large_image","twitter_misc":{"Written by":"JT-design"},"schema":{"@context":"https:\/\/schema.org","@graph":[{"@type":"Article","@id":"https:\/\/haz.hr\/2017\/02\/16\/hrvatska-akademska-zajednica-poziva-vas-na-panel-raspravu\/#article","isPartOf":{"@id":"https:\/\/haz.hr\/2017\/02\/16\/hrvatska-akademska-zajednica-poziva-vas-na-panel-raspravu\/"},"author":{"name":"JT-design","@id":"https:\/\/haz.hr\/#\/schema\/person\/438892ce514665613f7cd5bb7a19213a"},"headline":"Hrvatska akademska zajednica poziva Vas na panel raspravu","datePublished":"2017-02-16T00:00:36+00:00","dateModified":"2017-02-16T00:00:36+00:00","mainEntityOfPage":{"@id":"https:\/\/haz.hr\/2017\/02\/16\/hrvatska-akademska-zajednica-poziva-vas-na-panel-raspravu\/"},"wordCount":107,"commentCount":0,"publisher":{"@id":"https:\/\/haz.hr\/#organization"},"image":{"@id":"https:\/\/haz.hr\/2017\/02\/16\/hrvatska-akademska-zajednica-poziva-vas-na-panel-raspravu\/#primaryimage"},"thumbnailUrl":"https:\/\/haz.hr\/wp-content\/uploads\/2022\/12\/group-of-business-people-working-as-team-in-office-W5JJFMS.jpg","articleSection":["HAZ novosti"],"inLanguage":"en-GB","potentialAction":[{"@type":"CommentAction","name":"Comment","target":["https:\/\/haz.hr\/2017\/02\/16\/hrvatska-akademska-zajednica-poziva-vas-na-panel-raspravu\/#respond"]}]},{"@type":"WebPage","@id":"https:\/\/haz.hr\/2017\/02\/16\/hrvatska-akademska-zajednica-poziva-vas-na-panel-raspravu\/","url":"https:\/\/haz.hr\/2017\/02\/16\/hrvatska-akademska-zajednica-poziva-vas-na-panel-raspravu\/","name":"Hrvatska akademska zajednica poziva Vas na panel raspravu - HAZ","isPartOf":{"@id":"https:\/\/haz.hr\/#website"},"primaryImageOfPage":{"@id":"https:\/\/haz.hr\/2017\/02\/16\/hrvatska-akademska-zajednica-poziva-vas-na-panel-raspravu\/#primaryimage"},"image":{"@id":"https:\/\/haz.hr\/2017\/02\/16\/hrvatska-akademska-zajednica-poziva-vas-na-panel-raspravu\/#primaryimage"},"thumbnailUrl":"https:\/\/haz.hr\/wp-content\/uploads\/2022\/12\/group-of-business-people-working-as-team-in-office-W5JJFMS.jpg","datePublished":"2017-02-16T00:00:36+00:00","dateModified":"2017-02-16T00:00:36+00:00","breadcrumb":{"@id":"https:\/\/haz.hr\/2017\/02\/16\/hrvatska-akademska-zajednica-poziva-vas-na-panel-raspravu\/#breadcrumb"},"inLanguage":"en-GB","potentialAction":[{"@type":"ReadAction","target":["https:\/\/haz.hr\/2017\/02\/16\/hrvatska-akademska-zajednica-poziva-vas-na-panel-raspravu\/"]}]},{"@type":"ImageObject","inLanguage":"en-GB","@id":"https:\/\/haz.hr\/2017\/02\/16\/hrvatska-akademska-zajednica-poziva-vas-na-panel-raspravu\/#primaryimage","url":"https:\/\/haz.hr\/wp-content\/uploads\/2022\/12\/group-of-business-people-working-as-team-in-office-W5JJFMS.jpg","contentUrl":"https:\/\/haz.hr\/wp-content\/uploads\/2022\/12\/group-of-business-people-working-as-team-in-office-W5JJFMS.jpg","width":500,"height":400},{"@type":"BreadcrumbList","@id":"https:\/\/haz.hr\/2017\/02\/16\/hrvatska-akademska-zajednica-poziva-vas-na-panel-raspravu\/#breadcrumb","itemListElement":[{"@type":"ListItem","position":1,"name":"Home","item":"https:\/\/haz.hr\/"},{"@type":"ListItem","position":2,"name":"Hrvatska akademska zajednica poziva Vas na panel raspravu"}]},{"@type":"WebSite","@id":"https:\/\/haz.hr\/#website","url":"https:\/\/haz.hr\/","name":"HAZ","description":"Croatian Academic Community","publisher":{"@id":"https:\/\/haz.hr\/#organization"},"potentialAction":[{"@type":"SearchAction","target":{"@type":"EntryPoint","urlTemplate":"https:\/\/haz.hr\/?s={search_term_string}"},"query-input":{"@type":"PropertyValueSpecification","valueRequired":true,"valueName":"search_term_string"}}],"inLanguage":"en-GB"},{"@type":"Organization","@id":"https:\/\/haz.hr\/#organization","name":"HAZ","url":"https:\/\/haz.hr\/","logo":{"@type":"ImageObject","inLanguage":"en-GB","@id":"https:\/\/haz.hr\/#\/schema\/logo\/image\/","url":"https:\/\/haz.hr\/wp-content\/uploads\/2022\/12\/cropped-HAZ_logo.png","contentUrl":"https:\/\/haz.hr\/wp-content\/uploads\/2022\/12\/cropped-HAZ_logo.png","width":125,"height":76,"caption":"HAZ"},"image":{"@id":"https:\/\/haz.hr\/#\/schema\/logo\/image\/"}},{"@type":"Person","@id":"https:\/\/haz.hr\/#\/schema\/person\/438892ce514665613f7cd5bb7a19213a","name":"JT-design","image":{"@type":"ImageObject","inLanguage":"en-GB","@id":"https:\/\/haz.hr\/#\/schema\/person\/image\/","url":"https:\/\/secure.gravatar.com\/avatar\/0032728fc07181d052d653eb6ce26d3ff30f5b1c7d867e6fb82eb66a6fc50646?s=96&d=mm&r=g","contentUrl":"https:\/\/secure.gravatar.com\/avatar\/0032728fc07181d052d653eb6ce26d3ff30f5b1c7d867e6fb82eb66a6fc50646?s=96&d=mm&r=g","caption":"JT-design"},"sameAs":["https:\/\/haz.hr"],"url":"https:\/\/haz.hr\/en\/author\/jt-design\/"}]}},"_links":{"self":[{"href":"https:\/\/haz.hr\/en\/wp-json\/wp\/v2\/posts\/2366","targetHints":{"allow":["GET"]}}],"collection":[{"href":"https:\/\/haz.hr\/en\/wp-json\/wp\/v2\/posts"}],"about":[{"href":"https:\/\/haz.hr\/en\/wp-json\/wp\/v2\/types\/post"}],"author":[{"embeddable":true,"href":"https:\/\/haz.hr\/en\/wp-json\/wp\/v2\/users\/1"}],"replies":[{"embeddable":true,"href":"https:\/\/haz.hr\/en\/wp-json\/wp\/v2\/comments?post=2366"}],"version-history":[{"count":0,"href":"https:\/\/haz.hr\/en\/wp-json\/wp\/v2\/posts\/2366\/revisions"}],"wp:featuredmedia":[{"embeddable":true,"href":"https:\/\/haz.hr\/en\/wp-json\/wp\/v2\/media\/36"}],"wp:attachment":[{"href":"https:\/\/haz.hr\/en\/wp-json\/wp\/v2\/media?parent=2366"}],"wp:term":[{"taxonomy":"category","embeddable":true,"href":"https:\/\/haz.hr\/en\/wp-json\/wp\/v2\/categories?post=2366"},{"taxonomy":"post_tag","embeddable":true,"href":"https:\/\/haz.hr\/en\/wp-json\/wp\/v2\/tags?post=2366"}],"curies":[{"name":"wp","href":"https:\/\/api.w.org\/{rel}","templated":true}]}}