{"id":2372,"date":"2017-09-05T00:00:28","date_gmt":"2017-09-04T23:00:28","guid":{"rendered":"http:\/\/haz.hr\/?p=193"},"modified":"2023-02-09T13:28:01","modified_gmt":"2023-02-09T13:28:01","slug":"kristijan-drinkovic-imenovan-povjerenikom-haz-a-na-veleucilistu-u-slavonskom-brodu","status":"publish","type":"post","link":"https:\/\/haz.hr\/en\/2017\/09\/05\/kristijan-drinkovic-imenovan-povjerenikom-haz-a-na-veleucilistu-u-slavonskom-brodu\/","title":{"rendered":"Kristijan Drinkovi\u0107 imenovan povjerenikom HAZ-a na Veleu\u010dili\u0161tu u Slavonskom Brodu"},"content":{"rendered":"<p>Kristijan Drinkovi\u0107 (21) imenovan je povjerenikom Hrvatske akademske zajednice na Veleu\u010dili\u0161tu u Slavonskom Brodu. Ovaj vedar momak ne daje se smesti niti se predati apatiji. Kristijan \u017eeli dati svoj doprinos u podizanju studentskog standarda i pomo\u0107i svojim brodskim kolegama u ostvarivanju studentskih potreba.<\/p>","protected":false},"excerpt":{"rendered":"<p>Kristijan Drinkovi\u0107 (21) imenovan je povjerenikom Hrvatske akademske zajednice na Veleu\u010dili\u0161tu u Slavonskom Brodu. Ovaj vedar momak ne daje se smesti niti se predati apatiji. Kristijan \u017eeli dati svoj doprinos [&hellip;]<\/p>\n","protected":false},"author":1,"featured_media":2295,"comment_status":"open","ping_status":"open","sticky":false,"template":"","format":"standard","meta":{"footnotes":""},"categories":[14],"tags":[],"class_list":["post-2372","post","type-post","status-publish","format-standard","has-post-thumbnail","hentry","category-haz-novosti"],"yoast_head":"<!-- This site is optimized with the Yoast SEO plugin v23.7 - https:\/\/yoast.com\/wordpress\/plugins\/seo\/ -->\n<title>Kristijan Drinkovi\u0107 imenovan povjerenikom HAZ-a na Veleu\u010dili\u0161tu u Slavonskom Brodu - HAZ<\/title>\n<meta name=\"robots\" content=\"index, follow, max-snippet:-1, max-image-preview:large, max-video-preview:-1\" \/>\n<link rel=\"canonical\" href=\"https:\/\/haz.hr\/en\/2017\/09\/05\/kristijan-drinkovic-imenovan-povjerenikom-haz-a-na-veleucilistu-u-slavonskom-brodu\/\" \/>\n<meta property=\"og:locale\" content=\"en_GB\" \/>\n<meta property=\"og:type\" content=\"article\" \/>\n<meta property=\"og:title\" content=\"Kristijan Drinkovi\u0107 imenovan povjerenikom HAZ-a na Veleu\u010dili\u0161tu u Slavonskom Brodu - HAZ\" \/>\n<meta property=\"og:description\" content=\"Kristijan Drinkovi\u0107 (21) imenovan je povjerenikom Hrvatske akademske zajednice na Veleu\u010dili\u0161tu u Slavonskom Brodu. Ovaj vedar momak ne daje se smesti niti se predati apatiji. Kristijan \u017eeli dati svoj doprinos [&hellip;]\" \/>\n<meta property=\"og:url\" content=\"https:\/\/haz.hr\/en\/2017\/09\/05\/kristijan-drinkovic-imenovan-povjerenikom-haz-a-na-veleucilistu-u-slavonskom-brodu\/\" \/>\n<meta property=\"og:site_name\" content=\"HAZ\" \/>\n<meta property=\"article:published_time\" content=\"2017-09-04T23:00:28+00:00\" \/>\n<meta property=\"article:modified_time\" content=\"2023-02-09T13:28:01+00:00\" \/>\n<meta property=\"og:image\" content=\"https:\/\/haz.hr\/wp-content\/uploads\/2017\/09\/kristijandrinkovic.jpg\" \/>\n\t<meta property=\"og:image:width\" content=\"480\" \/>\n\t<meta property=\"og:image:height\" content=\"480\" \/>\n\t<meta property=\"og:image:type\" content=\"image\/jpeg\" \/>\n<meta name=\"author\" content=\"JT-design\" \/>\n<meta name=\"twitter:card\" content=\"summary_large_image\" \/>\n<meta name=\"twitter:label1\" content=\"Written by\" \/>\n\t<meta name=\"twitter:data1\" content=\"JT-design\" \/>\n\t<meta name=\"twitter:label2\" content=\"Est. reading time\" \/>\n\t<meta name=\"twitter:data2\" content=\"1 minute\" \/>\n<script type=\"application\/ld+json\" class=\"yoast-schema-graph\">{\"@context\":\"https:\/\/schema.org\",\"@graph\":[{\"@type\":\"Article\",\"@id\":\"https:\/\/haz.hr\/2017\/09\/05\/kristijan-drinkovic-imenovan-povjerenikom-haz-a-na-veleucilistu-u-slavonskom-brodu\/#article\",\"isPartOf\":{\"@id\":\"https:\/\/haz.hr\/2017\/09\/05\/kristijan-drinkovic-imenovan-povjerenikom-haz-a-na-veleucilistu-u-slavonskom-brodu\/\"},\"author\":{\"name\":\"JT-design\",\"@id\":\"https:\/\/haz.hr\/#\/schema\/person\/438892ce514665613f7cd5bb7a19213a\"},\"headline\":\"Kristijan Drinkovi\u0107 imenovan povjerenikom HAZ-a na Veleu\u010dili\u0161tu u Slavonskom Brodu\",\"datePublished\":\"2017-09-04T23:00:28+00:00\",\"dateModified\":\"2023-02-09T13:28:01+00:00\",\"mainEntityOfPage\":{\"@id\":\"https:\/\/haz.hr\/2017\/09\/05\/kristijan-drinkovic-imenovan-povjerenikom-haz-a-na-veleucilistu-u-slavonskom-brodu\/\"},\"wordCount\":57,\"commentCount\":0,\"publisher\":{\"@id\":\"https:\/\/haz.hr\/#organization\"},\"image\":{\"@id\":\"https:\/\/haz.hr\/2017\/09\/05\/kristijan-drinkovic-imenovan-povjerenikom-haz-a-na-veleucilistu-u-slavonskom-brodu\/#primaryimage\"},\"thumbnailUrl\":\"https:\/\/haz.hr\/wp-content\/uploads\/2017\/09\/kristijandrinkovic.jpg\",\"articleSection\":[\"HAZ novosti\"],\"inLanguage\":\"en-GB\",\"potentialAction\":[{\"@type\":\"CommentAction\",\"name\":\"Comment\",\"target\":[\"https:\/\/haz.hr\/2017\/09\/05\/kristijan-drinkovic-imenovan-povjerenikom-haz-a-na-veleucilistu-u-slavonskom-brodu\/#respond\"]}]},{\"@type\":\"WebPage\",\"@id\":\"https:\/\/haz.hr\/2017\/09\/05\/kristijan-drinkovic-imenovan-povjerenikom-haz-a-na-veleucilistu-u-slavonskom-brodu\/\",\"url\":\"https:\/\/haz.hr\/2017\/09\/05\/kristijan-drinkovic-imenovan-povjerenikom-haz-a-na-veleucilistu-u-slavonskom-brodu\/\",\"name\":\"Kristijan Drinkovi\u0107 imenovan povjerenikom HAZ-a na Veleu\u010dili\u0161tu u Slavonskom Brodu - HAZ\",\"isPartOf\":{\"@id\":\"https:\/\/haz.hr\/#website\"},\"primaryImageOfPage\":{\"@id\":\"https:\/\/haz.hr\/2017\/09\/05\/kristijan-drinkovic-imenovan-povjerenikom-haz-a-na-veleucilistu-u-slavonskom-brodu\/#primaryimage\"},\"image\":{\"@id\":\"https:\/\/haz.hr\/2017\/09\/05\/kristijan-drinkovic-imenovan-povjerenikom-haz-a-na-veleucilistu-u-slavonskom-brodu\/#primaryimage\"},\"thumbnailUrl\":\"https:\/\/haz.hr\/wp-content\/uploads\/2017\/09\/kristijandrinkovic.jpg\",\"datePublished\":\"2017-09-04T23:00:28+00:00\",\"dateModified\":\"2023-02-09T13:28:01+00:00\",\"breadcrumb\":{\"@id\":\"https:\/\/haz.hr\/2017\/09\/05\/kristijan-drinkovic-imenovan-povjerenikom-haz-a-na-veleucilistu-u-slavonskom-brodu\/#breadcrumb\"},\"inLanguage\":\"en-GB\",\"potentialAction\":[{\"@type\":\"ReadAction\",\"target\":[\"https:\/\/haz.hr\/2017\/09\/05\/kristijan-drinkovic-imenovan-povjerenikom-haz-a-na-veleucilistu-u-slavonskom-brodu\/\"]}]},{\"@type\":\"ImageObject\",\"inLanguage\":\"en-GB\",\"@id\":\"https:\/\/haz.hr\/2017\/09\/05\/kristijan-drinkovic-imenovan-povjerenikom-haz-a-na-veleucilistu-u-slavonskom-brodu\/#primaryimage\",\"url\":\"https:\/\/haz.hr\/wp-content\/uploads\/2017\/09\/kristijandrinkovic.jpg\",\"contentUrl\":\"https:\/\/haz.hr\/wp-content\/uploads\/2017\/09\/kristijandrinkovic.jpg\",\"width\":480,\"height\":480,\"caption\":\"\"},{\"@type\":\"BreadcrumbList\",\"@id\":\"https:\/\/haz.hr\/2017\/09\/05\/kristijan-drinkovic-imenovan-povjerenikom-haz-a-na-veleucilistu-u-slavonskom-brodu\/#breadcrumb\",\"itemListElement\":[{\"@type\":\"ListItem\",\"position\":1,\"name\":\"Home\",\"item\":\"https:\/\/haz.hr\/\"},{\"@type\":\"ListItem\",\"position\":2,\"name\":\"Kristijan Drinkovi\u0107 imenovan povjerenikom HAZ-a na Veleu\u010dili\u0161tu u Slavonskom Brodu\"}]},{\"@type\":\"WebSite\",\"@id\":\"https:\/\/haz.hr\/#website\",\"url\":\"https:\/\/haz.hr\/\",\"name\":\"HAZ\",\"description\":\"Hrvatska akademska zajednica\",\"publisher\":{\"@id\":\"https:\/\/haz.hr\/#organization\"},\"potentialAction\":[{\"@type\":\"SearchAction\",\"target\":{\"@type\":\"EntryPoint\",\"urlTemplate\":\"https:\/\/haz.hr\/?s={search_term_string}\"},\"query-input\":{\"@type\":\"PropertyValueSpecification\",\"valueRequired\":true,\"valueName\":\"search_term_string\"}}],\"inLanguage\":\"en-GB\"},{\"@type\":\"Organization\",\"@id\":\"https:\/\/haz.hr\/#organization\",\"name\":\"HAZ\",\"url\":\"https:\/\/haz.hr\/\",\"logo\":{\"@type\":\"ImageObject\",\"inLanguage\":\"en-GB\",\"@id\":\"https:\/\/haz.hr\/#\/schema\/logo\/image\/\",\"url\":\"https:\/\/haz.hr\/wp-content\/uploads\/2022\/12\/cropped-HAZ_logo.png\",\"contentUrl\":\"https:\/\/haz.hr\/wp-content\/uploads\/2022\/12\/cropped-HAZ_logo.png\",\"width\":125,\"height\":76,\"caption\":\"HAZ\"},\"image\":{\"@id\":\"https:\/\/haz.hr\/#\/schema\/logo\/image\/\"}},{\"@type\":\"Person\",\"@id\":\"https:\/\/haz.hr\/#\/schema\/person\/438892ce514665613f7cd5bb7a19213a\",\"name\":\"JT-design\",\"image\":{\"@type\":\"ImageObject\",\"inLanguage\":\"en-GB\",\"@id\":\"https:\/\/haz.hr\/#\/schema\/person\/image\/\",\"url\":\"https:\/\/secure.gravatar.com\/avatar\/0032728fc07181d052d653eb6ce26d3ff30f5b1c7d867e6fb82eb66a6fc50646?s=96&d=mm&r=g\",\"contentUrl\":\"https:\/\/secure.gravatar.com\/avatar\/0032728fc07181d052d653eb6ce26d3ff30f5b1c7d867e6fb82eb66a6fc50646?s=96&d=mm&r=g\",\"caption\":\"JT-design\"},\"sameAs\":[\"https:\/\/haz.hr\"],\"url\":\"https:\/\/haz.hr\/en\/author\/jt-design\/\"}]}<\/script>\n<!-- \/ Yoast SEO plugin. -->","yoast_head_json":{"title":"Kristijan Drinkovi\u0107 imenovan povjerenikom HAZ-a na Veleu\u010dili\u0161tu u Slavonskom Brodu - HAZ","robots":{"index":"index","follow":"follow","max-snippet":"max-snippet:-1","max-image-preview":"max-image-preview:large","max-video-preview":"max-video-preview:-1"},"canonical":"https:\/\/haz.hr\/en\/2017\/09\/05\/kristijan-drinkovic-imenovan-povjerenikom-haz-a-na-veleucilistu-u-slavonskom-brodu\/","og_locale":"en_GB","og_type":"article","og_title":"Kristijan Drinkovi\u0107 imenovan povjerenikom HAZ-a na Veleu\u010dili\u0161tu u Slavonskom Brodu - HAZ","og_description":"Kristijan Drinkovi\u0107 (21) imenovan je povjerenikom Hrvatske akademske zajednice na Veleu\u010dili\u0161tu u Slavonskom Brodu. Ovaj vedar momak ne daje se smesti niti se predati apatiji. Kristijan \u017eeli dati svoj doprinos [&hellip;]","og_url":"https:\/\/haz.hr\/en\/2017\/09\/05\/kristijan-drinkovic-imenovan-povjerenikom-haz-a-na-veleucilistu-u-slavonskom-brodu\/","og_site_name":"HAZ","article_published_time":"2017-09-04T23:00:28+00:00","article_modified_time":"2023-02-09T13:28:01+00:00","og_image":[{"width":480,"height":480,"url":"https:\/\/haz.hr\/wp-content\/uploads\/2017\/09\/kristijandrinkovic.jpg","type":"image\/jpeg"}],"author":"JT-design","twitter_card":"summary_large_image","twitter_misc":{"Written by":"JT-design","Est. reading time":"1 minute"},"schema":{"@context":"https:\/\/schema.org","@graph":[{"@type":"Article","@id":"https:\/\/haz.hr\/2017\/09\/05\/kristijan-drinkovic-imenovan-povjerenikom-haz-a-na-veleucilistu-u-slavonskom-brodu\/#article","isPartOf":{"@id":"https:\/\/haz.hr\/2017\/09\/05\/kristijan-drinkovic-imenovan-povjerenikom-haz-a-na-veleucilistu-u-slavonskom-brodu\/"},"author":{"name":"JT-design","@id":"https:\/\/haz.hr\/#\/schema\/person\/438892ce514665613f7cd5bb7a19213a"},"headline":"Kristijan Drinkovi\u0107 imenovan povjerenikom HAZ-a na Veleu\u010dili\u0161tu u Slavonskom Brodu","datePublished":"2017-09-04T23:00:28+00:00","dateModified":"2023-02-09T13:28:01+00:00","mainEntityOfPage":{"@id":"https:\/\/haz.hr\/2017\/09\/05\/kristijan-drinkovic-imenovan-povjerenikom-haz-a-na-veleucilistu-u-slavonskom-brodu\/"},"wordCount":57,"commentCount":0,"publisher":{"@id":"https:\/\/haz.hr\/#organization"},"image":{"@id":"https:\/\/haz.hr\/2017\/09\/05\/kristijan-drinkovic-imenovan-povjerenikom-haz-a-na-veleucilistu-u-slavonskom-brodu\/#primaryimage"},"thumbnailUrl":"https:\/\/haz.hr\/wp-content\/uploads\/2017\/09\/kristijandrinkovic.jpg","articleSection":["HAZ novosti"],"inLanguage":"en-GB","potentialAction":[{"@type":"CommentAction","name":"Comment","target":["https:\/\/haz.hr\/2017\/09\/05\/kristijan-drinkovic-imenovan-povjerenikom-haz-a-na-veleucilistu-u-slavonskom-brodu\/#respond"]}]},{"@type":"WebPage","@id":"https:\/\/haz.hr\/2017\/09\/05\/kristijan-drinkovic-imenovan-povjerenikom-haz-a-na-veleucilistu-u-slavonskom-brodu\/","url":"https:\/\/haz.hr\/2017\/09\/05\/kristijan-drinkovic-imenovan-povjerenikom-haz-a-na-veleucilistu-u-slavonskom-brodu\/","name":"Kristijan Drinkovi\u0107 imenovan povjerenikom HAZ-a na Veleu\u010dili\u0161tu u Slavonskom Brodu - HAZ","isPartOf":{"@id":"https:\/\/haz.hr\/#website"},"primaryImageOfPage":{"@id":"https:\/\/haz.hr\/2017\/09\/05\/kristijan-drinkovic-imenovan-povjerenikom-haz-a-na-veleucilistu-u-slavonskom-brodu\/#primaryimage"},"image":{"@id":"https:\/\/haz.hr\/2017\/09\/05\/kristijan-drinkovic-imenovan-povjerenikom-haz-a-na-veleucilistu-u-slavonskom-brodu\/#primaryimage"},"thumbnailUrl":"https:\/\/haz.hr\/wp-content\/uploads\/2017\/09\/kristijandrinkovic.jpg","datePublished":"2017-09-04T23:00:28+00:00","dateModified":"2023-02-09T13:28:01+00:00","breadcrumb":{"@id":"https:\/\/haz.hr\/2017\/09\/05\/kristijan-drinkovic-imenovan-povjerenikom-haz-a-na-veleucilistu-u-slavonskom-brodu\/#breadcrumb"},"inLanguage":"en-GB","potentialAction":[{"@type":"ReadAction","target":["https:\/\/haz.hr\/2017\/09\/05\/kristijan-drinkovic-imenovan-povjerenikom-haz-a-na-veleucilistu-u-slavonskom-brodu\/"]}]},{"@type":"ImageObject","inLanguage":"en-GB","@id":"https:\/\/haz.hr\/2017\/09\/05\/kristijan-drinkovic-imenovan-povjerenikom-haz-a-na-veleucilistu-u-slavonskom-brodu\/#primaryimage","url":"https:\/\/haz.hr\/wp-content\/uploads\/2017\/09\/kristijandrinkovic.jpg","contentUrl":"https:\/\/haz.hr\/wp-content\/uploads\/2017\/09\/kristijandrinkovic.jpg","width":480,"height":480,"caption":""},{"@type":"BreadcrumbList","@id":"https:\/\/haz.hr\/2017\/09\/05\/kristijan-drinkovic-imenovan-povjerenikom-haz-a-na-veleucilistu-u-slavonskom-brodu\/#breadcrumb","itemListElement":[{"@type":"ListItem","position":1,"name":"Home","item":"https:\/\/haz.hr\/"},{"@type":"ListItem","position":2,"name":"Kristijan Drinkovi\u0107 imenovan povjerenikom HAZ-a na Veleu\u010dili\u0161tu u Slavonskom Brodu"}]},{"@type":"WebSite","@id":"https:\/\/haz.hr\/#website","url":"https:\/\/haz.hr\/","name":"HAZ","description":"Croatian Academic Community","publisher":{"@id":"https:\/\/haz.hr\/#organization"},"potentialAction":[{"@type":"SearchAction","target":{"@type":"EntryPoint","urlTemplate":"https:\/\/haz.hr\/?s={search_term_string}"},"query-input":{"@type":"PropertyValueSpecification","valueRequired":true,"valueName":"search_term_string"}}],"inLanguage":"en-GB"},{"@type":"Organization","@id":"https:\/\/haz.hr\/#organization","name":"HAZ","url":"https:\/\/haz.hr\/","logo":{"@type":"ImageObject","inLanguage":"en-GB","@id":"https:\/\/haz.hr\/#\/schema\/logo\/image\/","url":"https:\/\/haz.hr\/wp-content\/uploads\/2022\/12\/cropped-HAZ_logo.png","contentUrl":"https:\/\/haz.hr\/wp-content\/uploads\/2022\/12\/cropped-HAZ_logo.png","width":125,"height":76,"caption":"HAZ"},"image":{"@id":"https:\/\/haz.hr\/#\/schema\/logo\/image\/"}},{"@type":"Person","@id":"https:\/\/haz.hr\/#\/schema\/person\/438892ce514665613f7cd5bb7a19213a","name":"JT-design","image":{"@type":"ImageObject","inLanguage":"en-GB","@id":"https:\/\/haz.hr\/#\/schema\/person\/image\/","url":"https:\/\/secure.gravatar.com\/avatar\/0032728fc07181d052d653eb6ce26d3ff30f5b1c7d867e6fb82eb66a6fc50646?s=96&d=mm&r=g","contentUrl":"https:\/\/secure.gravatar.com\/avatar\/0032728fc07181d052d653eb6ce26d3ff30f5b1c7d867e6fb82eb66a6fc50646?s=96&d=mm&r=g","caption":"JT-design"},"sameAs":["https:\/\/haz.hr"],"url":"https:\/\/haz.hr\/en\/author\/jt-design\/"}]}},"_links":{"self":[{"href":"https:\/\/haz.hr\/en\/wp-json\/wp\/v2\/posts\/2372","targetHints":{"allow":["GET"]}}],"collection":[{"href":"https:\/\/haz.hr\/en\/wp-json\/wp\/v2\/posts"}],"about":[{"href":"https:\/\/haz.hr\/en\/wp-json\/wp\/v2\/types\/post"}],"author":[{"embeddable":true,"href":"https:\/\/haz.hr\/en\/wp-json\/wp\/v2\/users\/1"}],"replies":[{"embeddable":true,"href":"https:\/\/haz.hr\/en\/wp-json\/wp\/v2\/comments?post=2372"}],"version-history":[{"count":1,"href":"https:\/\/haz.hr\/en\/wp-json\/wp\/v2\/posts\/2372\/revisions"}],"predecessor-version":[{"id":2468,"href":"https:\/\/haz.hr\/en\/wp-json\/wp\/v2\/posts\/2372\/revisions\/2468"}],"wp:featuredmedia":[{"embeddable":true,"href":"https:\/\/haz.hr\/en\/wp-json\/wp\/v2\/media\/2295"}],"wp:attachment":[{"href":"https:\/\/haz.hr\/en\/wp-json\/wp\/v2\/media?parent=2372"}],"wp:term":[{"taxonomy":"category","embeddable":true,"href":"https:\/\/haz.hr\/en\/wp-json\/wp\/v2\/categories?post=2372"},{"taxonomy":"post_tag","embeddable":true,"href":"https:\/\/haz.hr\/en\/wp-json\/wp\/v2\/tags?post=2372"}],"curies":[{"name":"wp","href":"https:\/\/api.w.org\/{rel}","templated":true}]}}