{"id":2374,"date":"2017-08-25T00:00:02","date_gmt":"2017-08-24T23:00:02","guid":{"rendered":"http:\/\/haz.hr\/?p=199"},"modified":"2023-02-09T13:29:21","modified_gmt":"2023-02-09T13:29:21","slug":"povremeni-i-sezonski-studentski-rad-koristan-je-za-studente-i-za-poslodavce","status":"publish","type":"post","link":"https:\/\/haz.hr\/en\/2017\/08\/25\/povremeni-i-sezonski-studentski-rad-koristan-je-za-studente-i-za-poslodavce\/","title":{"rendered":"Povremeni i sezonski studentski rad koristan je za studente i za poslodavce"},"content":{"rendered":"<p class=\"wp-block-paragraph\">Nacionalni predsjednik Hrvatske akademske zajednice i dopredsjednik Udruge poslodavaca u obrazovanju HUP-a mr. sc. Zdeslav Milas dao je danas za HRT Vijesti izjavu povodom izrade Zakona o obavljanju studentskog rada:<\/p>\n\n\n\n<blockquote class=\"wp-block-quote is-layout-flow wp-block-quote-is-layout-flow\">\n<p class=\"wp-block-paragraph\">\u201eModel ugovora o obavljanju studentskog posla jednako je va\u017ean za studente i za poslodavce. Za redovne studente ili nezaposlene izvanredne studente povremena i sezonska zarada va\u017ena je za financiranje studentskog \u017eivota (npr. u turisti\u010dkoj sezoni) ili kao mogu\u0107a naknada za studentsku praksu, ili rad za vrijeme studiranja. Za poduzetnike je povremeni anga\u017eman i sezonski rad studenata koristan s obzirom na brzu prilagodbu dodatne radne snage na tr\u017ei\u0161tu rada kao \u0161to je to slu\u010daj primjerice u ljetnoj sezoni.<br>Stoga, u ime granske Udruge poslodavaca u obrazovanju HUP-a, podr\u017eavamo izradu Zakona o obavljanju studentskih poslova koji regulira prava i obveze studenta, poslodavca i studentskih centara koji u ovom trokutu klju\u010dnih dionika imaju ulogu posrednika. No, jasno isti\u010demo da se protivimo da povremeni ili sezonski studentski rad zamjenjuje stalni radni odnos.&#8221;<\/p>\n<\/blockquote>\n\n\n\n<p class=\"wp-block-paragraph\">Zdeslav Milas je \u010dlan radne skupine radne skupine za izradu Zakona o obavljanju studentskih poslova, zastupaju\u0107i Hrvatsku udrugu poslodavaca. U radnoj skupini sudjeluju predstavnici sindikata, studentskih centara, Hrvatski studentski zbor, Ministarstvo rada, Ministarstvo financija i Ministarstvo znanosti i obrazovanja.<\/p>","protected":false},"excerpt":{"rendered":"<p>Nacionalni predsjednik Hrvatske akademske zajednice i dopredsjednik Udruge poslodavaca u obrazovanju HUP-a mr. sc. Zdeslav Milas dao je danas za HRT Vijesti izjavu povodom izrade Zakona o obavljanju studentskog rada: [&hellip;]<\/p>\n","protected":false},"author":1,"featured_media":2297,"comment_status":"open","ping_status":"open","sticky":false,"template":"","format":"standard","meta":{"footnotes":""},"categories":[14],"tags":[],"class_list":["post-2374","post","type-post","status-publish","format-standard","has-post-thumbnail","hentry","category-haz-novosti"],"yoast_head":"<!-- This site is optimized with the Yoast SEO plugin v23.7 - https:\/\/yoast.com\/wordpress\/plugins\/seo\/ -->\n<title>Povremeni i sezonski studentski rad koristan je za studente i za poslodavce - HAZ<\/title>\n<meta name=\"robots\" content=\"index, follow, max-snippet:-1, max-image-preview:large, max-video-preview:-1\" \/>\n<link rel=\"canonical\" href=\"https:\/\/haz.hr\/en\/2017\/08\/25\/povremeni-i-sezonski-studentski-rad-koristan-je-za-studente-i-za-poslodavce\/\" \/>\n<meta property=\"og:locale\" content=\"en_GB\" \/>\n<meta property=\"og:type\" content=\"article\" \/>\n<meta property=\"og:title\" content=\"Povremeni i sezonski studentski rad koristan je za studente i za poslodavce - HAZ\" \/>\n<meta property=\"og:description\" content=\"Nacionalni predsjednik Hrvatske akademske zajednice i dopredsjednik Udruge poslodavaca u obrazovanju HUP-a mr. sc. Zdeslav Milas dao je danas za HRT Vijesti izjavu povodom izrade Zakona o obavljanju studentskog rada: [&hellip;]\" \/>\n<meta property=\"og:url\" content=\"https:\/\/haz.hr\/en\/2017\/08\/25\/povremeni-i-sezonski-studentski-rad-koristan-je-za-studente-i-za-poslodavce\/\" \/>\n<meta property=\"og:site_name\" content=\"HAZ\" \/>\n<meta property=\"article:published_time\" content=\"2017-08-24T23:00:02+00:00\" \/>\n<meta property=\"article:modified_time\" content=\"2023-02-09T13:29:21+00:00\" \/>\n<meta property=\"og:image\" content=\"https:\/\/haz.hr\/wp-content\/uploads\/2017\/09\/zdeslav.jpg\" \/>\n\t<meta property=\"og:image:width\" content=\"929\" \/>\n\t<meta property=\"og:image:height\" content=\"620\" \/>\n\t<meta property=\"og:image:type\" content=\"image\/jpeg\" \/>\n<meta name=\"author\" content=\"JT-design\" \/>\n<meta name=\"twitter:card\" content=\"summary_large_image\" \/>\n<meta name=\"twitter:label1\" content=\"Written by\" \/>\n\t<meta name=\"twitter:data1\" content=\"JT-design\" \/>\n\t<meta name=\"twitter:label2\" content=\"Est. reading time\" \/>\n\t<meta name=\"twitter:data2\" content=\"1 minute\" \/>\n<script type=\"application\/ld+json\" class=\"yoast-schema-graph\">{\"@context\":\"https:\/\/schema.org\",\"@graph\":[{\"@type\":\"Article\",\"@id\":\"https:\/\/haz.hr\/2017\/08\/25\/povremeni-i-sezonski-studentski-rad-koristan-je-za-studente-i-za-poslodavce\/#article\",\"isPartOf\":{\"@id\":\"https:\/\/haz.hr\/2017\/08\/25\/povremeni-i-sezonski-studentski-rad-koristan-je-za-studente-i-za-poslodavce\/\"},\"author\":{\"name\":\"JT-design\",\"@id\":\"https:\/\/haz.hr\/#\/schema\/person\/438892ce514665613f7cd5bb7a19213a\"},\"headline\":\"Povremeni i sezonski studentski rad koristan je za studente i za poslodavce\",\"datePublished\":\"2017-08-24T23:00:02+00:00\",\"dateModified\":\"2023-02-09T13:29:21+00:00\",\"mainEntityOfPage\":{\"@id\":\"https:\/\/haz.hr\/2017\/08\/25\/povremeni-i-sezonski-studentski-rad-koristan-je-za-studente-i-za-poslodavce\/\"},\"wordCount\":221,\"commentCount\":0,\"publisher\":{\"@id\":\"https:\/\/haz.hr\/#organization\"},\"image\":{\"@id\":\"https:\/\/haz.hr\/2017\/08\/25\/povremeni-i-sezonski-studentski-rad-koristan-je-za-studente-i-za-poslodavce\/#primaryimage\"},\"thumbnailUrl\":\"https:\/\/haz.hr\/wp-content\/uploads\/2017\/09\/zdeslav.jpg\",\"articleSection\":[\"HAZ novosti\"],\"inLanguage\":\"en-GB\",\"potentialAction\":[{\"@type\":\"CommentAction\",\"name\":\"Comment\",\"target\":[\"https:\/\/haz.hr\/2017\/08\/25\/povremeni-i-sezonski-studentski-rad-koristan-je-za-studente-i-za-poslodavce\/#respond\"]}]},{\"@type\":\"WebPage\",\"@id\":\"https:\/\/haz.hr\/2017\/08\/25\/povremeni-i-sezonski-studentski-rad-koristan-je-za-studente-i-za-poslodavce\/\",\"url\":\"https:\/\/haz.hr\/2017\/08\/25\/povremeni-i-sezonski-studentski-rad-koristan-je-za-studente-i-za-poslodavce\/\",\"name\":\"Povremeni i sezonski studentski rad koristan je za studente i za poslodavce - HAZ\",\"isPartOf\":{\"@id\":\"https:\/\/haz.hr\/#website\"},\"primaryImageOfPage\":{\"@id\":\"https:\/\/haz.hr\/2017\/08\/25\/povremeni-i-sezonski-studentski-rad-koristan-je-za-studente-i-za-poslodavce\/#primaryimage\"},\"image\":{\"@id\":\"https:\/\/haz.hr\/2017\/08\/25\/povremeni-i-sezonski-studentski-rad-koristan-je-za-studente-i-za-poslodavce\/#primaryimage\"},\"thumbnailUrl\":\"https:\/\/haz.hr\/wp-content\/uploads\/2017\/09\/zdeslav.jpg\",\"datePublished\":\"2017-08-24T23:00:02+00:00\",\"dateModified\":\"2023-02-09T13:29:21+00:00\",\"breadcrumb\":{\"@id\":\"https:\/\/haz.hr\/2017\/08\/25\/povremeni-i-sezonski-studentski-rad-koristan-je-za-studente-i-za-poslodavce\/#breadcrumb\"},\"inLanguage\":\"en-GB\",\"potentialAction\":[{\"@type\":\"ReadAction\",\"target\":[\"https:\/\/haz.hr\/2017\/08\/25\/povremeni-i-sezonski-studentski-rad-koristan-je-za-studente-i-za-poslodavce\/\"]}]},{\"@type\":\"ImageObject\",\"inLanguage\":\"en-GB\",\"@id\":\"https:\/\/haz.hr\/2017\/08\/25\/povremeni-i-sezonski-studentski-rad-koristan-je-za-studente-i-za-poslodavce\/#primaryimage\",\"url\":\"https:\/\/haz.hr\/wp-content\/uploads\/2017\/09\/zdeslav.jpg\",\"contentUrl\":\"https:\/\/haz.hr\/wp-content\/uploads\/2017\/09\/zdeslav.jpg\",\"width\":929,\"height\":620,\"caption\":\"\"},{\"@type\":\"BreadcrumbList\",\"@id\":\"https:\/\/haz.hr\/2017\/08\/25\/povremeni-i-sezonski-studentski-rad-koristan-je-za-studente-i-za-poslodavce\/#breadcrumb\",\"itemListElement\":[{\"@type\":\"ListItem\",\"position\":1,\"name\":\"Home\",\"item\":\"https:\/\/haz.hr\/\"},{\"@type\":\"ListItem\",\"position\":2,\"name\":\"Povremeni i sezonski studentski rad koristan je za studente i za poslodavce\"}]},{\"@type\":\"WebSite\",\"@id\":\"https:\/\/haz.hr\/#website\",\"url\":\"https:\/\/haz.hr\/\",\"name\":\"HAZ\",\"description\":\"Hrvatska akademska zajednica\",\"publisher\":{\"@id\":\"https:\/\/haz.hr\/#organization\"},\"potentialAction\":[{\"@type\":\"SearchAction\",\"target\":{\"@type\":\"EntryPoint\",\"urlTemplate\":\"https:\/\/haz.hr\/?s={search_term_string}\"},\"query-input\":{\"@type\":\"PropertyValueSpecification\",\"valueRequired\":true,\"valueName\":\"search_term_string\"}}],\"inLanguage\":\"en-GB\"},{\"@type\":\"Organization\",\"@id\":\"https:\/\/haz.hr\/#organization\",\"name\":\"HAZ\",\"url\":\"https:\/\/haz.hr\/\",\"logo\":{\"@type\":\"ImageObject\",\"inLanguage\":\"en-GB\",\"@id\":\"https:\/\/haz.hr\/#\/schema\/logo\/image\/\",\"url\":\"https:\/\/haz.hr\/wp-content\/uploads\/2022\/12\/cropped-HAZ_logo.png\",\"contentUrl\":\"https:\/\/haz.hr\/wp-content\/uploads\/2022\/12\/cropped-HAZ_logo.png\",\"width\":125,\"height\":76,\"caption\":\"HAZ\"},\"image\":{\"@id\":\"https:\/\/haz.hr\/#\/schema\/logo\/image\/\"}},{\"@type\":\"Person\",\"@id\":\"https:\/\/haz.hr\/#\/schema\/person\/438892ce514665613f7cd5bb7a19213a\",\"name\":\"JT-design\",\"image\":{\"@type\":\"ImageObject\",\"inLanguage\":\"en-GB\",\"@id\":\"https:\/\/haz.hr\/#\/schema\/person\/image\/\",\"url\":\"https:\/\/secure.gravatar.com\/avatar\/0032728fc07181d052d653eb6ce26d3ff30f5b1c7d867e6fb82eb66a6fc50646?s=96&d=mm&r=g\",\"contentUrl\":\"https:\/\/secure.gravatar.com\/avatar\/0032728fc07181d052d653eb6ce26d3ff30f5b1c7d867e6fb82eb66a6fc50646?s=96&d=mm&r=g\",\"caption\":\"JT-design\"},\"sameAs\":[\"https:\/\/haz.hr\"],\"url\":\"https:\/\/haz.hr\/en\/author\/jt-design\/\"}]}<\/script>\n<!-- \/ Yoast SEO plugin. -->","yoast_head_json":{"title":"Povremeni i sezonski studentski rad koristan je za studente i za poslodavce - HAZ","robots":{"index":"index","follow":"follow","max-snippet":"max-snippet:-1","max-image-preview":"max-image-preview:large","max-video-preview":"max-video-preview:-1"},"canonical":"https:\/\/haz.hr\/en\/2017\/08\/25\/povremeni-i-sezonski-studentski-rad-koristan-je-za-studente-i-za-poslodavce\/","og_locale":"en_GB","og_type":"article","og_title":"Povremeni i sezonski studentski rad koristan je za studente i za poslodavce - HAZ","og_description":"Nacionalni predsjednik Hrvatske akademske zajednice i dopredsjednik Udruge poslodavaca u obrazovanju HUP-a mr. sc. Zdeslav Milas dao je danas za HRT Vijesti izjavu povodom izrade Zakona o obavljanju studentskog rada: [&hellip;]","og_url":"https:\/\/haz.hr\/en\/2017\/08\/25\/povremeni-i-sezonski-studentski-rad-koristan-je-za-studente-i-za-poslodavce\/","og_site_name":"HAZ","article_published_time":"2017-08-24T23:00:02+00:00","article_modified_time":"2023-02-09T13:29:21+00:00","og_image":[{"width":929,"height":620,"url":"https:\/\/haz.hr\/wp-content\/uploads\/2017\/09\/zdeslav.jpg","type":"image\/jpeg"}],"author":"JT-design","twitter_card":"summary_large_image","twitter_misc":{"Written by":"JT-design","Est. reading time":"1 minute"},"schema":{"@context":"https:\/\/schema.org","@graph":[{"@type":"Article","@id":"https:\/\/haz.hr\/2017\/08\/25\/povremeni-i-sezonski-studentski-rad-koristan-je-za-studente-i-za-poslodavce\/#article","isPartOf":{"@id":"https:\/\/haz.hr\/2017\/08\/25\/povremeni-i-sezonski-studentski-rad-koristan-je-za-studente-i-za-poslodavce\/"},"author":{"name":"JT-design","@id":"https:\/\/haz.hr\/#\/schema\/person\/438892ce514665613f7cd5bb7a19213a"},"headline":"Povremeni i sezonski studentski rad koristan je za studente i za poslodavce","datePublished":"2017-08-24T23:00:02+00:00","dateModified":"2023-02-09T13:29:21+00:00","mainEntityOfPage":{"@id":"https:\/\/haz.hr\/2017\/08\/25\/povremeni-i-sezonski-studentski-rad-koristan-je-za-studente-i-za-poslodavce\/"},"wordCount":221,"commentCount":0,"publisher":{"@id":"https:\/\/haz.hr\/#organization"},"image":{"@id":"https:\/\/haz.hr\/2017\/08\/25\/povremeni-i-sezonski-studentski-rad-koristan-je-za-studente-i-za-poslodavce\/#primaryimage"},"thumbnailUrl":"https:\/\/haz.hr\/wp-content\/uploads\/2017\/09\/zdeslav.jpg","articleSection":["HAZ novosti"],"inLanguage":"en-GB","potentialAction":[{"@type":"CommentAction","name":"Comment","target":["https:\/\/haz.hr\/2017\/08\/25\/povremeni-i-sezonski-studentski-rad-koristan-je-za-studente-i-za-poslodavce\/#respond"]}]},{"@type":"WebPage","@id":"https:\/\/haz.hr\/2017\/08\/25\/povremeni-i-sezonski-studentski-rad-koristan-je-za-studente-i-za-poslodavce\/","url":"https:\/\/haz.hr\/2017\/08\/25\/povremeni-i-sezonski-studentski-rad-koristan-je-za-studente-i-za-poslodavce\/","name":"Povremeni i sezonski studentski rad koristan je za studente i za poslodavce - HAZ","isPartOf":{"@id":"https:\/\/haz.hr\/#website"},"primaryImageOfPage":{"@id":"https:\/\/haz.hr\/2017\/08\/25\/povremeni-i-sezonski-studentski-rad-koristan-je-za-studente-i-za-poslodavce\/#primaryimage"},"image":{"@id":"https:\/\/haz.hr\/2017\/08\/25\/povremeni-i-sezonski-studentski-rad-koristan-je-za-studente-i-za-poslodavce\/#primaryimage"},"thumbnailUrl":"https:\/\/haz.hr\/wp-content\/uploads\/2017\/09\/zdeslav.jpg","datePublished":"2017-08-24T23:00:02+00:00","dateModified":"2023-02-09T13:29:21+00:00","breadcrumb":{"@id":"https:\/\/haz.hr\/2017\/08\/25\/povremeni-i-sezonski-studentski-rad-koristan-je-za-studente-i-za-poslodavce\/#breadcrumb"},"inLanguage":"en-GB","potentialAction":[{"@type":"ReadAction","target":["https:\/\/haz.hr\/2017\/08\/25\/povremeni-i-sezonski-studentski-rad-koristan-je-za-studente-i-za-poslodavce\/"]}]},{"@type":"ImageObject","inLanguage":"en-GB","@id":"https:\/\/haz.hr\/2017\/08\/25\/povremeni-i-sezonski-studentski-rad-koristan-je-za-studente-i-za-poslodavce\/#primaryimage","url":"https:\/\/haz.hr\/wp-content\/uploads\/2017\/09\/zdeslav.jpg","contentUrl":"https:\/\/haz.hr\/wp-content\/uploads\/2017\/09\/zdeslav.jpg","width":929,"height":620,"caption":""},{"@type":"BreadcrumbList","@id":"https:\/\/haz.hr\/2017\/08\/25\/povremeni-i-sezonski-studentski-rad-koristan-je-za-studente-i-za-poslodavce\/#breadcrumb","itemListElement":[{"@type":"ListItem","position":1,"name":"Home","item":"https:\/\/haz.hr\/"},{"@type":"ListItem","position":2,"name":"Povremeni i sezonski studentski rad koristan je za studente i za poslodavce"}]},{"@type":"WebSite","@id":"https:\/\/haz.hr\/#website","url":"https:\/\/haz.hr\/","name":"HAZ","description":"Croatian Academic Community","publisher":{"@id":"https:\/\/haz.hr\/#organization"},"potentialAction":[{"@type":"SearchAction","target":{"@type":"EntryPoint","urlTemplate":"https:\/\/haz.hr\/?s={search_term_string}"},"query-input":{"@type":"PropertyValueSpecification","valueRequired":true,"valueName":"search_term_string"}}],"inLanguage":"en-GB"},{"@type":"Organization","@id":"https:\/\/haz.hr\/#organization","name":"HAZ","url":"https:\/\/haz.hr\/","logo":{"@type":"ImageObject","inLanguage":"en-GB","@id":"https:\/\/haz.hr\/#\/schema\/logo\/image\/","url":"https:\/\/haz.hr\/wp-content\/uploads\/2022\/12\/cropped-HAZ_logo.png","contentUrl":"https:\/\/haz.hr\/wp-content\/uploads\/2022\/12\/cropped-HAZ_logo.png","width":125,"height":76,"caption":"HAZ"},"image":{"@id":"https:\/\/haz.hr\/#\/schema\/logo\/image\/"}},{"@type":"Person","@id":"https:\/\/haz.hr\/#\/schema\/person\/438892ce514665613f7cd5bb7a19213a","name":"JT-design","image":{"@type":"ImageObject","inLanguage":"en-GB","@id":"https:\/\/haz.hr\/#\/schema\/person\/image\/","url":"https:\/\/secure.gravatar.com\/avatar\/0032728fc07181d052d653eb6ce26d3ff30f5b1c7d867e6fb82eb66a6fc50646?s=96&d=mm&r=g","contentUrl":"https:\/\/secure.gravatar.com\/avatar\/0032728fc07181d052d653eb6ce26d3ff30f5b1c7d867e6fb82eb66a6fc50646?s=96&d=mm&r=g","caption":"JT-design"},"sameAs":["https:\/\/haz.hr"],"url":"https:\/\/haz.hr\/en\/author\/jt-design\/"}]}},"_links":{"self":[{"href":"https:\/\/haz.hr\/en\/wp-json\/wp\/v2\/posts\/2374","targetHints":{"allow":["GET"]}}],"collection":[{"href":"https:\/\/haz.hr\/en\/wp-json\/wp\/v2\/posts"}],"about":[{"href":"https:\/\/haz.hr\/en\/wp-json\/wp\/v2\/types\/post"}],"author":[{"embeddable":true,"href":"https:\/\/haz.hr\/en\/wp-json\/wp\/v2\/users\/1"}],"replies":[{"embeddable":true,"href":"https:\/\/haz.hr\/en\/wp-json\/wp\/v2\/comments?post=2374"}],"version-history":[{"count":1,"href":"https:\/\/haz.hr\/en\/wp-json\/wp\/v2\/posts\/2374\/revisions"}],"predecessor-version":[{"id":2470,"href":"https:\/\/haz.hr\/en\/wp-json\/wp\/v2\/posts\/2374\/revisions\/2470"}],"wp:featuredmedia":[{"embeddable":true,"href":"https:\/\/haz.hr\/en\/wp-json\/wp\/v2\/media\/2297"}],"wp:attachment":[{"href":"https:\/\/haz.hr\/en\/wp-json\/wp\/v2\/media?parent=2374"}],"wp:term":[{"taxonomy":"category","embeddable":true,"href":"https:\/\/haz.hr\/en\/wp-json\/wp\/v2\/categories?post=2374"},{"taxonomy":"post_tag","embeddable":true,"href":"https:\/\/haz.hr\/en\/wp-json\/wp\/v2\/tags?post=2374"}],"curies":[{"name":"wp","href":"https:\/\/api.w.org\/{rel}","templated":true}]}}