{"id":2376,"date":"2017-08-05T00:00:43","date_gmt":"2017-08-04T23:00:43","guid":{"rendered":"http:\/\/haz.hr\/?p=208"},"modified":"2017-08-05T00:00:43","modified_gmt":"2017-08-04T23:00:43","slug":"cestitamo-dan-domovinske-zahvalnosti-i-dan-pobjede","status":"publish","type":"post","link":"https:\/\/haz.hr\/en\/2017\/08\/05\/cestitamo-dan-domovinske-zahvalnosti-i-dan-pobjede\/","title":{"rendered":"\u010cestitamo Dan domovinske zahvalnosti i Dan pobjede!"},"content":{"rendered":"<p>\t\t\t\tDan je svih hrvatskih pobjeda, ali i dan kada se trebamo podsjetiti puta koji je hrvatski narod prevalio od Zvonimirova Knina do ovog dana\u0161njega hrvatskog Knina.<br \/>\n\u010cestitamo vite\u0161kim pripadnicima hrvatskih oru\u017eanih sila koju su izborili hrvatsku slobodu, a pokoj vje\u010dni i slava svim poginulim i umrlim hrvatskim braniteljima! Vje\u010dna slava hrvatskom predsjedniku Franji Tu\u0111manu, ministru obrane Gojku \u0160u\u0161ku, hrvatskim generalima i ratnim zapovjednicima!\t\t<\/p>","protected":false},"excerpt":{"rendered":"<p>Dan je svih hrvatskih pobjeda, ali i dan kada se trebamo podsjetiti puta koji je hrvatski narod prevalio od Zvonimirova Knina do ovog dana\u0161njega hrvatskog Knina. \u010cestitamo vite\u0161kim pripadnicima hrvatskih [&hellip;]<\/p>\n","protected":false},"author":1,"featured_media":209,"comment_status":"open","ping_status":"open","sticky":false,"template":"","format":"standard","meta":{"footnotes":""},"categories":[14],"tags":[],"class_list":["post-2376","post","type-post","status-publish","format-standard","has-post-thumbnail","hentry","category-haz-novosti"],"yoast_head":"<!-- This site is optimized with the Yoast SEO plugin v23.7 - https:\/\/yoast.com\/wordpress\/plugins\/seo\/ -->\n<title>\u010cestitamo Dan domovinske zahvalnosti i Dan pobjede! - HAZ<\/title>\n<meta name=\"robots\" content=\"index, follow, max-snippet:-1, max-image-preview:large, max-video-preview:-1\" \/>\n<link rel=\"canonical\" href=\"https:\/\/haz.hr\/en\/2017\/08\/05\/cestitamo-dan-domovinske-zahvalnosti-i-dan-pobjede\/\" \/>\n<meta property=\"og:locale\" content=\"en_GB\" \/>\n<meta property=\"og:type\" content=\"article\" \/>\n<meta property=\"og:title\" content=\"\u010cestitamo Dan domovinske zahvalnosti i Dan pobjede! - HAZ\" \/>\n<meta property=\"og:description\" content=\"Dan je svih hrvatskih pobjeda, ali i dan kada se trebamo podsjetiti puta koji je hrvatski narod prevalio od Zvonimirova Knina do ovog dana\u0161njega hrvatskog Knina. \u010cestitamo vite\u0161kim pripadnicima hrvatskih [&hellip;]\" \/>\n<meta property=\"og:url\" content=\"https:\/\/haz.hr\/en\/2017\/08\/05\/cestitamo-dan-domovinske-zahvalnosti-i-dan-pobjede\/\" \/>\n<meta property=\"og:site_name\" content=\"HAZ\" \/>\n<meta property=\"article:published_time\" content=\"2017-08-04T23:00:43+00:00\" \/>\n<meta property=\"og:image\" content=\"https:\/\/haz.hr\/wp-content\/uploads\/2022\/12\/HAZ_novosti.jpg\" \/>\n\t<meta property=\"og:image:width\" content=\"2048\" \/>\n\t<meta property=\"og:image:height\" content=\"1152\" \/>\n\t<meta property=\"og:image:type\" content=\"image\/jpeg\" \/>\n<meta name=\"author\" content=\"JT-design\" \/>\n<meta name=\"twitter:card\" content=\"summary_large_image\" \/>\n<meta name=\"twitter:label1\" content=\"Written by\" \/>\n\t<meta name=\"twitter:data1\" content=\"JT-design\" \/>\n<script type=\"application\/ld+json\" class=\"yoast-schema-graph\">{\"@context\":\"https:\/\/schema.org\",\"@graph\":[{\"@type\":\"Article\",\"@id\":\"https:\/\/haz.hr\/2017\/08\/05\/cestitamo-dan-domovinske-zahvalnosti-i-dan-pobjede\/#article\",\"isPartOf\":{\"@id\":\"https:\/\/haz.hr\/2017\/08\/05\/cestitamo-dan-domovinske-zahvalnosti-i-dan-pobjede\/\"},\"author\":{\"name\":\"JT-design\",\"@id\":\"https:\/\/haz.hr\/#\/schema\/person\/438892ce514665613f7cd5bb7a19213a\"},\"headline\":\"\u010cestitamo Dan domovinske zahvalnosti i Dan pobjede!\",\"datePublished\":\"2017-08-04T23:00:43+00:00\",\"dateModified\":\"2017-08-04T23:00:43+00:00\",\"mainEntityOfPage\":{\"@id\":\"https:\/\/haz.hr\/2017\/08\/05\/cestitamo-dan-domovinske-zahvalnosti-i-dan-pobjede\/\"},\"wordCount\":77,\"commentCount\":0,\"publisher\":{\"@id\":\"https:\/\/haz.hr\/#organization\"},\"image\":{\"@id\":\"https:\/\/haz.hr\/2017\/08\/05\/cestitamo-dan-domovinske-zahvalnosti-i-dan-pobjede\/#primaryimage\"},\"thumbnailUrl\":\"https:\/\/haz.hr\/wp-content\/uploads\/2022\/12\/HAZ_novosti.jpg\",\"articleSection\":[\"HAZ novosti\"],\"inLanguage\":\"en-GB\",\"potentialAction\":[{\"@type\":\"CommentAction\",\"name\":\"Comment\",\"target\":[\"https:\/\/haz.hr\/2017\/08\/05\/cestitamo-dan-domovinske-zahvalnosti-i-dan-pobjede\/#respond\"]}]},{\"@type\":\"WebPage\",\"@id\":\"https:\/\/haz.hr\/2017\/08\/05\/cestitamo-dan-domovinske-zahvalnosti-i-dan-pobjede\/\",\"url\":\"https:\/\/haz.hr\/2017\/08\/05\/cestitamo-dan-domovinske-zahvalnosti-i-dan-pobjede\/\",\"name\":\"\u010cestitamo Dan domovinske zahvalnosti i Dan pobjede! - HAZ\",\"isPartOf\":{\"@id\":\"https:\/\/haz.hr\/#website\"},\"primaryImageOfPage\":{\"@id\":\"https:\/\/haz.hr\/2017\/08\/05\/cestitamo-dan-domovinske-zahvalnosti-i-dan-pobjede\/#primaryimage\"},\"image\":{\"@id\":\"https:\/\/haz.hr\/2017\/08\/05\/cestitamo-dan-domovinske-zahvalnosti-i-dan-pobjede\/#primaryimage\"},\"thumbnailUrl\":\"https:\/\/haz.hr\/wp-content\/uploads\/2022\/12\/HAZ_novosti.jpg\",\"datePublished\":\"2017-08-04T23:00:43+00:00\",\"dateModified\":\"2017-08-04T23:00:43+00:00\",\"breadcrumb\":{\"@id\":\"https:\/\/haz.hr\/2017\/08\/05\/cestitamo-dan-domovinske-zahvalnosti-i-dan-pobjede\/#breadcrumb\"},\"inLanguage\":\"en-GB\",\"potentialAction\":[{\"@type\":\"ReadAction\",\"target\":[\"https:\/\/haz.hr\/2017\/08\/05\/cestitamo-dan-domovinske-zahvalnosti-i-dan-pobjede\/\"]}]},{\"@type\":\"ImageObject\",\"inLanguage\":\"en-GB\",\"@id\":\"https:\/\/haz.hr\/2017\/08\/05\/cestitamo-dan-domovinske-zahvalnosti-i-dan-pobjede\/#primaryimage\",\"url\":\"https:\/\/haz.hr\/wp-content\/uploads\/2022\/12\/HAZ_novosti.jpg\",\"contentUrl\":\"https:\/\/haz.hr\/wp-content\/uploads\/2022\/12\/HAZ_novosti.jpg\",\"width\":2048,\"height\":1152},{\"@type\":\"BreadcrumbList\",\"@id\":\"https:\/\/haz.hr\/2017\/08\/05\/cestitamo-dan-domovinske-zahvalnosti-i-dan-pobjede\/#breadcrumb\",\"itemListElement\":[{\"@type\":\"ListItem\",\"position\":1,\"name\":\"Home\",\"item\":\"https:\/\/haz.hr\/\"},{\"@type\":\"ListItem\",\"position\":2,\"name\":\"\u010cestitamo Dan domovinske zahvalnosti i Dan pobjede!\"}]},{\"@type\":\"WebSite\",\"@id\":\"https:\/\/haz.hr\/#website\",\"url\":\"https:\/\/haz.hr\/\",\"name\":\"HAZ\",\"description\":\"Hrvatska akademska zajednica\",\"publisher\":{\"@id\":\"https:\/\/haz.hr\/#organization\"},\"potentialAction\":[{\"@type\":\"SearchAction\",\"target\":{\"@type\":\"EntryPoint\",\"urlTemplate\":\"https:\/\/haz.hr\/?s={search_term_string}\"},\"query-input\":{\"@type\":\"PropertyValueSpecification\",\"valueRequired\":true,\"valueName\":\"search_term_string\"}}],\"inLanguage\":\"en-GB\"},{\"@type\":\"Organization\",\"@id\":\"https:\/\/haz.hr\/#organization\",\"name\":\"HAZ\",\"url\":\"https:\/\/haz.hr\/\",\"logo\":{\"@type\":\"ImageObject\",\"inLanguage\":\"en-GB\",\"@id\":\"https:\/\/haz.hr\/#\/schema\/logo\/image\/\",\"url\":\"https:\/\/haz.hr\/wp-content\/uploads\/2022\/12\/cropped-HAZ_logo.png\",\"contentUrl\":\"https:\/\/haz.hr\/wp-content\/uploads\/2022\/12\/cropped-HAZ_logo.png\",\"width\":125,\"height\":76,\"caption\":\"HAZ\"},\"image\":{\"@id\":\"https:\/\/haz.hr\/#\/schema\/logo\/image\/\"}},{\"@type\":\"Person\",\"@id\":\"https:\/\/haz.hr\/#\/schema\/person\/438892ce514665613f7cd5bb7a19213a\",\"name\":\"JT-design\",\"image\":{\"@type\":\"ImageObject\",\"inLanguage\":\"en-GB\",\"@id\":\"https:\/\/haz.hr\/#\/schema\/person\/image\/\",\"url\":\"https:\/\/secure.gravatar.com\/avatar\/0032728fc07181d052d653eb6ce26d3ff30f5b1c7d867e6fb82eb66a6fc50646?s=96&d=mm&r=g\",\"contentUrl\":\"https:\/\/secure.gravatar.com\/avatar\/0032728fc07181d052d653eb6ce26d3ff30f5b1c7d867e6fb82eb66a6fc50646?s=96&d=mm&r=g\",\"caption\":\"JT-design\"},\"sameAs\":[\"https:\/\/haz.hr\"],\"url\":\"https:\/\/haz.hr\/en\/author\/jt-design\/\"}]}<\/script>\n<!-- \/ Yoast SEO plugin. -->","yoast_head_json":{"title":"\u010cestitamo Dan domovinske zahvalnosti i Dan pobjede! - HAZ","robots":{"index":"index","follow":"follow","max-snippet":"max-snippet:-1","max-image-preview":"max-image-preview:large","max-video-preview":"max-video-preview:-1"},"canonical":"https:\/\/haz.hr\/en\/2017\/08\/05\/cestitamo-dan-domovinske-zahvalnosti-i-dan-pobjede\/","og_locale":"en_GB","og_type":"article","og_title":"\u010cestitamo Dan domovinske zahvalnosti i Dan pobjede! - HAZ","og_description":"Dan je svih hrvatskih pobjeda, ali i dan kada se trebamo podsjetiti puta koji je hrvatski narod prevalio od Zvonimirova Knina do ovog dana\u0161njega hrvatskog Knina. \u010cestitamo vite\u0161kim pripadnicima hrvatskih [&hellip;]","og_url":"https:\/\/haz.hr\/en\/2017\/08\/05\/cestitamo-dan-domovinske-zahvalnosti-i-dan-pobjede\/","og_site_name":"HAZ","article_published_time":"2017-08-04T23:00:43+00:00","og_image":[{"width":2048,"height":1152,"url":"https:\/\/haz.hr\/wp-content\/uploads\/2022\/12\/HAZ_novosti.jpg","type":"image\/jpeg"}],"author":"JT-design","twitter_card":"summary_large_image","twitter_misc":{"Written by":"JT-design"},"schema":{"@context":"https:\/\/schema.org","@graph":[{"@type":"Article","@id":"https:\/\/haz.hr\/2017\/08\/05\/cestitamo-dan-domovinske-zahvalnosti-i-dan-pobjede\/#article","isPartOf":{"@id":"https:\/\/haz.hr\/2017\/08\/05\/cestitamo-dan-domovinske-zahvalnosti-i-dan-pobjede\/"},"author":{"name":"JT-design","@id":"https:\/\/haz.hr\/#\/schema\/person\/438892ce514665613f7cd5bb7a19213a"},"headline":"\u010cestitamo Dan domovinske zahvalnosti i Dan pobjede!","datePublished":"2017-08-04T23:00:43+00:00","dateModified":"2017-08-04T23:00:43+00:00","mainEntityOfPage":{"@id":"https:\/\/haz.hr\/2017\/08\/05\/cestitamo-dan-domovinske-zahvalnosti-i-dan-pobjede\/"},"wordCount":77,"commentCount":0,"publisher":{"@id":"https:\/\/haz.hr\/#organization"},"image":{"@id":"https:\/\/haz.hr\/2017\/08\/05\/cestitamo-dan-domovinske-zahvalnosti-i-dan-pobjede\/#primaryimage"},"thumbnailUrl":"https:\/\/haz.hr\/wp-content\/uploads\/2022\/12\/HAZ_novosti.jpg","articleSection":["HAZ novosti"],"inLanguage":"en-GB","potentialAction":[{"@type":"CommentAction","name":"Comment","target":["https:\/\/haz.hr\/2017\/08\/05\/cestitamo-dan-domovinske-zahvalnosti-i-dan-pobjede\/#respond"]}]},{"@type":"WebPage","@id":"https:\/\/haz.hr\/2017\/08\/05\/cestitamo-dan-domovinske-zahvalnosti-i-dan-pobjede\/","url":"https:\/\/haz.hr\/2017\/08\/05\/cestitamo-dan-domovinske-zahvalnosti-i-dan-pobjede\/","name":"\u010cestitamo Dan domovinske zahvalnosti i Dan pobjede! - HAZ","isPartOf":{"@id":"https:\/\/haz.hr\/#website"},"primaryImageOfPage":{"@id":"https:\/\/haz.hr\/2017\/08\/05\/cestitamo-dan-domovinske-zahvalnosti-i-dan-pobjede\/#primaryimage"},"image":{"@id":"https:\/\/haz.hr\/2017\/08\/05\/cestitamo-dan-domovinske-zahvalnosti-i-dan-pobjede\/#primaryimage"},"thumbnailUrl":"https:\/\/haz.hr\/wp-content\/uploads\/2022\/12\/HAZ_novosti.jpg","datePublished":"2017-08-04T23:00:43+00:00","dateModified":"2017-08-04T23:00:43+00:00","breadcrumb":{"@id":"https:\/\/haz.hr\/2017\/08\/05\/cestitamo-dan-domovinske-zahvalnosti-i-dan-pobjede\/#breadcrumb"},"inLanguage":"en-GB","potentialAction":[{"@type":"ReadAction","target":["https:\/\/haz.hr\/2017\/08\/05\/cestitamo-dan-domovinske-zahvalnosti-i-dan-pobjede\/"]}]},{"@type":"ImageObject","inLanguage":"en-GB","@id":"https:\/\/haz.hr\/2017\/08\/05\/cestitamo-dan-domovinske-zahvalnosti-i-dan-pobjede\/#primaryimage","url":"https:\/\/haz.hr\/wp-content\/uploads\/2022\/12\/HAZ_novosti.jpg","contentUrl":"https:\/\/haz.hr\/wp-content\/uploads\/2022\/12\/HAZ_novosti.jpg","width":2048,"height":1152},{"@type":"BreadcrumbList","@id":"https:\/\/haz.hr\/2017\/08\/05\/cestitamo-dan-domovinske-zahvalnosti-i-dan-pobjede\/#breadcrumb","itemListElement":[{"@type":"ListItem","position":1,"name":"Home","item":"https:\/\/haz.hr\/"},{"@type":"ListItem","position":2,"name":"\u010cestitamo Dan domovinske zahvalnosti i Dan pobjede!"}]},{"@type":"WebSite","@id":"https:\/\/haz.hr\/#website","url":"https:\/\/haz.hr\/","name":"HAZ","description":"Croatian Academic Community","publisher":{"@id":"https:\/\/haz.hr\/#organization"},"potentialAction":[{"@type":"SearchAction","target":{"@type":"EntryPoint","urlTemplate":"https:\/\/haz.hr\/?s={search_term_string}"},"query-input":{"@type":"PropertyValueSpecification","valueRequired":true,"valueName":"search_term_string"}}],"inLanguage":"en-GB"},{"@type":"Organization","@id":"https:\/\/haz.hr\/#organization","name":"HAZ","url":"https:\/\/haz.hr\/","logo":{"@type":"ImageObject","inLanguage":"en-GB","@id":"https:\/\/haz.hr\/#\/schema\/logo\/image\/","url":"https:\/\/haz.hr\/wp-content\/uploads\/2022\/12\/cropped-HAZ_logo.png","contentUrl":"https:\/\/haz.hr\/wp-content\/uploads\/2022\/12\/cropped-HAZ_logo.png","width":125,"height":76,"caption":"HAZ"},"image":{"@id":"https:\/\/haz.hr\/#\/schema\/logo\/image\/"}},{"@type":"Person","@id":"https:\/\/haz.hr\/#\/schema\/person\/438892ce514665613f7cd5bb7a19213a","name":"JT-design","image":{"@type":"ImageObject","inLanguage":"en-GB","@id":"https:\/\/haz.hr\/#\/schema\/person\/image\/","url":"https:\/\/secure.gravatar.com\/avatar\/0032728fc07181d052d653eb6ce26d3ff30f5b1c7d867e6fb82eb66a6fc50646?s=96&d=mm&r=g","contentUrl":"https:\/\/secure.gravatar.com\/avatar\/0032728fc07181d052d653eb6ce26d3ff30f5b1c7d867e6fb82eb66a6fc50646?s=96&d=mm&r=g","caption":"JT-design"},"sameAs":["https:\/\/haz.hr"],"url":"https:\/\/haz.hr\/en\/author\/jt-design\/"}]}},"_links":{"self":[{"href":"https:\/\/haz.hr\/en\/wp-json\/wp\/v2\/posts\/2376","targetHints":{"allow":["GET"]}}],"collection":[{"href":"https:\/\/haz.hr\/en\/wp-json\/wp\/v2\/posts"}],"about":[{"href":"https:\/\/haz.hr\/en\/wp-json\/wp\/v2\/types\/post"}],"author":[{"embeddable":true,"href":"https:\/\/haz.hr\/en\/wp-json\/wp\/v2\/users\/1"}],"replies":[{"embeddable":true,"href":"https:\/\/haz.hr\/en\/wp-json\/wp\/v2\/comments?post=2376"}],"version-history":[{"count":0,"href":"https:\/\/haz.hr\/en\/wp-json\/wp\/v2\/posts\/2376\/revisions"}],"wp:featuredmedia":[{"embeddable":true,"href":"https:\/\/haz.hr\/en\/wp-json\/wp\/v2\/media\/209"}],"wp:attachment":[{"href":"https:\/\/haz.hr\/en\/wp-json\/wp\/v2\/media?parent=2376"}],"wp:term":[{"taxonomy":"category","embeddable":true,"href":"https:\/\/haz.hr\/en\/wp-json\/wp\/v2\/categories?post=2376"},{"taxonomy":"post_tag","embeddable":true,"href":"https:\/\/haz.hr\/en\/wp-json\/wp\/v2\/tags?post=2376"}],"curies":[{"name":"wp","href":"https:\/\/api.w.org\/{rel}","templated":true}]}}