{"id":2379,"date":"2017-09-26T00:00:35","date_gmt":"2017-09-25T22:00:35","guid":{"rendered":"http:\/\/haz.hr\/?p=240"},"modified":"2023-02-09T13:25:36","modified_gmt":"2023-02-09T13:25:36","slug":"obnovljeno-studentsko-krilo-zagrebackog-haz-a","status":"publish","type":"post","link":"https:\/\/haz.hr\/en\/2017\/09\/26\/obnovljeno-studentsko-krilo-zagrebackog-haz-a\/","title":{"rendered":"Obnovljeno studentsko krilo Zagreba\u010dkog HAZ-a"},"content":{"rendered":"<p class=\"wp-block-paragraph\">Inicijativni krug za obnavljanje rada Hrvatske akademske zajednice Zagreb (HAZZG) izabrao je svoje vodstvo \u010dime je ustrojena organizacija HAZ-a za Zagreb. HAZ Zagreb koordinira aktivnosti studentskih \u010dlanova sveu\u010dili\u0161nih organizacija HAZ-a Sveu\u010dili\u0161ta u Zagrebu, Hrvatskog katoli\u010dkog sveu\u010dili\u0161ta i Sveu\u010dili\u0161ta Vern te HAZ-ovih organizacija javnih i privatnih veleu\u010dili\u0161ta i visokih \u0161kola s podru\u010dja grada Zagreba i okolice.<\/p>\n\n\n\n<p class=\"wp-block-paragraph\">Dogovoreno je da \u0107e HAZ Zagreb organizirati tematske tribine, sudjelovati s vlastitom mom\u010dadi na 20. HAZ-ovom revijalnom malonogometnom turniru Prometnog fakulteta, organizirati skupni odlazak u Vukovar, sudjelovati u raspravi o studentskom standardu te okupljati studente na raznim dru\u017eenjima.<\/p>\n\n\n\n<p class=\"wp-block-paragraph\">Za predsjednicu HAZZG izabrana je Sara Pavi\u0107, \u010dlanica Studentskog zbora Pravnog fakulteta Sveu\u010dili\u0161ta u Zagrebu i \u010dlanica vodstva ELSA-e Zagreb. Za dopredsjednike izabrani su: Dora Miketek, predsjednica Studentskog zbora Zdravstvenog veleu\u010dili\u0161ta i Ciprijan Crljenko, predsjednik Studentskog zbora Visoke \u0161kole me\u0111unarodnih odnosa i diplomacije Dag Hammarskj\u00f6ld, a za tajnicu zagreba\u010dkog HAZ-a izabrana je Sara Lon\u010dar, predsjednica studentskog zbora Veleu\u010dili\u0161ta Velika Gorica. Dora i Ciprijan ujedno su zamjenici predsjednika, a Sara tajnica Vije\u0107a studenata veleu\u010dili\u0161ta i visokih \u0161kola Republike Hrvatske. Vije\u0107e zastupa 40.000 studenata iz sustava visokog obrazovanja.<\/p>\n\n\n\n<p class=\"wp-block-paragraph\">Osim navedenih kolega \u010dlanovi Vodstva zagreba\u010dkog HAZ-a su:<\/p>\n\n\n\n<ul class=\"wp-block-list\">\n<li>Matej Reloti\u0107, zamjenik povjerenika HAZ-a Ekonomskog fakulteta<\/li>\n\n\n\n<li>Mirela Lon\u010dar, \u010dlanica Studentskog zbora Hrvatskog katoli\u010dkog sveu\u010dili\u0161ta<\/li>\n\n\n\n<li>Vlatko Smiljani\u0107, zamjenik povjerenika HAZ-a Hrvatskih studija i potpredsjednik Dru\u0161tva studenata povijesti &#8220;Ivan Lu\u010di\u0107-Lucius&#8221;<\/li>\n\n\n\n<li>Mihal Jaci\u0107, predsjednik Studentskog zbora Visoke \u0161kole VsiTe i HAZ-ov IT-direktor<\/li>\n\n\n\n<li>Luka Radi\u0107, glavni tajnik HAZ-a i na\u0161 povjerenik na Ekonomskom fakultetu te<\/li>\n\n\n\n<li>Karlo Kolesar, nacionalni dopredsjednik HAZ-a i povjerenik Sveu\u010dili\u0161ta Vern<\/li>\n<\/ul>\n\n\n\n<p class=\"wp-block-paragraph\">#haz2017<\/p>\n\n\n\n<p class=\"wp-block-paragraph\">#hazzg<\/p>","protected":false},"excerpt":{"rendered":"<p>Inicijativni krug za obnavljanje rada Hrvatske akademske zajednice Zagreb (HAZZG) izabrao je svoje vodstvo \u010dime je ustrojena organizacija HAZ-a za Zagreb. HAZ Zagreb koordinira aktivnosti studentskih \u010dlanova sveu\u010dili\u0161nih organizacija HAZ-a [&hellip;]<\/p>\n","protected":false},"author":1,"featured_media":2303,"comment_status":"closed","ping_status":"open","sticky":false,"template":"","format":"standard","meta":{"footnotes":""},"categories":[14],"tags":[],"class_list":["post-2379","post","type-post","status-publish","format-standard","has-post-thumbnail","hentry","category-haz-novosti"],"yoast_head":"<!-- This site is optimized with the Yoast SEO plugin v23.7 - https:\/\/yoast.com\/wordpress\/plugins\/seo\/ -->\n<title>Obnovljeno studentsko krilo Zagreba\u010dkog HAZ-a - HAZ<\/title>\n<meta name=\"robots\" content=\"index, follow, max-snippet:-1, max-image-preview:large, max-video-preview:-1\" \/>\n<link rel=\"canonical\" href=\"https:\/\/haz.hr\/en\/2017\/09\/26\/obnovljeno-studentsko-krilo-zagrebackog-haz-a\/\" \/>\n<meta property=\"og:locale\" content=\"en_GB\" \/>\n<meta property=\"og:type\" content=\"article\" \/>\n<meta property=\"og:title\" content=\"Obnovljeno studentsko krilo Zagreba\u010dkog HAZ-a - HAZ\" \/>\n<meta property=\"og:description\" content=\"Inicijativni krug za obnavljanje rada Hrvatske akademske zajednice Zagreb (HAZZG) izabrao je svoje vodstvo \u010dime je ustrojena organizacija HAZ-a za Zagreb. HAZ Zagreb koordinira aktivnosti studentskih \u010dlanova sveu\u010dili\u0161nih organizacija HAZ-a [&hellip;]\" \/>\n<meta property=\"og:url\" content=\"https:\/\/haz.hr\/en\/2017\/09\/26\/obnovljeno-studentsko-krilo-zagrebackog-haz-a\/\" \/>\n<meta property=\"og:site_name\" content=\"HAZ\" \/>\n<meta property=\"article:published_time\" content=\"2017-09-25T22:00:35+00:00\" \/>\n<meta property=\"article:modified_time\" content=\"2023-02-09T13:25:36+00:00\" \/>\n<meta property=\"og:image\" content=\"https:\/\/haz.hr\/wp-content\/uploads\/2017\/09\/IMG_0528.jpg\" \/>\n\t<meta property=\"og:image:width\" content=\"1600\" \/>\n\t<meta property=\"og:image:height\" content=\"1199\" \/>\n\t<meta property=\"og:image:type\" content=\"image\/jpeg\" \/>\n<meta name=\"author\" content=\"JT-design\" \/>\n<meta name=\"twitter:card\" content=\"summary_large_image\" \/>\n<meta name=\"twitter:label1\" content=\"Written by\" \/>\n\t<meta name=\"twitter:data1\" content=\"JT-design\" \/>\n\t<meta name=\"twitter:label2\" content=\"Est. reading time\" \/>\n\t<meta name=\"twitter:data2\" content=\"2 minutes\" \/>\n<script type=\"application\/ld+json\" class=\"yoast-schema-graph\">{\"@context\":\"https:\/\/schema.org\",\"@graph\":[{\"@type\":\"Article\",\"@id\":\"https:\/\/haz.hr\/2017\/09\/26\/obnovljeno-studentsko-krilo-zagrebackog-haz-a\/#article\",\"isPartOf\":{\"@id\":\"https:\/\/haz.hr\/2017\/09\/26\/obnovljeno-studentsko-krilo-zagrebackog-haz-a\/\"},\"author\":{\"name\":\"JT-design\",\"@id\":\"https:\/\/haz.hr\/#\/schema\/person\/438892ce514665613f7cd5bb7a19213a\"},\"headline\":\"Obnovljeno studentsko krilo Zagreba\u010dkog HAZ-a\",\"datePublished\":\"2017-09-25T22:00:35+00:00\",\"dateModified\":\"2023-02-09T13:25:36+00:00\",\"mainEntityOfPage\":{\"@id\":\"https:\/\/haz.hr\/2017\/09\/26\/obnovljeno-studentsko-krilo-zagrebackog-haz-a\/\"},\"wordCount\":292,\"publisher\":{\"@id\":\"https:\/\/haz.hr\/#organization\"},\"image\":{\"@id\":\"https:\/\/haz.hr\/2017\/09\/26\/obnovljeno-studentsko-krilo-zagrebackog-haz-a\/#primaryimage\"},\"thumbnailUrl\":\"https:\/\/haz.hr\/wp-content\/uploads\/2017\/09\/IMG_0528.jpg\",\"articleSection\":[\"HAZ novosti\"],\"inLanguage\":\"en-GB\"},{\"@type\":\"WebPage\",\"@id\":\"https:\/\/haz.hr\/2017\/09\/26\/obnovljeno-studentsko-krilo-zagrebackog-haz-a\/\",\"url\":\"https:\/\/haz.hr\/2017\/09\/26\/obnovljeno-studentsko-krilo-zagrebackog-haz-a\/\",\"name\":\"Obnovljeno studentsko krilo Zagreba\u010dkog HAZ-a - HAZ\",\"isPartOf\":{\"@id\":\"https:\/\/haz.hr\/#website\"},\"primaryImageOfPage\":{\"@id\":\"https:\/\/haz.hr\/2017\/09\/26\/obnovljeno-studentsko-krilo-zagrebackog-haz-a\/#primaryimage\"},\"image\":{\"@id\":\"https:\/\/haz.hr\/2017\/09\/26\/obnovljeno-studentsko-krilo-zagrebackog-haz-a\/#primaryimage\"},\"thumbnailUrl\":\"https:\/\/haz.hr\/wp-content\/uploads\/2017\/09\/IMG_0528.jpg\",\"datePublished\":\"2017-09-25T22:00:35+00:00\",\"dateModified\":\"2023-02-09T13:25:36+00:00\",\"breadcrumb\":{\"@id\":\"https:\/\/haz.hr\/2017\/09\/26\/obnovljeno-studentsko-krilo-zagrebackog-haz-a\/#breadcrumb\"},\"inLanguage\":\"en-GB\",\"potentialAction\":[{\"@type\":\"ReadAction\",\"target\":[\"https:\/\/haz.hr\/2017\/09\/26\/obnovljeno-studentsko-krilo-zagrebackog-haz-a\/\"]}]},{\"@type\":\"ImageObject\",\"inLanguage\":\"en-GB\",\"@id\":\"https:\/\/haz.hr\/2017\/09\/26\/obnovljeno-studentsko-krilo-zagrebackog-haz-a\/#primaryimage\",\"url\":\"https:\/\/haz.hr\/wp-content\/uploads\/2017\/09\/IMG_0528.jpg\",\"contentUrl\":\"https:\/\/haz.hr\/wp-content\/uploads\/2017\/09\/IMG_0528.jpg\",\"width\":1600,\"height\":1199,\"caption\":\"\"},{\"@type\":\"BreadcrumbList\",\"@id\":\"https:\/\/haz.hr\/2017\/09\/26\/obnovljeno-studentsko-krilo-zagrebackog-haz-a\/#breadcrumb\",\"itemListElement\":[{\"@type\":\"ListItem\",\"position\":1,\"name\":\"Home\",\"item\":\"https:\/\/haz.hr\/\"},{\"@type\":\"ListItem\",\"position\":2,\"name\":\"Obnovljeno studentsko krilo Zagreba\u010dkog HAZ-a\"}]},{\"@type\":\"WebSite\",\"@id\":\"https:\/\/haz.hr\/#website\",\"url\":\"https:\/\/haz.hr\/\",\"name\":\"HAZ\",\"description\":\"Hrvatska akademska zajednica\",\"publisher\":{\"@id\":\"https:\/\/haz.hr\/#organization\"},\"potentialAction\":[{\"@type\":\"SearchAction\",\"target\":{\"@type\":\"EntryPoint\",\"urlTemplate\":\"https:\/\/haz.hr\/?s={search_term_string}\"},\"query-input\":{\"@type\":\"PropertyValueSpecification\",\"valueRequired\":true,\"valueName\":\"search_term_string\"}}],\"inLanguage\":\"en-GB\"},{\"@type\":\"Organization\",\"@id\":\"https:\/\/haz.hr\/#organization\",\"name\":\"HAZ\",\"url\":\"https:\/\/haz.hr\/\",\"logo\":{\"@type\":\"ImageObject\",\"inLanguage\":\"en-GB\",\"@id\":\"https:\/\/haz.hr\/#\/schema\/logo\/image\/\",\"url\":\"https:\/\/haz.hr\/wp-content\/uploads\/2022\/12\/cropped-HAZ_logo.png\",\"contentUrl\":\"https:\/\/haz.hr\/wp-content\/uploads\/2022\/12\/cropped-HAZ_logo.png\",\"width\":125,\"height\":76,\"caption\":\"HAZ\"},\"image\":{\"@id\":\"https:\/\/haz.hr\/#\/schema\/logo\/image\/\"}},{\"@type\":\"Person\",\"@id\":\"https:\/\/haz.hr\/#\/schema\/person\/438892ce514665613f7cd5bb7a19213a\",\"name\":\"JT-design\",\"image\":{\"@type\":\"ImageObject\",\"inLanguage\":\"en-GB\",\"@id\":\"https:\/\/haz.hr\/#\/schema\/person\/image\/\",\"url\":\"https:\/\/secure.gravatar.com\/avatar\/0032728fc07181d052d653eb6ce26d3ff30f5b1c7d867e6fb82eb66a6fc50646?s=96&d=mm&r=g\",\"contentUrl\":\"https:\/\/secure.gravatar.com\/avatar\/0032728fc07181d052d653eb6ce26d3ff30f5b1c7d867e6fb82eb66a6fc50646?s=96&d=mm&r=g\",\"caption\":\"JT-design\"},\"sameAs\":[\"https:\/\/haz.hr\"],\"url\":\"https:\/\/haz.hr\/en\/author\/jt-design\/\"}]}<\/script>\n<!-- \/ Yoast SEO plugin. -->","yoast_head_json":{"title":"Obnovljeno studentsko krilo Zagreba\u010dkog HAZ-a - HAZ","robots":{"index":"index","follow":"follow","max-snippet":"max-snippet:-1","max-image-preview":"max-image-preview:large","max-video-preview":"max-video-preview:-1"},"canonical":"https:\/\/haz.hr\/en\/2017\/09\/26\/obnovljeno-studentsko-krilo-zagrebackog-haz-a\/","og_locale":"en_GB","og_type":"article","og_title":"Obnovljeno studentsko krilo Zagreba\u010dkog HAZ-a - HAZ","og_description":"Inicijativni krug za obnavljanje rada Hrvatske akademske zajednice Zagreb (HAZZG) izabrao je svoje vodstvo \u010dime je ustrojena organizacija HAZ-a za Zagreb. HAZ Zagreb koordinira aktivnosti studentskih \u010dlanova sveu\u010dili\u0161nih organizacija HAZ-a [&hellip;]","og_url":"https:\/\/haz.hr\/en\/2017\/09\/26\/obnovljeno-studentsko-krilo-zagrebackog-haz-a\/","og_site_name":"HAZ","article_published_time":"2017-09-25T22:00:35+00:00","article_modified_time":"2023-02-09T13:25:36+00:00","og_image":[{"width":1600,"height":1199,"url":"https:\/\/haz.hr\/wp-content\/uploads\/2017\/09\/IMG_0528.jpg","type":"image\/jpeg"}],"author":"JT-design","twitter_card":"summary_large_image","twitter_misc":{"Written by":"JT-design","Est. reading time":"2 minutes"},"schema":{"@context":"https:\/\/schema.org","@graph":[{"@type":"Article","@id":"https:\/\/haz.hr\/2017\/09\/26\/obnovljeno-studentsko-krilo-zagrebackog-haz-a\/#article","isPartOf":{"@id":"https:\/\/haz.hr\/2017\/09\/26\/obnovljeno-studentsko-krilo-zagrebackog-haz-a\/"},"author":{"name":"JT-design","@id":"https:\/\/haz.hr\/#\/schema\/person\/438892ce514665613f7cd5bb7a19213a"},"headline":"Obnovljeno studentsko krilo Zagreba\u010dkog HAZ-a","datePublished":"2017-09-25T22:00:35+00:00","dateModified":"2023-02-09T13:25:36+00:00","mainEntityOfPage":{"@id":"https:\/\/haz.hr\/2017\/09\/26\/obnovljeno-studentsko-krilo-zagrebackog-haz-a\/"},"wordCount":292,"publisher":{"@id":"https:\/\/haz.hr\/#organization"},"image":{"@id":"https:\/\/haz.hr\/2017\/09\/26\/obnovljeno-studentsko-krilo-zagrebackog-haz-a\/#primaryimage"},"thumbnailUrl":"https:\/\/haz.hr\/wp-content\/uploads\/2017\/09\/IMG_0528.jpg","articleSection":["HAZ novosti"],"inLanguage":"en-GB"},{"@type":"WebPage","@id":"https:\/\/haz.hr\/2017\/09\/26\/obnovljeno-studentsko-krilo-zagrebackog-haz-a\/","url":"https:\/\/haz.hr\/2017\/09\/26\/obnovljeno-studentsko-krilo-zagrebackog-haz-a\/","name":"Obnovljeno studentsko krilo Zagreba\u010dkog HAZ-a - HAZ","isPartOf":{"@id":"https:\/\/haz.hr\/#website"},"primaryImageOfPage":{"@id":"https:\/\/haz.hr\/2017\/09\/26\/obnovljeno-studentsko-krilo-zagrebackog-haz-a\/#primaryimage"},"image":{"@id":"https:\/\/haz.hr\/2017\/09\/26\/obnovljeno-studentsko-krilo-zagrebackog-haz-a\/#primaryimage"},"thumbnailUrl":"https:\/\/haz.hr\/wp-content\/uploads\/2017\/09\/IMG_0528.jpg","datePublished":"2017-09-25T22:00:35+00:00","dateModified":"2023-02-09T13:25:36+00:00","breadcrumb":{"@id":"https:\/\/haz.hr\/2017\/09\/26\/obnovljeno-studentsko-krilo-zagrebackog-haz-a\/#breadcrumb"},"inLanguage":"en-GB","potentialAction":[{"@type":"ReadAction","target":["https:\/\/haz.hr\/2017\/09\/26\/obnovljeno-studentsko-krilo-zagrebackog-haz-a\/"]}]},{"@type":"ImageObject","inLanguage":"en-GB","@id":"https:\/\/haz.hr\/2017\/09\/26\/obnovljeno-studentsko-krilo-zagrebackog-haz-a\/#primaryimage","url":"https:\/\/haz.hr\/wp-content\/uploads\/2017\/09\/IMG_0528.jpg","contentUrl":"https:\/\/haz.hr\/wp-content\/uploads\/2017\/09\/IMG_0528.jpg","width":1600,"height":1199,"caption":""},{"@type":"BreadcrumbList","@id":"https:\/\/haz.hr\/2017\/09\/26\/obnovljeno-studentsko-krilo-zagrebackog-haz-a\/#breadcrumb","itemListElement":[{"@type":"ListItem","position":1,"name":"Home","item":"https:\/\/haz.hr\/"},{"@type":"ListItem","position":2,"name":"Obnovljeno studentsko krilo Zagreba\u010dkog HAZ-a"}]},{"@type":"WebSite","@id":"https:\/\/haz.hr\/#website","url":"https:\/\/haz.hr\/","name":"HAZ","description":"Croatian Academic Community","publisher":{"@id":"https:\/\/haz.hr\/#organization"},"potentialAction":[{"@type":"SearchAction","target":{"@type":"EntryPoint","urlTemplate":"https:\/\/haz.hr\/?s={search_term_string}"},"query-input":{"@type":"PropertyValueSpecification","valueRequired":true,"valueName":"search_term_string"}}],"inLanguage":"en-GB"},{"@type":"Organization","@id":"https:\/\/haz.hr\/#organization","name":"HAZ","url":"https:\/\/haz.hr\/","logo":{"@type":"ImageObject","inLanguage":"en-GB","@id":"https:\/\/haz.hr\/#\/schema\/logo\/image\/","url":"https:\/\/haz.hr\/wp-content\/uploads\/2022\/12\/cropped-HAZ_logo.png","contentUrl":"https:\/\/haz.hr\/wp-content\/uploads\/2022\/12\/cropped-HAZ_logo.png","width":125,"height":76,"caption":"HAZ"},"image":{"@id":"https:\/\/haz.hr\/#\/schema\/logo\/image\/"}},{"@type":"Person","@id":"https:\/\/haz.hr\/#\/schema\/person\/438892ce514665613f7cd5bb7a19213a","name":"JT-design","image":{"@type":"ImageObject","inLanguage":"en-GB","@id":"https:\/\/haz.hr\/#\/schema\/person\/image\/","url":"https:\/\/secure.gravatar.com\/avatar\/0032728fc07181d052d653eb6ce26d3ff30f5b1c7d867e6fb82eb66a6fc50646?s=96&d=mm&r=g","contentUrl":"https:\/\/secure.gravatar.com\/avatar\/0032728fc07181d052d653eb6ce26d3ff30f5b1c7d867e6fb82eb66a6fc50646?s=96&d=mm&r=g","caption":"JT-design"},"sameAs":["https:\/\/haz.hr"],"url":"https:\/\/haz.hr\/en\/author\/jt-design\/"}]}},"_links":{"self":[{"href":"https:\/\/haz.hr\/en\/wp-json\/wp\/v2\/posts\/2379","targetHints":{"allow":["GET"]}}],"collection":[{"href":"https:\/\/haz.hr\/en\/wp-json\/wp\/v2\/posts"}],"about":[{"href":"https:\/\/haz.hr\/en\/wp-json\/wp\/v2\/types\/post"}],"author":[{"embeddable":true,"href":"https:\/\/haz.hr\/en\/wp-json\/wp\/v2\/users\/1"}],"replies":[{"embeddable":true,"href":"https:\/\/haz.hr\/en\/wp-json\/wp\/v2\/comments?post=2379"}],"version-history":[{"count":1,"href":"https:\/\/haz.hr\/en\/wp-json\/wp\/v2\/posts\/2379\/revisions"}],"predecessor-version":[{"id":2465,"href":"https:\/\/haz.hr\/en\/wp-json\/wp\/v2\/posts\/2379\/revisions\/2465"}],"wp:featuredmedia":[{"embeddable":true,"href":"https:\/\/haz.hr\/en\/wp-json\/wp\/v2\/media\/2303"}],"wp:attachment":[{"href":"https:\/\/haz.hr\/en\/wp-json\/wp\/v2\/media?parent=2379"}],"wp:term":[{"taxonomy":"category","embeddable":true,"href":"https:\/\/haz.hr\/en\/wp-json\/wp\/v2\/categories?post=2379"},{"taxonomy":"post_tag","embeddable":true,"href":"https:\/\/haz.hr\/en\/wp-json\/wp\/v2\/tags?post=2379"}],"curies":[{"name":"wp","href":"https:\/\/api.w.org\/{rel}","templated":true}]}}