{"id":2381,"date":"2017-09-19T00:00:28","date_gmt":"2017-09-18T22:00:28","guid":{"rendered":"http:\/\/haz.hr\/?p=250"},"modified":"2023-02-09T13:26:40","modified_gmt":"2023-02-09T13:26:40","slug":"cestitamo-ivani-siroki","status":"publish","type":"post","link":"https:\/\/haz.hr\/en\/2017\/09\/19\/cestitamo-ivani-siroki\/","title":{"rendered":"\u010cestitamo Ivani \u0160iroki"},"content":{"rendered":"<p>BRAVO Ivana \u0160iroki!<br \/>\nIvana \u0160iroki, me\u0111u prvim studentskim \u010dlanicama, povjerenica HAZ-a i predsjednica Studentskog zbora Hrvatskih studija obranila je danas zanimljiv diplomski rad na temu &#8220;Detu\u0111manizacija &#8211; Proces negiranja Tu\u0111manova naslje\u0111a&#8221; pod mentorstvom izv.prof.dr.sc. Ivo Lu\u010di\u0107. Ivana je time stekla akademsko zvanje magistrice povijesti.<br \/>\nNa\u0161e \u010destitke upu\u0107ujemo uime svih na\u0161ih \u010dlanova, studentskih i akademskih! Dobro do\u0161la u Alumni zajednicu Hrvatske akademske zajednice. Gradimo dalje!<br \/>\n#HAZ2017<br \/>\n#HAZHrvatskihStudija<\/p>","protected":false},"excerpt":{"rendered":"<p>BRAVO Ivana \u0160iroki! Ivana \u0160iroki, me\u0111u prvim studentskim \u010dlanicama, povjerenica HAZ-a i predsjednica Studentskog zbora Hrvatskih studija obranila je danas zanimljiv diplomski rad na temu &#8220;Detu\u0111manizacija &#8211; Proces negiranja Tu\u0111manova [&hellip;]<\/p>\n","protected":false},"author":1,"featured_media":2306,"comment_status":"closed","ping_status":"open","sticky":false,"template":"","format":"standard","meta":{"footnotes":""},"categories":[14],"tags":[],"class_list":["post-2381","post","type-post","status-publish","format-standard","has-post-thumbnail","hentry","category-haz-novosti"],"yoast_head":"<!-- This site is optimized with the Yoast SEO plugin v23.7 - https:\/\/yoast.com\/wordpress\/plugins\/seo\/ -->\n<title>\u010cestitamo Ivani \u0160iroki - HAZ<\/title>\n<meta name=\"robots\" content=\"index, follow, max-snippet:-1, max-image-preview:large, max-video-preview:-1\" \/>\n<link rel=\"canonical\" href=\"https:\/\/haz.hr\/en\/2017\/09\/19\/cestitamo-ivani-siroki\/\" \/>\n<meta property=\"og:locale\" content=\"en_GB\" \/>\n<meta property=\"og:type\" content=\"article\" \/>\n<meta property=\"og:title\" content=\"\u010cestitamo Ivani \u0160iroki - HAZ\" \/>\n<meta property=\"og:description\" content=\"BRAVO Ivana \u0160iroki! Ivana \u0160iroki, me\u0111u prvim studentskim \u010dlanicama, povjerenica HAZ-a i predsjednica Studentskog zbora Hrvatskih studija obranila je danas zanimljiv diplomski rad na temu &#8220;Detu\u0111manizacija &#8211; Proces negiranja Tu\u0111manova [&hellip;]\" \/>\n<meta property=\"og:url\" content=\"https:\/\/haz.hr\/en\/2017\/09\/19\/cestitamo-ivani-siroki\/\" \/>\n<meta property=\"og:site_name\" content=\"HAZ\" \/>\n<meta property=\"article:published_time\" content=\"2017-09-18T22:00:28+00:00\" \/>\n<meta property=\"article:modified_time\" content=\"2023-02-09T13:26:40+00:00\" \/>\n<meta property=\"og:image\" content=\"https:\/\/haz.hr\/wp-content\/uploads\/2017\/09\/21558656_511106345890914_5621024458414956355_n.jpg\" \/>\n\t<meta property=\"og:image:width\" content=\"720\" \/>\n\t<meta property=\"og:image:height\" content=\"960\" \/>\n\t<meta property=\"og:image:type\" content=\"image\/jpeg\" \/>\n<meta name=\"author\" content=\"JT-design\" \/>\n<meta name=\"twitter:card\" content=\"summary_large_image\" \/>\n<meta name=\"twitter:label1\" content=\"Written by\" \/>\n\t<meta name=\"twitter:data1\" content=\"JT-design\" \/>\n\t<meta name=\"twitter:label2\" content=\"Est. reading time\" \/>\n\t<meta name=\"twitter:data2\" content=\"1 minute\" \/>\n<script type=\"application\/ld+json\" class=\"yoast-schema-graph\">{\"@context\":\"https:\/\/schema.org\",\"@graph\":[{\"@type\":\"Article\",\"@id\":\"https:\/\/haz.hr\/2017\/09\/19\/cestitamo-ivani-siroki\/#article\",\"isPartOf\":{\"@id\":\"https:\/\/haz.hr\/2017\/09\/19\/cestitamo-ivani-siroki\/\"},\"author\":{\"name\":\"JT-design\",\"@id\":\"https:\/\/haz.hr\/#\/schema\/person\/438892ce514665613f7cd5bb7a19213a\"},\"headline\":\"\u010cestitamo Ivani \u0160iroki\",\"datePublished\":\"2017-09-18T22:00:28+00:00\",\"dateModified\":\"2023-02-09T13:26:40+00:00\",\"mainEntityOfPage\":{\"@id\":\"https:\/\/haz.hr\/2017\/09\/19\/cestitamo-ivani-siroki\/\"},\"wordCount\":81,\"publisher\":{\"@id\":\"https:\/\/haz.hr\/#organization\"},\"image\":{\"@id\":\"https:\/\/haz.hr\/2017\/09\/19\/cestitamo-ivani-siroki\/#primaryimage\"},\"thumbnailUrl\":\"https:\/\/haz.hr\/wp-content\/uploads\/2017\/09\/21558656_511106345890914_5621024458414956355_n.jpg\",\"articleSection\":[\"HAZ novosti\"],\"inLanguage\":\"en-GB\"},{\"@type\":\"WebPage\",\"@id\":\"https:\/\/haz.hr\/2017\/09\/19\/cestitamo-ivani-siroki\/\",\"url\":\"https:\/\/haz.hr\/2017\/09\/19\/cestitamo-ivani-siroki\/\",\"name\":\"\u010cestitamo Ivani \u0160iroki - HAZ\",\"isPartOf\":{\"@id\":\"https:\/\/haz.hr\/#website\"},\"primaryImageOfPage\":{\"@id\":\"https:\/\/haz.hr\/2017\/09\/19\/cestitamo-ivani-siroki\/#primaryimage\"},\"image\":{\"@id\":\"https:\/\/haz.hr\/2017\/09\/19\/cestitamo-ivani-siroki\/#primaryimage\"},\"thumbnailUrl\":\"https:\/\/haz.hr\/wp-content\/uploads\/2017\/09\/21558656_511106345890914_5621024458414956355_n.jpg\",\"datePublished\":\"2017-09-18T22:00:28+00:00\",\"dateModified\":\"2023-02-09T13:26:40+00:00\",\"breadcrumb\":{\"@id\":\"https:\/\/haz.hr\/2017\/09\/19\/cestitamo-ivani-siroki\/#breadcrumb\"},\"inLanguage\":\"en-GB\",\"potentialAction\":[{\"@type\":\"ReadAction\",\"target\":[\"https:\/\/haz.hr\/2017\/09\/19\/cestitamo-ivani-siroki\/\"]}]},{\"@type\":\"ImageObject\",\"inLanguage\":\"en-GB\",\"@id\":\"https:\/\/haz.hr\/2017\/09\/19\/cestitamo-ivani-siroki\/#primaryimage\",\"url\":\"https:\/\/haz.hr\/wp-content\/uploads\/2017\/09\/21558656_511106345890914_5621024458414956355_n.jpg\",\"contentUrl\":\"https:\/\/haz.hr\/wp-content\/uploads\/2017\/09\/21558656_511106345890914_5621024458414956355_n.jpg\",\"width\":720,\"height\":960,\"caption\":\"\"},{\"@type\":\"BreadcrumbList\",\"@id\":\"https:\/\/haz.hr\/2017\/09\/19\/cestitamo-ivani-siroki\/#breadcrumb\",\"itemListElement\":[{\"@type\":\"ListItem\",\"position\":1,\"name\":\"Home\",\"item\":\"https:\/\/haz.hr\/\"},{\"@type\":\"ListItem\",\"position\":2,\"name\":\"\u010cestitamo Ivani \u0160iroki\"}]},{\"@type\":\"WebSite\",\"@id\":\"https:\/\/haz.hr\/#website\",\"url\":\"https:\/\/haz.hr\/\",\"name\":\"HAZ\",\"description\":\"Hrvatska akademska zajednica\",\"publisher\":{\"@id\":\"https:\/\/haz.hr\/#organization\"},\"potentialAction\":[{\"@type\":\"SearchAction\",\"target\":{\"@type\":\"EntryPoint\",\"urlTemplate\":\"https:\/\/haz.hr\/?s={search_term_string}\"},\"query-input\":{\"@type\":\"PropertyValueSpecification\",\"valueRequired\":true,\"valueName\":\"search_term_string\"}}],\"inLanguage\":\"en-GB\"},{\"@type\":\"Organization\",\"@id\":\"https:\/\/haz.hr\/#organization\",\"name\":\"HAZ\",\"url\":\"https:\/\/haz.hr\/\",\"logo\":{\"@type\":\"ImageObject\",\"inLanguage\":\"en-GB\",\"@id\":\"https:\/\/haz.hr\/#\/schema\/logo\/image\/\",\"url\":\"https:\/\/haz.hr\/wp-content\/uploads\/2022\/12\/cropped-HAZ_logo.png\",\"contentUrl\":\"https:\/\/haz.hr\/wp-content\/uploads\/2022\/12\/cropped-HAZ_logo.png\",\"width\":125,\"height\":76,\"caption\":\"HAZ\"},\"image\":{\"@id\":\"https:\/\/haz.hr\/#\/schema\/logo\/image\/\"}},{\"@type\":\"Person\",\"@id\":\"https:\/\/haz.hr\/#\/schema\/person\/438892ce514665613f7cd5bb7a19213a\",\"name\":\"JT-design\",\"image\":{\"@type\":\"ImageObject\",\"inLanguage\":\"en-GB\",\"@id\":\"https:\/\/haz.hr\/#\/schema\/person\/image\/\",\"url\":\"https:\/\/secure.gravatar.com\/avatar\/0032728fc07181d052d653eb6ce26d3ff30f5b1c7d867e6fb82eb66a6fc50646?s=96&d=mm&r=g\",\"contentUrl\":\"https:\/\/secure.gravatar.com\/avatar\/0032728fc07181d052d653eb6ce26d3ff30f5b1c7d867e6fb82eb66a6fc50646?s=96&d=mm&r=g\",\"caption\":\"JT-design\"},\"sameAs\":[\"https:\/\/haz.hr\"],\"url\":\"https:\/\/haz.hr\/en\/author\/jt-design\/\"}]}<\/script>\n<!-- \/ Yoast SEO plugin. -->","yoast_head_json":{"title":"\u010cestitamo Ivani \u0160iroki - HAZ","robots":{"index":"index","follow":"follow","max-snippet":"max-snippet:-1","max-image-preview":"max-image-preview:large","max-video-preview":"max-video-preview:-1"},"canonical":"https:\/\/haz.hr\/en\/2017\/09\/19\/cestitamo-ivani-siroki\/","og_locale":"en_GB","og_type":"article","og_title":"\u010cestitamo Ivani \u0160iroki - HAZ","og_description":"BRAVO Ivana \u0160iroki! Ivana \u0160iroki, me\u0111u prvim studentskim \u010dlanicama, povjerenica HAZ-a i predsjednica Studentskog zbora Hrvatskih studija obranila je danas zanimljiv diplomski rad na temu &#8220;Detu\u0111manizacija &#8211; Proces negiranja Tu\u0111manova [&hellip;]","og_url":"https:\/\/haz.hr\/en\/2017\/09\/19\/cestitamo-ivani-siroki\/","og_site_name":"HAZ","article_published_time":"2017-09-18T22:00:28+00:00","article_modified_time":"2023-02-09T13:26:40+00:00","og_image":[{"width":720,"height":960,"url":"https:\/\/haz.hr\/wp-content\/uploads\/2017\/09\/21558656_511106345890914_5621024458414956355_n.jpg","type":"image\/jpeg"}],"author":"JT-design","twitter_card":"summary_large_image","twitter_misc":{"Written by":"JT-design","Est. reading time":"1 minute"},"schema":{"@context":"https:\/\/schema.org","@graph":[{"@type":"Article","@id":"https:\/\/haz.hr\/2017\/09\/19\/cestitamo-ivani-siroki\/#article","isPartOf":{"@id":"https:\/\/haz.hr\/2017\/09\/19\/cestitamo-ivani-siroki\/"},"author":{"name":"JT-design","@id":"https:\/\/haz.hr\/#\/schema\/person\/438892ce514665613f7cd5bb7a19213a"},"headline":"\u010cestitamo Ivani \u0160iroki","datePublished":"2017-09-18T22:00:28+00:00","dateModified":"2023-02-09T13:26:40+00:00","mainEntityOfPage":{"@id":"https:\/\/haz.hr\/2017\/09\/19\/cestitamo-ivani-siroki\/"},"wordCount":81,"publisher":{"@id":"https:\/\/haz.hr\/#organization"},"image":{"@id":"https:\/\/haz.hr\/2017\/09\/19\/cestitamo-ivani-siroki\/#primaryimage"},"thumbnailUrl":"https:\/\/haz.hr\/wp-content\/uploads\/2017\/09\/21558656_511106345890914_5621024458414956355_n.jpg","articleSection":["HAZ novosti"],"inLanguage":"en-GB"},{"@type":"WebPage","@id":"https:\/\/haz.hr\/2017\/09\/19\/cestitamo-ivani-siroki\/","url":"https:\/\/haz.hr\/2017\/09\/19\/cestitamo-ivani-siroki\/","name":"\u010cestitamo Ivani \u0160iroki - HAZ","isPartOf":{"@id":"https:\/\/haz.hr\/#website"},"primaryImageOfPage":{"@id":"https:\/\/haz.hr\/2017\/09\/19\/cestitamo-ivani-siroki\/#primaryimage"},"image":{"@id":"https:\/\/haz.hr\/2017\/09\/19\/cestitamo-ivani-siroki\/#primaryimage"},"thumbnailUrl":"https:\/\/haz.hr\/wp-content\/uploads\/2017\/09\/21558656_511106345890914_5621024458414956355_n.jpg","datePublished":"2017-09-18T22:00:28+00:00","dateModified":"2023-02-09T13:26:40+00:00","breadcrumb":{"@id":"https:\/\/haz.hr\/2017\/09\/19\/cestitamo-ivani-siroki\/#breadcrumb"},"inLanguage":"en-GB","potentialAction":[{"@type":"ReadAction","target":["https:\/\/haz.hr\/2017\/09\/19\/cestitamo-ivani-siroki\/"]}]},{"@type":"ImageObject","inLanguage":"en-GB","@id":"https:\/\/haz.hr\/2017\/09\/19\/cestitamo-ivani-siroki\/#primaryimage","url":"https:\/\/haz.hr\/wp-content\/uploads\/2017\/09\/21558656_511106345890914_5621024458414956355_n.jpg","contentUrl":"https:\/\/haz.hr\/wp-content\/uploads\/2017\/09\/21558656_511106345890914_5621024458414956355_n.jpg","width":720,"height":960,"caption":""},{"@type":"BreadcrumbList","@id":"https:\/\/haz.hr\/2017\/09\/19\/cestitamo-ivani-siroki\/#breadcrumb","itemListElement":[{"@type":"ListItem","position":1,"name":"Home","item":"https:\/\/haz.hr\/"},{"@type":"ListItem","position":2,"name":"\u010cestitamo Ivani \u0160iroki"}]},{"@type":"WebSite","@id":"https:\/\/haz.hr\/#website","url":"https:\/\/haz.hr\/","name":"HAZ","description":"Croatian Academic Community","publisher":{"@id":"https:\/\/haz.hr\/#organization"},"potentialAction":[{"@type":"SearchAction","target":{"@type":"EntryPoint","urlTemplate":"https:\/\/haz.hr\/?s={search_term_string}"},"query-input":{"@type":"PropertyValueSpecification","valueRequired":true,"valueName":"search_term_string"}}],"inLanguage":"en-GB"},{"@type":"Organization","@id":"https:\/\/haz.hr\/#organization","name":"HAZ","url":"https:\/\/haz.hr\/","logo":{"@type":"ImageObject","inLanguage":"en-GB","@id":"https:\/\/haz.hr\/#\/schema\/logo\/image\/","url":"https:\/\/haz.hr\/wp-content\/uploads\/2022\/12\/cropped-HAZ_logo.png","contentUrl":"https:\/\/haz.hr\/wp-content\/uploads\/2022\/12\/cropped-HAZ_logo.png","width":125,"height":76,"caption":"HAZ"},"image":{"@id":"https:\/\/haz.hr\/#\/schema\/logo\/image\/"}},{"@type":"Person","@id":"https:\/\/haz.hr\/#\/schema\/person\/438892ce514665613f7cd5bb7a19213a","name":"JT-design","image":{"@type":"ImageObject","inLanguage":"en-GB","@id":"https:\/\/haz.hr\/#\/schema\/person\/image\/","url":"https:\/\/secure.gravatar.com\/avatar\/0032728fc07181d052d653eb6ce26d3ff30f5b1c7d867e6fb82eb66a6fc50646?s=96&d=mm&r=g","contentUrl":"https:\/\/secure.gravatar.com\/avatar\/0032728fc07181d052d653eb6ce26d3ff30f5b1c7d867e6fb82eb66a6fc50646?s=96&d=mm&r=g","caption":"JT-design"},"sameAs":["https:\/\/haz.hr"],"url":"https:\/\/haz.hr\/en\/author\/jt-design\/"}]}},"_links":{"self":[{"href":"https:\/\/haz.hr\/en\/wp-json\/wp\/v2\/posts\/2381","targetHints":{"allow":["GET"]}}],"collection":[{"href":"https:\/\/haz.hr\/en\/wp-json\/wp\/v2\/posts"}],"about":[{"href":"https:\/\/haz.hr\/en\/wp-json\/wp\/v2\/types\/post"}],"author":[{"embeddable":true,"href":"https:\/\/haz.hr\/en\/wp-json\/wp\/v2\/users\/1"}],"replies":[{"embeddable":true,"href":"https:\/\/haz.hr\/en\/wp-json\/wp\/v2\/comments?post=2381"}],"version-history":[{"count":1,"href":"https:\/\/haz.hr\/en\/wp-json\/wp\/v2\/posts\/2381\/revisions"}],"predecessor-version":[{"id":2466,"href":"https:\/\/haz.hr\/en\/wp-json\/wp\/v2\/posts\/2381\/revisions\/2466"}],"wp:featuredmedia":[{"embeddable":true,"href":"https:\/\/haz.hr\/en\/wp-json\/wp\/v2\/media\/2306"}],"wp:attachment":[{"href":"https:\/\/haz.hr\/en\/wp-json\/wp\/v2\/media?parent=2381"}],"wp:term":[{"taxonomy":"category","embeddable":true,"href":"https:\/\/haz.hr\/en\/wp-json\/wp\/v2\/categories?post=2381"},{"taxonomy":"post_tag","embeddable":true,"href":"https:\/\/haz.hr\/en\/wp-json\/wp\/v2\/tags?post=2381"}],"curies":[{"name":"wp","href":"https:\/\/api.w.org\/{rel}","templated":true}]}}