{"id":2383,"date":"2017-12-25T00:00:42","date_gmt":"2017-12-24T23:00:42","guid":{"rendered":"http:\/\/haz.hr\/?p=292"},"modified":"2017-12-25T00:00:42","modified_gmt":"2017-12-24T23:00:42","slug":"cestit-i-blagoslovljen-bozic-zeli-vam-hrvatska-akademska-zajednica","status":"publish","type":"post","link":"https:\/\/haz.hr\/en\/2017\/12\/25\/cestit-i-blagoslovljen-bozic-zeli-vam-hrvatska-akademska-zajednica\/","title":{"rendered":"\u010cestit i blagoslovljen Bo\u017ei\u0107 \u017eeli Vam Hrvatska akademska zajednica!"},"content":{"rendered":"","protected":false},"excerpt":{"rendered":"","protected":false},"author":1,"featured_media":293,"comment_status":"closed","ping_status":"open","sticky":false,"template":"","format":"standard","meta":{"footnotes":""},"categories":[14],"tags":[],"class_list":["post-2383","post","type-post","status-publish","format-standard","has-post-thumbnail","hentry","category-haz-novosti"],"yoast_head":"<!-- This site is optimized with the Yoast SEO plugin v23.7 - https:\/\/yoast.com\/wordpress\/plugins\/seo\/ -->\n<title>\u010cestit i blagoslovljen Bo\u017ei\u0107 \u017eeli Vam Hrvatska akademska zajednica! - HAZ<\/title>\n<meta name=\"robots\" content=\"index, follow, max-snippet:-1, max-image-preview:large, max-video-preview:-1\" \/>\n<link rel=\"canonical\" href=\"https:\/\/haz.hr\/en\/2017\/12\/25\/cestit-i-blagoslovljen-bozic-zeli-vam-hrvatska-akademska-zajednica\/\" \/>\n<meta property=\"og:locale\" content=\"en_GB\" \/>\n<meta property=\"og:type\" content=\"article\" \/>\n<meta property=\"og:title\" content=\"\u010cestit i blagoslovljen Bo\u017ei\u0107 \u017eeli Vam Hrvatska akademska zajednica! - HAZ\" \/>\n<meta property=\"og:url\" content=\"https:\/\/haz.hr\/en\/2017\/12\/25\/cestit-i-blagoslovljen-bozic-zeli-vam-hrvatska-akademska-zajednica\/\" \/>\n<meta property=\"og:site_name\" content=\"HAZ\" \/>\n<meta property=\"article:published_time\" content=\"2017-12-24T23:00:42+00:00\" \/>\n<meta property=\"og:image\" content=\"https:\/\/haz.hr\/wp-content\/uploads\/2022\/12\/HAZ_nacela-1.jpg\" \/>\n\t<meta property=\"og:image:width\" content=\"400\" \/>\n\t<meta property=\"og:image:height\" content=\"300\" \/>\n\t<meta property=\"og:image:type\" content=\"image\/jpeg\" \/>\n<meta name=\"author\" content=\"JT-design\" \/>\n<meta name=\"twitter:card\" content=\"summary_large_image\" \/>\n<meta name=\"twitter:label1\" content=\"Written by\" \/>\n\t<meta name=\"twitter:data1\" content=\"JT-design\" \/>\n<script type=\"application\/ld+json\" class=\"yoast-schema-graph\">{\"@context\":\"https:\/\/schema.org\",\"@graph\":[{\"@type\":\"Article\",\"@id\":\"https:\/\/haz.hr\/2017\/12\/25\/cestit-i-blagoslovljen-bozic-zeli-vam-hrvatska-akademska-zajednica\/#article\",\"isPartOf\":{\"@id\":\"https:\/\/haz.hr\/2017\/12\/25\/cestit-i-blagoslovljen-bozic-zeli-vam-hrvatska-akademska-zajednica\/\"},\"author\":{\"name\":\"JT-design\",\"@id\":\"https:\/\/haz.hr\/#\/schema\/person\/438892ce514665613f7cd5bb7a19213a\"},\"headline\":\"\u010cestit i blagoslovljen Bo\u017ei\u0107 \u017eeli Vam Hrvatska akademska zajednica!\",\"datePublished\":\"2017-12-24T23:00:42+00:00\",\"dateModified\":\"2017-12-24T23:00:42+00:00\",\"mainEntityOfPage\":{\"@id\":\"https:\/\/haz.hr\/2017\/12\/25\/cestit-i-blagoslovljen-bozic-zeli-vam-hrvatska-akademska-zajednica\/\"},\"wordCount\":10,\"publisher\":{\"@id\":\"https:\/\/haz.hr\/#organization\"},\"image\":{\"@id\":\"https:\/\/haz.hr\/2017\/12\/25\/cestit-i-blagoslovljen-bozic-zeli-vam-hrvatska-akademska-zajednica\/#primaryimage\"},\"thumbnailUrl\":\"https:\/\/haz.hr\/wp-content\/uploads\/2022\/12\/HAZ_nacela-1.jpg\",\"articleSection\":[\"HAZ novosti\"],\"inLanguage\":\"en-GB\"},{\"@type\":\"WebPage\",\"@id\":\"https:\/\/haz.hr\/2017\/12\/25\/cestit-i-blagoslovljen-bozic-zeli-vam-hrvatska-akademska-zajednica\/\",\"url\":\"https:\/\/haz.hr\/2017\/12\/25\/cestit-i-blagoslovljen-bozic-zeli-vam-hrvatska-akademska-zajednica\/\",\"name\":\"\u010cestit i blagoslovljen Bo\u017ei\u0107 \u017eeli Vam Hrvatska akademska zajednica! - HAZ\",\"isPartOf\":{\"@id\":\"https:\/\/haz.hr\/#website\"},\"primaryImageOfPage\":{\"@id\":\"https:\/\/haz.hr\/2017\/12\/25\/cestit-i-blagoslovljen-bozic-zeli-vam-hrvatska-akademska-zajednica\/#primaryimage\"},\"image\":{\"@id\":\"https:\/\/haz.hr\/2017\/12\/25\/cestit-i-blagoslovljen-bozic-zeli-vam-hrvatska-akademska-zajednica\/#primaryimage\"},\"thumbnailUrl\":\"https:\/\/haz.hr\/wp-content\/uploads\/2022\/12\/HAZ_nacela-1.jpg\",\"datePublished\":\"2017-12-24T23:00:42+00:00\",\"dateModified\":\"2017-12-24T23:00:42+00:00\",\"breadcrumb\":{\"@id\":\"https:\/\/haz.hr\/2017\/12\/25\/cestit-i-blagoslovljen-bozic-zeli-vam-hrvatska-akademska-zajednica\/#breadcrumb\"},\"inLanguage\":\"en-GB\",\"potentialAction\":[{\"@type\":\"ReadAction\",\"target\":[\"https:\/\/haz.hr\/2017\/12\/25\/cestit-i-blagoslovljen-bozic-zeli-vam-hrvatska-akademska-zajednica\/\"]}]},{\"@type\":\"ImageObject\",\"inLanguage\":\"en-GB\",\"@id\":\"https:\/\/haz.hr\/2017\/12\/25\/cestit-i-blagoslovljen-bozic-zeli-vam-hrvatska-akademska-zajednica\/#primaryimage\",\"url\":\"https:\/\/haz.hr\/wp-content\/uploads\/2022\/12\/HAZ_nacela-1.jpg\",\"contentUrl\":\"https:\/\/haz.hr\/wp-content\/uploads\/2022\/12\/HAZ_nacela-1.jpg\",\"width\":400,\"height\":300},{\"@type\":\"BreadcrumbList\",\"@id\":\"https:\/\/haz.hr\/2017\/12\/25\/cestit-i-blagoslovljen-bozic-zeli-vam-hrvatska-akademska-zajednica\/#breadcrumb\",\"itemListElement\":[{\"@type\":\"ListItem\",\"position\":1,\"name\":\"Home\",\"item\":\"https:\/\/haz.hr\/\"},{\"@type\":\"ListItem\",\"position\":2,\"name\":\"\u010cestit i blagoslovljen Bo\u017ei\u0107 \u017eeli Vam Hrvatska akademska zajednica!\"}]},{\"@type\":\"WebSite\",\"@id\":\"https:\/\/haz.hr\/#website\",\"url\":\"https:\/\/haz.hr\/\",\"name\":\"HAZ\",\"description\":\"Hrvatska akademska zajednica\",\"publisher\":{\"@id\":\"https:\/\/haz.hr\/#organization\"},\"potentialAction\":[{\"@type\":\"SearchAction\",\"target\":{\"@type\":\"EntryPoint\",\"urlTemplate\":\"https:\/\/haz.hr\/?s={search_term_string}\"},\"query-input\":{\"@type\":\"PropertyValueSpecification\",\"valueRequired\":true,\"valueName\":\"search_term_string\"}}],\"inLanguage\":\"en-GB\"},{\"@type\":\"Organization\",\"@id\":\"https:\/\/haz.hr\/#organization\",\"name\":\"HAZ\",\"url\":\"https:\/\/haz.hr\/\",\"logo\":{\"@type\":\"ImageObject\",\"inLanguage\":\"en-GB\",\"@id\":\"https:\/\/haz.hr\/#\/schema\/logo\/image\/\",\"url\":\"https:\/\/haz.hr\/wp-content\/uploads\/2022\/12\/cropped-HAZ_logo.png\",\"contentUrl\":\"https:\/\/haz.hr\/wp-content\/uploads\/2022\/12\/cropped-HAZ_logo.png\",\"width\":125,\"height\":76,\"caption\":\"HAZ\"},\"image\":{\"@id\":\"https:\/\/haz.hr\/#\/schema\/logo\/image\/\"}},{\"@type\":\"Person\",\"@id\":\"https:\/\/haz.hr\/#\/schema\/person\/438892ce514665613f7cd5bb7a19213a\",\"name\":\"JT-design\",\"image\":{\"@type\":\"ImageObject\",\"inLanguage\":\"en-GB\",\"@id\":\"https:\/\/haz.hr\/#\/schema\/person\/image\/\",\"url\":\"https:\/\/secure.gravatar.com\/avatar\/0032728fc07181d052d653eb6ce26d3ff30f5b1c7d867e6fb82eb66a6fc50646?s=96&d=mm&r=g\",\"contentUrl\":\"https:\/\/secure.gravatar.com\/avatar\/0032728fc07181d052d653eb6ce26d3ff30f5b1c7d867e6fb82eb66a6fc50646?s=96&d=mm&r=g\",\"caption\":\"JT-design\"},\"sameAs\":[\"https:\/\/haz.hr\"],\"url\":\"https:\/\/haz.hr\/en\/author\/jt-design\/\"}]}<\/script>\n<!-- \/ Yoast SEO plugin. -->","yoast_head_json":{"title":"\u010cestit i blagoslovljen Bo\u017ei\u0107 \u017eeli Vam Hrvatska akademska zajednica! - HAZ","robots":{"index":"index","follow":"follow","max-snippet":"max-snippet:-1","max-image-preview":"max-image-preview:large","max-video-preview":"max-video-preview:-1"},"canonical":"https:\/\/haz.hr\/en\/2017\/12\/25\/cestit-i-blagoslovljen-bozic-zeli-vam-hrvatska-akademska-zajednica\/","og_locale":"en_GB","og_type":"article","og_title":"\u010cestit i blagoslovljen Bo\u017ei\u0107 \u017eeli Vam Hrvatska akademska zajednica! - HAZ","og_url":"https:\/\/haz.hr\/en\/2017\/12\/25\/cestit-i-blagoslovljen-bozic-zeli-vam-hrvatska-akademska-zajednica\/","og_site_name":"HAZ","article_published_time":"2017-12-24T23:00:42+00:00","og_image":[{"width":400,"height":300,"url":"https:\/\/haz.hr\/wp-content\/uploads\/2022\/12\/HAZ_nacela-1.jpg","type":"image\/jpeg"}],"author":"JT-design","twitter_card":"summary_large_image","twitter_misc":{"Written by":"JT-design"},"schema":{"@context":"https:\/\/schema.org","@graph":[{"@type":"Article","@id":"https:\/\/haz.hr\/2017\/12\/25\/cestit-i-blagoslovljen-bozic-zeli-vam-hrvatska-akademska-zajednica\/#article","isPartOf":{"@id":"https:\/\/haz.hr\/2017\/12\/25\/cestit-i-blagoslovljen-bozic-zeli-vam-hrvatska-akademska-zajednica\/"},"author":{"name":"JT-design","@id":"https:\/\/haz.hr\/#\/schema\/person\/438892ce514665613f7cd5bb7a19213a"},"headline":"\u010cestit i blagoslovljen Bo\u017ei\u0107 \u017eeli Vam Hrvatska akademska zajednica!","datePublished":"2017-12-24T23:00:42+00:00","dateModified":"2017-12-24T23:00:42+00:00","mainEntityOfPage":{"@id":"https:\/\/haz.hr\/2017\/12\/25\/cestit-i-blagoslovljen-bozic-zeli-vam-hrvatska-akademska-zajednica\/"},"wordCount":10,"publisher":{"@id":"https:\/\/haz.hr\/#organization"},"image":{"@id":"https:\/\/haz.hr\/2017\/12\/25\/cestit-i-blagoslovljen-bozic-zeli-vam-hrvatska-akademska-zajednica\/#primaryimage"},"thumbnailUrl":"https:\/\/haz.hr\/wp-content\/uploads\/2022\/12\/HAZ_nacela-1.jpg","articleSection":["HAZ novosti"],"inLanguage":"en-GB"},{"@type":"WebPage","@id":"https:\/\/haz.hr\/2017\/12\/25\/cestit-i-blagoslovljen-bozic-zeli-vam-hrvatska-akademska-zajednica\/","url":"https:\/\/haz.hr\/2017\/12\/25\/cestit-i-blagoslovljen-bozic-zeli-vam-hrvatska-akademska-zajednica\/","name":"\u010cestit i blagoslovljen Bo\u017ei\u0107 \u017eeli Vam Hrvatska akademska zajednica! - HAZ","isPartOf":{"@id":"https:\/\/haz.hr\/#website"},"primaryImageOfPage":{"@id":"https:\/\/haz.hr\/2017\/12\/25\/cestit-i-blagoslovljen-bozic-zeli-vam-hrvatska-akademska-zajednica\/#primaryimage"},"image":{"@id":"https:\/\/haz.hr\/2017\/12\/25\/cestit-i-blagoslovljen-bozic-zeli-vam-hrvatska-akademska-zajednica\/#primaryimage"},"thumbnailUrl":"https:\/\/haz.hr\/wp-content\/uploads\/2022\/12\/HAZ_nacela-1.jpg","datePublished":"2017-12-24T23:00:42+00:00","dateModified":"2017-12-24T23:00:42+00:00","breadcrumb":{"@id":"https:\/\/haz.hr\/2017\/12\/25\/cestit-i-blagoslovljen-bozic-zeli-vam-hrvatska-akademska-zajednica\/#breadcrumb"},"inLanguage":"en-GB","potentialAction":[{"@type":"ReadAction","target":["https:\/\/haz.hr\/2017\/12\/25\/cestit-i-blagoslovljen-bozic-zeli-vam-hrvatska-akademska-zajednica\/"]}]},{"@type":"ImageObject","inLanguage":"en-GB","@id":"https:\/\/haz.hr\/2017\/12\/25\/cestit-i-blagoslovljen-bozic-zeli-vam-hrvatska-akademska-zajednica\/#primaryimage","url":"https:\/\/haz.hr\/wp-content\/uploads\/2022\/12\/HAZ_nacela-1.jpg","contentUrl":"https:\/\/haz.hr\/wp-content\/uploads\/2022\/12\/HAZ_nacela-1.jpg","width":400,"height":300},{"@type":"BreadcrumbList","@id":"https:\/\/haz.hr\/2017\/12\/25\/cestit-i-blagoslovljen-bozic-zeli-vam-hrvatska-akademska-zajednica\/#breadcrumb","itemListElement":[{"@type":"ListItem","position":1,"name":"Home","item":"https:\/\/haz.hr\/"},{"@type":"ListItem","position":2,"name":"\u010cestit i blagoslovljen Bo\u017ei\u0107 \u017eeli Vam Hrvatska akademska zajednica!"}]},{"@type":"WebSite","@id":"https:\/\/haz.hr\/#website","url":"https:\/\/haz.hr\/","name":"HAZ","description":"Croatian Academic Community","publisher":{"@id":"https:\/\/haz.hr\/#organization"},"potentialAction":[{"@type":"SearchAction","target":{"@type":"EntryPoint","urlTemplate":"https:\/\/haz.hr\/?s={search_term_string}"},"query-input":{"@type":"PropertyValueSpecification","valueRequired":true,"valueName":"search_term_string"}}],"inLanguage":"en-GB"},{"@type":"Organization","@id":"https:\/\/haz.hr\/#organization","name":"HAZ","url":"https:\/\/haz.hr\/","logo":{"@type":"ImageObject","inLanguage":"en-GB","@id":"https:\/\/haz.hr\/#\/schema\/logo\/image\/","url":"https:\/\/haz.hr\/wp-content\/uploads\/2022\/12\/cropped-HAZ_logo.png","contentUrl":"https:\/\/haz.hr\/wp-content\/uploads\/2022\/12\/cropped-HAZ_logo.png","width":125,"height":76,"caption":"HAZ"},"image":{"@id":"https:\/\/haz.hr\/#\/schema\/logo\/image\/"}},{"@type":"Person","@id":"https:\/\/haz.hr\/#\/schema\/person\/438892ce514665613f7cd5bb7a19213a","name":"JT-design","image":{"@type":"ImageObject","inLanguage":"en-GB","@id":"https:\/\/haz.hr\/#\/schema\/person\/image\/","url":"https:\/\/secure.gravatar.com\/avatar\/0032728fc07181d052d653eb6ce26d3ff30f5b1c7d867e6fb82eb66a6fc50646?s=96&d=mm&r=g","contentUrl":"https:\/\/secure.gravatar.com\/avatar\/0032728fc07181d052d653eb6ce26d3ff30f5b1c7d867e6fb82eb66a6fc50646?s=96&d=mm&r=g","caption":"JT-design"},"sameAs":["https:\/\/haz.hr"],"url":"https:\/\/haz.hr\/en\/author\/jt-design\/"}]}},"_links":{"self":[{"href":"https:\/\/haz.hr\/en\/wp-json\/wp\/v2\/posts\/2383","targetHints":{"allow":["GET"]}}],"collection":[{"href":"https:\/\/haz.hr\/en\/wp-json\/wp\/v2\/posts"}],"about":[{"href":"https:\/\/haz.hr\/en\/wp-json\/wp\/v2\/types\/post"}],"author":[{"embeddable":true,"href":"https:\/\/haz.hr\/en\/wp-json\/wp\/v2\/users\/1"}],"replies":[{"embeddable":true,"href":"https:\/\/haz.hr\/en\/wp-json\/wp\/v2\/comments?post=2383"}],"version-history":[{"count":0,"href":"https:\/\/haz.hr\/en\/wp-json\/wp\/v2\/posts\/2383\/revisions"}],"wp:featuredmedia":[{"embeddable":true,"href":"https:\/\/haz.hr\/en\/wp-json\/wp\/v2\/media\/293"}],"wp:attachment":[{"href":"https:\/\/haz.hr\/en\/wp-json\/wp\/v2\/media?parent=2383"}],"wp:term":[{"taxonomy":"category","embeddable":true,"href":"https:\/\/haz.hr\/en\/wp-json\/wp\/v2\/categories?post=2383"},{"taxonomy":"post_tag","embeddable":true,"href":"https:\/\/haz.hr\/en\/wp-json\/wp\/v2\/tags?post=2383"}],"curies":[{"name":"wp","href":"https:\/\/api.w.org\/{rel}","templated":true}]}}