{"id":2386,"date":"2017-12-16T00:00:07","date_gmt":"2017-12-15T23:00:07","guid":{"rendered":"http:\/\/haz.hr\/?p=302"},"modified":"2017-12-16T00:00:07","modified_gmt":"2017-12-15T23:00:07","slug":"haz-na-eds-council-meeting-u-skopju","status":"publish","type":"post","link":"https:\/\/haz.hr\/en\/2017\/12\/16\/haz-na-eds-council-meeting-u-skopju\/","title":{"rendered":"HAZ na EDS Council Meeting u Skopju"},"content":{"rendered":"<p>\t\t\t\tSkopje, 14. \u2013 16.12.2017. Nacionalni dopredsjednik Karlo Kolesar i glavni tajnik Luka Radi\u0107 sudjeluju na EDS Young Leaders Academy. Tema sastanka Vije\u0107a Europskih demokratskih studenata je uloga dijaloga u izgradnju sna\u017enijeg dru\u0161tva. Tom prilikom zahvalili su se predsjedniku makedonske mlade\u017ei VMRO-DPMNE Vladimiru Neloski i me\u0111unarodnom tajniku Timco Mucunski na ukazanom povjerenju daju\u0107i punomo\u0107 HAZ-u da glasuju uime na\u0161ih makedonskih prijatelja na pro\u0161lom vije\u0107u EDS-a odr\u017eanom u Cluju u Rumunjskoj.\t\t<\/p>","protected":false},"excerpt":{"rendered":"<p>Skopje, 14. \u2013 16.12.2017. Nacionalni dopredsjednik Karlo Kolesar i glavni tajnik Luka Radi\u0107 sudjeluju na EDS Young Leaders Academy. Tema sastanka Vije\u0107a Europskih demokratskih studenata je uloga dijaloga u izgradnju [&hellip;]<\/p>\n","protected":false},"author":1,"featured_media":304,"comment_status":"closed","ping_status":"open","sticky":false,"template":"","format":"standard","meta":{"footnotes":""},"categories":[14],"tags":[],"class_list":["post-2386","post","type-post","status-publish","format-standard","has-post-thumbnail","hentry","category-haz-novosti"],"yoast_head":"<!-- This site is optimized with the Yoast SEO plugin v23.7 - https:\/\/yoast.com\/wordpress\/plugins\/seo\/ -->\n<title>HAZ na EDS Council Meeting u Skopju - HAZ<\/title>\n<meta name=\"robots\" content=\"index, follow, max-snippet:-1, max-image-preview:large, max-video-preview:-1\" \/>\n<link rel=\"canonical\" href=\"https:\/\/haz.hr\/en\/2017\/12\/16\/haz-na-eds-council-meeting-u-skopju\/\" \/>\n<meta property=\"og:locale\" content=\"en_GB\" \/>\n<meta property=\"og:type\" content=\"article\" \/>\n<meta property=\"og:title\" content=\"HAZ na EDS Council Meeting u Skopju - HAZ\" \/>\n<meta property=\"og:description\" content=\"Skopje, 14. \u2013 16.12.2017. Nacionalni dopredsjednik Karlo Kolesar i glavni tajnik Luka Radi\u0107 sudjeluju na EDS Young Leaders Academy. Tema sastanka Vije\u0107a Europskih demokratskih studenata je uloga dijaloga u izgradnju [&hellip;]\" \/>\n<meta property=\"og:url\" content=\"https:\/\/haz.hr\/en\/2017\/12\/16\/haz-na-eds-council-meeting-u-skopju\/\" \/>\n<meta property=\"og:site_name\" content=\"HAZ\" \/>\n<meta property=\"article:published_time\" content=\"2017-12-15T23:00:07+00:00\" \/>\n<meta property=\"og:image\" content=\"https:\/\/haz.hr\/wp-content\/uploads\/2017\/12\/karlolukamakedonci.jpg\" \/>\n\t<meta property=\"og:image:width\" content=\"960\" \/>\n\t<meta property=\"og:image:height\" content=\"960\" \/>\n\t<meta property=\"og:image:type\" content=\"image\/jpeg\" \/>\n<meta name=\"author\" content=\"JT-design\" \/>\n<meta name=\"twitter:card\" content=\"summary_large_image\" \/>\n<meta name=\"twitter:label1\" content=\"Written by\" \/>\n\t<meta name=\"twitter:data1\" content=\"JT-design\" \/>\n<script type=\"application\/ld+json\" class=\"yoast-schema-graph\">{\"@context\":\"https:\/\/schema.org\",\"@graph\":[{\"@type\":\"Article\",\"@id\":\"https:\/\/haz.hr\/2017\/12\/16\/haz-na-eds-council-meeting-u-skopju\/#article\",\"isPartOf\":{\"@id\":\"https:\/\/haz.hr\/2017\/12\/16\/haz-na-eds-council-meeting-u-skopju\/\"},\"author\":{\"name\":\"JT-design\",\"@id\":\"https:\/\/haz.hr\/#\/schema\/person\/438892ce514665613f7cd5bb7a19213a\"},\"headline\":\"HAZ na EDS Council Meeting u Skopju\",\"datePublished\":\"2017-12-15T23:00:07+00:00\",\"dateModified\":\"2017-12-15T23:00:07+00:00\",\"mainEntityOfPage\":{\"@id\":\"https:\/\/haz.hr\/2017\/12\/16\/haz-na-eds-council-meeting-u-skopju\/\"},\"wordCount\":83,\"publisher\":{\"@id\":\"https:\/\/haz.hr\/#organization\"},\"image\":{\"@id\":\"https:\/\/haz.hr\/2017\/12\/16\/haz-na-eds-council-meeting-u-skopju\/#primaryimage\"},\"thumbnailUrl\":\"https:\/\/haz.hr\/wp-content\/uploads\/2017\/12\/karlolukamakedonci.jpg\",\"articleSection\":[\"HAZ novosti\"],\"inLanguage\":\"en-GB\"},{\"@type\":\"WebPage\",\"@id\":\"https:\/\/haz.hr\/2017\/12\/16\/haz-na-eds-council-meeting-u-skopju\/\",\"url\":\"https:\/\/haz.hr\/2017\/12\/16\/haz-na-eds-council-meeting-u-skopju\/\",\"name\":\"HAZ na EDS Council Meeting u Skopju - HAZ\",\"isPartOf\":{\"@id\":\"https:\/\/haz.hr\/#website\"},\"primaryImageOfPage\":{\"@id\":\"https:\/\/haz.hr\/2017\/12\/16\/haz-na-eds-council-meeting-u-skopju\/#primaryimage\"},\"image\":{\"@id\":\"https:\/\/haz.hr\/2017\/12\/16\/haz-na-eds-council-meeting-u-skopju\/#primaryimage\"},\"thumbnailUrl\":\"https:\/\/haz.hr\/wp-content\/uploads\/2017\/12\/karlolukamakedonci.jpg\",\"datePublished\":\"2017-12-15T23:00:07+00:00\",\"dateModified\":\"2017-12-15T23:00:07+00:00\",\"breadcrumb\":{\"@id\":\"https:\/\/haz.hr\/2017\/12\/16\/haz-na-eds-council-meeting-u-skopju\/#breadcrumb\"},\"inLanguage\":\"en-GB\",\"potentialAction\":[{\"@type\":\"ReadAction\",\"target\":[\"https:\/\/haz.hr\/2017\/12\/16\/haz-na-eds-council-meeting-u-skopju\/\"]}]},{\"@type\":\"ImageObject\",\"inLanguage\":\"en-GB\",\"@id\":\"https:\/\/haz.hr\/2017\/12\/16\/haz-na-eds-council-meeting-u-skopju\/#primaryimage\",\"url\":\"https:\/\/haz.hr\/wp-content\/uploads\/2017\/12\/karlolukamakedonci.jpg\",\"contentUrl\":\"https:\/\/haz.hr\/wp-content\/uploads\/2017\/12\/karlolukamakedonci.jpg\",\"width\":960,\"height\":960,\"caption\":\"\"},{\"@type\":\"BreadcrumbList\",\"@id\":\"https:\/\/haz.hr\/2017\/12\/16\/haz-na-eds-council-meeting-u-skopju\/#breadcrumb\",\"itemListElement\":[{\"@type\":\"ListItem\",\"position\":1,\"name\":\"Home\",\"item\":\"https:\/\/haz.hr\/\"},{\"@type\":\"ListItem\",\"position\":2,\"name\":\"HAZ na EDS Council Meeting u Skopju\"}]},{\"@type\":\"WebSite\",\"@id\":\"https:\/\/haz.hr\/#website\",\"url\":\"https:\/\/haz.hr\/\",\"name\":\"HAZ\",\"description\":\"Hrvatska akademska zajednica\",\"publisher\":{\"@id\":\"https:\/\/haz.hr\/#organization\"},\"potentialAction\":[{\"@type\":\"SearchAction\",\"target\":{\"@type\":\"EntryPoint\",\"urlTemplate\":\"https:\/\/haz.hr\/?s={search_term_string}\"},\"query-input\":{\"@type\":\"PropertyValueSpecification\",\"valueRequired\":true,\"valueName\":\"search_term_string\"}}],\"inLanguage\":\"en-GB\"},{\"@type\":\"Organization\",\"@id\":\"https:\/\/haz.hr\/#organization\",\"name\":\"HAZ\",\"url\":\"https:\/\/haz.hr\/\",\"logo\":{\"@type\":\"ImageObject\",\"inLanguage\":\"en-GB\",\"@id\":\"https:\/\/haz.hr\/#\/schema\/logo\/image\/\",\"url\":\"https:\/\/haz.hr\/wp-content\/uploads\/2022\/12\/cropped-HAZ_logo.png\",\"contentUrl\":\"https:\/\/haz.hr\/wp-content\/uploads\/2022\/12\/cropped-HAZ_logo.png\",\"width\":125,\"height\":76,\"caption\":\"HAZ\"},\"image\":{\"@id\":\"https:\/\/haz.hr\/#\/schema\/logo\/image\/\"}},{\"@type\":\"Person\",\"@id\":\"https:\/\/haz.hr\/#\/schema\/person\/438892ce514665613f7cd5bb7a19213a\",\"name\":\"JT-design\",\"image\":{\"@type\":\"ImageObject\",\"inLanguage\":\"en-GB\",\"@id\":\"https:\/\/haz.hr\/#\/schema\/person\/image\/\",\"url\":\"https:\/\/secure.gravatar.com\/avatar\/0032728fc07181d052d653eb6ce26d3ff30f5b1c7d867e6fb82eb66a6fc50646?s=96&d=mm&r=g\",\"contentUrl\":\"https:\/\/secure.gravatar.com\/avatar\/0032728fc07181d052d653eb6ce26d3ff30f5b1c7d867e6fb82eb66a6fc50646?s=96&d=mm&r=g\",\"caption\":\"JT-design\"},\"sameAs\":[\"https:\/\/haz.hr\"],\"url\":\"https:\/\/haz.hr\/en\/author\/jt-design\/\"}]}<\/script>\n<!-- \/ Yoast SEO plugin. -->","yoast_head_json":{"title":"HAZ na EDS Council Meeting u Skopju - HAZ","robots":{"index":"index","follow":"follow","max-snippet":"max-snippet:-1","max-image-preview":"max-image-preview:large","max-video-preview":"max-video-preview:-1"},"canonical":"https:\/\/haz.hr\/en\/2017\/12\/16\/haz-na-eds-council-meeting-u-skopju\/","og_locale":"en_GB","og_type":"article","og_title":"HAZ na EDS Council Meeting u Skopju - HAZ","og_description":"Skopje, 14. \u2013 16.12.2017. Nacionalni dopredsjednik Karlo Kolesar i glavni tajnik Luka Radi\u0107 sudjeluju na EDS Young Leaders Academy. Tema sastanka Vije\u0107a Europskih demokratskih studenata je uloga dijaloga u izgradnju [&hellip;]","og_url":"https:\/\/haz.hr\/en\/2017\/12\/16\/haz-na-eds-council-meeting-u-skopju\/","og_site_name":"HAZ","article_published_time":"2017-12-15T23:00:07+00:00","og_image":[{"width":960,"height":960,"url":"https:\/\/haz.hr\/wp-content\/uploads\/2017\/12\/karlolukamakedonci.jpg","type":"image\/jpeg"}],"author":"JT-design","twitter_card":"summary_large_image","twitter_misc":{"Written by":"JT-design"},"schema":{"@context":"https:\/\/schema.org","@graph":[{"@type":"Article","@id":"https:\/\/haz.hr\/2017\/12\/16\/haz-na-eds-council-meeting-u-skopju\/#article","isPartOf":{"@id":"https:\/\/haz.hr\/2017\/12\/16\/haz-na-eds-council-meeting-u-skopju\/"},"author":{"name":"JT-design","@id":"https:\/\/haz.hr\/#\/schema\/person\/438892ce514665613f7cd5bb7a19213a"},"headline":"HAZ na EDS Council Meeting u Skopju","datePublished":"2017-12-15T23:00:07+00:00","dateModified":"2017-12-15T23:00:07+00:00","mainEntityOfPage":{"@id":"https:\/\/haz.hr\/2017\/12\/16\/haz-na-eds-council-meeting-u-skopju\/"},"wordCount":83,"publisher":{"@id":"https:\/\/haz.hr\/#organization"},"image":{"@id":"https:\/\/haz.hr\/2017\/12\/16\/haz-na-eds-council-meeting-u-skopju\/#primaryimage"},"thumbnailUrl":"https:\/\/haz.hr\/wp-content\/uploads\/2017\/12\/karlolukamakedonci.jpg","articleSection":["HAZ novosti"],"inLanguage":"en-GB"},{"@type":"WebPage","@id":"https:\/\/haz.hr\/2017\/12\/16\/haz-na-eds-council-meeting-u-skopju\/","url":"https:\/\/haz.hr\/2017\/12\/16\/haz-na-eds-council-meeting-u-skopju\/","name":"HAZ na EDS Council Meeting u Skopju - HAZ","isPartOf":{"@id":"https:\/\/haz.hr\/#website"},"primaryImageOfPage":{"@id":"https:\/\/haz.hr\/2017\/12\/16\/haz-na-eds-council-meeting-u-skopju\/#primaryimage"},"image":{"@id":"https:\/\/haz.hr\/2017\/12\/16\/haz-na-eds-council-meeting-u-skopju\/#primaryimage"},"thumbnailUrl":"https:\/\/haz.hr\/wp-content\/uploads\/2017\/12\/karlolukamakedonci.jpg","datePublished":"2017-12-15T23:00:07+00:00","dateModified":"2017-12-15T23:00:07+00:00","breadcrumb":{"@id":"https:\/\/haz.hr\/2017\/12\/16\/haz-na-eds-council-meeting-u-skopju\/#breadcrumb"},"inLanguage":"en-GB","potentialAction":[{"@type":"ReadAction","target":["https:\/\/haz.hr\/2017\/12\/16\/haz-na-eds-council-meeting-u-skopju\/"]}]},{"@type":"ImageObject","inLanguage":"en-GB","@id":"https:\/\/haz.hr\/2017\/12\/16\/haz-na-eds-council-meeting-u-skopju\/#primaryimage","url":"https:\/\/haz.hr\/wp-content\/uploads\/2017\/12\/karlolukamakedonci.jpg","contentUrl":"https:\/\/haz.hr\/wp-content\/uploads\/2017\/12\/karlolukamakedonci.jpg","width":960,"height":960,"caption":""},{"@type":"BreadcrumbList","@id":"https:\/\/haz.hr\/2017\/12\/16\/haz-na-eds-council-meeting-u-skopju\/#breadcrumb","itemListElement":[{"@type":"ListItem","position":1,"name":"Home","item":"https:\/\/haz.hr\/"},{"@type":"ListItem","position":2,"name":"HAZ na EDS Council Meeting u Skopju"}]},{"@type":"WebSite","@id":"https:\/\/haz.hr\/#website","url":"https:\/\/haz.hr\/","name":"HAZ","description":"Croatian Academic Community","publisher":{"@id":"https:\/\/haz.hr\/#organization"},"potentialAction":[{"@type":"SearchAction","target":{"@type":"EntryPoint","urlTemplate":"https:\/\/haz.hr\/?s={search_term_string}"},"query-input":{"@type":"PropertyValueSpecification","valueRequired":true,"valueName":"search_term_string"}}],"inLanguage":"en-GB"},{"@type":"Organization","@id":"https:\/\/haz.hr\/#organization","name":"HAZ","url":"https:\/\/haz.hr\/","logo":{"@type":"ImageObject","inLanguage":"en-GB","@id":"https:\/\/haz.hr\/#\/schema\/logo\/image\/","url":"https:\/\/haz.hr\/wp-content\/uploads\/2022\/12\/cropped-HAZ_logo.png","contentUrl":"https:\/\/haz.hr\/wp-content\/uploads\/2022\/12\/cropped-HAZ_logo.png","width":125,"height":76,"caption":"HAZ"},"image":{"@id":"https:\/\/haz.hr\/#\/schema\/logo\/image\/"}},{"@type":"Person","@id":"https:\/\/haz.hr\/#\/schema\/person\/438892ce514665613f7cd5bb7a19213a","name":"JT-design","image":{"@type":"ImageObject","inLanguage":"en-GB","@id":"https:\/\/haz.hr\/#\/schema\/person\/image\/","url":"https:\/\/secure.gravatar.com\/avatar\/0032728fc07181d052d653eb6ce26d3ff30f5b1c7d867e6fb82eb66a6fc50646?s=96&d=mm&r=g","contentUrl":"https:\/\/secure.gravatar.com\/avatar\/0032728fc07181d052d653eb6ce26d3ff30f5b1c7d867e6fb82eb66a6fc50646?s=96&d=mm&r=g","caption":"JT-design"},"sameAs":["https:\/\/haz.hr"],"url":"https:\/\/haz.hr\/en\/author\/jt-design\/"}]}},"_links":{"self":[{"href":"https:\/\/haz.hr\/en\/wp-json\/wp\/v2\/posts\/2386","targetHints":{"allow":["GET"]}}],"collection":[{"href":"https:\/\/haz.hr\/en\/wp-json\/wp\/v2\/posts"}],"about":[{"href":"https:\/\/haz.hr\/en\/wp-json\/wp\/v2\/types\/post"}],"author":[{"embeddable":true,"href":"https:\/\/haz.hr\/en\/wp-json\/wp\/v2\/users\/1"}],"replies":[{"embeddable":true,"href":"https:\/\/haz.hr\/en\/wp-json\/wp\/v2\/comments?post=2386"}],"version-history":[{"count":0,"href":"https:\/\/haz.hr\/en\/wp-json\/wp\/v2\/posts\/2386\/revisions"}],"wp:featuredmedia":[{"embeddable":true,"href":"https:\/\/haz.hr\/en\/wp-json\/wp\/v2\/media\/304"}],"wp:attachment":[{"href":"https:\/\/haz.hr\/en\/wp-json\/wp\/v2\/media?parent=2386"}],"wp:term":[{"taxonomy":"category","embeddable":true,"href":"https:\/\/haz.hr\/en\/wp-json\/wp\/v2\/categories?post=2386"},{"taxonomy":"post_tag","embeddable":true,"href":"https:\/\/haz.hr\/en\/wp-json\/wp\/v2\/tags?post=2386"}],"curies":[{"name":"wp","href":"https:\/\/api.w.org\/{rel}","templated":true}]}}