{"id":2387,"date":"2017-12-12T00:00:29","date_gmt":"2017-12-11T23:00:29","guid":{"rendered":"http:\/\/haz.hr\/?p=305"},"modified":"2023-02-09T13:23:38","modified_gmt":"2023-02-09T13:23:38","slug":"panel-haz-a-studentski-aktivizam-zelim-mogu-hocu","status":"publish","type":"post","link":"https:\/\/haz.hr\/en\/2017\/12\/12\/panel-haz-a-studentski-aktivizam-zelim-mogu-hocu\/","title":{"rendered":"PANEL HAZ-a: Studentski aktivizam \u2013 \u017eelim, mogu, ho\u0107u!"},"content":{"rendered":"<p class=\"wp-block-paragraph\">Zagreb, 1.12.2017. \u2013 Na\u0161a zagreba\u010dka studentska organizacija odr\u017eala je okrugli stol o studentskom aktivizmu. Raspravljali smo kako poticati anga\u017eman studentske populacije i mladih, a panelisti su bili Maja Musta\u010d, \u010dlanica Vije\u0107a mladih Predsjednice Republike Hrvatske Kolinde Grabar Kitarovi\u0107, Dario Varo\u0161anec, AISEC, Karlo Kolesar, nacionalni dopredsjednik HAZ-a i Sara Pavi\u0107, predsjednica HAZ-a Zagreb.<\/p>\n\n\n\n<p class=\"wp-block-paragraph\">Teme o kojima se vodila rasprava su bile:<\/p>\n\n\n\n<ul class=\"wp-block-list\">\n<li>Koja je uloga studentskog aktivizma za dru\u0161tvo, ali i za samorazvoj pojedinca?<\/li>\n\n\n\n<li>Koji su najva\u017eniji problemi studenata i mladih ljudi?<\/li>\n\n\n\n<li>Kako potaknuti studente da se uklju\u010de u razne studentske udruge, inicijative i organizacije mlade\u017ei?<\/li>\n\n\n\n<li>Kako pokrenuti razne izvannastavne aktivnosti?<\/li>\n\n\n\n<li>Mo\u017ee li studentski aktivizam biti dodatna vrijednost za mlade ljude, a pri ulasku na tr\u017ei\u0161te rada?<\/li>\n<\/ul>\n\n\n\n<p class=\"wp-block-paragraph\">Na\u0161i panelisti i sudionici izlo\u017eili su kreativne ideje za poticanje anga\u017emana i suprotstavljanje sveop\u0107oj apatiji. U raspravi su sudjelovali i alumni \u010dlanovi HAZ-a koji su prije 15-20 godina bili studentski  predstavnici i anga\u017eirani na podru\u010dju politike mladih.<\/p>\n\n\n\n<p class=\"wp-block-paragraph\">Uo\u010deno je da su problemi studentske populacije sli\u010dni kao prije 10, 15 i 20 godina.  Moderatorica panela Dora Miketek, novoizabrana predsjednica Vije\u0107a  studenata veleu\u010dili\u0161ta i visokih \u0161kola RH sjajno je odradila svoj dio posla! <\/p>","protected":false},"excerpt":{"rendered":"<p>Zagreb, 1.12.2017. \u2013 Na\u0161a zagreba\u010dka studentska organizacija odr\u017eala je okrugli stol o studentskom aktivizmu. Raspravljali smo kako poticati anga\u017eman studentske populacije i mladih, a panelisti su bili Maja Musta\u010d, \u010dlanica [&hellip;]<\/p>\n","protected":false},"author":1,"featured_media":2327,"comment_status":"closed","ping_status":"open","sticky":false,"template":"","format":"standard","meta":{"footnotes":""},"categories":[14],"tags":[],"class_list":["post-2387","post","type-post","status-publish","format-standard","has-post-thumbnail","hentry","category-haz-novosti"],"yoast_head":"<!-- This site is optimized with the Yoast SEO plugin v23.7 - https:\/\/yoast.com\/wordpress\/plugins\/seo\/ -->\n<title>PANEL HAZ-a: Studentski aktivizam \u2013 \u017eelim, mogu, ho\u0107u! - HAZ<\/title>\n<meta name=\"robots\" content=\"index, follow, max-snippet:-1, max-image-preview:large, max-video-preview:-1\" \/>\n<link rel=\"canonical\" href=\"https:\/\/haz.hr\/en\/2017\/12\/12\/panel-haz-a-studentski-aktivizam-zelim-mogu-hocu\/\" \/>\n<meta property=\"og:locale\" content=\"en_GB\" \/>\n<meta property=\"og:type\" content=\"article\" \/>\n<meta property=\"og:title\" content=\"PANEL HAZ-a: Studentski aktivizam \u2013 \u017eelim, mogu, ho\u0107u! - HAZ\" \/>\n<meta property=\"og:description\" content=\"Zagreb, 1.12.2017. \u2013 Na\u0161a zagreba\u010dka studentska organizacija odr\u017eala je okrugli stol o studentskom aktivizmu. Raspravljali smo kako poticati anga\u017eman studentske populacije i mladih, a panelisti su bili Maja Musta\u010d, \u010dlanica [&hellip;]\" \/>\n<meta property=\"og:url\" content=\"https:\/\/haz.hr\/en\/2017\/12\/12\/panel-haz-a-studentski-aktivizam-zelim-mogu-hocu\/\" \/>\n<meta property=\"og:site_name\" content=\"HAZ\" \/>\n<meta property=\"article:published_time\" content=\"2017-12-11T23:00:29+00:00\" \/>\n<meta property=\"article:modified_time\" content=\"2023-02-09T13:23:38+00:00\" \/>\n<meta property=\"og:image\" content=\"https:\/\/haz.hr\/wp-content\/uploads\/2001\/01\/panel2.jpg\" \/>\n\t<meta property=\"og:image:width\" content=\"1122\" \/>\n\t<meta property=\"og:image:height\" content=\"540\" \/>\n\t<meta property=\"og:image:type\" content=\"image\/jpeg\" \/>\n<meta name=\"author\" content=\"JT-design\" \/>\n<meta name=\"twitter:card\" content=\"summary_large_image\" \/>\n<meta name=\"twitter:label1\" content=\"Written by\" \/>\n\t<meta name=\"twitter:data1\" content=\"JT-design\" \/>\n\t<meta name=\"twitter:label2\" content=\"Est. reading time\" \/>\n\t<meta name=\"twitter:data2\" content=\"1 minute\" \/>\n<script type=\"application\/ld+json\" class=\"yoast-schema-graph\">{\"@context\":\"https:\/\/schema.org\",\"@graph\":[{\"@type\":\"Article\",\"@id\":\"https:\/\/haz.hr\/2017\/12\/12\/panel-haz-a-studentski-aktivizam-zelim-mogu-hocu\/#article\",\"isPartOf\":{\"@id\":\"https:\/\/haz.hr\/2017\/12\/12\/panel-haz-a-studentski-aktivizam-zelim-mogu-hocu\/\"},\"author\":{\"name\":\"JT-design\",\"@id\":\"https:\/\/haz.hr\/#\/schema\/person\/438892ce514665613f7cd5bb7a19213a\"},\"headline\":\"PANEL HAZ-a: Studentski aktivizam \u2013 \u017eelim, mogu, ho\u0107u!\",\"datePublished\":\"2017-12-11T23:00:29+00:00\",\"dateModified\":\"2023-02-09T13:23:38+00:00\",\"mainEntityOfPage\":{\"@id\":\"https:\/\/haz.hr\/2017\/12\/12\/panel-haz-a-studentski-aktivizam-zelim-mogu-hocu\/\"},\"wordCount\":213,\"publisher\":{\"@id\":\"https:\/\/haz.hr\/#organization\"},\"image\":{\"@id\":\"https:\/\/haz.hr\/2017\/12\/12\/panel-haz-a-studentski-aktivizam-zelim-mogu-hocu\/#primaryimage\"},\"thumbnailUrl\":\"https:\/\/haz.hr\/wp-content\/uploads\/2001\/01\/panel2.jpg\",\"articleSection\":[\"HAZ novosti\"],\"inLanguage\":\"en-GB\"},{\"@type\":\"WebPage\",\"@id\":\"https:\/\/haz.hr\/2017\/12\/12\/panel-haz-a-studentski-aktivizam-zelim-mogu-hocu\/\",\"url\":\"https:\/\/haz.hr\/2017\/12\/12\/panel-haz-a-studentski-aktivizam-zelim-mogu-hocu\/\",\"name\":\"PANEL HAZ-a: Studentski aktivizam \u2013 \u017eelim, mogu, ho\u0107u! - HAZ\",\"isPartOf\":{\"@id\":\"https:\/\/haz.hr\/#website\"},\"primaryImageOfPage\":{\"@id\":\"https:\/\/haz.hr\/2017\/12\/12\/panel-haz-a-studentski-aktivizam-zelim-mogu-hocu\/#primaryimage\"},\"image\":{\"@id\":\"https:\/\/haz.hr\/2017\/12\/12\/panel-haz-a-studentski-aktivizam-zelim-mogu-hocu\/#primaryimage\"},\"thumbnailUrl\":\"https:\/\/haz.hr\/wp-content\/uploads\/2001\/01\/panel2.jpg\",\"datePublished\":\"2017-12-11T23:00:29+00:00\",\"dateModified\":\"2023-02-09T13:23:38+00:00\",\"breadcrumb\":{\"@id\":\"https:\/\/haz.hr\/2017\/12\/12\/panel-haz-a-studentski-aktivizam-zelim-mogu-hocu\/#breadcrumb\"},\"inLanguage\":\"en-GB\",\"potentialAction\":[{\"@type\":\"ReadAction\",\"target\":[\"https:\/\/haz.hr\/2017\/12\/12\/panel-haz-a-studentski-aktivizam-zelim-mogu-hocu\/\"]}]},{\"@type\":\"ImageObject\",\"inLanguage\":\"en-GB\",\"@id\":\"https:\/\/haz.hr\/2017\/12\/12\/panel-haz-a-studentski-aktivizam-zelim-mogu-hocu\/#primaryimage\",\"url\":\"https:\/\/haz.hr\/wp-content\/uploads\/2001\/01\/panel2.jpg\",\"contentUrl\":\"https:\/\/haz.hr\/wp-content\/uploads\/2001\/01\/panel2.jpg\",\"width\":1122,\"height\":540,\"caption\":\"\"},{\"@type\":\"BreadcrumbList\",\"@id\":\"https:\/\/haz.hr\/2017\/12\/12\/panel-haz-a-studentski-aktivizam-zelim-mogu-hocu\/#breadcrumb\",\"itemListElement\":[{\"@type\":\"ListItem\",\"position\":1,\"name\":\"Home\",\"item\":\"https:\/\/haz.hr\/\"},{\"@type\":\"ListItem\",\"position\":2,\"name\":\"PANEL HAZ-a: Studentski aktivizam \u2013 \u017eelim, mogu, ho\u0107u!\"}]},{\"@type\":\"WebSite\",\"@id\":\"https:\/\/haz.hr\/#website\",\"url\":\"https:\/\/haz.hr\/\",\"name\":\"HAZ\",\"description\":\"Hrvatska akademska zajednica\",\"publisher\":{\"@id\":\"https:\/\/haz.hr\/#organization\"},\"potentialAction\":[{\"@type\":\"SearchAction\",\"target\":{\"@type\":\"EntryPoint\",\"urlTemplate\":\"https:\/\/haz.hr\/?s={search_term_string}\"},\"query-input\":{\"@type\":\"PropertyValueSpecification\",\"valueRequired\":true,\"valueName\":\"search_term_string\"}}],\"inLanguage\":\"en-GB\"},{\"@type\":\"Organization\",\"@id\":\"https:\/\/haz.hr\/#organization\",\"name\":\"HAZ\",\"url\":\"https:\/\/haz.hr\/\",\"logo\":{\"@type\":\"ImageObject\",\"inLanguage\":\"en-GB\",\"@id\":\"https:\/\/haz.hr\/#\/schema\/logo\/image\/\",\"url\":\"https:\/\/haz.hr\/wp-content\/uploads\/2022\/12\/cropped-HAZ_logo.png\",\"contentUrl\":\"https:\/\/haz.hr\/wp-content\/uploads\/2022\/12\/cropped-HAZ_logo.png\",\"width\":125,\"height\":76,\"caption\":\"HAZ\"},\"image\":{\"@id\":\"https:\/\/haz.hr\/#\/schema\/logo\/image\/\"}},{\"@type\":\"Person\",\"@id\":\"https:\/\/haz.hr\/#\/schema\/person\/438892ce514665613f7cd5bb7a19213a\",\"name\":\"JT-design\",\"image\":{\"@type\":\"ImageObject\",\"inLanguage\":\"en-GB\",\"@id\":\"https:\/\/haz.hr\/#\/schema\/person\/image\/\",\"url\":\"https:\/\/secure.gravatar.com\/avatar\/0032728fc07181d052d653eb6ce26d3ff30f5b1c7d867e6fb82eb66a6fc50646?s=96&d=mm&r=g\",\"contentUrl\":\"https:\/\/secure.gravatar.com\/avatar\/0032728fc07181d052d653eb6ce26d3ff30f5b1c7d867e6fb82eb66a6fc50646?s=96&d=mm&r=g\",\"caption\":\"JT-design\"},\"sameAs\":[\"https:\/\/haz.hr\"],\"url\":\"https:\/\/haz.hr\/en\/author\/jt-design\/\"}]}<\/script>\n<!-- \/ Yoast SEO plugin. -->","yoast_head_json":{"title":"PANEL HAZ-a: Studentski aktivizam \u2013 \u017eelim, mogu, ho\u0107u! - HAZ","robots":{"index":"index","follow":"follow","max-snippet":"max-snippet:-1","max-image-preview":"max-image-preview:large","max-video-preview":"max-video-preview:-1"},"canonical":"https:\/\/haz.hr\/en\/2017\/12\/12\/panel-haz-a-studentski-aktivizam-zelim-mogu-hocu\/","og_locale":"en_GB","og_type":"article","og_title":"PANEL HAZ-a: Studentski aktivizam \u2013 \u017eelim, mogu, ho\u0107u! - HAZ","og_description":"Zagreb, 1.12.2017. \u2013 Na\u0161a zagreba\u010dka studentska organizacija odr\u017eala je okrugli stol o studentskom aktivizmu. Raspravljali smo kako poticati anga\u017eman studentske populacije i mladih, a panelisti su bili Maja Musta\u010d, \u010dlanica [&hellip;]","og_url":"https:\/\/haz.hr\/en\/2017\/12\/12\/panel-haz-a-studentski-aktivizam-zelim-mogu-hocu\/","og_site_name":"HAZ","article_published_time":"2017-12-11T23:00:29+00:00","article_modified_time":"2023-02-09T13:23:38+00:00","og_image":[{"width":1122,"height":540,"url":"https:\/\/haz.hr\/wp-content\/uploads\/2001\/01\/panel2.jpg","type":"image\/jpeg"}],"author":"JT-design","twitter_card":"summary_large_image","twitter_misc":{"Written by":"JT-design","Est. reading time":"1 minute"},"schema":{"@context":"https:\/\/schema.org","@graph":[{"@type":"Article","@id":"https:\/\/haz.hr\/2017\/12\/12\/panel-haz-a-studentski-aktivizam-zelim-mogu-hocu\/#article","isPartOf":{"@id":"https:\/\/haz.hr\/2017\/12\/12\/panel-haz-a-studentski-aktivizam-zelim-mogu-hocu\/"},"author":{"name":"JT-design","@id":"https:\/\/haz.hr\/#\/schema\/person\/438892ce514665613f7cd5bb7a19213a"},"headline":"PANEL HAZ-a: Studentski aktivizam \u2013 \u017eelim, mogu, ho\u0107u!","datePublished":"2017-12-11T23:00:29+00:00","dateModified":"2023-02-09T13:23:38+00:00","mainEntityOfPage":{"@id":"https:\/\/haz.hr\/2017\/12\/12\/panel-haz-a-studentski-aktivizam-zelim-mogu-hocu\/"},"wordCount":213,"publisher":{"@id":"https:\/\/haz.hr\/#organization"},"image":{"@id":"https:\/\/haz.hr\/2017\/12\/12\/panel-haz-a-studentski-aktivizam-zelim-mogu-hocu\/#primaryimage"},"thumbnailUrl":"https:\/\/haz.hr\/wp-content\/uploads\/2001\/01\/panel2.jpg","articleSection":["HAZ novosti"],"inLanguage":"en-GB"},{"@type":"WebPage","@id":"https:\/\/haz.hr\/2017\/12\/12\/panel-haz-a-studentski-aktivizam-zelim-mogu-hocu\/","url":"https:\/\/haz.hr\/2017\/12\/12\/panel-haz-a-studentski-aktivizam-zelim-mogu-hocu\/","name":"PANEL HAZ-a: Studentski aktivizam \u2013 \u017eelim, mogu, ho\u0107u! - HAZ","isPartOf":{"@id":"https:\/\/haz.hr\/#website"},"primaryImageOfPage":{"@id":"https:\/\/haz.hr\/2017\/12\/12\/panel-haz-a-studentski-aktivizam-zelim-mogu-hocu\/#primaryimage"},"image":{"@id":"https:\/\/haz.hr\/2017\/12\/12\/panel-haz-a-studentski-aktivizam-zelim-mogu-hocu\/#primaryimage"},"thumbnailUrl":"https:\/\/haz.hr\/wp-content\/uploads\/2001\/01\/panel2.jpg","datePublished":"2017-12-11T23:00:29+00:00","dateModified":"2023-02-09T13:23:38+00:00","breadcrumb":{"@id":"https:\/\/haz.hr\/2017\/12\/12\/panel-haz-a-studentski-aktivizam-zelim-mogu-hocu\/#breadcrumb"},"inLanguage":"en-GB","potentialAction":[{"@type":"ReadAction","target":["https:\/\/haz.hr\/2017\/12\/12\/panel-haz-a-studentski-aktivizam-zelim-mogu-hocu\/"]}]},{"@type":"ImageObject","inLanguage":"en-GB","@id":"https:\/\/haz.hr\/2017\/12\/12\/panel-haz-a-studentski-aktivizam-zelim-mogu-hocu\/#primaryimage","url":"https:\/\/haz.hr\/wp-content\/uploads\/2001\/01\/panel2.jpg","contentUrl":"https:\/\/haz.hr\/wp-content\/uploads\/2001\/01\/panel2.jpg","width":1122,"height":540,"caption":""},{"@type":"BreadcrumbList","@id":"https:\/\/haz.hr\/2017\/12\/12\/panel-haz-a-studentski-aktivizam-zelim-mogu-hocu\/#breadcrumb","itemListElement":[{"@type":"ListItem","position":1,"name":"Home","item":"https:\/\/haz.hr\/"},{"@type":"ListItem","position":2,"name":"PANEL HAZ-a: Studentski aktivizam \u2013 \u017eelim, mogu, ho\u0107u!"}]},{"@type":"WebSite","@id":"https:\/\/haz.hr\/#website","url":"https:\/\/haz.hr\/","name":"HAZ","description":"Croatian Academic Community","publisher":{"@id":"https:\/\/haz.hr\/#organization"},"potentialAction":[{"@type":"SearchAction","target":{"@type":"EntryPoint","urlTemplate":"https:\/\/haz.hr\/?s={search_term_string}"},"query-input":{"@type":"PropertyValueSpecification","valueRequired":true,"valueName":"search_term_string"}}],"inLanguage":"en-GB"},{"@type":"Organization","@id":"https:\/\/haz.hr\/#organization","name":"HAZ","url":"https:\/\/haz.hr\/","logo":{"@type":"ImageObject","inLanguage":"en-GB","@id":"https:\/\/haz.hr\/#\/schema\/logo\/image\/","url":"https:\/\/haz.hr\/wp-content\/uploads\/2022\/12\/cropped-HAZ_logo.png","contentUrl":"https:\/\/haz.hr\/wp-content\/uploads\/2022\/12\/cropped-HAZ_logo.png","width":125,"height":76,"caption":"HAZ"},"image":{"@id":"https:\/\/haz.hr\/#\/schema\/logo\/image\/"}},{"@type":"Person","@id":"https:\/\/haz.hr\/#\/schema\/person\/438892ce514665613f7cd5bb7a19213a","name":"JT-design","image":{"@type":"ImageObject","inLanguage":"en-GB","@id":"https:\/\/haz.hr\/#\/schema\/person\/image\/","url":"https:\/\/secure.gravatar.com\/avatar\/0032728fc07181d052d653eb6ce26d3ff30f5b1c7d867e6fb82eb66a6fc50646?s=96&d=mm&r=g","contentUrl":"https:\/\/secure.gravatar.com\/avatar\/0032728fc07181d052d653eb6ce26d3ff30f5b1c7d867e6fb82eb66a6fc50646?s=96&d=mm&r=g","caption":"JT-design"},"sameAs":["https:\/\/haz.hr"],"url":"https:\/\/haz.hr\/en\/author\/jt-design\/"}]}},"_links":{"self":[{"href":"https:\/\/haz.hr\/en\/wp-json\/wp\/v2\/posts\/2387","targetHints":{"allow":["GET"]}}],"collection":[{"href":"https:\/\/haz.hr\/en\/wp-json\/wp\/v2\/posts"}],"about":[{"href":"https:\/\/haz.hr\/en\/wp-json\/wp\/v2\/types\/post"}],"author":[{"embeddable":true,"href":"https:\/\/haz.hr\/en\/wp-json\/wp\/v2\/users\/1"}],"replies":[{"embeddable":true,"href":"https:\/\/haz.hr\/en\/wp-json\/wp\/v2\/comments?post=2387"}],"version-history":[{"count":1,"href":"https:\/\/haz.hr\/en\/wp-json\/wp\/v2\/posts\/2387\/revisions"}],"predecessor-version":[{"id":2462,"href":"https:\/\/haz.hr\/en\/wp-json\/wp\/v2\/posts\/2387\/revisions\/2462"}],"wp:featuredmedia":[{"embeddable":true,"href":"https:\/\/haz.hr\/en\/wp-json\/wp\/v2\/media\/2327"}],"wp:attachment":[{"href":"https:\/\/haz.hr\/en\/wp-json\/wp\/v2\/media?parent=2387"}],"wp:term":[{"taxonomy":"category","embeddable":true,"href":"https:\/\/haz.hr\/en\/wp-json\/wp\/v2\/categories?post=2387"},{"taxonomy":"post_tag","embeddable":true,"href":"https:\/\/haz.hr\/en\/wp-json\/wp\/v2\/tags?post=2387"}],"curies":[{"name":"wp","href":"https:\/\/api.w.org\/{rel}","templated":true}]}}