{"id":2388,"date":"2017-11-21T00:00:58","date_gmt":"2017-11-20T23:00:58","guid":{"rendered":"http:\/\/haz.hr\/?p=308"},"modified":"2023-02-09T13:24:12","modified_gmt":"2023-02-09T13:24:12","slug":"americki-kongresnik-chris-smith-rep-o-ljudskim-pravima-i-zastiti-najranjivijih-skupina","status":"publish","type":"post","link":"https:\/\/haz.hr\/en\/2017\/11\/21\/americki-kongresnik-chris-smith-rep-o-ljudskim-pravima-i-zastiti-najranjivijih-skupina\/","title":{"rendered":"Ameri\u010dki kongresnik Chris Smith (Rep) o ljudskim pravima i za\u0161titi najranjivijih skupina"},"content":{"rendered":"<p class=\"wp-block-paragraph\">Zagreb, 21.11.2017. U suorganizaciji Hrvatske akademske zajednice i Edward Bernays University College odr\u017eano je MasterClass predavanje republikanskog kongresnika Chris Smitha. Smith je, pred prepunom dvoranom, odr\u017eao interesantno predavanje o ljudskim pravima i za\u0161titi najranjivijih skupina, pri tom misle\u0107i na trgovanje ljudima, posebno \u017eena i djece. Smith je prenio svoja sje\u0107anja kada je kao mladi kongresnik 1991. posjetio Hrvatsku za vrijeme velikosrpske agresije, posjetio je Osijek i Vukovar. Sna\u017eno se anga\u017eirao za me\u0111unarodno priznavanje Hrvatske i Bosne i Hercegovine.<\/p>\n\n\n\n<p class=\"wp-block-paragraph\">Smith je 1981. s 27 godina prvi puta izabran za ameri\u010dkog kongresnika te je u kontinuitetu 37 godina zastupnik u Ameri\u010dkom kongresu, pripadnik New Jersey Republican Party. Autor je \u010dak 42 zakona, me\u0111u ostalim Victims of Trafficking and Violence Prevention Act, International Megan\u2019s Law (zakon o me\u0111unarodnom javnom registru za osu\u0111ene pedofile), Violence Against Women Act itd. Hvala na\u0161em hazovcu Mate Miji\u0107u na koordinaciji MasterClassa.<\/p>","protected":false},"excerpt":{"rendered":"<p>Zagreb, 21.11.2017. U suorganizaciji Hrvatske akademske zajednice i Edward Bernays University College odr\u017eano je MasterClass predavanje republikanskog kongresnika Chris Smitha. Smith je, pred prepunom dvoranom, odr\u017eao interesantno predavanje o ljudskim [&hellip;]<\/p>\n","protected":false},"author":1,"featured_media":2325,"comment_status":"closed","ping_status":"open","sticky":false,"template":"","format":"standard","meta":{"footnotes":""},"categories":[14],"tags":[],"class_list":["post-2388","post","type-post","status-publish","format-standard","has-post-thumbnail","hentry","category-haz-novosti"],"yoast_head":"<!-- This site is optimized with the Yoast SEO plugin v23.7 - https:\/\/yoast.com\/wordpress\/plugins\/seo\/ -->\n<title>Ameri\u010dki kongresnik Chris Smith (Rep) o ljudskim pravima i za\u0161titi najranjivijih skupina - HAZ<\/title>\n<meta name=\"robots\" content=\"index, follow, max-snippet:-1, max-image-preview:large, max-video-preview:-1\" \/>\n<link rel=\"canonical\" href=\"https:\/\/haz.hr\/en\/2017\/11\/21\/americki-kongresnik-chris-smith-rep-o-ljudskim-pravima-i-zastiti-najranjivijih-skupina\/\" \/>\n<meta property=\"og:locale\" content=\"en_GB\" \/>\n<meta property=\"og:type\" content=\"article\" \/>\n<meta property=\"og:title\" content=\"Ameri\u010dki kongresnik Chris Smith (Rep) o ljudskim pravima i za\u0161titi najranjivijih skupina - HAZ\" \/>\n<meta property=\"og:description\" content=\"Zagreb, 21.11.2017. U suorganizaciji Hrvatske akademske zajednice i Edward Bernays University College odr\u017eano je MasterClass predavanje republikanskog kongresnika Chris Smitha. Smith je, pred prepunom dvoranom, odr\u017eao interesantno predavanje o ljudskim [&hellip;]\" \/>\n<meta property=\"og:url\" content=\"https:\/\/haz.hr\/en\/2017\/11\/21\/americki-kongresnik-chris-smith-rep-o-ljudskim-pravima-i-zastiti-najranjivijih-skupina\/\" \/>\n<meta property=\"og:site_name\" content=\"HAZ\" \/>\n<meta property=\"article:published_time\" content=\"2017-11-20T23:00:58+00:00\" \/>\n<meta property=\"article:modified_time\" content=\"2023-02-09T13:24:12+00:00\" \/>\n<meta property=\"og:image\" content=\"https:\/\/haz.hr\/wp-content\/uploads\/2001\/01\/hazchris.jpg\" \/>\n\t<meta property=\"og:image:width\" content=\"842\" \/>\n\t<meta property=\"og:image:height\" content=\"540\" \/>\n\t<meta property=\"og:image:type\" content=\"image\/jpeg\" \/>\n<meta name=\"author\" content=\"JT-design\" \/>\n<meta name=\"twitter:card\" content=\"summary_large_image\" \/>\n<meta name=\"twitter:label1\" content=\"Written by\" \/>\n\t<meta name=\"twitter:data1\" content=\"JT-design\" \/>\n\t<meta name=\"twitter:label2\" content=\"Est. reading time\" \/>\n\t<meta name=\"twitter:data2\" content=\"1 minute\" \/>\n<script type=\"application\/ld+json\" class=\"yoast-schema-graph\">{\"@context\":\"https:\/\/schema.org\",\"@graph\":[{\"@type\":\"Article\",\"@id\":\"https:\/\/haz.hr\/2017\/11\/21\/americki-kongresnik-chris-smith-rep-o-ljudskim-pravima-i-zastiti-najranjivijih-skupina\/#article\",\"isPartOf\":{\"@id\":\"https:\/\/haz.hr\/2017\/11\/21\/americki-kongresnik-chris-smith-rep-o-ljudskim-pravima-i-zastiti-najranjivijih-skupina\/\"},\"author\":{\"name\":\"JT-design\",\"@id\":\"https:\/\/haz.hr\/#\/schema\/person\/438892ce514665613f7cd5bb7a19213a\"},\"headline\":\"Ameri\u010dki kongresnik Chris Smith (Rep) o ljudskim pravima i za\u0161titi najranjivijih skupina\",\"datePublished\":\"2017-11-20T23:00:58+00:00\",\"dateModified\":\"2023-02-09T13:24:12+00:00\",\"mainEntityOfPage\":{\"@id\":\"https:\/\/haz.hr\/2017\/11\/21\/americki-kongresnik-chris-smith-rep-o-ljudskim-pravima-i-zastiti-najranjivijih-skupina\/\"},\"wordCount\":167,\"publisher\":{\"@id\":\"https:\/\/haz.hr\/#organization\"},\"image\":{\"@id\":\"https:\/\/haz.hr\/2017\/11\/21\/americki-kongresnik-chris-smith-rep-o-ljudskim-pravima-i-zastiti-najranjivijih-skupina\/#primaryimage\"},\"thumbnailUrl\":\"https:\/\/haz.hr\/wp-content\/uploads\/2001\/01\/hazchris.jpg\",\"articleSection\":[\"HAZ novosti\"],\"inLanguage\":\"en-GB\"},{\"@type\":\"WebPage\",\"@id\":\"https:\/\/haz.hr\/2017\/11\/21\/americki-kongresnik-chris-smith-rep-o-ljudskim-pravima-i-zastiti-najranjivijih-skupina\/\",\"url\":\"https:\/\/haz.hr\/2017\/11\/21\/americki-kongresnik-chris-smith-rep-o-ljudskim-pravima-i-zastiti-najranjivijih-skupina\/\",\"name\":\"Ameri\u010dki kongresnik Chris Smith (Rep) o ljudskim pravima i za\u0161titi najranjivijih skupina - HAZ\",\"isPartOf\":{\"@id\":\"https:\/\/haz.hr\/#website\"},\"primaryImageOfPage\":{\"@id\":\"https:\/\/haz.hr\/2017\/11\/21\/americki-kongresnik-chris-smith-rep-o-ljudskim-pravima-i-zastiti-najranjivijih-skupina\/#primaryimage\"},\"image\":{\"@id\":\"https:\/\/haz.hr\/2017\/11\/21\/americki-kongresnik-chris-smith-rep-o-ljudskim-pravima-i-zastiti-najranjivijih-skupina\/#primaryimage\"},\"thumbnailUrl\":\"https:\/\/haz.hr\/wp-content\/uploads\/2001\/01\/hazchris.jpg\",\"datePublished\":\"2017-11-20T23:00:58+00:00\",\"dateModified\":\"2023-02-09T13:24:12+00:00\",\"breadcrumb\":{\"@id\":\"https:\/\/haz.hr\/2017\/11\/21\/americki-kongresnik-chris-smith-rep-o-ljudskim-pravima-i-zastiti-najranjivijih-skupina\/#breadcrumb\"},\"inLanguage\":\"en-GB\",\"potentialAction\":[{\"@type\":\"ReadAction\",\"target\":[\"https:\/\/haz.hr\/2017\/11\/21\/americki-kongresnik-chris-smith-rep-o-ljudskim-pravima-i-zastiti-najranjivijih-skupina\/\"]}]},{\"@type\":\"ImageObject\",\"inLanguage\":\"en-GB\",\"@id\":\"https:\/\/haz.hr\/2017\/11\/21\/americki-kongresnik-chris-smith-rep-o-ljudskim-pravima-i-zastiti-najranjivijih-skupina\/#primaryimage\",\"url\":\"https:\/\/haz.hr\/wp-content\/uploads\/2001\/01\/hazchris.jpg\",\"contentUrl\":\"https:\/\/haz.hr\/wp-content\/uploads\/2001\/01\/hazchris.jpg\",\"width\":842,\"height\":540,\"caption\":\"\"},{\"@type\":\"BreadcrumbList\",\"@id\":\"https:\/\/haz.hr\/2017\/11\/21\/americki-kongresnik-chris-smith-rep-o-ljudskim-pravima-i-zastiti-najranjivijih-skupina\/#breadcrumb\",\"itemListElement\":[{\"@type\":\"ListItem\",\"position\":1,\"name\":\"Home\",\"item\":\"https:\/\/haz.hr\/\"},{\"@type\":\"ListItem\",\"position\":2,\"name\":\"Ameri\u010dki kongresnik Chris Smith (Rep) o ljudskim pravima i za\u0161titi najranjivijih skupina\"}]},{\"@type\":\"WebSite\",\"@id\":\"https:\/\/haz.hr\/#website\",\"url\":\"https:\/\/haz.hr\/\",\"name\":\"HAZ\",\"description\":\"Hrvatska akademska zajednica\",\"publisher\":{\"@id\":\"https:\/\/haz.hr\/#organization\"},\"potentialAction\":[{\"@type\":\"SearchAction\",\"target\":{\"@type\":\"EntryPoint\",\"urlTemplate\":\"https:\/\/haz.hr\/?s={search_term_string}\"},\"query-input\":{\"@type\":\"PropertyValueSpecification\",\"valueRequired\":true,\"valueName\":\"search_term_string\"}}],\"inLanguage\":\"en-GB\"},{\"@type\":\"Organization\",\"@id\":\"https:\/\/haz.hr\/#organization\",\"name\":\"HAZ\",\"url\":\"https:\/\/haz.hr\/\",\"logo\":{\"@type\":\"ImageObject\",\"inLanguage\":\"en-GB\",\"@id\":\"https:\/\/haz.hr\/#\/schema\/logo\/image\/\",\"url\":\"https:\/\/haz.hr\/wp-content\/uploads\/2022\/12\/cropped-HAZ_logo.png\",\"contentUrl\":\"https:\/\/haz.hr\/wp-content\/uploads\/2022\/12\/cropped-HAZ_logo.png\",\"width\":125,\"height\":76,\"caption\":\"HAZ\"},\"image\":{\"@id\":\"https:\/\/haz.hr\/#\/schema\/logo\/image\/\"}},{\"@type\":\"Person\",\"@id\":\"https:\/\/haz.hr\/#\/schema\/person\/438892ce514665613f7cd5bb7a19213a\",\"name\":\"JT-design\",\"image\":{\"@type\":\"ImageObject\",\"inLanguage\":\"en-GB\",\"@id\":\"https:\/\/haz.hr\/#\/schema\/person\/image\/\",\"url\":\"https:\/\/secure.gravatar.com\/avatar\/0032728fc07181d052d653eb6ce26d3ff30f5b1c7d867e6fb82eb66a6fc50646?s=96&d=mm&r=g\",\"contentUrl\":\"https:\/\/secure.gravatar.com\/avatar\/0032728fc07181d052d653eb6ce26d3ff30f5b1c7d867e6fb82eb66a6fc50646?s=96&d=mm&r=g\",\"caption\":\"JT-design\"},\"sameAs\":[\"https:\/\/haz.hr\"],\"url\":\"https:\/\/haz.hr\/en\/author\/jt-design\/\"}]}<\/script>\n<!-- \/ Yoast SEO plugin. -->","yoast_head_json":{"title":"Ameri\u010dki kongresnik Chris Smith (Rep) o ljudskim pravima i za\u0161titi najranjivijih skupina - HAZ","robots":{"index":"index","follow":"follow","max-snippet":"max-snippet:-1","max-image-preview":"max-image-preview:large","max-video-preview":"max-video-preview:-1"},"canonical":"https:\/\/haz.hr\/en\/2017\/11\/21\/americki-kongresnik-chris-smith-rep-o-ljudskim-pravima-i-zastiti-najranjivijih-skupina\/","og_locale":"en_GB","og_type":"article","og_title":"Ameri\u010dki kongresnik Chris Smith (Rep) o ljudskim pravima i za\u0161titi najranjivijih skupina - HAZ","og_description":"Zagreb, 21.11.2017. U suorganizaciji Hrvatske akademske zajednice i Edward Bernays University College odr\u017eano je MasterClass predavanje republikanskog kongresnika Chris Smitha. Smith je, pred prepunom dvoranom, odr\u017eao interesantno predavanje o ljudskim [&hellip;]","og_url":"https:\/\/haz.hr\/en\/2017\/11\/21\/americki-kongresnik-chris-smith-rep-o-ljudskim-pravima-i-zastiti-najranjivijih-skupina\/","og_site_name":"HAZ","article_published_time":"2017-11-20T23:00:58+00:00","article_modified_time":"2023-02-09T13:24:12+00:00","og_image":[{"width":842,"height":540,"url":"https:\/\/haz.hr\/wp-content\/uploads\/2001\/01\/hazchris.jpg","type":"image\/jpeg"}],"author":"JT-design","twitter_card":"summary_large_image","twitter_misc":{"Written by":"JT-design","Est. reading time":"1 minute"},"schema":{"@context":"https:\/\/schema.org","@graph":[{"@type":"Article","@id":"https:\/\/haz.hr\/2017\/11\/21\/americki-kongresnik-chris-smith-rep-o-ljudskim-pravima-i-zastiti-najranjivijih-skupina\/#article","isPartOf":{"@id":"https:\/\/haz.hr\/2017\/11\/21\/americki-kongresnik-chris-smith-rep-o-ljudskim-pravima-i-zastiti-najranjivijih-skupina\/"},"author":{"name":"JT-design","@id":"https:\/\/haz.hr\/#\/schema\/person\/438892ce514665613f7cd5bb7a19213a"},"headline":"Ameri\u010dki kongresnik Chris Smith (Rep) o ljudskim pravima i za\u0161titi najranjivijih skupina","datePublished":"2017-11-20T23:00:58+00:00","dateModified":"2023-02-09T13:24:12+00:00","mainEntityOfPage":{"@id":"https:\/\/haz.hr\/2017\/11\/21\/americki-kongresnik-chris-smith-rep-o-ljudskim-pravima-i-zastiti-najranjivijih-skupina\/"},"wordCount":167,"publisher":{"@id":"https:\/\/haz.hr\/#organization"},"image":{"@id":"https:\/\/haz.hr\/2017\/11\/21\/americki-kongresnik-chris-smith-rep-o-ljudskim-pravima-i-zastiti-najranjivijih-skupina\/#primaryimage"},"thumbnailUrl":"https:\/\/haz.hr\/wp-content\/uploads\/2001\/01\/hazchris.jpg","articleSection":["HAZ novosti"],"inLanguage":"en-GB"},{"@type":"WebPage","@id":"https:\/\/haz.hr\/2017\/11\/21\/americki-kongresnik-chris-smith-rep-o-ljudskim-pravima-i-zastiti-najranjivijih-skupina\/","url":"https:\/\/haz.hr\/2017\/11\/21\/americki-kongresnik-chris-smith-rep-o-ljudskim-pravima-i-zastiti-najranjivijih-skupina\/","name":"Ameri\u010dki kongresnik Chris Smith (Rep) o ljudskim pravima i za\u0161titi najranjivijih skupina - HAZ","isPartOf":{"@id":"https:\/\/haz.hr\/#website"},"primaryImageOfPage":{"@id":"https:\/\/haz.hr\/2017\/11\/21\/americki-kongresnik-chris-smith-rep-o-ljudskim-pravima-i-zastiti-najranjivijih-skupina\/#primaryimage"},"image":{"@id":"https:\/\/haz.hr\/2017\/11\/21\/americki-kongresnik-chris-smith-rep-o-ljudskim-pravima-i-zastiti-najranjivijih-skupina\/#primaryimage"},"thumbnailUrl":"https:\/\/haz.hr\/wp-content\/uploads\/2001\/01\/hazchris.jpg","datePublished":"2017-11-20T23:00:58+00:00","dateModified":"2023-02-09T13:24:12+00:00","breadcrumb":{"@id":"https:\/\/haz.hr\/2017\/11\/21\/americki-kongresnik-chris-smith-rep-o-ljudskim-pravima-i-zastiti-najranjivijih-skupina\/#breadcrumb"},"inLanguage":"en-GB","potentialAction":[{"@type":"ReadAction","target":["https:\/\/haz.hr\/2017\/11\/21\/americki-kongresnik-chris-smith-rep-o-ljudskim-pravima-i-zastiti-najranjivijih-skupina\/"]}]},{"@type":"ImageObject","inLanguage":"en-GB","@id":"https:\/\/haz.hr\/2017\/11\/21\/americki-kongresnik-chris-smith-rep-o-ljudskim-pravima-i-zastiti-najranjivijih-skupina\/#primaryimage","url":"https:\/\/haz.hr\/wp-content\/uploads\/2001\/01\/hazchris.jpg","contentUrl":"https:\/\/haz.hr\/wp-content\/uploads\/2001\/01\/hazchris.jpg","width":842,"height":540,"caption":""},{"@type":"BreadcrumbList","@id":"https:\/\/haz.hr\/2017\/11\/21\/americki-kongresnik-chris-smith-rep-o-ljudskim-pravima-i-zastiti-najranjivijih-skupina\/#breadcrumb","itemListElement":[{"@type":"ListItem","position":1,"name":"Home","item":"https:\/\/haz.hr\/"},{"@type":"ListItem","position":2,"name":"Ameri\u010dki kongresnik Chris Smith (Rep) o ljudskim pravima i za\u0161titi najranjivijih skupina"}]},{"@type":"WebSite","@id":"https:\/\/haz.hr\/#website","url":"https:\/\/haz.hr\/","name":"HAZ","description":"Croatian Academic Community","publisher":{"@id":"https:\/\/haz.hr\/#organization"},"potentialAction":[{"@type":"SearchAction","target":{"@type":"EntryPoint","urlTemplate":"https:\/\/haz.hr\/?s={search_term_string}"},"query-input":{"@type":"PropertyValueSpecification","valueRequired":true,"valueName":"search_term_string"}}],"inLanguage":"en-GB"},{"@type":"Organization","@id":"https:\/\/haz.hr\/#organization","name":"HAZ","url":"https:\/\/haz.hr\/","logo":{"@type":"ImageObject","inLanguage":"en-GB","@id":"https:\/\/haz.hr\/#\/schema\/logo\/image\/","url":"https:\/\/haz.hr\/wp-content\/uploads\/2022\/12\/cropped-HAZ_logo.png","contentUrl":"https:\/\/haz.hr\/wp-content\/uploads\/2022\/12\/cropped-HAZ_logo.png","width":125,"height":76,"caption":"HAZ"},"image":{"@id":"https:\/\/haz.hr\/#\/schema\/logo\/image\/"}},{"@type":"Person","@id":"https:\/\/haz.hr\/#\/schema\/person\/438892ce514665613f7cd5bb7a19213a","name":"JT-design","image":{"@type":"ImageObject","inLanguage":"en-GB","@id":"https:\/\/haz.hr\/#\/schema\/person\/image\/","url":"https:\/\/secure.gravatar.com\/avatar\/0032728fc07181d052d653eb6ce26d3ff30f5b1c7d867e6fb82eb66a6fc50646?s=96&d=mm&r=g","contentUrl":"https:\/\/secure.gravatar.com\/avatar\/0032728fc07181d052d653eb6ce26d3ff30f5b1c7d867e6fb82eb66a6fc50646?s=96&d=mm&r=g","caption":"JT-design"},"sameAs":["https:\/\/haz.hr"],"url":"https:\/\/haz.hr\/en\/author\/jt-design\/"}]}},"_links":{"self":[{"href":"https:\/\/haz.hr\/en\/wp-json\/wp\/v2\/posts\/2388","targetHints":{"allow":["GET"]}}],"collection":[{"href":"https:\/\/haz.hr\/en\/wp-json\/wp\/v2\/posts"}],"about":[{"href":"https:\/\/haz.hr\/en\/wp-json\/wp\/v2\/types\/post"}],"author":[{"embeddable":true,"href":"https:\/\/haz.hr\/en\/wp-json\/wp\/v2\/users\/1"}],"replies":[{"embeddable":true,"href":"https:\/\/haz.hr\/en\/wp-json\/wp\/v2\/comments?post=2388"}],"version-history":[{"count":1,"href":"https:\/\/haz.hr\/en\/wp-json\/wp\/v2\/posts\/2388\/revisions"}],"predecessor-version":[{"id":2463,"href":"https:\/\/haz.hr\/en\/wp-json\/wp\/v2\/posts\/2388\/revisions\/2463"}],"wp:featuredmedia":[{"embeddable":true,"href":"https:\/\/haz.hr\/en\/wp-json\/wp\/v2\/media\/2325"}],"wp:attachment":[{"href":"https:\/\/haz.hr\/en\/wp-json\/wp\/v2\/media?parent=2388"}],"wp:term":[{"taxonomy":"category","embeddable":true,"href":"https:\/\/haz.hr\/en\/wp-json\/wp\/v2\/categories?post=2388"},{"taxonomy":"post_tag","embeddable":true,"href":"https:\/\/haz.hr\/en\/wp-json\/wp\/v2\/tags?post=2388"}],"curies":[{"name":"wp","href":"https:\/\/api.w.org\/{rel}","templated":true}]}}