{"id":2390,"date":"2018-02-16T00:00:59","date_gmt":"2018-02-15T23:00:59","guid":{"rendered":"http:\/\/haz.hr\/?p=266"},"modified":"2023-02-09T13:16:33","modified_gmt":"2023-02-09T13:16:33","slug":"imenovani-studentski-povjerenici-haz-a-na-ekonomskom-i-pravnom-fakultetu-u-splitu","status":"publish","type":"post","link":"https:\/\/haz.hr\/en\/2018\/02\/16\/imenovani-studentski-povjerenici-haz-a-na-ekonomskom-i-pravnom-fakultetu-u-splitu\/","title":{"rendered":"Imenovani studentski povjerenici HAZ-a na Ekonomskom i Pravnom fakultetu u Splitu"},"content":{"rendered":"<p class=\"wp-block-paragraph\">Split, 16.2.2018. &#8211; Hrvatska akademska zajednica po\u010dela je okrupnjavati<br>studentsku jezgru na Sveu\u010dili\u0161tu u Splitu. Predsjedni\u0161tvo HAZ-a na prijedlog<br>Alumni zajednice HAZ-a za ju\u017enu Hrvatsku imenovalo je&nbsp;Antu \u0160krobicu&nbsp;za<br>povjerenika na Pravnom fakultetu. Kako je dosada\u0161nji povjerenik na Ekonomskom fakultetu Denis Vujevi\u0107 magistrirao prije nekoliko mjeseci, za novog povjerenika imenovan je Ivan Peji\u0107.<\/p>\n\n\n\n<p class=\"wp-block-paragraph\">Ante \u0160krobica ro\u0111en je 3. svibnja 1996. Student je prava na Pravnom fakultetu u Splitu. Trenuta\u010dno obna\u0161a du\u017enost predsjednika Europske udruge studenata prava ELSA Split i predsjednika koordinacije Savjeta mladih Republike Hrvatske.<br>Tako\u0111er je \u010dlan nacionalne mre\u017ee stru\u010dnjaka za javne politike i rad s mladima u Institutu Ivo Pilar, a u studenom pro\u0161le godine je bio sta\u017eist u Uredu zastupnice u Europskom parlamentu Dubravke \u0160uice. Sudjelovao je u brojnim konferencijama, te je u sije\u010dnju 2016. dobitnik nagrade Studentskoga zbora Pravnog fakulteta u Splitu u znak trajne zahvalnosti i priznanja za podizanje studentskog aktivizma.<\/p>\n\n\n\n<p class=\"wp-block-paragraph\">Ivan Peji\u0107 ro\u0111en je 23. srpnja 1993. Student je ekonomije na Ekonomskom<br>fakultetu Sveu\u010dili\u0161ta u Splitu, na diplomskom studiju, smjer financijski<br>menad\u017ement. Zavr\u0161io je preddiplomski studij, smjer novac i financije. Dobitnik natjecanja poduzetni\u010dki kafi\u0107 na razini Sveu\u010dili\u0161ta u Splitu, kao i natjecanja poduzetni\u010dki inkubator na EFST-u. Uz obrazovanje stekao vi\u0161egodi\u0161nje iskustvo u financijskom sektoru.<\/p>\n\n\n\n<p class=\"wp-block-paragraph\">Sveu\u010dili\u0161na organizacija HAZ-a u Splitu osnovana je davne 1995. godine i bila je najsna\u017enija studentska organizacija u ovoj dalmatinskoj metropoli. Na ponos splitskih hazovaca, jedan od pet osniva\u010da nacionalne organizacije je tada\u0161nji najmla\u0111i saborski zastupnik (1990. \u2013 1992.), a dana\u0161nji gradona\u010delnik Splita Andre Krstulovi\u0107 Opara. Pokreta\u010d obnavljanja HAZ-a u Splitu je biv\u0161i predsjednik splitskog HAZ-a Dr\u017eislav Br\u010di\u0107, koji je bio i predsjednik Studentskog zbora na Sveu\u010dili\u0161tu u Splitu dok je studirao ekonomiju. Dr\u017eislav je u srpnju 2017. na obnoviteljskoj skup\u0161tini Alumni zajednice dalmatinskih \u017eupanija izabran za njenog predsjednika.<\/p>","protected":false},"excerpt":{"rendered":"<p>Split, 16.2.2018. &#8211; Hrvatska akademska zajednica po\u010dela je okrupnjavatistudentsku jezgru na Sveu\u010dili\u0161tu u Splitu. Predsjedni\u0161tvo HAZ-a na prijedlogAlumni zajednice HAZ-a za ju\u017enu Hrvatsku imenovalo je&nbsp;Antu \u0160krobicu&nbsp;zapovjerenika na Pravnom fakultetu. Kako [&hellip;]<\/p>\n","protected":false},"author":1,"featured_media":2307,"comment_status":"closed","ping_status":"open","sticky":false,"template":"","format":"standard","meta":{"footnotes":""},"categories":[14],"tags":[],"class_list":["post-2390","post","type-post","status-publish","format-standard","has-post-thumbnail","hentry","category-haz-novosti"],"yoast_head":"<!-- This site is optimized with the Yoast SEO plugin v23.7 - https:\/\/yoast.com\/wordpress\/plugins\/seo\/ -->\n<title>Imenovani studentski povjerenici HAZ-a na Ekonomskom i Pravnom fakultetu u Splitu - HAZ<\/title>\n<meta name=\"robots\" content=\"index, follow, max-snippet:-1, max-image-preview:large, max-video-preview:-1\" \/>\n<link rel=\"canonical\" href=\"https:\/\/haz.hr\/en\/2018\/02\/16\/imenovani-studentski-povjerenici-haz-a-na-ekonomskom-i-pravnom-fakultetu-u-splitu\/\" \/>\n<meta property=\"og:locale\" content=\"en_GB\" \/>\n<meta property=\"og:type\" content=\"article\" \/>\n<meta property=\"og:title\" content=\"Imenovani studentski povjerenici HAZ-a na Ekonomskom i Pravnom fakultetu u Splitu - HAZ\" \/>\n<meta property=\"og:description\" content=\"Split, 16.2.2018. &#8211; Hrvatska akademska zajednica po\u010dela je okrupnjavatistudentsku jezgru na Sveu\u010dili\u0161tu u Splitu. Predsjedni\u0161tvo HAZ-a na prijedlogAlumni zajednice HAZ-a za ju\u017enu Hrvatsku imenovalo je&nbsp;Antu \u0160krobicu&nbsp;zapovjerenika na Pravnom fakultetu. Kako [&hellip;]\" \/>\n<meta property=\"og:url\" content=\"https:\/\/haz.hr\/en\/2018\/02\/16\/imenovani-studentski-povjerenici-haz-a-na-ekonomskom-i-pravnom-fakultetu-u-splitu\/\" \/>\n<meta property=\"og:site_name\" content=\"HAZ\" \/>\n<meta property=\"article:published_time\" content=\"2018-02-15T23:00:59+00:00\" \/>\n<meta property=\"article:modified_time\" content=\"2023-02-09T13:16:33+00:00\" \/>\n<meta property=\"og:image\" content=\"https:\/\/haz.hr\/wp-content\/uploads\/2018\/02\/povjerenici_split.jpg\" \/>\n\t<meta property=\"og:image:width\" content=\"960\" \/>\n\t<meta property=\"og:image:height\" content=\"758\" \/>\n\t<meta property=\"og:image:type\" content=\"image\/jpeg\" \/>\n<meta name=\"author\" content=\"JT-design\" \/>\n<meta name=\"twitter:card\" content=\"summary_large_image\" \/>\n<meta name=\"twitter:label1\" content=\"Written by\" \/>\n\t<meta name=\"twitter:data1\" content=\"JT-design\" \/>\n\t<meta name=\"twitter:label2\" content=\"Est. reading time\" \/>\n\t<meta name=\"twitter:data2\" content=\"2 minutes\" \/>\n<script type=\"application\/ld+json\" class=\"yoast-schema-graph\">{\"@context\":\"https:\/\/schema.org\",\"@graph\":[{\"@type\":\"Article\",\"@id\":\"https:\/\/haz.hr\/2018\/02\/16\/imenovani-studentski-povjerenici-haz-a-na-ekonomskom-i-pravnom-fakultetu-u-splitu\/#article\",\"isPartOf\":{\"@id\":\"https:\/\/haz.hr\/2018\/02\/16\/imenovani-studentski-povjerenici-haz-a-na-ekonomskom-i-pravnom-fakultetu-u-splitu\/\"},\"author\":{\"name\":\"JT-design\",\"@id\":\"https:\/\/haz.hr\/#\/schema\/person\/438892ce514665613f7cd5bb7a19213a\"},\"headline\":\"Imenovani studentski povjerenici HAZ-a na Ekonomskom i Pravnom fakultetu u Splitu\",\"datePublished\":\"2018-02-15T23:00:59+00:00\",\"dateModified\":\"2023-02-09T13:16:33+00:00\",\"mainEntityOfPage\":{\"@id\":\"https:\/\/haz.hr\/2018\/02\/16\/imenovani-studentski-povjerenici-haz-a-na-ekonomskom-i-pravnom-fakultetu-u-splitu\/\"},\"wordCount\":328,\"publisher\":{\"@id\":\"https:\/\/haz.hr\/#organization\"},\"image\":{\"@id\":\"https:\/\/haz.hr\/2018\/02\/16\/imenovani-studentski-povjerenici-haz-a-na-ekonomskom-i-pravnom-fakultetu-u-splitu\/#primaryimage\"},\"thumbnailUrl\":\"https:\/\/haz.hr\/wp-content\/uploads\/2018\/02\/povjerenici_split.jpg\",\"articleSection\":[\"HAZ novosti\"],\"inLanguage\":\"en-GB\"},{\"@type\":\"WebPage\",\"@id\":\"https:\/\/haz.hr\/2018\/02\/16\/imenovani-studentski-povjerenici-haz-a-na-ekonomskom-i-pravnom-fakultetu-u-splitu\/\",\"url\":\"https:\/\/haz.hr\/2018\/02\/16\/imenovani-studentski-povjerenici-haz-a-na-ekonomskom-i-pravnom-fakultetu-u-splitu\/\",\"name\":\"Imenovani studentski povjerenici HAZ-a na Ekonomskom i Pravnom fakultetu u Splitu - HAZ\",\"isPartOf\":{\"@id\":\"https:\/\/haz.hr\/#website\"},\"primaryImageOfPage\":{\"@id\":\"https:\/\/haz.hr\/2018\/02\/16\/imenovani-studentski-povjerenici-haz-a-na-ekonomskom-i-pravnom-fakultetu-u-splitu\/#primaryimage\"},\"image\":{\"@id\":\"https:\/\/haz.hr\/2018\/02\/16\/imenovani-studentski-povjerenici-haz-a-na-ekonomskom-i-pravnom-fakultetu-u-splitu\/#primaryimage\"},\"thumbnailUrl\":\"https:\/\/haz.hr\/wp-content\/uploads\/2018\/02\/povjerenici_split.jpg\",\"datePublished\":\"2018-02-15T23:00:59+00:00\",\"dateModified\":\"2023-02-09T13:16:33+00:00\",\"breadcrumb\":{\"@id\":\"https:\/\/haz.hr\/2018\/02\/16\/imenovani-studentski-povjerenici-haz-a-na-ekonomskom-i-pravnom-fakultetu-u-splitu\/#breadcrumb\"},\"inLanguage\":\"en-GB\",\"potentialAction\":[{\"@type\":\"ReadAction\",\"target\":[\"https:\/\/haz.hr\/2018\/02\/16\/imenovani-studentski-povjerenici-haz-a-na-ekonomskom-i-pravnom-fakultetu-u-splitu\/\"]}]},{\"@type\":\"ImageObject\",\"inLanguage\":\"en-GB\",\"@id\":\"https:\/\/haz.hr\/2018\/02\/16\/imenovani-studentski-povjerenici-haz-a-na-ekonomskom-i-pravnom-fakultetu-u-splitu\/#primaryimage\",\"url\":\"https:\/\/haz.hr\/wp-content\/uploads\/2018\/02\/povjerenici_split.jpg\",\"contentUrl\":\"https:\/\/haz.hr\/wp-content\/uploads\/2018\/02\/povjerenici_split.jpg\",\"width\":960,\"height\":758,\"caption\":\"\"},{\"@type\":\"BreadcrumbList\",\"@id\":\"https:\/\/haz.hr\/2018\/02\/16\/imenovani-studentski-povjerenici-haz-a-na-ekonomskom-i-pravnom-fakultetu-u-splitu\/#breadcrumb\",\"itemListElement\":[{\"@type\":\"ListItem\",\"position\":1,\"name\":\"Home\",\"item\":\"https:\/\/haz.hr\/\"},{\"@type\":\"ListItem\",\"position\":2,\"name\":\"Imenovani studentski povjerenici HAZ-a na Ekonomskom i Pravnom fakultetu u Splitu\"}]},{\"@type\":\"WebSite\",\"@id\":\"https:\/\/haz.hr\/#website\",\"url\":\"https:\/\/haz.hr\/\",\"name\":\"HAZ\",\"description\":\"Hrvatska akademska zajednica\",\"publisher\":{\"@id\":\"https:\/\/haz.hr\/#organization\"},\"potentialAction\":[{\"@type\":\"SearchAction\",\"target\":{\"@type\":\"EntryPoint\",\"urlTemplate\":\"https:\/\/haz.hr\/?s={search_term_string}\"},\"query-input\":{\"@type\":\"PropertyValueSpecification\",\"valueRequired\":true,\"valueName\":\"search_term_string\"}}],\"inLanguage\":\"en-GB\"},{\"@type\":\"Organization\",\"@id\":\"https:\/\/haz.hr\/#organization\",\"name\":\"HAZ\",\"url\":\"https:\/\/haz.hr\/\",\"logo\":{\"@type\":\"ImageObject\",\"inLanguage\":\"en-GB\",\"@id\":\"https:\/\/haz.hr\/#\/schema\/logo\/image\/\",\"url\":\"https:\/\/haz.hr\/wp-content\/uploads\/2022\/12\/cropped-HAZ_logo.png\",\"contentUrl\":\"https:\/\/haz.hr\/wp-content\/uploads\/2022\/12\/cropped-HAZ_logo.png\",\"width\":125,\"height\":76,\"caption\":\"HAZ\"},\"image\":{\"@id\":\"https:\/\/haz.hr\/#\/schema\/logo\/image\/\"}},{\"@type\":\"Person\",\"@id\":\"https:\/\/haz.hr\/#\/schema\/person\/438892ce514665613f7cd5bb7a19213a\",\"name\":\"JT-design\",\"image\":{\"@type\":\"ImageObject\",\"inLanguage\":\"en-GB\",\"@id\":\"https:\/\/haz.hr\/#\/schema\/person\/image\/\",\"url\":\"https:\/\/secure.gravatar.com\/avatar\/0032728fc07181d052d653eb6ce26d3ff30f5b1c7d867e6fb82eb66a6fc50646?s=96&d=mm&r=g\",\"contentUrl\":\"https:\/\/secure.gravatar.com\/avatar\/0032728fc07181d052d653eb6ce26d3ff30f5b1c7d867e6fb82eb66a6fc50646?s=96&d=mm&r=g\",\"caption\":\"JT-design\"},\"sameAs\":[\"https:\/\/haz.hr\"],\"url\":\"https:\/\/haz.hr\/en\/author\/jt-design\/\"}]}<\/script>\n<!-- \/ Yoast SEO plugin. -->","yoast_head_json":{"title":"Imenovani studentski povjerenici HAZ-a na Ekonomskom i Pravnom fakultetu u Splitu - HAZ","robots":{"index":"index","follow":"follow","max-snippet":"max-snippet:-1","max-image-preview":"max-image-preview:large","max-video-preview":"max-video-preview:-1"},"canonical":"https:\/\/haz.hr\/en\/2018\/02\/16\/imenovani-studentski-povjerenici-haz-a-na-ekonomskom-i-pravnom-fakultetu-u-splitu\/","og_locale":"en_GB","og_type":"article","og_title":"Imenovani studentski povjerenici HAZ-a na Ekonomskom i Pravnom fakultetu u Splitu - HAZ","og_description":"Split, 16.2.2018. &#8211; Hrvatska akademska zajednica po\u010dela je okrupnjavatistudentsku jezgru na Sveu\u010dili\u0161tu u Splitu. Predsjedni\u0161tvo HAZ-a na prijedlogAlumni zajednice HAZ-a za ju\u017enu Hrvatsku imenovalo je&nbsp;Antu \u0160krobicu&nbsp;zapovjerenika na Pravnom fakultetu. Kako [&hellip;]","og_url":"https:\/\/haz.hr\/en\/2018\/02\/16\/imenovani-studentski-povjerenici-haz-a-na-ekonomskom-i-pravnom-fakultetu-u-splitu\/","og_site_name":"HAZ","article_published_time":"2018-02-15T23:00:59+00:00","article_modified_time":"2023-02-09T13:16:33+00:00","og_image":[{"width":960,"height":758,"url":"https:\/\/haz.hr\/wp-content\/uploads\/2018\/02\/povjerenici_split.jpg","type":"image\/jpeg"}],"author":"JT-design","twitter_card":"summary_large_image","twitter_misc":{"Written by":"JT-design","Est. reading time":"2 minutes"},"schema":{"@context":"https:\/\/schema.org","@graph":[{"@type":"Article","@id":"https:\/\/haz.hr\/2018\/02\/16\/imenovani-studentski-povjerenici-haz-a-na-ekonomskom-i-pravnom-fakultetu-u-splitu\/#article","isPartOf":{"@id":"https:\/\/haz.hr\/2018\/02\/16\/imenovani-studentski-povjerenici-haz-a-na-ekonomskom-i-pravnom-fakultetu-u-splitu\/"},"author":{"name":"JT-design","@id":"https:\/\/haz.hr\/#\/schema\/person\/438892ce514665613f7cd5bb7a19213a"},"headline":"Imenovani studentski povjerenici HAZ-a na Ekonomskom i Pravnom fakultetu u Splitu","datePublished":"2018-02-15T23:00:59+00:00","dateModified":"2023-02-09T13:16:33+00:00","mainEntityOfPage":{"@id":"https:\/\/haz.hr\/2018\/02\/16\/imenovani-studentski-povjerenici-haz-a-na-ekonomskom-i-pravnom-fakultetu-u-splitu\/"},"wordCount":328,"publisher":{"@id":"https:\/\/haz.hr\/#organization"},"image":{"@id":"https:\/\/haz.hr\/2018\/02\/16\/imenovani-studentski-povjerenici-haz-a-na-ekonomskom-i-pravnom-fakultetu-u-splitu\/#primaryimage"},"thumbnailUrl":"https:\/\/haz.hr\/wp-content\/uploads\/2018\/02\/povjerenici_split.jpg","articleSection":["HAZ novosti"],"inLanguage":"en-GB"},{"@type":"WebPage","@id":"https:\/\/haz.hr\/2018\/02\/16\/imenovani-studentski-povjerenici-haz-a-na-ekonomskom-i-pravnom-fakultetu-u-splitu\/","url":"https:\/\/haz.hr\/2018\/02\/16\/imenovani-studentski-povjerenici-haz-a-na-ekonomskom-i-pravnom-fakultetu-u-splitu\/","name":"Imenovani studentski povjerenici HAZ-a na Ekonomskom i Pravnom fakultetu u Splitu - HAZ","isPartOf":{"@id":"https:\/\/haz.hr\/#website"},"primaryImageOfPage":{"@id":"https:\/\/haz.hr\/2018\/02\/16\/imenovani-studentski-povjerenici-haz-a-na-ekonomskom-i-pravnom-fakultetu-u-splitu\/#primaryimage"},"image":{"@id":"https:\/\/haz.hr\/2018\/02\/16\/imenovani-studentski-povjerenici-haz-a-na-ekonomskom-i-pravnom-fakultetu-u-splitu\/#primaryimage"},"thumbnailUrl":"https:\/\/haz.hr\/wp-content\/uploads\/2018\/02\/povjerenici_split.jpg","datePublished":"2018-02-15T23:00:59+00:00","dateModified":"2023-02-09T13:16:33+00:00","breadcrumb":{"@id":"https:\/\/haz.hr\/2018\/02\/16\/imenovani-studentski-povjerenici-haz-a-na-ekonomskom-i-pravnom-fakultetu-u-splitu\/#breadcrumb"},"inLanguage":"en-GB","potentialAction":[{"@type":"ReadAction","target":["https:\/\/haz.hr\/2018\/02\/16\/imenovani-studentski-povjerenici-haz-a-na-ekonomskom-i-pravnom-fakultetu-u-splitu\/"]}]},{"@type":"ImageObject","inLanguage":"en-GB","@id":"https:\/\/haz.hr\/2018\/02\/16\/imenovani-studentski-povjerenici-haz-a-na-ekonomskom-i-pravnom-fakultetu-u-splitu\/#primaryimage","url":"https:\/\/haz.hr\/wp-content\/uploads\/2018\/02\/povjerenici_split.jpg","contentUrl":"https:\/\/haz.hr\/wp-content\/uploads\/2018\/02\/povjerenici_split.jpg","width":960,"height":758,"caption":""},{"@type":"BreadcrumbList","@id":"https:\/\/haz.hr\/2018\/02\/16\/imenovani-studentski-povjerenici-haz-a-na-ekonomskom-i-pravnom-fakultetu-u-splitu\/#breadcrumb","itemListElement":[{"@type":"ListItem","position":1,"name":"Home","item":"https:\/\/haz.hr\/"},{"@type":"ListItem","position":2,"name":"Imenovani studentski povjerenici HAZ-a na Ekonomskom i Pravnom fakultetu u Splitu"}]},{"@type":"WebSite","@id":"https:\/\/haz.hr\/#website","url":"https:\/\/haz.hr\/","name":"HAZ","description":"Croatian Academic Community","publisher":{"@id":"https:\/\/haz.hr\/#organization"},"potentialAction":[{"@type":"SearchAction","target":{"@type":"EntryPoint","urlTemplate":"https:\/\/haz.hr\/?s={search_term_string}"},"query-input":{"@type":"PropertyValueSpecification","valueRequired":true,"valueName":"search_term_string"}}],"inLanguage":"en-GB"},{"@type":"Organization","@id":"https:\/\/haz.hr\/#organization","name":"HAZ","url":"https:\/\/haz.hr\/","logo":{"@type":"ImageObject","inLanguage":"en-GB","@id":"https:\/\/haz.hr\/#\/schema\/logo\/image\/","url":"https:\/\/haz.hr\/wp-content\/uploads\/2022\/12\/cropped-HAZ_logo.png","contentUrl":"https:\/\/haz.hr\/wp-content\/uploads\/2022\/12\/cropped-HAZ_logo.png","width":125,"height":76,"caption":"HAZ"},"image":{"@id":"https:\/\/haz.hr\/#\/schema\/logo\/image\/"}},{"@type":"Person","@id":"https:\/\/haz.hr\/#\/schema\/person\/438892ce514665613f7cd5bb7a19213a","name":"JT-design","image":{"@type":"ImageObject","inLanguage":"en-GB","@id":"https:\/\/haz.hr\/#\/schema\/person\/image\/","url":"https:\/\/secure.gravatar.com\/avatar\/0032728fc07181d052d653eb6ce26d3ff30f5b1c7d867e6fb82eb66a6fc50646?s=96&d=mm&r=g","contentUrl":"https:\/\/secure.gravatar.com\/avatar\/0032728fc07181d052d653eb6ce26d3ff30f5b1c7d867e6fb82eb66a6fc50646?s=96&d=mm&r=g","caption":"JT-design"},"sameAs":["https:\/\/haz.hr"],"url":"https:\/\/haz.hr\/en\/author\/jt-design\/"}]}},"_links":{"self":[{"href":"https:\/\/haz.hr\/en\/wp-json\/wp\/v2\/posts\/2390","targetHints":{"allow":["GET"]}}],"collection":[{"href":"https:\/\/haz.hr\/en\/wp-json\/wp\/v2\/posts"}],"about":[{"href":"https:\/\/haz.hr\/en\/wp-json\/wp\/v2\/types\/post"}],"author":[{"embeddable":true,"href":"https:\/\/haz.hr\/en\/wp-json\/wp\/v2\/users\/1"}],"replies":[{"embeddable":true,"href":"https:\/\/haz.hr\/en\/wp-json\/wp\/v2\/comments?post=2390"}],"version-history":[{"count":1,"href":"https:\/\/haz.hr\/en\/wp-json\/wp\/v2\/posts\/2390\/revisions"}],"predecessor-version":[{"id":2453,"href":"https:\/\/haz.hr\/en\/wp-json\/wp\/v2\/posts\/2390\/revisions\/2453"}],"wp:featuredmedia":[{"embeddable":true,"href":"https:\/\/haz.hr\/en\/wp-json\/wp\/v2\/media\/2307"}],"wp:attachment":[{"href":"https:\/\/haz.hr\/en\/wp-json\/wp\/v2\/media?parent=2390"}],"wp:term":[{"taxonomy":"category","embeddable":true,"href":"https:\/\/haz.hr\/en\/wp-json\/wp\/v2\/categories?post=2390"},{"taxonomy":"post_tag","embeddable":true,"href":"https:\/\/haz.hr\/en\/wp-json\/wp\/v2\/tags?post=2390"}],"curies":[{"name":"wp","href":"https:\/\/api.w.org\/{rel}","templated":true}]}}