{"id":2391,"date":"2018-02-09T00:00:20","date_gmt":"2018-02-08T23:00:20","guid":{"rendered":"http:\/\/haz.hr\/?p=269"},"modified":"2023-02-09T13:17:08","modified_gmt":"2023-02-09T13:17:08","slug":"youth-declaration-on-the-future-of-europe","status":"publish","type":"post","link":"https:\/\/haz.hr\/en\/2018\/02\/09\/youth-declaration-on-the-future-of-europe\/","title":{"rendered":"Youth Declaration on the Future of Europe"},"content":{"rendered":"<p class=\"wp-block-paragraph\">Zagreb, 8. i 9.2.2018. &#8211; U organizaciji Hanns Seidel Stiftung Zagreb i pod pokroviteljstvom Ministarstva vanjskih i europskih poslova odr\u017eana je u Auli rektorata Sveu\u010dili\u0161ta u Zagrebu dvodnevna konferencija o budu\u0107nosti Europe.<\/p>\n\n\n\n<p class=\"wp-block-paragraph\">Me\u0111u brojnim uglednicima u raspravi su sudjelovali i zastupnik CSU-a u Europskom parlamentu Markus Ferber i S\u00e9bastian Maillard, direktor Jacques Delors Institute iz Francuske. Key note speaker bila je hrvatska ministrica vanjskih poslova i potpredsjednica Vlade Marija Pej\u010dinovi\u0107 Buri\u0107.<\/p>\n\n\n\n<p class=\"wp-block-paragraph\">Konferenciju je pozdravio i Klaus Fiesinger, direktor zaklade Hannsa Seidela za jugoisto\u010dnu Europu sa sjedi\u0161tem u Zagrebu. Pro\u010ditana je &#8220;Youth Declaration on the Future of Europe&#8221;, studenata politologije Fakulteta politi\u010dkih znanosti i studentskih \u010dlanova Hrvatske akademske zajednice. Na\u0161 HAZ-ov tim je aktivno sudjelovao u radnim skupinama, zavr\u0161noj raspravi i realizaciji Povelje mladih o budu\u0107nosti Europe. A \u010dinili su ga Karlo Kolesar, Luka Radi\u0107, Dora Miketek, Sara Pavi\u0107, Ciprijan Crljenko, Bernard Marku\u0161i\u0107 i Mihovil Miokovi\u0107.<\/p>","protected":false},"excerpt":{"rendered":"<p>Zagreb, 8. i 9.2.2018. &#8211; U organizaciji Hanns Seidel Stiftung Zagreb i pod pokroviteljstvom Ministarstva vanjskih i europskih poslova odr\u017eana je u Auli rektorata Sveu\u010dili\u0161ta u Zagrebu dvodnevna konferencija o [&hellip;]<\/p>\n","protected":false},"author":1,"featured_media":2323,"comment_status":"closed","ping_status":"open","sticky":false,"template":"","format":"standard","meta":{"footnotes":""},"categories":[14],"tags":[],"class_list":["post-2391","post","type-post","status-publish","format-standard","has-post-thumbnail","hentry","category-haz-novosti"],"yoast_head":"<!-- This site is optimized with the Yoast SEO plugin v23.7 - https:\/\/yoast.com\/wordpress\/plugins\/seo\/ -->\n<title>Youth Declaration on the Future of Europe - HAZ<\/title>\n<meta name=\"robots\" content=\"index, follow, max-snippet:-1, max-image-preview:large, max-video-preview:-1\" \/>\n<link rel=\"canonical\" href=\"https:\/\/haz.hr\/en\/2018\/02\/09\/youth-declaration-on-the-future-of-europe\/\" \/>\n<meta property=\"og:locale\" content=\"en_GB\" \/>\n<meta property=\"og:type\" content=\"article\" \/>\n<meta property=\"og:title\" content=\"Youth Declaration on the Future of Europe - HAZ\" \/>\n<meta property=\"og:description\" content=\"Zagreb, 8. i 9.2.2018. &#8211; U organizaciji Hanns Seidel Stiftung Zagreb i pod pokroviteljstvom Ministarstva vanjskih i europskih poslova odr\u017eana je u Auli rektorata Sveu\u010dili\u0161ta u Zagrebu dvodnevna konferencija o [&hellip;]\" \/>\n<meta property=\"og:url\" content=\"https:\/\/haz.hr\/en\/2018\/02\/09\/youth-declaration-on-the-future-of-europe\/\" \/>\n<meta property=\"og:site_name\" content=\"HAZ\" \/>\n<meta property=\"article:published_time\" content=\"2018-02-08T23:00:20+00:00\" \/>\n<meta property=\"article:modified_time\" content=\"2023-02-09T13:17:08+00:00\" \/>\n<meta property=\"og:image\" content=\"https:\/\/haz.hr\/wp-content\/uploads\/2001\/01\/youth4.jpg\" \/>\n\t<meta property=\"og:image:width\" content=\"961\" \/>\n\t<meta property=\"og:image:height\" content=\"540\" \/>\n\t<meta property=\"og:image:type\" content=\"image\/jpeg\" \/>\n<meta name=\"author\" content=\"JT-design\" \/>\n<meta name=\"twitter:card\" content=\"summary_large_image\" \/>\n<meta name=\"twitter:label1\" content=\"Written by\" \/>\n\t<meta name=\"twitter:data1\" content=\"JT-design\" \/>\n\t<meta name=\"twitter:label2\" content=\"Est. reading time\" \/>\n\t<meta name=\"twitter:data2\" content=\"1 minute\" \/>\n<script type=\"application\/ld+json\" class=\"yoast-schema-graph\">{\"@context\":\"https:\/\/schema.org\",\"@graph\":[{\"@type\":\"Article\",\"@id\":\"https:\/\/haz.hr\/2018\/02\/09\/youth-declaration-on-the-future-of-europe\/#article\",\"isPartOf\":{\"@id\":\"https:\/\/haz.hr\/2018\/02\/09\/youth-declaration-on-the-future-of-europe\/\"},\"author\":{\"name\":\"JT-design\",\"@id\":\"https:\/\/haz.hr\/#\/schema\/person\/438892ce514665613f7cd5bb7a19213a\"},\"headline\":\"Youth Declaration on the Future of Europe\",\"datePublished\":\"2018-02-08T23:00:20+00:00\",\"dateModified\":\"2023-02-09T13:17:08+00:00\",\"mainEntityOfPage\":{\"@id\":\"https:\/\/haz.hr\/2018\/02\/09\/youth-declaration-on-the-future-of-europe\/\"},\"wordCount\":164,\"publisher\":{\"@id\":\"https:\/\/haz.hr\/#organization\"},\"image\":{\"@id\":\"https:\/\/haz.hr\/2018\/02\/09\/youth-declaration-on-the-future-of-europe\/#primaryimage\"},\"thumbnailUrl\":\"https:\/\/haz.hr\/wp-content\/uploads\/2001\/01\/youth4.jpg\",\"articleSection\":[\"HAZ novosti\"],\"inLanguage\":\"en-GB\"},{\"@type\":\"WebPage\",\"@id\":\"https:\/\/haz.hr\/2018\/02\/09\/youth-declaration-on-the-future-of-europe\/\",\"url\":\"https:\/\/haz.hr\/2018\/02\/09\/youth-declaration-on-the-future-of-europe\/\",\"name\":\"Youth Declaration on the Future of Europe - HAZ\",\"isPartOf\":{\"@id\":\"https:\/\/haz.hr\/#website\"},\"primaryImageOfPage\":{\"@id\":\"https:\/\/haz.hr\/2018\/02\/09\/youth-declaration-on-the-future-of-europe\/#primaryimage\"},\"image\":{\"@id\":\"https:\/\/haz.hr\/2018\/02\/09\/youth-declaration-on-the-future-of-europe\/#primaryimage\"},\"thumbnailUrl\":\"https:\/\/haz.hr\/wp-content\/uploads\/2001\/01\/youth4.jpg\",\"datePublished\":\"2018-02-08T23:00:20+00:00\",\"dateModified\":\"2023-02-09T13:17:08+00:00\",\"breadcrumb\":{\"@id\":\"https:\/\/haz.hr\/2018\/02\/09\/youth-declaration-on-the-future-of-europe\/#breadcrumb\"},\"inLanguage\":\"en-GB\",\"potentialAction\":[{\"@type\":\"ReadAction\",\"target\":[\"https:\/\/haz.hr\/2018\/02\/09\/youth-declaration-on-the-future-of-europe\/\"]}]},{\"@type\":\"ImageObject\",\"inLanguage\":\"en-GB\",\"@id\":\"https:\/\/haz.hr\/2018\/02\/09\/youth-declaration-on-the-future-of-europe\/#primaryimage\",\"url\":\"https:\/\/haz.hr\/wp-content\/uploads\/2001\/01\/youth4.jpg\",\"contentUrl\":\"https:\/\/haz.hr\/wp-content\/uploads\/2001\/01\/youth4.jpg\",\"width\":961,\"height\":540,\"caption\":\"\"},{\"@type\":\"BreadcrumbList\",\"@id\":\"https:\/\/haz.hr\/2018\/02\/09\/youth-declaration-on-the-future-of-europe\/#breadcrumb\",\"itemListElement\":[{\"@type\":\"ListItem\",\"position\":1,\"name\":\"Home\",\"item\":\"https:\/\/haz.hr\/\"},{\"@type\":\"ListItem\",\"position\":2,\"name\":\"Youth Declaration on the Future of Europe\"}]},{\"@type\":\"WebSite\",\"@id\":\"https:\/\/haz.hr\/#website\",\"url\":\"https:\/\/haz.hr\/\",\"name\":\"HAZ\",\"description\":\"Hrvatska akademska zajednica\",\"publisher\":{\"@id\":\"https:\/\/haz.hr\/#organization\"},\"potentialAction\":[{\"@type\":\"SearchAction\",\"target\":{\"@type\":\"EntryPoint\",\"urlTemplate\":\"https:\/\/haz.hr\/?s={search_term_string}\"},\"query-input\":{\"@type\":\"PropertyValueSpecification\",\"valueRequired\":true,\"valueName\":\"search_term_string\"}}],\"inLanguage\":\"en-GB\"},{\"@type\":\"Organization\",\"@id\":\"https:\/\/haz.hr\/#organization\",\"name\":\"HAZ\",\"url\":\"https:\/\/haz.hr\/\",\"logo\":{\"@type\":\"ImageObject\",\"inLanguage\":\"en-GB\",\"@id\":\"https:\/\/haz.hr\/#\/schema\/logo\/image\/\",\"url\":\"https:\/\/haz.hr\/wp-content\/uploads\/2022\/12\/cropped-HAZ_logo.png\",\"contentUrl\":\"https:\/\/haz.hr\/wp-content\/uploads\/2022\/12\/cropped-HAZ_logo.png\",\"width\":125,\"height\":76,\"caption\":\"HAZ\"},\"image\":{\"@id\":\"https:\/\/haz.hr\/#\/schema\/logo\/image\/\"}},{\"@type\":\"Person\",\"@id\":\"https:\/\/haz.hr\/#\/schema\/person\/438892ce514665613f7cd5bb7a19213a\",\"name\":\"JT-design\",\"image\":{\"@type\":\"ImageObject\",\"inLanguage\":\"en-GB\",\"@id\":\"https:\/\/haz.hr\/#\/schema\/person\/image\/\",\"url\":\"https:\/\/secure.gravatar.com\/avatar\/0032728fc07181d052d653eb6ce26d3ff30f5b1c7d867e6fb82eb66a6fc50646?s=96&d=mm&r=g\",\"contentUrl\":\"https:\/\/secure.gravatar.com\/avatar\/0032728fc07181d052d653eb6ce26d3ff30f5b1c7d867e6fb82eb66a6fc50646?s=96&d=mm&r=g\",\"caption\":\"JT-design\"},\"sameAs\":[\"https:\/\/haz.hr\"],\"url\":\"https:\/\/haz.hr\/en\/author\/jt-design\/\"}]}<\/script>\n<!-- \/ Yoast SEO plugin. -->","yoast_head_json":{"title":"Youth Declaration on the Future of Europe - HAZ","robots":{"index":"index","follow":"follow","max-snippet":"max-snippet:-1","max-image-preview":"max-image-preview:large","max-video-preview":"max-video-preview:-1"},"canonical":"https:\/\/haz.hr\/en\/2018\/02\/09\/youth-declaration-on-the-future-of-europe\/","og_locale":"en_GB","og_type":"article","og_title":"Youth Declaration on the Future of Europe - HAZ","og_description":"Zagreb, 8. i 9.2.2018. &#8211; U organizaciji Hanns Seidel Stiftung Zagreb i pod pokroviteljstvom Ministarstva vanjskih i europskih poslova odr\u017eana je u Auli rektorata Sveu\u010dili\u0161ta u Zagrebu dvodnevna konferencija o [&hellip;]","og_url":"https:\/\/haz.hr\/en\/2018\/02\/09\/youth-declaration-on-the-future-of-europe\/","og_site_name":"HAZ","article_published_time":"2018-02-08T23:00:20+00:00","article_modified_time":"2023-02-09T13:17:08+00:00","og_image":[{"width":961,"height":540,"url":"https:\/\/haz.hr\/wp-content\/uploads\/2001\/01\/youth4.jpg","type":"image\/jpeg"}],"author":"JT-design","twitter_card":"summary_large_image","twitter_misc":{"Written by":"JT-design","Est. reading time":"1 minute"},"schema":{"@context":"https:\/\/schema.org","@graph":[{"@type":"Article","@id":"https:\/\/haz.hr\/2018\/02\/09\/youth-declaration-on-the-future-of-europe\/#article","isPartOf":{"@id":"https:\/\/haz.hr\/2018\/02\/09\/youth-declaration-on-the-future-of-europe\/"},"author":{"name":"JT-design","@id":"https:\/\/haz.hr\/#\/schema\/person\/438892ce514665613f7cd5bb7a19213a"},"headline":"Youth Declaration on the Future of Europe","datePublished":"2018-02-08T23:00:20+00:00","dateModified":"2023-02-09T13:17:08+00:00","mainEntityOfPage":{"@id":"https:\/\/haz.hr\/2018\/02\/09\/youth-declaration-on-the-future-of-europe\/"},"wordCount":164,"publisher":{"@id":"https:\/\/haz.hr\/#organization"},"image":{"@id":"https:\/\/haz.hr\/2018\/02\/09\/youth-declaration-on-the-future-of-europe\/#primaryimage"},"thumbnailUrl":"https:\/\/haz.hr\/wp-content\/uploads\/2001\/01\/youth4.jpg","articleSection":["HAZ novosti"],"inLanguage":"en-GB"},{"@type":"WebPage","@id":"https:\/\/haz.hr\/2018\/02\/09\/youth-declaration-on-the-future-of-europe\/","url":"https:\/\/haz.hr\/2018\/02\/09\/youth-declaration-on-the-future-of-europe\/","name":"Youth Declaration on the Future of Europe - HAZ","isPartOf":{"@id":"https:\/\/haz.hr\/#website"},"primaryImageOfPage":{"@id":"https:\/\/haz.hr\/2018\/02\/09\/youth-declaration-on-the-future-of-europe\/#primaryimage"},"image":{"@id":"https:\/\/haz.hr\/2018\/02\/09\/youth-declaration-on-the-future-of-europe\/#primaryimage"},"thumbnailUrl":"https:\/\/haz.hr\/wp-content\/uploads\/2001\/01\/youth4.jpg","datePublished":"2018-02-08T23:00:20+00:00","dateModified":"2023-02-09T13:17:08+00:00","breadcrumb":{"@id":"https:\/\/haz.hr\/2018\/02\/09\/youth-declaration-on-the-future-of-europe\/#breadcrumb"},"inLanguage":"en-GB","potentialAction":[{"@type":"ReadAction","target":["https:\/\/haz.hr\/2018\/02\/09\/youth-declaration-on-the-future-of-europe\/"]}]},{"@type":"ImageObject","inLanguage":"en-GB","@id":"https:\/\/haz.hr\/2018\/02\/09\/youth-declaration-on-the-future-of-europe\/#primaryimage","url":"https:\/\/haz.hr\/wp-content\/uploads\/2001\/01\/youth4.jpg","contentUrl":"https:\/\/haz.hr\/wp-content\/uploads\/2001\/01\/youth4.jpg","width":961,"height":540,"caption":""},{"@type":"BreadcrumbList","@id":"https:\/\/haz.hr\/2018\/02\/09\/youth-declaration-on-the-future-of-europe\/#breadcrumb","itemListElement":[{"@type":"ListItem","position":1,"name":"Home","item":"https:\/\/haz.hr\/"},{"@type":"ListItem","position":2,"name":"Youth Declaration on the Future of Europe"}]},{"@type":"WebSite","@id":"https:\/\/haz.hr\/#website","url":"https:\/\/haz.hr\/","name":"HAZ","description":"Croatian Academic Community","publisher":{"@id":"https:\/\/haz.hr\/#organization"},"potentialAction":[{"@type":"SearchAction","target":{"@type":"EntryPoint","urlTemplate":"https:\/\/haz.hr\/?s={search_term_string}"},"query-input":{"@type":"PropertyValueSpecification","valueRequired":true,"valueName":"search_term_string"}}],"inLanguage":"en-GB"},{"@type":"Organization","@id":"https:\/\/haz.hr\/#organization","name":"HAZ","url":"https:\/\/haz.hr\/","logo":{"@type":"ImageObject","inLanguage":"en-GB","@id":"https:\/\/haz.hr\/#\/schema\/logo\/image\/","url":"https:\/\/haz.hr\/wp-content\/uploads\/2022\/12\/cropped-HAZ_logo.png","contentUrl":"https:\/\/haz.hr\/wp-content\/uploads\/2022\/12\/cropped-HAZ_logo.png","width":125,"height":76,"caption":"HAZ"},"image":{"@id":"https:\/\/haz.hr\/#\/schema\/logo\/image\/"}},{"@type":"Person","@id":"https:\/\/haz.hr\/#\/schema\/person\/438892ce514665613f7cd5bb7a19213a","name":"JT-design","image":{"@type":"ImageObject","inLanguage":"en-GB","@id":"https:\/\/haz.hr\/#\/schema\/person\/image\/","url":"https:\/\/secure.gravatar.com\/avatar\/0032728fc07181d052d653eb6ce26d3ff30f5b1c7d867e6fb82eb66a6fc50646?s=96&d=mm&r=g","contentUrl":"https:\/\/secure.gravatar.com\/avatar\/0032728fc07181d052d653eb6ce26d3ff30f5b1c7d867e6fb82eb66a6fc50646?s=96&d=mm&r=g","caption":"JT-design"},"sameAs":["https:\/\/haz.hr"],"url":"https:\/\/haz.hr\/en\/author\/jt-design\/"}]}},"_links":{"self":[{"href":"https:\/\/haz.hr\/en\/wp-json\/wp\/v2\/posts\/2391","targetHints":{"allow":["GET"]}}],"collection":[{"href":"https:\/\/haz.hr\/en\/wp-json\/wp\/v2\/posts"}],"about":[{"href":"https:\/\/haz.hr\/en\/wp-json\/wp\/v2\/types\/post"}],"author":[{"embeddable":true,"href":"https:\/\/haz.hr\/en\/wp-json\/wp\/v2\/users\/1"}],"replies":[{"embeddable":true,"href":"https:\/\/haz.hr\/en\/wp-json\/wp\/v2\/comments?post=2391"}],"version-history":[{"count":1,"href":"https:\/\/haz.hr\/en\/wp-json\/wp\/v2\/posts\/2391\/revisions"}],"predecessor-version":[{"id":2454,"href":"https:\/\/haz.hr\/en\/wp-json\/wp\/v2\/posts\/2391\/revisions\/2454"}],"wp:featuredmedia":[{"embeddable":true,"href":"https:\/\/haz.hr\/en\/wp-json\/wp\/v2\/media\/2323"}],"wp:attachment":[{"href":"https:\/\/haz.hr\/en\/wp-json\/wp\/v2\/media?parent=2391"}],"wp:term":[{"taxonomy":"category","embeddable":true,"href":"https:\/\/haz.hr\/en\/wp-json\/wp\/v2\/categories?post=2391"},{"taxonomy":"post_tag","embeddable":true,"href":"https:\/\/haz.hr\/en\/wp-json\/wp\/v2\/tags?post=2391"}],"curies":[{"name":"wp","href":"https:\/\/api.w.org\/{rel}","templated":true}]}}