{"id":2396,"date":"2017-12-30T00:00:56","date_gmt":"2017-12-29T23:00:56","guid":{"rendered":"http:\/\/haz.hr\/?p=284"},"modified":"2023-02-09T13:20:58","modified_gmt":"2023-02-09T13:20:58","slug":"karlo-kolesar-u-eds-casopisu-bullseye-o-digitalizaciji-u-visokom-obrazovanju","status":"publish","type":"post","link":"https:\/\/haz.hr\/en\/2017\/12\/30\/karlo-kolesar-u-eds-casopisu-bullseye-o-digitalizaciji-u-visokom-obrazovanju\/","title":{"rendered":"Karlo Kolesar u EDS \u010dasopisu BullsEye o digitalizaciji u visokom obrazovanju"},"content":{"rendered":"<p>Bruxelles, 30.12.2017. Nacionalni dopredsjednik HAZ-a Karlo Kolesar napisao je \u010dlanak u europskom studentskom \u010dasopisu BullsEye pod temom \u201eThe Future of Higher Education in the EU \u2013 veni, vidi digi(talization)\u201c a usmjeren je na potrebu br\u017ee implementacije digitalizacije u visokom obrazovanju. Kompletnu digitalnu verziju ovog \u010dasopisa European Democrat Students (EDS) mo\u017eete pro\u010ditati na mre\u017enoj stranici: <a href=\"http:\/\/www.bullseye-magazine.eu\">www.bullseye-magazine.eu<\/a><\/p>","protected":false},"excerpt":{"rendered":"<p>Bruxelles, 30.12.2017. Nacionalni dopredsjednik HAZ-a Karlo Kolesar napisao je \u010dlanak u europskom studentskom \u010dasopisu BullsEye pod temom \u201eThe Future of Higher Education in the EU \u2013 veni, vidi digi(talization)\u201c a [&hellip;]<\/p>\n","protected":false},"author":1,"featured_media":2312,"comment_status":"closed","ping_status":"open","sticky":false,"template":"","format":"standard","meta":{"footnotes":""},"categories":[14],"tags":[],"class_list":["post-2396","post","type-post","status-publish","format-standard","has-post-thumbnail","hentry","category-haz-novosti"],"yoast_head":"<!-- This site is optimized with the Yoast SEO plugin v23.7 - https:\/\/yoast.com\/wordpress\/plugins\/seo\/ -->\n<title>Karlo Kolesar u EDS \u010dasopisu BullsEye o digitalizaciji u visokom obrazovanju - HAZ<\/title>\n<meta name=\"robots\" content=\"index, follow, max-snippet:-1, max-image-preview:large, max-video-preview:-1\" \/>\n<link rel=\"canonical\" href=\"https:\/\/haz.hr\/en\/2017\/12\/30\/karlo-kolesar-u-eds-casopisu-bullseye-o-digitalizaciji-u-visokom-obrazovanju\/\" \/>\n<meta property=\"og:locale\" content=\"en_GB\" \/>\n<meta property=\"og:type\" content=\"article\" \/>\n<meta property=\"og:title\" content=\"Karlo Kolesar u EDS \u010dasopisu BullsEye o digitalizaciji u visokom obrazovanju - HAZ\" \/>\n<meta property=\"og:description\" content=\"Bruxelles, 30.12.2017. Nacionalni dopredsjednik HAZ-a Karlo Kolesar napisao je \u010dlanak u europskom studentskom \u010dasopisu BullsEye pod temom \u201eThe Future of Higher Education in the EU \u2013 veni, vidi digi(talization)\u201c a [&hellip;]\" \/>\n<meta property=\"og:url\" content=\"https:\/\/haz.hr\/en\/2017\/12\/30\/karlo-kolesar-u-eds-casopisu-bullseye-o-digitalizaciji-u-visokom-obrazovanju\/\" \/>\n<meta property=\"og:site_name\" content=\"HAZ\" \/>\n<meta property=\"article:published_time\" content=\"2017-12-29T23:00:56+00:00\" \/>\n<meta property=\"article:modified_time\" content=\"2023-02-09T13:20:58+00:00\" \/>\n<meta property=\"og:image\" content=\"https:\/\/haz.hr\/wp-content\/uploads\/2018\/02\/karlonovine.jpg\" \/>\n\t<meta property=\"og:image:width\" content=\"956\" \/>\n\t<meta property=\"og:image:height\" content=\"672\" \/>\n\t<meta property=\"og:image:type\" content=\"image\/jpeg\" \/>\n<meta name=\"author\" content=\"JT-design\" \/>\n<meta name=\"twitter:card\" content=\"summary_large_image\" \/>\n<meta name=\"twitter:label1\" content=\"Written by\" \/>\n\t<meta name=\"twitter:data1\" content=\"JT-design\" \/>\n\t<meta name=\"twitter:label2\" content=\"Est. reading time\" \/>\n\t<meta name=\"twitter:data2\" content=\"1 minute\" \/>\n<script type=\"application\/ld+json\" class=\"yoast-schema-graph\">{\"@context\":\"https:\/\/schema.org\",\"@graph\":[{\"@type\":\"Article\",\"@id\":\"https:\/\/haz.hr\/2017\/12\/30\/karlo-kolesar-u-eds-casopisu-bullseye-o-digitalizaciji-u-visokom-obrazovanju\/#article\",\"isPartOf\":{\"@id\":\"https:\/\/haz.hr\/2017\/12\/30\/karlo-kolesar-u-eds-casopisu-bullseye-o-digitalizaciji-u-visokom-obrazovanju\/\"},\"author\":{\"name\":\"JT-design\",\"@id\":\"https:\/\/haz.hr\/#\/schema\/person\/438892ce514665613f7cd5bb7a19213a\"},\"headline\":\"Karlo Kolesar u EDS \u010dasopisu BullsEye o digitalizaciji u visokom obrazovanju\",\"datePublished\":\"2017-12-29T23:00:56+00:00\",\"dateModified\":\"2023-02-09T13:20:58+00:00\",\"mainEntityOfPage\":{\"@id\":\"https:\/\/haz.hr\/2017\/12\/30\/karlo-kolesar-u-eds-casopisu-bullseye-o-digitalizaciji-u-visokom-obrazovanju\/\"},\"wordCount\":71,\"publisher\":{\"@id\":\"https:\/\/haz.hr\/#organization\"},\"image\":{\"@id\":\"https:\/\/haz.hr\/2017\/12\/30\/karlo-kolesar-u-eds-casopisu-bullseye-o-digitalizaciji-u-visokom-obrazovanju\/#primaryimage\"},\"thumbnailUrl\":\"https:\/\/haz.hr\/wp-content\/uploads\/2018\/02\/karlonovine.jpg\",\"articleSection\":[\"HAZ novosti\"],\"inLanguage\":\"en-GB\"},{\"@type\":\"WebPage\",\"@id\":\"https:\/\/haz.hr\/2017\/12\/30\/karlo-kolesar-u-eds-casopisu-bullseye-o-digitalizaciji-u-visokom-obrazovanju\/\",\"url\":\"https:\/\/haz.hr\/2017\/12\/30\/karlo-kolesar-u-eds-casopisu-bullseye-o-digitalizaciji-u-visokom-obrazovanju\/\",\"name\":\"Karlo Kolesar u EDS \u010dasopisu BullsEye o digitalizaciji u visokom obrazovanju - HAZ\",\"isPartOf\":{\"@id\":\"https:\/\/haz.hr\/#website\"},\"primaryImageOfPage\":{\"@id\":\"https:\/\/haz.hr\/2017\/12\/30\/karlo-kolesar-u-eds-casopisu-bullseye-o-digitalizaciji-u-visokom-obrazovanju\/#primaryimage\"},\"image\":{\"@id\":\"https:\/\/haz.hr\/2017\/12\/30\/karlo-kolesar-u-eds-casopisu-bullseye-o-digitalizaciji-u-visokom-obrazovanju\/#primaryimage\"},\"thumbnailUrl\":\"https:\/\/haz.hr\/wp-content\/uploads\/2018\/02\/karlonovine.jpg\",\"datePublished\":\"2017-12-29T23:00:56+00:00\",\"dateModified\":\"2023-02-09T13:20:58+00:00\",\"breadcrumb\":{\"@id\":\"https:\/\/haz.hr\/2017\/12\/30\/karlo-kolesar-u-eds-casopisu-bullseye-o-digitalizaciji-u-visokom-obrazovanju\/#breadcrumb\"},\"inLanguage\":\"en-GB\",\"potentialAction\":[{\"@type\":\"ReadAction\",\"target\":[\"https:\/\/haz.hr\/2017\/12\/30\/karlo-kolesar-u-eds-casopisu-bullseye-o-digitalizaciji-u-visokom-obrazovanju\/\"]}]},{\"@type\":\"ImageObject\",\"inLanguage\":\"en-GB\",\"@id\":\"https:\/\/haz.hr\/2017\/12\/30\/karlo-kolesar-u-eds-casopisu-bullseye-o-digitalizaciji-u-visokom-obrazovanju\/#primaryimage\",\"url\":\"https:\/\/haz.hr\/wp-content\/uploads\/2018\/02\/karlonovine.jpg\",\"contentUrl\":\"https:\/\/haz.hr\/wp-content\/uploads\/2018\/02\/karlonovine.jpg\",\"width\":956,\"height\":672,\"caption\":\"\"},{\"@type\":\"BreadcrumbList\",\"@id\":\"https:\/\/haz.hr\/2017\/12\/30\/karlo-kolesar-u-eds-casopisu-bullseye-o-digitalizaciji-u-visokom-obrazovanju\/#breadcrumb\",\"itemListElement\":[{\"@type\":\"ListItem\",\"position\":1,\"name\":\"Home\",\"item\":\"https:\/\/haz.hr\/\"},{\"@type\":\"ListItem\",\"position\":2,\"name\":\"Karlo Kolesar u EDS \u010dasopisu BullsEye o digitalizaciji u visokom obrazovanju\"}]},{\"@type\":\"WebSite\",\"@id\":\"https:\/\/haz.hr\/#website\",\"url\":\"https:\/\/haz.hr\/\",\"name\":\"HAZ\",\"description\":\"Hrvatska akademska zajednica\",\"publisher\":{\"@id\":\"https:\/\/haz.hr\/#organization\"},\"potentialAction\":[{\"@type\":\"SearchAction\",\"target\":{\"@type\":\"EntryPoint\",\"urlTemplate\":\"https:\/\/haz.hr\/?s={search_term_string}\"},\"query-input\":{\"@type\":\"PropertyValueSpecification\",\"valueRequired\":true,\"valueName\":\"search_term_string\"}}],\"inLanguage\":\"en-GB\"},{\"@type\":\"Organization\",\"@id\":\"https:\/\/haz.hr\/#organization\",\"name\":\"HAZ\",\"url\":\"https:\/\/haz.hr\/\",\"logo\":{\"@type\":\"ImageObject\",\"inLanguage\":\"en-GB\",\"@id\":\"https:\/\/haz.hr\/#\/schema\/logo\/image\/\",\"url\":\"https:\/\/haz.hr\/wp-content\/uploads\/2022\/12\/cropped-HAZ_logo.png\",\"contentUrl\":\"https:\/\/haz.hr\/wp-content\/uploads\/2022\/12\/cropped-HAZ_logo.png\",\"width\":125,\"height\":76,\"caption\":\"HAZ\"},\"image\":{\"@id\":\"https:\/\/haz.hr\/#\/schema\/logo\/image\/\"}},{\"@type\":\"Person\",\"@id\":\"https:\/\/haz.hr\/#\/schema\/person\/438892ce514665613f7cd5bb7a19213a\",\"name\":\"JT-design\",\"image\":{\"@type\":\"ImageObject\",\"inLanguage\":\"en-GB\",\"@id\":\"https:\/\/haz.hr\/#\/schema\/person\/image\/\",\"url\":\"https:\/\/secure.gravatar.com\/avatar\/0032728fc07181d052d653eb6ce26d3ff30f5b1c7d867e6fb82eb66a6fc50646?s=96&d=mm&r=g\",\"contentUrl\":\"https:\/\/secure.gravatar.com\/avatar\/0032728fc07181d052d653eb6ce26d3ff30f5b1c7d867e6fb82eb66a6fc50646?s=96&d=mm&r=g\",\"caption\":\"JT-design\"},\"sameAs\":[\"https:\/\/haz.hr\"],\"url\":\"https:\/\/haz.hr\/en\/author\/jt-design\/\"}]}<\/script>\n<!-- \/ Yoast SEO plugin. -->","yoast_head_json":{"title":"Karlo Kolesar u EDS \u010dasopisu BullsEye o digitalizaciji u visokom obrazovanju - HAZ","robots":{"index":"index","follow":"follow","max-snippet":"max-snippet:-1","max-image-preview":"max-image-preview:large","max-video-preview":"max-video-preview:-1"},"canonical":"https:\/\/haz.hr\/en\/2017\/12\/30\/karlo-kolesar-u-eds-casopisu-bullseye-o-digitalizaciji-u-visokom-obrazovanju\/","og_locale":"en_GB","og_type":"article","og_title":"Karlo Kolesar u EDS \u010dasopisu BullsEye o digitalizaciji u visokom obrazovanju - HAZ","og_description":"Bruxelles, 30.12.2017. Nacionalni dopredsjednik HAZ-a Karlo Kolesar napisao je \u010dlanak u europskom studentskom \u010dasopisu BullsEye pod temom \u201eThe Future of Higher Education in the EU \u2013 veni, vidi digi(talization)\u201c a [&hellip;]","og_url":"https:\/\/haz.hr\/en\/2017\/12\/30\/karlo-kolesar-u-eds-casopisu-bullseye-o-digitalizaciji-u-visokom-obrazovanju\/","og_site_name":"HAZ","article_published_time":"2017-12-29T23:00:56+00:00","article_modified_time":"2023-02-09T13:20:58+00:00","og_image":[{"width":956,"height":672,"url":"https:\/\/haz.hr\/wp-content\/uploads\/2018\/02\/karlonovine.jpg","type":"image\/jpeg"}],"author":"JT-design","twitter_card":"summary_large_image","twitter_misc":{"Written by":"JT-design","Est. reading time":"1 minute"},"schema":{"@context":"https:\/\/schema.org","@graph":[{"@type":"Article","@id":"https:\/\/haz.hr\/2017\/12\/30\/karlo-kolesar-u-eds-casopisu-bullseye-o-digitalizaciji-u-visokom-obrazovanju\/#article","isPartOf":{"@id":"https:\/\/haz.hr\/2017\/12\/30\/karlo-kolesar-u-eds-casopisu-bullseye-o-digitalizaciji-u-visokom-obrazovanju\/"},"author":{"name":"JT-design","@id":"https:\/\/haz.hr\/#\/schema\/person\/438892ce514665613f7cd5bb7a19213a"},"headline":"Karlo Kolesar u EDS \u010dasopisu BullsEye o digitalizaciji u visokom obrazovanju","datePublished":"2017-12-29T23:00:56+00:00","dateModified":"2023-02-09T13:20:58+00:00","mainEntityOfPage":{"@id":"https:\/\/haz.hr\/2017\/12\/30\/karlo-kolesar-u-eds-casopisu-bullseye-o-digitalizaciji-u-visokom-obrazovanju\/"},"wordCount":71,"publisher":{"@id":"https:\/\/haz.hr\/#organization"},"image":{"@id":"https:\/\/haz.hr\/2017\/12\/30\/karlo-kolesar-u-eds-casopisu-bullseye-o-digitalizaciji-u-visokom-obrazovanju\/#primaryimage"},"thumbnailUrl":"https:\/\/haz.hr\/wp-content\/uploads\/2018\/02\/karlonovine.jpg","articleSection":["HAZ novosti"],"inLanguage":"en-GB"},{"@type":"WebPage","@id":"https:\/\/haz.hr\/2017\/12\/30\/karlo-kolesar-u-eds-casopisu-bullseye-o-digitalizaciji-u-visokom-obrazovanju\/","url":"https:\/\/haz.hr\/2017\/12\/30\/karlo-kolesar-u-eds-casopisu-bullseye-o-digitalizaciji-u-visokom-obrazovanju\/","name":"Karlo Kolesar u EDS \u010dasopisu BullsEye o digitalizaciji u visokom obrazovanju - HAZ","isPartOf":{"@id":"https:\/\/haz.hr\/#website"},"primaryImageOfPage":{"@id":"https:\/\/haz.hr\/2017\/12\/30\/karlo-kolesar-u-eds-casopisu-bullseye-o-digitalizaciji-u-visokom-obrazovanju\/#primaryimage"},"image":{"@id":"https:\/\/haz.hr\/2017\/12\/30\/karlo-kolesar-u-eds-casopisu-bullseye-o-digitalizaciji-u-visokom-obrazovanju\/#primaryimage"},"thumbnailUrl":"https:\/\/haz.hr\/wp-content\/uploads\/2018\/02\/karlonovine.jpg","datePublished":"2017-12-29T23:00:56+00:00","dateModified":"2023-02-09T13:20:58+00:00","breadcrumb":{"@id":"https:\/\/haz.hr\/2017\/12\/30\/karlo-kolesar-u-eds-casopisu-bullseye-o-digitalizaciji-u-visokom-obrazovanju\/#breadcrumb"},"inLanguage":"en-GB","potentialAction":[{"@type":"ReadAction","target":["https:\/\/haz.hr\/2017\/12\/30\/karlo-kolesar-u-eds-casopisu-bullseye-o-digitalizaciji-u-visokom-obrazovanju\/"]}]},{"@type":"ImageObject","inLanguage":"en-GB","@id":"https:\/\/haz.hr\/2017\/12\/30\/karlo-kolesar-u-eds-casopisu-bullseye-o-digitalizaciji-u-visokom-obrazovanju\/#primaryimage","url":"https:\/\/haz.hr\/wp-content\/uploads\/2018\/02\/karlonovine.jpg","contentUrl":"https:\/\/haz.hr\/wp-content\/uploads\/2018\/02\/karlonovine.jpg","width":956,"height":672,"caption":""},{"@type":"BreadcrumbList","@id":"https:\/\/haz.hr\/2017\/12\/30\/karlo-kolesar-u-eds-casopisu-bullseye-o-digitalizaciji-u-visokom-obrazovanju\/#breadcrumb","itemListElement":[{"@type":"ListItem","position":1,"name":"Home","item":"https:\/\/haz.hr\/"},{"@type":"ListItem","position":2,"name":"Karlo Kolesar u EDS \u010dasopisu BullsEye o digitalizaciji u visokom obrazovanju"}]},{"@type":"WebSite","@id":"https:\/\/haz.hr\/#website","url":"https:\/\/haz.hr\/","name":"HAZ","description":"Croatian Academic Community","publisher":{"@id":"https:\/\/haz.hr\/#organization"},"potentialAction":[{"@type":"SearchAction","target":{"@type":"EntryPoint","urlTemplate":"https:\/\/haz.hr\/?s={search_term_string}"},"query-input":{"@type":"PropertyValueSpecification","valueRequired":true,"valueName":"search_term_string"}}],"inLanguage":"en-GB"},{"@type":"Organization","@id":"https:\/\/haz.hr\/#organization","name":"HAZ","url":"https:\/\/haz.hr\/","logo":{"@type":"ImageObject","inLanguage":"en-GB","@id":"https:\/\/haz.hr\/#\/schema\/logo\/image\/","url":"https:\/\/haz.hr\/wp-content\/uploads\/2022\/12\/cropped-HAZ_logo.png","contentUrl":"https:\/\/haz.hr\/wp-content\/uploads\/2022\/12\/cropped-HAZ_logo.png","width":125,"height":76,"caption":"HAZ"},"image":{"@id":"https:\/\/haz.hr\/#\/schema\/logo\/image\/"}},{"@type":"Person","@id":"https:\/\/haz.hr\/#\/schema\/person\/438892ce514665613f7cd5bb7a19213a","name":"JT-design","image":{"@type":"ImageObject","inLanguage":"en-GB","@id":"https:\/\/haz.hr\/#\/schema\/person\/image\/","url":"https:\/\/secure.gravatar.com\/avatar\/0032728fc07181d052d653eb6ce26d3ff30f5b1c7d867e6fb82eb66a6fc50646?s=96&d=mm&r=g","contentUrl":"https:\/\/secure.gravatar.com\/avatar\/0032728fc07181d052d653eb6ce26d3ff30f5b1c7d867e6fb82eb66a6fc50646?s=96&d=mm&r=g","caption":"JT-design"},"sameAs":["https:\/\/haz.hr"],"url":"https:\/\/haz.hr\/en\/author\/jt-design\/"}]}},"_links":{"self":[{"href":"https:\/\/haz.hr\/en\/wp-json\/wp\/v2\/posts\/2396","targetHints":{"allow":["GET"]}}],"collection":[{"href":"https:\/\/haz.hr\/en\/wp-json\/wp\/v2\/posts"}],"about":[{"href":"https:\/\/haz.hr\/en\/wp-json\/wp\/v2\/types\/post"}],"author":[{"embeddable":true,"href":"https:\/\/haz.hr\/en\/wp-json\/wp\/v2\/users\/1"}],"replies":[{"embeddable":true,"href":"https:\/\/haz.hr\/en\/wp-json\/wp\/v2\/comments?post=2396"}],"version-history":[{"count":1,"href":"https:\/\/haz.hr\/en\/wp-json\/wp\/v2\/posts\/2396\/revisions"}],"predecessor-version":[{"id":2459,"href":"https:\/\/haz.hr\/en\/wp-json\/wp\/v2\/posts\/2396\/revisions\/2459"}],"wp:featuredmedia":[{"embeddable":true,"href":"https:\/\/haz.hr\/en\/wp-json\/wp\/v2\/media\/2312"}],"wp:attachment":[{"href":"https:\/\/haz.hr\/en\/wp-json\/wp\/v2\/media?parent=2396"}],"wp:term":[{"taxonomy":"category","embeddable":true,"href":"https:\/\/haz.hr\/en\/wp-json\/wp\/v2\/categories?post=2396"},{"taxonomy":"post_tag","embeddable":true,"href":"https:\/\/haz.hr\/en\/wp-json\/wp\/v2\/tags?post=2396"}],"curies":[{"name":"wp","href":"https:\/\/api.w.org\/{rel}","templated":true}]}}