{"id":2397,"date":"2018-04-09T00:00:40","date_gmt":"2018-04-08T22:00:40","guid":{"rendered":"http:\/\/haz.hr\/?p=336"},"modified":"2018-04-09T00:00:40","modified_gmt":"2018-04-08T22:00:40","slug":"kratka-povijest-medunarodnih-odnosa-haz-a-u-eds-u-1994-2013","status":"publish","type":"post","link":"https:\/\/haz.hr\/en\/2018\/04\/09\/kratka-povijest-medunarodnih-odnosa-haz-a-u-eds-u-1994-2013\/","title":{"rendered":"Kratka povijest me\u0111unarodnih odnosa HAZ-a u EDS-u (1994. \u2013 2013.)"},"content":{"rendered":"<p class=\"wp-block-paragraph\">Zagreb, 9.4.2018. &#8211; Hrvatska akademska zajednica osnovana je u listopadu 1990. kao prva nekomunisti\u010dka studentska organizacija nakon sloma Hrvatskog prolje\u0107a i zatvaranja studentskih vo\u0111a 1971.\/1972.<\/p>\n\n\n\n<p class=\"wp-block-paragraph\">Iste godine HAZ je pobijedio na prvim studentskim izborima na Sveu\u010dili\u0161tu u Zagrebu, a ujedno je suorganizator Prvog svjetskog sabora hrvatske mlade\u017ei koja je u travnju 1991., u KD Vatroslav Lisinski, okupio 2000 izaslanika iz vi\u0161e od 160 organizacija hrvatske mlade\u017ei sa svih kontinenta &#8211; iseljene i domovinske. Po\u010detak Domovinskog rata zaustavio je normalno djelovanje HAZ-a, mnogi studenti odlaze na boji\u0161te, a u jesen 1991. Hazovci u Osijeku osnivaju studentsku bojnu.<\/p>\n\n\n\n<p class=\"wp-block-paragraph\">Od jeseni 1992. o\u017eivljava se rad HAZ-a. Za prvog me\u0111unarodnog tajnika imenuje se Trpimira Majcana, koji vrlo predano uspostavlja kontakt s njema\u010dkom studentskom organizacijom Ring Christlich-Demokratischer Studenten (RCDS). Po njihovoj preporuci uspostavljeni su prvi odnosi s European Democrat Students (EDS). Godine 1994. HAZ po prvi puta sudjeluje na 18. EDS Summer Academy u njema\u010dkom gradu Greifswald. Trpimir je uime HAZ-ovog izaslanstva odr\u017eao izlaganje o agresiji na Hrvatsku i neu\u010dinkovitom djelovanju UNPROFOR-a. Izaslanstvo \u010dine i Goran Bradica (predsjednik HAZ-a 1994. \u2013 1995.), Krunoslav Ga\u0161pari\u0107 (predsjednik HAZ-a 1995. \u2013 1997. i saborski zastupnik 2000. \u2013 2003.) te osje\u010dki hazovac Tihomir \u017divi\u0107, danas docent na Odjelu za kulturologiju Sveu\u010dili\u0161ta u Osijeku. U Greifswaldu je HAZ primljen u status promatra\u010da, a 1995. za pridru\u017eenog \u010dlana.<\/p>\n\n\n\n<p class=\"wp-block-paragraph\">Od 1996. Trpimira Majcana naslje\u0111uje Ivana \u0160imi\u0107 (danas Bratani\u0107), koja je bila me\u0111unarodna tajnica do 1997., a zatim me\u0111unarodne odnose preuzima Iva Kralj. Godine 1997. HAZ postaje punopravna \u010dlanica EDS-a. Izaslanstvo \u010dini \u010dak 7 hazovaca na \u010delu s nacionalnim predsjednikom Krunoslavom Ga\u0161pari\u0107em, a ostali \u010dlanovi su Kre\u0161imir Mihali\u0107 (predsjednik HAZ-a 1997. \u2013 2002.), Ivana \u0160imi\u0107, Ante Bari\u0161i\u0107 (predsjednik sveu\u010dili\u0161ne organizacije HAZ-a Zagreb &#8211; danas ugledni oftalmolog), Marijo Jelu\u0161i\u0107, Petar Oliver \u0106uri\u0107 i pok. Mario Cika\u010d.<\/p>\n\n\n\n<p class=\"wp-block-paragraph\">HAZ intenzivno sura\u0111uje s EDS-om i bilateralno sa studentskim organizacijama poput RCDS-a, austrijskog AktionsGemeinschaft i drugima. U rujnu 1997. na Council Meetingu u Londonu uspostavlja odnose s britanskim mladim konzervativcima. Ante Bari\u0161i\u0107, Ivana \u0160imi\u0107, Iva Kralj te Petar Bani\u0107 (predsjednik HAZ-a Rijeke) predstavljaju HAZ na Winter University u Bruxellesu. Godine 1998. na Summer University u Be\u010du nazo\u010dno je izaslanstvo osmero hazovaca. Uz vo\u0111e delegacije, Bari\u0161i\u0107a, legendarni glavni tajnik Antonio Sesar (danas ugledni kirurg na Sveu\u010dili\u0161noj bolnici u Mostaru), Iva Kralj, Petar Bani\u0107, Claudija Milardovi\u0107. U timu po prvi puta sudjeluju predstavnici HAZBiH, njezin predsjednik Ante Mi\u0161eti\u0107, me\u0111unarodni tajnik \u017delimir Marki\u0107 i Marko Bevanda.<\/p>\n\n\n\n<p class=\"wp-block-paragraph\">HAZ je u lipnju 1999. bio doma\u0107in EDS Council Meeting u Dubrovniku te ponovno 2003. na Summer University u Zagrebu i Zadru. Uz Bari\u0161i\u0107a, u u\u017eoj organizaciji sudjelovao je Zrinko \u010custonja (danas predsjednik Sveu\u010dili\u0161nog saveza sportova Hrvatske). Davorka Herman (Mahe\u010di\u0107) koja je me\u0111unarodna tajnica od 1999., a 2003. izabrana je za dopredsjednicu EDS-a i time postala prva Hrvatica koja je du\u017enosnik ove najve\u0107e europske studentske organizacije! Davorka je danas ugledna specijalistica interne medicine, subspecijalist endokrinologije i dijabetologije. Ina\u010de, HAZ je na Medicinskom fakultetu Sveu\u010dili\u0161ta u Zagrebu imao je svoju sna\u017enu &#8220;utvrdu&#8221; &#8211; vrlo agilnu i sna\u017enu organizaciju. HAZ je od 2003. \u2013 2011. imao ukupno tri dopredsjednika EDS-a, uz Davorku, 2006. i 2007. na dva mandata izabran je Ivan Gereci te 2009. i 2010. na daljnja dva mandata ovu du\u017enost obna\u0161ao je glavni tajnik HAZ-a Matija Magerl.<\/p>","protected":false},"excerpt":{"rendered":"<p>Zagreb, 9.4.2018. &#8211; Hrvatska akademska zajednica osnovana je u listopadu 1990. kao prva nekomunisti\u010dka studentska organizacija nakon sloma Hrvatskog prolje\u0107a i zatvaranja studentskih vo\u0111a 1971.\/1972. Iste godine HAZ je pobijedio [&hellip;]<\/p>\n","protected":false},"author":1,"featured_media":337,"comment_status":"closed","ping_status":"open","sticky":false,"template":"","format":"standard","meta":{"footnotes":""},"categories":[14],"tags":[],"class_list":["post-2397","post","type-post","status-publish","format-standard","has-post-thumbnail","hentry","category-haz-novosti"],"yoast_head":"<!-- This site is optimized with the Yoast SEO plugin v23.7 - https:\/\/yoast.com\/wordpress\/plugins\/seo\/ -->\n<title>Kratka povijest me\u0111unarodnih odnosa HAZ-a u EDS-u (1994. \u2013 2013.) - HAZ<\/title>\n<meta name=\"robots\" content=\"index, follow, max-snippet:-1, max-image-preview:large, max-video-preview:-1\" \/>\n<link rel=\"canonical\" href=\"https:\/\/haz.hr\/en\/2018\/04\/09\/kratka-povijest-medunarodnih-odnosa-haz-a-u-eds-u-1994-2013\/\" \/>\n<meta property=\"og:locale\" content=\"en_GB\" \/>\n<meta property=\"og:type\" content=\"article\" \/>\n<meta property=\"og:title\" content=\"Kratka povijest me\u0111unarodnih odnosa HAZ-a u EDS-u (1994. \u2013 2013.) - HAZ\" \/>\n<meta property=\"og:description\" content=\"Zagreb, 9.4.2018. &#8211; Hrvatska akademska zajednica osnovana je u listopadu 1990. kao prva nekomunisti\u010dka studentska organizacija nakon sloma Hrvatskog prolje\u0107a i zatvaranja studentskih vo\u0111a 1971.\/1972. Iste godine HAZ je pobijedio [&hellip;]\" \/>\n<meta property=\"og:url\" content=\"https:\/\/haz.hr\/en\/2018\/04\/09\/kratka-povijest-medunarodnih-odnosa-haz-a-u-eds-u-1994-2013\/\" \/>\n<meta property=\"og:site_name\" content=\"HAZ\" \/>\n<meta property=\"article:published_time\" content=\"2018-04-08T22:00:40+00:00\" \/>\n<meta property=\"og:image\" content=\"https:\/\/haz.hr\/wp-content\/uploads\/2022\/12\/HAZ_obrazovanje_i_poduzetnistvo_naslovna.jpg\" \/>\n\t<meta property=\"og:image:width\" content=\"1920\" \/>\n\t<meta property=\"og:image:height\" content=\"1280\" \/>\n\t<meta property=\"og:image:type\" content=\"image\/jpeg\" \/>\n<meta name=\"author\" content=\"JT-design\" \/>\n<meta name=\"twitter:card\" content=\"summary_large_image\" \/>\n<meta name=\"twitter:label1\" content=\"Written by\" \/>\n\t<meta name=\"twitter:data1\" content=\"JT-design\" \/>\n\t<meta name=\"twitter:label2\" content=\"Est. reading time\" \/>\n\t<meta name=\"twitter:data2\" content=\"3 minutes\" \/>\n<script type=\"application\/ld+json\" class=\"yoast-schema-graph\">{\"@context\":\"https:\/\/schema.org\",\"@graph\":[{\"@type\":\"Article\",\"@id\":\"https:\/\/haz.hr\/2018\/04\/09\/kratka-povijest-medunarodnih-odnosa-haz-a-u-eds-u-1994-2013\/#article\",\"isPartOf\":{\"@id\":\"https:\/\/haz.hr\/2018\/04\/09\/kratka-povijest-medunarodnih-odnosa-haz-a-u-eds-u-1994-2013\/\"},\"author\":{\"name\":\"JT-design\",\"@id\":\"https:\/\/haz.hr\/#\/schema\/person\/438892ce514665613f7cd5bb7a19213a\"},\"headline\":\"Kratka povijest me\u0111unarodnih odnosa HAZ-a u EDS-u (1994. \u2013 2013.)\",\"datePublished\":\"2018-04-08T22:00:40+00:00\",\"dateModified\":\"2018-04-08T22:00:40+00:00\",\"mainEntityOfPage\":{\"@id\":\"https:\/\/haz.hr\/2018\/04\/09\/kratka-povijest-medunarodnih-odnosa-haz-a-u-eds-u-1994-2013\/\"},\"wordCount\":560,\"publisher\":{\"@id\":\"https:\/\/haz.hr\/#organization\"},\"image\":{\"@id\":\"https:\/\/haz.hr\/2018\/04\/09\/kratka-povijest-medunarodnih-odnosa-haz-a-u-eds-u-1994-2013\/#primaryimage\"},\"thumbnailUrl\":\"https:\/\/haz.hr\/wp-content\/uploads\/2022\/12\/HAZ_obrazovanje_i_poduzetnistvo_naslovna.jpg\",\"articleSection\":[\"HAZ novosti\"],\"inLanguage\":\"en-GB\"},{\"@type\":\"WebPage\",\"@id\":\"https:\/\/haz.hr\/2018\/04\/09\/kratka-povijest-medunarodnih-odnosa-haz-a-u-eds-u-1994-2013\/\",\"url\":\"https:\/\/haz.hr\/2018\/04\/09\/kratka-povijest-medunarodnih-odnosa-haz-a-u-eds-u-1994-2013\/\",\"name\":\"Kratka povijest me\u0111unarodnih odnosa HAZ-a u EDS-u (1994. \u2013 2013.) - HAZ\",\"isPartOf\":{\"@id\":\"https:\/\/haz.hr\/#website\"},\"primaryImageOfPage\":{\"@id\":\"https:\/\/haz.hr\/2018\/04\/09\/kratka-povijest-medunarodnih-odnosa-haz-a-u-eds-u-1994-2013\/#primaryimage\"},\"image\":{\"@id\":\"https:\/\/haz.hr\/2018\/04\/09\/kratka-povijest-medunarodnih-odnosa-haz-a-u-eds-u-1994-2013\/#primaryimage\"},\"thumbnailUrl\":\"https:\/\/haz.hr\/wp-content\/uploads\/2022\/12\/HAZ_obrazovanje_i_poduzetnistvo_naslovna.jpg\",\"datePublished\":\"2018-04-08T22:00:40+00:00\",\"dateModified\":\"2018-04-08T22:00:40+00:00\",\"breadcrumb\":{\"@id\":\"https:\/\/haz.hr\/2018\/04\/09\/kratka-povijest-medunarodnih-odnosa-haz-a-u-eds-u-1994-2013\/#breadcrumb\"},\"inLanguage\":\"en-GB\",\"potentialAction\":[{\"@type\":\"ReadAction\",\"target\":[\"https:\/\/haz.hr\/2018\/04\/09\/kratka-povijest-medunarodnih-odnosa-haz-a-u-eds-u-1994-2013\/\"]}]},{\"@type\":\"ImageObject\",\"inLanguage\":\"en-GB\",\"@id\":\"https:\/\/haz.hr\/2018\/04\/09\/kratka-povijest-medunarodnih-odnosa-haz-a-u-eds-u-1994-2013\/#primaryimage\",\"url\":\"https:\/\/haz.hr\/wp-content\/uploads\/2022\/12\/HAZ_obrazovanje_i_poduzetnistvo_naslovna.jpg\",\"contentUrl\":\"https:\/\/haz.hr\/wp-content\/uploads\/2022\/12\/HAZ_obrazovanje_i_poduzetnistvo_naslovna.jpg\",\"width\":1920,\"height\":1280},{\"@type\":\"BreadcrumbList\",\"@id\":\"https:\/\/haz.hr\/2018\/04\/09\/kratka-povijest-medunarodnih-odnosa-haz-a-u-eds-u-1994-2013\/#breadcrumb\",\"itemListElement\":[{\"@type\":\"ListItem\",\"position\":1,\"name\":\"Home\",\"item\":\"https:\/\/haz.hr\/\"},{\"@type\":\"ListItem\",\"position\":2,\"name\":\"Kratka povijest me\u0111unarodnih odnosa HAZ-a u EDS-u (1994. \u2013 2013.)\"}]},{\"@type\":\"WebSite\",\"@id\":\"https:\/\/haz.hr\/#website\",\"url\":\"https:\/\/haz.hr\/\",\"name\":\"HAZ\",\"description\":\"Hrvatska akademska zajednica\",\"publisher\":{\"@id\":\"https:\/\/haz.hr\/#organization\"},\"potentialAction\":[{\"@type\":\"SearchAction\",\"target\":{\"@type\":\"EntryPoint\",\"urlTemplate\":\"https:\/\/haz.hr\/?s={search_term_string}\"},\"query-input\":{\"@type\":\"PropertyValueSpecification\",\"valueRequired\":true,\"valueName\":\"search_term_string\"}}],\"inLanguage\":\"en-GB\"},{\"@type\":\"Organization\",\"@id\":\"https:\/\/haz.hr\/#organization\",\"name\":\"HAZ\",\"url\":\"https:\/\/haz.hr\/\",\"logo\":{\"@type\":\"ImageObject\",\"inLanguage\":\"en-GB\",\"@id\":\"https:\/\/haz.hr\/#\/schema\/logo\/image\/\",\"url\":\"https:\/\/haz.hr\/wp-content\/uploads\/2022\/12\/cropped-HAZ_logo.png\",\"contentUrl\":\"https:\/\/haz.hr\/wp-content\/uploads\/2022\/12\/cropped-HAZ_logo.png\",\"width\":125,\"height\":76,\"caption\":\"HAZ\"},\"image\":{\"@id\":\"https:\/\/haz.hr\/#\/schema\/logo\/image\/\"}},{\"@type\":\"Person\",\"@id\":\"https:\/\/haz.hr\/#\/schema\/person\/438892ce514665613f7cd5bb7a19213a\",\"name\":\"JT-design\",\"image\":{\"@type\":\"ImageObject\",\"inLanguage\":\"en-GB\",\"@id\":\"https:\/\/haz.hr\/#\/schema\/person\/image\/\",\"url\":\"https:\/\/secure.gravatar.com\/avatar\/0032728fc07181d052d653eb6ce26d3ff30f5b1c7d867e6fb82eb66a6fc50646?s=96&d=mm&r=g\",\"contentUrl\":\"https:\/\/secure.gravatar.com\/avatar\/0032728fc07181d052d653eb6ce26d3ff30f5b1c7d867e6fb82eb66a6fc50646?s=96&d=mm&r=g\",\"caption\":\"JT-design\"},\"sameAs\":[\"https:\/\/haz.hr\"],\"url\":\"https:\/\/haz.hr\/en\/author\/jt-design\/\"}]}<\/script>\n<!-- \/ Yoast SEO plugin. -->","yoast_head_json":{"title":"Kratka povijest me\u0111unarodnih odnosa HAZ-a u EDS-u (1994. \u2013 2013.) - HAZ","robots":{"index":"index","follow":"follow","max-snippet":"max-snippet:-1","max-image-preview":"max-image-preview:large","max-video-preview":"max-video-preview:-1"},"canonical":"https:\/\/haz.hr\/en\/2018\/04\/09\/kratka-povijest-medunarodnih-odnosa-haz-a-u-eds-u-1994-2013\/","og_locale":"en_GB","og_type":"article","og_title":"Kratka povijest me\u0111unarodnih odnosa HAZ-a u EDS-u (1994. \u2013 2013.) - HAZ","og_description":"Zagreb, 9.4.2018. &#8211; Hrvatska akademska zajednica osnovana je u listopadu 1990. kao prva nekomunisti\u010dka studentska organizacija nakon sloma Hrvatskog prolje\u0107a i zatvaranja studentskih vo\u0111a 1971.\/1972. Iste godine HAZ je pobijedio [&hellip;]","og_url":"https:\/\/haz.hr\/en\/2018\/04\/09\/kratka-povijest-medunarodnih-odnosa-haz-a-u-eds-u-1994-2013\/","og_site_name":"HAZ","article_published_time":"2018-04-08T22:00:40+00:00","og_image":[{"width":1920,"height":1280,"url":"https:\/\/haz.hr\/wp-content\/uploads\/2022\/12\/HAZ_obrazovanje_i_poduzetnistvo_naslovna.jpg","type":"image\/jpeg"}],"author":"JT-design","twitter_card":"summary_large_image","twitter_misc":{"Written by":"JT-design","Est. reading time":"3 minutes"},"schema":{"@context":"https:\/\/schema.org","@graph":[{"@type":"Article","@id":"https:\/\/haz.hr\/2018\/04\/09\/kratka-povijest-medunarodnih-odnosa-haz-a-u-eds-u-1994-2013\/#article","isPartOf":{"@id":"https:\/\/haz.hr\/2018\/04\/09\/kratka-povijest-medunarodnih-odnosa-haz-a-u-eds-u-1994-2013\/"},"author":{"name":"JT-design","@id":"https:\/\/haz.hr\/#\/schema\/person\/438892ce514665613f7cd5bb7a19213a"},"headline":"Kratka povijest me\u0111unarodnih odnosa HAZ-a u EDS-u (1994. \u2013 2013.)","datePublished":"2018-04-08T22:00:40+00:00","dateModified":"2018-04-08T22:00:40+00:00","mainEntityOfPage":{"@id":"https:\/\/haz.hr\/2018\/04\/09\/kratka-povijest-medunarodnih-odnosa-haz-a-u-eds-u-1994-2013\/"},"wordCount":560,"publisher":{"@id":"https:\/\/haz.hr\/#organization"},"image":{"@id":"https:\/\/haz.hr\/2018\/04\/09\/kratka-povijest-medunarodnih-odnosa-haz-a-u-eds-u-1994-2013\/#primaryimage"},"thumbnailUrl":"https:\/\/haz.hr\/wp-content\/uploads\/2022\/12\/HAZ_obrazovanje_i_poduzetnistvo_naslovna.jpg","articleSection":["HAZ novosti"],"inLanguage":"en-GB"},{"@type":"WebPage","@id":"https:\/\/haz.hr\/2018\/04\/09\/kratka-povijest-medunarodnih-odnosa-haz-a-u-eds-u-1994-2013\/","url":"https:\/\/haz.hr\/2018\/04\/09\/kratka-povijest-medunarodnih-odnosa-haz-a-u-eds-u-1994-2013\/","name":"Kratka povijest me\u0111unarodnih odnosa HAZ-a u EDS-u (1994. \u2013 2013.) - HAZ","isPartOf":{"@id":"https:\/\/haz.hr\/#website"},"primaryImageOfPage":{"@id":"https:\/\/haz.hr\/2018\/04\/09\/kratka-povijest-medunarodnih-odnosa-haz-a-u-eds-u-1994-2013\/#primaryimage"},"image":{"@id":"https:\/\/haz.hr\/2018\/04\/09\/kratka-povijest-medunarodnih-odnosa-haz-a-u-eds-u-1994-2013\/#primaryimage"},"thumbnailUrl":"https:\/\/haz.hr\/wp-content\/uploads\/2022\/12\/HAZ_obrazovanje_i_poduzetnistvo_naslovna.jpg","datePublished":"2018-04-08T22:00:40+00:00","dateModified":"2018-04-08T22:00:40+00:00","breadcrumb":{"@id":"https:\/\/haz.hr\/2018\/04\/09\/kratka-povijest-medunarodnih-odnosa-haz-a-u-eds-u-1994-2013\/#breadcrumb"},"inLanguage":"en-GB","potentialAction":[{"@type":"ReadAction","target":["https:\/\/haz.hr\/2018\/04\/09\/kratka-povijest-medunarodnih-odnosa-haz-a-u-eds-u-1994-2013\/"]}]},{"@type":"ImageObject","inLanguage":"en-GB","@id":"https:\/\/haz.hr\/2018\/04\/09\/kratka-povijest-medunarodnih-odnosa-haz-a-u-eds-u-1994-2013\/#primaryimage","url":"https:\/\/haz.hr\/wp-content\/uploads\/2022\/12\/HAZ_obrazovanje_i_poduzetnistvo_naslovna.jpg","contentUrl":"https:\/\/haz.hr\/wp-content\/uploads\/2022\/12\/HAZ_obrazovanje_i_poduzetnistvo_naslovna.jpg","width":1920,"height":1280},{"@type":"BreadcrumbList","@id":"https:\/\/haz.hr\/2018\/04\/09\/kratka-povijest-medunarodnih-odnosa-haz-a-u-eds-u-1994-2013\/#breadcrumb","itemListElement":[{"@type":"ListItem","position":1,"name":"Home","item":"https:\/\/haz.hr\/"},{"@type":"ListItem","position":2,"name":"Kratka povijest me\u0111unarodnih odnosa HAZ-a u EDS-u (1994. \u2013 2013.)"}]},{"@type":"WebSite","@id":"https:\/\/haz.hr\/#website","url":"https:\/\/haz.hr\/","name":"HAZ","description":"Croatian Academic Community","publisher":{"@id":"https:\/\/haz.hr\/#organization"},"potentialAction":[{"@type":"SearchAction","target":{"@type":"EntryPoint","urlTemplate":"https:\/\/haz.hr\/?s={search_term_string}"},"query-input":{"@type":"PropertyValueSpecification","valueRequired":true,"valueName":"search_term_string"}}],"inLanguage":"en-GB"},{"@type":"Organization","@id":"https:\/\/haz.hr\/#organization","name":"HAZ","url":"https:\/\/haz.hr\/","logo":{"@type":"ImageObject","inLanguage":"en-GB","@id":"https:\/\/haz.hr\/#\/schema\/logo\/image\/","url":"https:\/\/haz.hr\/wp-content\/uploads\/2022\/12\/cropped-HAZ_logo.png","contentUrl":"https:\/\/haz.hr\/wp-content\/uploads\/2022\/12\/cropped-HAZ_logo.png","width":125,"height":76,"caption":"HAZ"},"image":{"@id":"https:\/\/haz.hr\/#\/schema\/logo\/image\/"}},{"@type":"Person","@id":"https:\/\/haz.hr\/#\/schema\/person\/438892ce514665613f7cd5bb7a19213a","name":"JT-design","image":{"@type":"ImageObject","inLanguage":"en-GB","@id":"https:\/\/haz.hr\/#\/schema\/person\/image\/","url":"https:\/\/secure.gravatar.com\/avatar\/0032728fc07181d052d653eb6ce26d3ff30f5b1c7d867e6fb82eb66a6fc50646?s=96&d=mm&r=g","contentUrl":"https:\/\/secure.gravatar.com\/avatar\/0032728fc07181d052d653eb6ce26d3ff30f5b1c7d867e6fb82eb66a6fc50646?s=96&d=mm&r=g","caption":"JT-design"},"sameAs":["https:\/\/haz.hr"],"url":"https:\/\/haz.hr\/en\/author\/jt-design\/"}]}},"_links":{"self":[{"href":"https:\/\/haz.hr\/en\/wp-json\/wp\/v2\/posts\/2397","targetHints":{"allow":["GET"]}}],"collection":[{"href":"https:\/\/haz.hr\/en\/wp-json\/wp\/v2\/posts"}],"about":[{"href":"https:\/\/haz.hr\/en\/wp-json\/wp\/v2\/types\/post"}],"author":[{"embeddable":true,"href":"https:\/\/haz.hr\/en\/wp-json\/wp\/v2\/users\/1"}],"replies":[{"embeddable":true,"href":"https:\/\/haz.hr\/en\/wp-json\/wp\/v2\/comments?post=2397"}],"version-history":[{"count":0,"href":"https:\/\/haz.hr\/en\/wp-json\/wp\/v2\/posts\/2397\/revisions"}],"wp:featuredmedia":[{"embeddable":true,"href":"https:\/\/haz.hr\/en\/wp-json\/wp\/v2\/media\/337"}],"wp:attachment":[{"href":"https:\/\/haz.hr\/en\/wp-json\/wp\/v2\/media?parent=2397"}],"wp:term":[{"taxonomy":"category","embeddable":true,"href":"https:\/\/haz.hr\/en\/wp-json\/wp\/v2\/categories?post=2397"},{"taxonomy":"post_tag","embeddable":true,"href":"https:\/\/haz.hr\/en\/wp-json\/wp\/v2\/tags?post=2397"}],"curies":[{"name":"wp","href":"https:\/\/api.w.org\/{rel}","templated":true}]}}