{"id":2400,"date":"2018-03-14T00:00:06","date_gmt":"2018-03-13T23:00:06","guid":{"rendered":"http:\/\/haz.hr\/?p=345"},"modified":"2023-02-09T13:15:09","modified_gmt":"2023-02-09T13:15:09","slug":"karlo-kolesar-imenovan-medunarodnim-tajnikom-a-drazen-opalic-riznicarom-haz-a","status":"publish","type":"post","link":"https:\/\/haz.hr\/en\/2018\/03\/14\/karlo-kolesar-imenovan-medunarodnim-tajnikom-a-drazen-opalic-riznicarom-haz-a\/","title":{"rendered":"Karlo Kolesar imenovan me\u0111unarodnim tajnikom, a Dra\u017een Opali\u0107 rizni\u010darom HAZ-a"},"content":{"rendered":"<p class=\"wp-block-paragraph\">Zagreb, 14.3.2018. &#8211; Na sjednici Glavnog odbora Hrvatske akademske zajednice prihva\u0107eno je izvje\u0161\u0107e o radu za godinu 2017.&nbsp; Glavni tajnik HAZ-a Luka Radi\u0107 izvijestio je o stanju \u010dlanstva udruge. Ve\u0107inu \u010dlanova \u010dine studenti sa Sveu\u010dili\u0161ta u Zagreba, najvi\u0161e \u010dlanova upisano je na Ekonomskom i Pravnom fakultetu. HAZ izvan Zagreba okuplja studente u Osijeku i Splitu. Trenutno ima 24 studentska povjerenika na sveu\u010dili\u0161tima, fakultetima, veleu\u010dili\u0161tima i visokim \u0161kolama. HAZ u Zagrebu ima 17 povjerenika koji predstavljaju HAZ na zagreba\u010dkim visokim u\u010dili\u0161tima i njihovim sastavnicama.<\/p>\n\n\n\n<p class=\"wp-block-paragraph\">Od alumni \u010dlanova, gotovo 90% njih bili su aktivni u studentskoj organizaciji i\/ili politi\u010dkom podmlatku tijekom prvih deset godina stvaranja hrvatske dr\u017eave 1989. \u2013 1999. Snaga Hrvatske akademske zajednice jest upravo u tome \u0161to okuplja studente, ali i akademske gra\u0111ane koji imaju razvidne profesionalne karijere. Me\u0111u \u010detvero osniva\u010da HAZ-a iz 1990. svi su \u010dlanovi Akademskog savjeta HAZ-a, kao i \u0161estero od sedmero biv\u0161ih predsjednika na\u0161e udruge. Akademski savjet \u010dini 37 alumni \u010dlanova, a akademsko krilo ima vlastitu organizaciju za ju\u017enu Hrvatsku u Splitu.<\/p>\n\n\n\n<p class=\"wp-block-paragraph\">Nacionalni dopredsjednik Karlo Kolesar podnio je izvje\u0161\u0107e o suradnji i ponovnom primitku u obitelj s European Democrat Students. Glavni odbor je zatim Karla Kolesara imenovao i za me\u0111unarodnog tajnika HAZ-a.<\/p>\n\n\n\n<p class=\"wp-block-paragraph\">Glavni odbor je odobrio aktivnosti do Sabora HAZ-a koji \u0107e se odr\u017eati u listopadu ove godine. O\u010dekuje se da \u0107e se studentska mre\u017ea i dalje \u0161iriti i da \u0107e biti potrebno redefinirati udrugu u dva autonomna podsustava. Podneseno je i financijsko izvje\u0161\u0107e i financijski plan za 2018. Za rizni\u010dara je imenovan Dra\u017een Opali\u0107. Usvojena je Odluka o \u010dlanarini za junior i senior alumni \u010dlanove, dok studenti ne pla\u0107aju \u010dlanarinu. Diplomirani \u010dlanovi mla\u0111i od 30 godina pla\u0107aju Junior Alumni \u010dlanarinu u iznosu od 50 kn, dok stariji \u010dlanovi imaju status Senior Alumni i pla\u0107aju 200 kn \u010dlanarinu. Du\u017enosnici nacionalnih tijela HAZ-a (Glavni i Nadzorni odbor) pla\u0107aju \u010dlanarinu koja iznosi 300 kn, a studentski du\u017enosnici na nacionalnoj razini 50 kn godi\u0161nje.<\/p>\n\n\n\n<p class=\"wp-block-paragraph\">U raspravi su sudjelovali Gordan Han\u017eek, Mihal &nbsp;Jaci\u0107, Petar \u0160kori\u0107, Ivica Tafra, Sara Pavi\u0107, Krunoslav Ga\u0161pari\u0107, Lidija Lu\u010di\u0107, Robert Pavi\u010di\u0107, Ciprijan Crljenko, Sara Pavi\u0107, Dr\u017eislav Br\u010di\u0107, Ante Bari\u0161i\u0107, Tomislavka Ivanda, Ljiljana \u0160egovi\u0107 Pivac, Ernest Petry, Nikica Kr\u0161ini\u0107, Petar Bezjak i Zdeslav Milas.<\/p>","protected":false},"excerpt":{"rendered":"<p>Zagreb, 14.3.2018. &#8211; Na sjednici Glavnog odbora Hrvatske akademske zajednice prihva\u0107eno je izvje\u0161\u0107e o radu za godinu 2017.&nbsp; Glavni tajnik HAZ-a Luka Radi\u0107 izvijestio je o stanju \u010dlanstva udruge. Ve\u0107inu [&hellip;]<\/p>\n","protected":false},"author":1,"featured_media":2331,"comment_status":"closed","ping_status":"open","sticky":false,"template":"","format":"standard","meta":{"footnotes":""},"categories":[14],"tags":[],"class_list":["post-2400","post","type-post","status-publish","format-standard","has-post-thumbnail","hentry","category-haz-novosti"],"yoast_head":"<!-- This site is optimized with the Yoast SEO plugin v23.7 - https:\/\/yoast.com\/wordpress\/plugins\/seo\/ -->\n<title>Karlo Kolesar imenovan me\u0111unarodnim tajnikom, a Dra\u017een Opali\u0107 rizni\u010darom HAZ-a - HAZ<\/title>\n<meta name=\"robots\" content=\"index, follow, max-snippet:-1, max-image-preview:large, max-video-preview:-1\" \/>\n<link rel=\"canonical\" href=\"https:\/\/haz.hr\/en\/2018\/03\/14\/karlo-kolesar-imenovan-medunarodnim-tajnikom-a-drazen-opalic-riznicarom-haz-a\/\" \/>\n<meta property=\"og:locale\" content=\"en_GB\" \/>\n<meta property=\"og:type\" content=\"article\" \/>\n<meta property=\"og:title\" content=\"Karlo Kolesar imenovan me\u0111unarodnim tajnikom, a Dra\u017een Opali\u0107 rizni\u010darom HAZ-a - HAZ\" \/>\n<meta property=\"og:description\" content=\"Zagreb, 14.3.2018. &#8211; Na sjednici Glavnog odbora Hrvatske akademske zajednice prihva\u0107eno je izvje\u0161\u0107e o radu za godinu 2017.&nbsp; Glavni tajnik HAZ-a Luka Radi\u0107 izvijestio je o stanju \u010dlanstva udruge. Ve\u0107inu [&hellip;]\" \/>\n<meta property=\"og:url\" content=\"https:\/\/haz.hr\/en\/2018\/03\/14\/karlo-kolesar-imenovan-medunarodnim-tajnikom-a-drazen-opalic-riznicarom-haz-a\/\" \/>\n<meta property=\"og:site_name\" content=\"HAZ\" \/>\n<meta property=\"article:published_time\" content=\"2018-03-13T23:00:06+00:00\" \/>\n<meta property=\"article:modified_time\" content=\"2023-02-09T13:15:09+00:00\" \/>\n<meta property=\"og:image\" content=\"https:\/\/haz.hr\/wp-content\/uploads\/2018\/04\/glavni_HAZ.jpg\" \/>\n\t<meta property=\"og:image:width\" content=\"601\" \/>\n\t<meta property=\"og:image:height\" content=\"396\" \/>\n\t<meta property=\"og:image:type\" content=\"image\/jpeg\" \/>\n<meta name=\"author\" content=\"JT-design\" \/>\n<meta name=\"twitter:card\" content=\"summary_large_image\" \/>\n<meta name=\"twitter:label1\" content=\"Written by\" \/>\n\t<meta name=\"twitter:data1\" content=\"JT-design\" \/>\n\t<meta name=\"twitter:label2\" content=\"Est. reading time\" \/>\n\t<meta name=\"twitter:data2\" content=\"2 minutes\" \/>\n<script type=\"application\/ld+json\" class=\"yoast-schema-graph\">{\"@context\":\"https:\/\/schema.org\",\"@graph\":[{\"@type\":\"Article\",\"@id\":\"https:\/\/haz.hr\/2018\/03\/14\/karlo-kolesar-imenovan-medunarodnim-tajnikom-a-drazen-opalic-riznicarom-haz-a\/#article\",\"isPartOf\":{\"@id\":\"https:\/\/haz.hr\/2018\/03\/14\/karlo-kolesar-imenovan-medunarodnim-tajnikom-a-drazen-opalic-riznicarom-haz-a\/\"},\"author\":{\"name\":\"JT-design\",\"@id\":\"https:\/\/haz.hr\/#\/schema\/person\/438892ce514665613f7cd5bb7a19213a\"},\"headline\":\"Karlo Kolesar imenovan me\u0111unarodnim tajnikom, a Dra\u017een Opali\u0107 rizni\u010darom HAZ-a\",\"datePublished\":\"2018-03-13T23:00:06+00:00\",\"dateModified\":\"2023-02-09T13:15:09+00:00\",\"mainEntityOfPage\":{\"@id\":\"https:\/\/haz.hr\/2018\/03\/14\/karlo-kolesar-imenovan-medunarodnim-tajnikom-a-drazen-opalic-riznicarom-haz-a\/\"},\"wordCount\":402,\"publisher\":{\"@id\":\"https:\/\/haz.hr\/#organization\"},\"image\":{\"@id\":\"https:\/\/haz.hr\/2018\/03\/14\/karlo-kolesar-imenovan-medunarodnim-tajnikom-a-drazen-opalic-riznicarom-haz-a\/#primaryimage\"},\"thumbnailUrl\":\"https:\/\/haz.hr\/wp-content\/uploads\/2018\/04\/glavni_HAZ.jpg\",\"articleSection\":[\"HAZ novosti\"],\"inLanguage\":\"en-GB\"},{\"@type\":\"WebPage\",\"@id\":\"https:\/\/haz.hr\/2018\/03\/14\/karlo-kolesar-imenovan-medunarodnim-tajnikom-a-drazen-opalic-riznicarom-haz-a\/\",\"url\":\"https:\/\/haz.hr\/2018\/03\/14\/karlo-kolesar-imenovan-medunarodnim-tajnikom-a-drazen-opalic-riznicarom-haz-a\/\",\"name\":\"Karlo Kolesar imenovan me\u0111unarodnim tajnikom, a Dra\u017een Opali\u0107 rizni\u010darom HAZ-a - HAZ\",\"isPartOf\":{\"@id\":\"https:\/\/haz.hr\/#website\"},\"primaryImageOfPage\":{\"@id\":\"https:\/\/haz.hr\/2018\/03\/14\/karlo-kolesar-imenovan-medunarodnim-tajnikom-a-drazen-opalic-riznicarom-haz-a\/#primaryimage\"},\"image\":{\"@id\":\"https:\/\/haz.hr\/2018\/03\/14\/karlo-kolesar-imenovan-medunarodnim-tajnikom-a-drazen-opalic-riznicarom-haz-a\/#primaryimage\"},\"thumbnailUrl\":\"https:\/\/haz.hr\/wp-content\/uploads\/2018\/04\/glavni_HAZ.jpg\",\"datePublished\":\"2018-03-13T23:00:06+00:00\",\"dateModified\":\"2023-02-09T13:15:09+00:00\",\"breadcrumb\":{\"@id\":\"https:\/\/haz.hr\/2018\/03\/14\/karlo-kolesar-imenovan-medunarodnim-tajnikom-a-drazen-opalic-riznicarom-haz-a\/#breadcrumb\"},\"inLanguage\":\"en-GB\",\"potentialAction\":[{\"@type\":\"ReadAction\",\"target\":[\"https:\/\/haz.hr\/2018\/03\/14\/karlo-kolesar-imenovan-medunarodnim-tajnikom-a-drazen-opalic-riznicarom-haz-a\/\"]}]},{\"@type\":\"ImageObject\",\"inLanguage\":\"en-GB\",\"@id\":\"https:\/\/haz.hr\/2018\/03\/14\/karlo-kolesar-imenovan-medunarodnim-tajnikom-a-drazen-opalic-riznicarom-haz-a\/#primaryimage\",\"url\":\"https:\/\/haz.hr\/wp-content\/uploads\/2018\/04\/glavni_HAZ.jpg\",\"contentUrl\":\"https:\/\/haz.hr\/wp-content\/uploads\/2018\/04\/glavni_HAZ.jpg\",\"width\":601,\"height\":396,\"caption\":\"\"},{\"@type\":\"BreadcrumbList\",\"@id\":\"https:\/\/haz.hr\/2018\/03\/14\/karlo-kolesar-imenovan-medunarodnim-tajnikom-a-drazen-opalic-riznicarom-haz-a\/#breadcrumb\",\"itemListElement\":[{\"@type\":\"ListItem\",\"position\":1,\"name\":\"Home\",\"item\":\"https:\/\/haz.hr\/\"},{\"@type\":\"ListItem\",\"position\":2,\"name\":\"Karlo Kolesar imenovan me\u0111unarodnim tajnikom, a Dra\u017een Opali\u0107 rizni\u010darom HAZ-a\"}]},{\"@type\":\"WebSite\",\"@id\":\"https:\/\/haz.hr\/#website\",\"url\":\"https:\/\/haz.hr\/\",\"name\":\"HAZ\",\"description\":\"Hrvatska akademska zajednica\",\"publisher\":{\"@id\":\"https:\/\/haz.hr\/#organization\"},\"potentialAction\":[{\"@type\":\"SearchAction\",\"target\":{\"@type\":\"EntryPoint\",\"urlTemplate\":\"https:\/\/haz.hr\/?s={search_term_string}\"},\"query-input\":{\"@type\":\"PropertyValueSpecification\",\"valueRequired\":true,\"valueName\":\"search_term_string\"}}],\"inLanguage\":\"en-GB\"},{\"@type\":\"Organization\",\"@id\":\"https:\/\/haz.hr\/#organization\",\"name\":\"HAZ\",\"url\":\"https:\/\/haz.hr\/\",\"logo\":{\"@type\":\"ImageObject\",\"inLanguage\":\"en-GB\",\"@id\":\"https:\/\/haz.hr\/#\/schema\/logo\/image\/\",\"url\":\"https:\/\/haz.hr\/wp-content\/uploads\/2022\/12\/cropped-HAZ_logo.png\",\"contentUrl\":\"https:\/\/haz.hr\/wp-content\/uploads\/2022\/12\/cropped-HAZ_logo.png\",\"width\":125,\"height\":76,\"caption\":\"HAZ\"},\"image\":{\"@id\":\"https:\/\/haz.hr\/#\/schema\/logo\/image\/\"}},{\"@type\":\"Person\",\"@id\":\"https:\/\/haz.hr\/#\/schema\/person\/438892ce514665613f7cd5bb7a19213a\",\"name\":\"JT-design\",\"image\":{\"@type\":\"ImageObject\",\"inLanguage\":\"en-GB\",\"@id\":\"https:\/\/haz.hr\/#\/schema\/person\/image\/\",\"url\":\"https:\/\/secure.gravatar.com\/avatar\/0032728fc07181d052d653eb6ce26d3ff30f5b1c7d867e6fb82eb66a6fc50646?s=96&d=mm&r=g\",\"contentUrl\":\"https:\/\/secure.gravatar.com\/avatar\/0032728fc07181d052d653eb6ce26d3ff30f5b1c7d867e6fb82eb66a6fc50646?s=96&d=mm&r=g\",\"caption\":\"JT-design\"},\"sameAs\":[\"https:\/\/haz.hr\"],\"url\":\"https:\/\/haz.hr\/en\/author\/jt-design\/\"}]}<\/script>\n<!-- \/ Yoast SEO plugin. -->","yoast_head_json":{"title":"Karlo Kolesar imenovan me\u0111unarodnim tajnikom, a Dra\u017een Opali\u0107 rizni\u010darom HAZ-a - HAZ","robots":{"index":"index","follow":"follow","max-snippet":"max-snippet:-1","max-image-preview":"max-image-preview:large","max-video-preview":"max-video-preview:-1"},"canonical":"https:\/\/haz.hr\/en\/2018\/03\/14\/karlo-kolesar-imenovan-medunarodnim-tajnikom-a-drazen-opalic-riznicarom-haz-a\/","og_locale":"en_GB","og_type":"article","og_title":"Karlo Kolesar imenovan me\u0111unarodnim tajnikom, a Dra\u017een Opali\u0107 rizni\u010darom HAZ-a - HAZ","og_description":"Zagreb, 14.3.2018. &#8211; Na sjednici Glavnog odbora Hrvatske akademske zajednice prihva\u0107eno je izvje\u0161\u0107e o radu za godinu 2017.&nbsp; Glavni tajnik HAZ-a Luka Radi\u0107 izvijestio je o stanju \u010dlanstva udruge. Ve\u0107inu [&hellip;]","og_url":"https:\/\/haz.hr\/en\/2018\/03\/14\/karlo-kolesar-imenovan-medunarodnim-tajnikom-a-drazen-opalic-riznicarom-haz-a\/","og_site_name":"HAZ","article_published_time":"2018-03-13T23:00:06+00:00","article_modified_time":"2023-02-09T13:15:09+00:00","og_image":[{"width":601,"height":396,"url":"https:\/\/haz.hr\/wp-content\/uploads\/2018\/04\/glavni_HAZ.jpg","type":"image\/jpeg"}],"author":"JT-design","twitter_card":"summary_large_image","twitter_misc":{"Written by":"JT-design","Est. reading time":"2 minutes"},"schema":{"@context":"https:\/\/schema.org","@graph":[{"@type":"Article","@id":"https:\/\/haz.hr\/2018\/03\/14\/karlo-kolesar-imenovan-medunarodnim-tajnikom-a-drazen-opalic-riznicarom-haz-a\/#article","isPartOf":{"@id":"https:\/\/haz.hr\/2018\/03\/14\/karlo-kolesar-imenovan-medunarodnim-tajnikom-a-drazen-opalic-riznicarom-haz-a\/"},"author":{"name":"JT-design","@id":"https:\/\/haz.hr\/#\/schema\/person\/438892ce514665613f7cd5bb7a19213a"},"headline":"Karlo Kolesar imenovan me\u0111unarodnim tajnikom, a Dra\u017een Opali\u0107 rizni\u010darom HAZ-a","datePublished":"2018-03-13T23:00:06+00:00","dateModified":"2023-02-09T13:15:09+00:00","mainEntityOfPage":{"@id":"https:\/\/haz.hr\/2018\/03\/14\/karlo-kolesar-imenovan-medunarodnim-tajnikom-a-drazen-opalic-riznicarom-haz-a\/"},"wordCount":402,"publisher":{"@id":"https:\/\/haz.hr\/#organization"},"image":{"@id":"https:\/\/haz.hr\/2018\/03\/14\/karlo-kolesar-imenovan-medunarodnim-tajnikom-a-drazen-opalic-riznicarom-haz-a\/#primaryimage"},"thumbnailUrl":"https:\/\/haz.hr\/wp-content\/uploads\/2018\/04\/glavni_HAZ.jpg","articleSection":["HAZ novosti"],"inLanguage":"en-GB"},{"@type":"WebPage","@id":"https:\/\/haz.hr\/2018\/03\/14\/karlo-kolesar-imenovan-medunarodnim-tajnikom-a-drazen-opalic-riznicarom-haz-a\/","url":"https:\/\/haz.hr\/2018\/03\/14\/karlo-kolesar-imenovan-medunarodnim-tajnikom-a-drazen-opalic-riznicarom-haz-a\/","name":"Karlo Kolesar imenovan me\u0111unarodnim tajnikom, a Dra\u017een Opali\u0107 rizni\u010darom HAZ-a - HAZ","isPartOf":{"@id":"https:\/\/haz.hr\/#website"},"primaryImageOfPage":{"@id":"https:\/\/haz.hr\/2018\/03\/14\/karlo-kolesar-imenovan-medunarodnim-tajnikom-a-drazen-opalic-riznicarom-haz-a\/#primaryimage"},"image":{"@id":"https:\/\/haz.hr\/2018\/03\/14\/karlo-kolesar-imenovan-medunarodnim-tajnikom-a-drazen-opalic-riznicarom-haz-a\/#primaryimage"},"thumbnailUrl":"https:\/\/haz.hr\/wp-content\/uploads\/2018\/04\/glavni_HAZ.jpg","datePublished":"2018-03-13T23:00:06+00:00","dateModified":"2023-02-09T13:15:09+00:00","breadcrumb":{"@id":"https:\/\/haz.hr\/2018\/03\/14\/karlo-kolesar-imenovan-medunarodnim-tajnikom-a-drazen-opalic-riznicarom-haz-a\/#breadcrumb"},"inLanguage":"en-GB","potentialAction":[{"@type":"ReadAction","target":["https:\/\/haz.hr\/2018\/03\/14\/karlo-kolesar-imenovan-medunarodnim-tajnikom-a-drazen-opalic-riznicarom-haz-a\/"]}]},{"@type":"ImageObject","inLanguage":"en-GB","@id":"https:\/\/haz.hr\/2018\/03\/14\/karlo-kolesar-imenovan-medunarodnim-tajnikom-a-drazen-opalic-riznicarom-haz-a\/#primaryimage","url":"https:\/\/haz.hr\/wp-content\/uploads\/2018\/04\/glavni_HAZ.jpg","contentUrl":"https:\/\/haz.hr\/wp-content\/uploads\/2018\/04\/glavni_HAZ.jpg","width":601,"height":396,"caption":""},{"@type":"BreadcrumbList","@id":"https:\/\/haz.hr\/2018\/03\/14\/karlo-kolesar-imenovan-medunarodnim-tajnikom-a-drazen-opalic-riznicarom-haz-a\/#breadcrumb","itemListElement":[{"@type":"ListItem","position":1,"name":"Home","item":"https:\/\/haz.hr\/"},{"@type":"ListItem","position":2,"name":"Karlo Kolesar imenovan me\u0111unarodnim tajnikom, a Dra\u017een Opali\u0107 rizni\u010darom HAZ-a"}]},{"@type":"WebSite","@id":"https:\/\/haz.hr\/#website","url":"https:\/\/haz.hr\/","name":"HAZ","description":"Croatian Academic Community","publisher":{"@id":"https:\/\/haz.hr\/#organization"},"potentialAction":[{"@type":"SearchAction","target":{"@type":"EntryPoint","urlTemplate":"https:\/\/haz.hr\/?s={search_term_string}"},"query-input":{"@type":"PropertyValueSpecification","valueRequired":true,"valueName":"search_term_string"}}],"inLanguage":"en-GB"},{"@type":"Organization","@id":"https:\/\/haz.hr\/#organization","name":"HAZ","url":"https:\/\/haz.hr\/","logo":{"@type":"ImageObject","inLanguage":"en-GB","@id":"https:\/\/haz.hr\/#\/schema\/logo\/image\/","url":"https:\/\/haz.hr\/wp-content\/uploads\/2022\/12\/cropped-HAZ_logo.png","contentUrl":"https:\/\/haz.hr\/wp-content\/uploads\/2022\/12\/cropped-HAZ_logo.png","width":125,"height":76,"caption":"HAZ"},"image":{"@id":"https:\/\/haz.hr\/#\/schema\/logo\/image\/"}},{"@type":"Person","@id":"https:\/\/haz.hr\/#\/schema\/person\/438892ce514665613f7cd5bb7a19213a","name":"JT-design","image":{"@type":"ImageObject","inLanguage":"en-GB","@id":"https:\/\/haz.hr\/#\/schema\/person\/image\/","url":"https:\/\/secure.gravatar.com\/avatar\/0032728fc07181d052d653eb6ce26d3ff30f5b1c7d867e6fb82eb66a6fc50646?s=96&d=mm&r=g","contentUrl":"https:\/\/secure.gravatar.com\/avatar\/0032728fc07181d052d653eb6ce26d3ff30f5b1c7d867e6fb82eb66a6fc50646?s=96&d=mm&r=g","caption":"JT-design"},"sameAs":["https:\/\/haz.hr"],"url":"https:\/\/haz.hr\/en\/author\/jt-design\/"}]}},"_links":{"self":[{"href":"https:\/\/haz.hr\/en\/wp-json\/wp\/v2\/posts\/2400","targetHints":{"allow":["GET"]}}],"collection":[{"href":"https:\/\/haz.hr\/en\/wp-json\/wp\/v2\/posts"}],"about":[{"href":"https:\/\/haz.hr\/en\/wp-json\/wp\/v2\/types\/post"}],"author":[{"embeddable":true,"href":"https:\/\/haz.hr\/en\/wp-json\/wp\/v2\/users\/1"}],"replies":[{"embeddable":true,"href":"https:\/\/haz.hr\/en\/wp-json\/wp\/v2\/comments?post=2400"}],"version-history":[{"count":1,"href":"https:\/\/haz.hr\/en\/wp-json\/wp\/v2\/posts\/2400\/revisions"}],"predecessor-version":[{"id":2451,"href":"https:\/\/haz.hr\/en\/wp-json\/wp\/v2\/posts\/2400\/revisions\/2451"}],"wp:featuredmedia":[{"embeddable":true,"href":"https:\/\/haz.hr\/en\/wp-json\/wp\/v2\/media\/2331"}],"wp:attachment":[{"href":"https:\/\/haz.hr\/en\/wp-json\/wp\/v2\/media?parent=2400"}],"wp:term":[{"taxonomy":"category","embeddable":true,"href":"https:\/\/haz.hr\/en\/wp-json\/wp\/v2\/categories?post=2400"},{"taxonomy":"post_tag","embeddable":true,"href":"https:\/\/haz.hr\/en\/wp-json\/wp\/v2\/tags?post=2400"}],"curies":[{"name":"wp","href":"https:\/\/api.w.org\/{rel}","templated":true}]}}