{"id":2402,"date":"2018-08-01T00:00:29","date_gmt":"2018-07-31T22:00:29","guid":{"rendered":"http:\/\/haz.hr\/?p=359"},"modified":"2023-02-09T13:11:30","modified_gmt":"2023-02-09T13:11:30","slug":"karlo-kolesar-izabran-za-co-chaira-stalne-radne-skupine-european-democrat-students-za-visoko-obrazovanje-i-istrazivanje","status":"publish","type":"post","link":"https:\/\/haz.hr\/en\/2018\/08\/01\/karlo-kolesar-izabran-za-co-chaira-stalne-radne-skupine-european-democrat-students-za-visoko-obrazovanje-i-istrazivanje\/","title":{"rendered":"Karlo Kolesar izabran za Co-Chaira stalne radne skupine European Democrat Students za visoko obrazovanje i istra\u017eivanje."},"content":{"rendered":"<p class=\"wp-block-paragraph\">Ponosno objavljujemo da \u0107e na\u0161 nacionalni dopredsjednik HAZ-a i donedavni predsjednik Vije\u0107a studenata veleu\u010dili\u0161ta i visokih \u0161kola RH u ulozi supredsjedatelja, s kolegama iz Austrije i iz Italije, voditi programsku raspravu o visokom obrazovanju EDS-a i time sudjelovati u definiranju visokoobrazovne politike EPP &#8211; European People&#8217;s Party. Karlo kao dugogodi\u0161nji studentski predstavnik ima golemo iskustvo po pitanju visokog obrazovanja i studentskog aktivizma. Pro\u0161le godine je tako izabran u Steering Committee EURASHE, ugledne europske institucije koje poti\u010de suradnju obrazovanja i tr\u017ei\u0161te rada.?<\/p>\n\n\n\n<p class=\"wp-block-paragraph\">Pro\u0161li vikend odr\u017ean je u Genovi Summer University EDS-a koja je ujedno godi\u0161nja izborna skup\u0161tina na kojoj se bira novo vodstvo EDS-a. EDS je studentska organizacija najve\u0107e europske stranke EPP-a, a okuplja demokr\u0161\u0107anske, konzervativne i liberalne studentske organizacije i politi\u010dke podmlatke \u0161irom Europe i kr\u0161\u0107anskih zemalja izvan na\u0161eg kontinenta.?<\/p>\n\n\n\n<h1 class=\"wp-block-heading\">hazhr #haz2018 #karlokolesar #eds #epp<\/h1>","protected":false},"excerpt":{"rendered":"<p>Ponosno objavljujemo da \u0107e na\u0161 nacionalni dopredsjednik HAZ-a i donedavni predsjednik Vije\u0107a studenata veleu\u010dili\u0161ta i visokih \u0161kola RH u ulozi supredsjedatelja, s kolegama iz Austrije i iz Italije, voditi programsku [&hellip;]<\/p>\n","protected":false},"author":1,"featured_media":2336,"comment_status":"closed","ping_status":"open","sticky":false,"template":"","format":"standard","meta":{"footnotes":""},"categories":[14],"tags":[],"class_list":["post-2402","post","type-post","status-publish","format-standard","has-post-thumbnail","hentry","category-haz-novosti"],"yoast_head":"<!-- This site is optimized with the Yoast SEO plugin v23.7 - https:\/\/yoast.com\/wordpress\/plugins\/seo\/ -->\n<title>Karlo Kolesar izabran za Co-Chaira stalne radne skupine European Democrat Students za visoko obrazovanje i istra\u017eivanje. - HAZ<\/title>\n<meta name=\"robots\" content=\"index, follow, max-snippet:-1, max-image-preview:large, max-video-preview:-1\" \/>\n<link rel=\"canonical\" href=\"https:\/\/haz.hr\/en\/2018\/08\/01\/karlo-kolesar-izabran-za-co-chaira-stalne-radne-skupine-european-democrat-students-za-visoko-obrazovanje-i-istrazivanje\/\" \/>\n<meta property=\"og:locale\" content=\"en_GB\" \/>\n<meta property=\"og:type\" content=\"article\" \/>\n<meta property=\"og:title\" content=\"Karlo Kolesar izabran za Co-Chaira stalne radne skupine European Democrat Students za visoko obrazovanje i istra\u017eivanje. - HAZ\" \/>\n<meta property=\"og:description\" content=\"Ponosno objavljujemo da \u0107e na\u0161 nacionalni dopredsjednik HAZ-a i donedavni predsjednik Vije\u0107a studenata veleu\u010dili\u0161ta i visokih \u0161kola RH u ulozi supredsjedatelja, s kolegama iz Austrije i iz Italije, voditi programsku [&hellip;]\" \/>\n<meta property=\"og:url\" content=\"https:\/\/haz.hr\/en\/2018\/08\/01\/karlo-kolesar-izabran-za-co-chaira-stalne-radne-skupine-european-democrat-students-za-visoko-obrazovanje-i-istrazivanje\/\" \/>\n<meta property=\"og:site_name\" content=\"HAZ\" \/>\n<meta property=\"article:published_time\" content=\"2018-07-31T22:00:29+00:00\" \/>\n<meta property=\"article:modified_time\" content=\"2023-02-09T13:11:30+00:00\" \/>\n<meta property=\"og:image\" content=\"https:\/\/haz.hr\/wp-content\/uploads\/2019\/01\/WhatsApp-Image-2019-01-06-at-21.32.18.jpeg\" \/>\n\t<meta property=\"og:image:width\" content=\"960\" \/>\n\t<meta property=\"og:image:height\" content=\"640\" \/>\n\t<meta property=\"og:image:type\" content=\"image\/jpeg\" \/>\n<meta name=\"author\" content=\"JT-design\" \/>\n<meta name=\"twitter:card\" content=\"summary_large_image\" \/>\n<meta name=\"twitter:label1\" content=\"Written by\" \/>\n\t<meta name=\"twitter:data1\" content=\"JT-design\" \/>\n\t<meta name=\"twitter:label2\" content=\"Est. reading time\" \/>\n\t<meta name=\"twitter:data2\" content=\"1 minute\" \/>\n<script type=\"application\/ld+json\" class=\"yoast-schema-graph\">{\"@context\":\"https:\/\/schema.org\",\"@graph\":[{\"@type\":\"Article\",\"@id\":\"https:\/\/haz.hr\/2018\/08\/01\/karlo-kolesar-izabran-za-co-chaira-stalne-radne-skupine-european-democrat-students-za-visoko-obrazovanje-i-istrazivanje\/#article\",\"isPartOf\":{\"@id\":\"https:\/\/haz.hr\/2018\/08\/01\/karlo-kolesar-izabran-za-co-chaira-stalne-radne-skupine-european-democrat-students-za-visoko-obrazovanje-i-istrazivanje\/\"},\"author\":{\"name\":\"JT-design\",\"@id\":\"https:\/\/haz.hr\/#\/schema\/person\/438892ce514665613f7cd5bb7a19213a\"},\"headline\":\"Karlo Kolesar izabran za Co-Chaira stalne radne skupine European Democrat Students za visoko obrazovanje i istra\u017eivanje.\",\"datePublished\":\"2018-07-31T22:00:29+00:00\",\"dateModified\":\"2023-02-09T13:11:30+00:00\",\"mainEntityOfPage\":{\"@id\":\"https:\/\/haz.hr\/2018\/08\/01\/karlo-kolesar-izabran-za-co-chaira-stalne-radne-skupine-european-democrat-students-za-visoko-obrazovanje-i-istrazivanje\/\"},\"wordCount\":170,\"publisher\":{\"@id\":\"https:\/\/haz.hr\/#organization\"},\"image\":{\"@id\":\"https:\/\/haz.hr\/2018\/08\/01\/karlo-kolesar-izabran-za-co-chaira-stalne-radne-skupine-european-democrat-students-za-visoko-obrazovanje-i-istrazivanje\/#primaryimage\"},\"thumbnailUrl\":\"https:\/\/haz.hr\/wp-content\/uploads\/2019\/01\/WhatsApp-Image-2019-01-06-at-21.32.18.jpeg\",\"articleSection\":[\"HAZ novosti\"],\"inLanguage\":\"en-GB\"},{\"@type\":\"WebPage\",\"@id\":\"https:\/\/haz.hr\/2018\/08\/01\/karlo-kolesar-izabran-za-co-chaira-stalne-radne-skupine-european-democrat-students-za-visoko-obrazovanje-i-istrazivanje\/\",\"url\":\"https:\/\/haz.hr\/2018\/08\/01\/karlo-kolesar-izabran-za-co-chaira-stalne-radne-skupine-european-democrat-students-za-visoko-obrazovanje-i-istrazivanje\/\",\"name\":\"Karlo Kolesar izabran za Co-Chaira stalne radne skupine European Democrat Students za visoko obrazovanje i istra\u017eivanje. - HAZ\",\"isPartOf\":{\"@id\":\"https:\/\/haz.hr\/#website\"},\"primaryImageOfPage\":{\"@id\":\"https:\/\/haz.hr\/2018\/08\/01\/karlo-kolesar-izabran-za-co-chaira-stalne-radne-skupine-european-democrat-students-za-visoko-obrazovanje-i-istrazivanje\/#primaryimage\"},\"image\":{\"@id\":\"https:\/\/haz.hr\/2018\/08\/01\/karlo-kolesar-izabran-za-co-chaira-stalne-radne-skupine-european-democrat-students-za-visoko-obrazovanje-i-istrazivanje\/#primaryimage\"},\"thumbnailUrl\":\"https:\/\/haz.hr\/wp-content\/uploads\/2019\/01\/WhatsApp-Image-2019-01-06-at-21.32.18.jpeg\",\"datePublished\":\"2018-07-31T22:00:29+00:00\",\"dateModified\":\"2023-02-09T13:11:30+00:00\",\"breadcrumb\":{\"@id\":\"https:\/\/haz.hr\/2018\/08\/01\/karlo-kolesar-izabran-za-co-chaira-stalne-radne-skupine-european-democrat-students-za-visoko-obrazovanje-i-istrazivanje\/#breadcrumb\"},\"inLanguage\":\"en-GB\",\"potentialAction\":[{\"@type\":\"ReadAction\",\"target\":[\"https:\/\/haz.hr\/2018\/08\/01\/karlo-kolesar-izabran-za-co-chaira-stalne-radne-skupine-european-democrat-students-za-visoko-obrazovanje-i-istrazivanje\/\"]}]},{\"@type\":\"ImageObject\",\"inLanguage\":\"en-GB\",\"@id\":\"https:\/\/haz.hr\/2018\/08\/01\/karlo-kolesar-izabran-za-co-chaira-stalne-radne-skupine-european-democrat-students-za-visoko-obrazovanje-i-istrazivanje\/#primaryimage\",\"url\":\"https:\/\/haz.hr\/wp-content\/uploads\/2019\/01\/WhatsApp-Image-2019-01-06-at-21.32.18.jpeg\",\"contentUrl\":\"https:\/\/haz.hr\/wp-content\/uploads\/2019\/01\/WhatsApp-Image-2019-01-06-at-21.32.18.jpeg\",\"width\":960,\"height\":640,\"caption\":\"\"},{\"@type\":\"BreadcrumbList\",\"@id\":\"https:\/\/haz.hr\/2018\/08\/01\/karlo-kolesar-izabran-za-co-chaira-stalne-radne-skupine-european-democrat-students-za-visoko-obrazovanje-i-istrazivanje\/#breadcrumb\",\"itemListElement\":[{\"@type\":\"ListItem\",\"position\":1,\"name\":\"Home\",\"item\":\"https:\/\/haz.hr\/\"},{\"@type\":\"ListItem\",\"position\":2,\"name\":\"Karlo Kolesar izabran za Co-Chaira stalne radne skupine European Democrat Students za visoko obrazovanje i istra\u017eivanje.\"}]},{\"@type\":\"WebSite\",\"@id\":\"https:\/\/haz.hr\/#website\",\"url\":\"https:\/\/haz.hr\/\",\"name\":\"HAZ\",\"description\":\"Hrvatska akademska zajednica\",\"publisher\":{\"@id\":\"https:\/\/haz.hr\/#organization\"},\"potentialAction\":[{\"@type\":\"SearchAction\",\"target\":{\"@type\":\"EntryPoint\",\"urlTemplate\":\"https:\/\/haz.hr\/?s={search_term_string}\"},\"query-input\":{\"@type\":\"PropertyValueSpecification\",\"valueRequired\":true,\"valueName\":\"search_term_string\"}}],\"inLanguage\":\"en-GB\"},{\"@type\":\"Organization\",\"@id\":\"https:\/\/haz.hr\/#organization\",\"name\":\"HAZ\",\"url\":\"https:\/\/haz.hr\/\",\"logo\":{\"@type\":\"ImageObject\",\"inLanguage\":\"en-GB\",\"@id\":\"https:\/\/haz.hr\/#\/schema\/logo\/image\/\",\"url\":\"https:\/\/haz.hr\/wp-content\/uploads\/2022\/12\/cropped-HAZ_logo.png\",\"contentUrl\":\"https:\/\/haz.hr\/wp-content\/uploads\/2022\/12\/cropped-HAZ_logo.png\",\"width\":125,\"height\":76,\"caption\":\"HAZ\"},\"image\":{\"@id\":\"https:\/\/haz.hr\/#\/schema\/logo\/image\/\"}},{\"@type\":\"Person\",\"@id\":\"https:\/\/haz.hr\/#\/schema\/person\/438892ce514665613f7cd5bb7a19213a\",\"name\":\"JT-design\",\"image\":{\"@type\":\"ImageObject\",\"inLanguage\":\"en-GB\",\"@id\":\"https:\/\/haz.hr\/#\/schema\/person\/image\/\",\"url\":\"https:\/\/secure.gravatar.com\/avatar\/0032728fc07181d052d653eb6ce26d3ff30f5b1c7d867e6fb82eb66a6fc50646?s=96&d=mm&r=g\",\"contentUrl\":\"https:\/\/secure.gravatar.com\/avatar\/0032728fc07181d052d653eb6ce26d3ff30f5b1c7d867e6fb82eb66a6fc50646?s=96&d=mm&r=g\",\"caption\":\"JT-design\"},\"sameAs\":[\"https:\/\/haz.hr\"],\"url\":\"https:\/\/haz.hr\/en\/author\/jt-design\/\"}]}<\/script>\n<!-- \/ Yoast SEO plugin. -->","yoast_head_json":{"title":"Karlo Kolesar izabran za Co-Chaira stalne radne skupine European Democrat Students za visoko obrazovanje i istra\u017eivanje. - HAZ","robots":{"index":"index","follow":"follow","max-snippet":"max-snippet:-1","max-image-preview":"max-image-preview:large","max-video-preview":"max-video-preview:-1"},"canonical":"https:\/\/haz.hr\/en\/2018\/08\/01\/karlo-kolesar-izabran-za-co-chaira-stalne-radne-skupine-european-democrat-students-za-visoko-obrazovanje-i-istrazivanje\/","og_locale":"en_GB","og_type":"article","og_title":"Karlo Kolesar izabran za Co-Chaira stalne radne skupine European Democrat Students za visoko obrazovanje i istra\u017eivanje. - HAZ","og_description":"Ponosno objavljujemo da \u0107e na\u0161 nacionalni dopredsjednik HAZ-a i donedavni predsjednik Vije\u0107a studenata veleu\u010dili\u0161ta i visokih \u0161kola RH u ulozi supredsjedatelja, s kolegama iz Austrije i iz Italije, voditi programsku [&hellip;]","og_url":"https:\/\/haz.hr\/en\/2018\/08\/01\/karlo-kolesar-izabran-za-co-chaira-stalne-radne-skupine-european-democrat-students-za-visoko-obrazovanje-i-istrazivanje\/","og_site_name":"HAZ","article_published_time":"2018-07-31T22:00:29+00:00","article_modified_time":"2023-02-09T13:11:30+00:00","og_image":[{"width":960,"height":640,"url":"https:\/\/haz.hr\/wp-content\/uploads\/2019\/01\/WhatsApp-Image-2019-01-06-at-21.32.18.jpeg","type":"image\/jpeg"}],"author":"JT-design","twitter_card":"summary_large_image","twitter_misc":{"Written by":"JT-design","Est. reading time":"1 minute"},"schema":{"@context":"https:\/\/schema.org","@graph":[{"@type":"Article","@id":"https:\/\/haz.hr\/2018\/08\/01\/karlo-kolesar-izabran-za-co-chaira-stalne-radne-skupine-european-democrat-students-za-visoko-obrazovanje-i-istrazivanje\/#article","isPartOf":{"@id":"https:\/\/haz.hr\/2018\/08\/01\/karlo-kolesar-izabran-za-co-chaira-stalne-radne-skupine-european-democrat-students-za-visoko-obrazovanje-i-istrazivanje\/"},"author":{"name":"JT-design","@id":"https:\/\/haz.hr\/#\/schema\/person\/438892ce514665613f7cd5bb7a19213a"},"headline":"Karlo Kolesar izabran za Co-Chaira stalne radne skupine European Democrat Students za visoko obrazovanje i istra\u017eivanje.","datePublished":"2018-07-31T22:00:29+00:00","dateModified":"2023-02-09T13:11:30+00:00","mainEntityOfPage":{"@id":"https:\/\/haz.hr\/2018\/08\/01\/karlo-kolesar-izabran-za-co-chaira-stalne-radne-skupine-european-democrat-students-za-visoko-obrazovanje-i-istrazivanje\/"},"wordCount":170,"publisher":{"@id":"https:\/\/haz.hr\/#organization"},"image":{"@id":"https:\/\/haz.hr\/2018\/08\/01\/karlo-kolesar-izabran-za-co-chaira-stalne-radne-skupine-european-democrat-students-za-visoko-obrazovanje-i-istrazivanje\/#primaryimage"},"thumbnailUrl":"https:\/\/haz.hr\/wp-content\/uploads\/2019\/01\/WhatsApp-Image-2019-01-06-at-21.32.18.jpeg","articleSection":["HAZ novosti"],"inLanguage":"en-GB"},{"@type":"WebPage","@id":"https:\/\/haz.hr\/2018\/08\/01\/karlo-kolesar-izabran-za-co-chaira-stalne-radne-skupine-european-democrat-students-za-visoko-obrazovanje-i-istrazivanje\/","url":"https:\/\/haz.hr\/2018\/08\/01\/karlo-kolesar-izabran-za-co-chaira-stalne-radne-skupine-european-democrat-students-za-visoko-obrazovanje-i-istrazivanje\/","name":"Karlo Kolesar izabran za Co-Chaira stalne radne skupine European Democrat Students za visoko obrazovanje i istra\u017eivanje. - HAZ","isPartOf":{"@id":"https:\/\/haz.hr\/#website"},"primaryImageOfPage":{"@id":"https:\/\/haz.hr\/2018\/08\/01\/karlo-kolesar-izabran-za-co-chaira-stalne-radne-skupine-european-democrat-students-za-visoko-obrazovanje-i-istrazivanje\/#primaryimage"},"image":{"@id":"https:\/\/haz.hr\/2018\/08\/01\/karlo-kolesar-izabran-za-co-chaira-stalne-radne-skupine-european-democrat-students-za-visoko-obrazovanje-i-istrazivanje\/#primaryimage"},"thumbnailUrl":"https:\/\/haz.hr\/wp-content\/uploads\/2019\/01\/WhatsApp-Image-2019-01-06-at-21.32.18.jpeg","datePublished":"2018-07-31T22:00:29+00:00","dateModified":"2023-02-09T13:11:30+00:00","breadcrumb":{"@id":"https:\/\/haz.hr\/2018\/08\/01\/karlo-kolesar-izabran-za-co-chaira-stalne-radne-skupine-european-democrat-students-za-visoko-obrazovanje-i-istrazivanje\/#breadcrumb"},"inLanguage":"en-GB","potentialAction":[{"@type":"ReadAction","target":["https:\/\/haz.hr\/2018\/08\/01\/karlo-kolesar-izabran-za-co-chaira-stalne-radne-skupine-european-democrat-students-za-visoko-obrazovanje-i-istrazivanje\/"]}]},{"@type":"ImageObject","inLanguage":"en-GB","@id":"https:\/\/haz.hr\/2018\/08\/01\/karlo-kolesar-izabran-za-co-chaira-stalne-radne-skupine-european-democrat-students-za-visoko-obrazovanje-i-istrazivanje\/#primaryimage","url":"https:\/\/haz.hr\/wp-content\/uploads\/2019\/01\/WhatsApp-Image-2019-01-06-at-21.32.18.jpeg","contentUrl":"https:\/\/haz.hr\/wp-content\/uploads\/2019\/01\/WhatsApp-Image-2019-01-06-at-21.32.18.jpeg","width":960,"height":640,"caption":""},{"@type":"BreadcrumbList","@id":"https:\/\/haz.hr\/2018\/08\/01\/karlo-kolesar-izabran-za-co-chaira-stalne-radne-skupine-european-democrat-students-za-visoko-obrazovanje-i-istrazivanje\/#breadcrumb","itemListElement":[{"@type":"ListItem","position":1,"name":"Home","item":"https:\/\/haz.hr\/"},{"@type":"ListItem","position":2,"name":"Karlo Kolesar izabran za Co-Chaira stalne radne skupine European Democrat Students za visoko obrazovanje i istra\u017eivanje."}]},{"@type":"WebSite","@id":"https:\/\/haz.hr\/#website","url":"https:\/\/haz.hr\/","name":"HAZ","description":"Croatian Academic Community","publisher":{"@id":"https:\/\/haz.hr\/#organization"},"potentialAction":[{"@type":"SearchAction","target":{"@type":"EntryPoint","urlTemplate":"https:\/\/haz.hr\/?s={search_term_string}"},"query-input":{"@type":"PropertyValueSpecification","valueRequired":true,"valueName":"search_term_string"}}],"inLanguage":"en-GB"},{"@type":"Organization","@id":"https:\/\/haz.hr\/#organization","name":"HAZ","url":"https:\/\/haz.hr\/","logo":{"@type":"ImageObject","inLanguage":"en-GB","@id":"https:\/\/haz.hr\/#\/schema\/logo\/image\/","url":"https:\/\/haz.hr\/wp-content\/uploads\/2022\/12\/cropped-HAZ_logo.png","contentUrl":"https:\/\/haz.hr\/wp-content\/uploads\/2022\/12\/cropped-HAZ_logo.png","width":125,"height":76,"caption":"HAZ"},"image":{"@id":"https:\/\/haz.hr\/#\/schema\/logo\/image\/"}},{"@type":"Person","@id":"https:\/\/haz.hr\/#\/schema\/person\/438892ce514665613f7cd5bb7a19213a","name":"JT-design","image":{"@type":"ImageObject","inLanguage":"en-GB","@id":"https:\/\/haz.hr\/#\/schema\/person\/image\/","url":"https:\/\/secure.gravatar.com\/avatar\/0032728fc07181d052d653eb6ce26d3ff30f5b1c7d867e6fb82eb66a6fc50646?s=96&d=mm&r=g","contentUrl":"https:\/\/secure.gravatar.com\/avatar\/0032728fc07181d052d653eb6ce26d3ff30f5b1c7d867e6fb82eb66a6fc50646?s=96&d=mm&r=g","caption":"JT-design"},"sameAs":["https:\/\/haz.hr"],"url":"https:\/\/haz.hr\/en\/author\/jt-design\/"}]}},"_links":{"self":[{"href":"https:\/\/haz.hr\/en\/wp-json\/wp\/v2\/posts\/2402","targetHints":{"allow":["GET"]}}],"collection":[{"href":"https:\/\/haz.hr\/en\/wp-json\/wp\/v2\/posts"}],"about":[{"href":"https:\/\/haz.hr\/en\/wp-json\/wp\/v2\/types\/post"}],"author":[{"embeddable":true,"href":"https:\/\/haz.hr\/en\/wp-json\/wp\/v2\/users\/1"}],"replies":[{"embeddable":true,"href":"https:\/\/haz.hr\/en\/wp-json\/wp\/v2\/comments?post=2402"}],"version-history":[{"count":1,"href":"https:\/\/haz.hr\/en\/wp-json\/wp\/v2\/posts\/2402\/revisions"}],"predecessor-version":[{"id":2447,"href":"https:\/\/haz.hr\/en\/wp-json\/wp\/v2\/posts\/2402\/revisions\/2447"}],"wp:featuredmedia":[{"embeddable":true,"href":"https:\/\/haz.hr\/en\/wp-json\/wp\/v2\/media\/2336"}],"wp:attachment":[{"href":"https:\/\/haz.hr\/en\/wp-json\/wp\/v2\/media?parent=2402"}],"wp:term":[{"taxonomy":"category","embeddable":true,"href":"https:\/\/haz.hr\/en\/wp-json\/wp\/v2\/categories?post=2402"},{"taxonomy":"post_tag","embeddable":true,"href":"https:\/\/haz.hr\/en\/wp-json\/wp\/v2\/tags?post=2402"}],"curies":[{"name":"wp","href":"https:\/\/api.w.org\/{rel}","templated":true}]}}