{"id":2404,"date":"2018-12-16T00:00:08","date_gmt":"2018-12-15T23:00:08","guid":{"rendered":"http:\/\/haz.hr\/?p=790"},"modified":"2023-02-09T13:09:59","modified_gmt":"2023-02-09T13:09:59","slug":"pod-geslom-vjerujemo-u-hrvatsku-odrzan-sabor-hrvatske-akademske-zajednice","status":"publish","type":"post","link":"https:\/\/haz.hr\/en\/2018\/12\/16\/pod-geslom-vjerujemo-u-hrvatsku-odrzan-sabor-hrvatske-akademske-zajednice\/","title":{"rendered":"Sabor Hrvatske akademske zajednice: Vjerujemo u Hrvatsku!"},"content":{"rendered":"<p><strong>U subotu. 15. prosinca, odr\u017ean je, u Preporodnoj dvorani pala\u010de Narodnog doma u Zagrebu, 9. Sabor Hrvatske akademske zajednice (HAZ), koji je okupio 150 izaslanika studenata i akademskih gra\u0111ana, \u010detiri rektora hrvatskih sveu\u010dili\u0161ta, dekane visokih u\u010dili\u0161ta, predstavnike vlasti, Hrvatske udruge poslodavaca (HUP), Hrvatske obrtni\u010dke komore (HOK), Europskih demokratskih studenata (EDS), Zaklade Hannsa Seidela te predstavnike udruga civilnoga dru\u0161tva.<\/strong><\/p>\n<p>HAZ je prva nekomunisti\u010dka studentska organizacija osnovana 1990., okupljala je dr\u017eavotvorne studente i bila je 20 godina najve\u0107a studentska udruga u Hrvatskoj. Obnovljena je 2016. kao studentska i akademska udruga.<\/p>\n<p>Nacionalni predsjednik HAZ-a Zdeslav Milas u svom je govoru istaknuo da je obrazovanje budu\u0107nost te da to nije tek zvu\u010dna fraza. Smatra da je jedno od klju\u010dnih pitanja obrazovne politike kako biti konkurenti na ogromnom europskom tr\u017ei\u0161tu rada te je istaknuo:<\/p>\n<blockquote><p>\u201eZala\u017eemo se za visokoobrazovni sustav koji poti\u010de znanost i njezino povezivanje s gospodarstvom. Promi\u010demo ideju binarnog sustava koji je razvijen unutar europskog prostora visokog obrazovanja. Poti\u010demo mobilnosti studenata i podr\u017eavamo programe razmjene poput Erasmus+. Sna\u017eno podr\u017eavamo studentsko poduzetni\u0161tvo. \u017delimo da hrvatsko dru\u0161tvo uhvati korak sa svijetom u uporabi modernih dostignu\u0107a tehnolo\u0161ko-digitalne revolucije u industriji, u privatnom i u javnom sektoru.\u201c<\/p><\/blockquote>\n<p>Milas je istaknuo da je temeljni postulat \u201eobveza vra\u0107anja hrvatskome narodu stvarne konstitutivnosti, budu\u0107i da je nedavno na izborima nepo\u0161tivanje i zanemarivanje ovih temeljnih na\u010dela dovelo do oduzimanja politi\u010dkog subjektiviteta hrvatskom narodu u BiH.\u201c<\/p>\n<p>Skupu su se obratila tri rektora. Predsjednica Rektorskog zbora i zadarska rektorica Dijana Vican koja je dala podr\u0161ku radu ove udruge, naglasiv\u0161i:<\/p>\n<blockquote><p>\u201eHAZ je spojio dr\u017eavotvorna na\u010dela hrvatskog naroda, \u010duvanje hrvatske ba\u0161tine i tradicionalnih vrijednosti, ali se i istovremeno zala\u017ee za moderni obrazovni sustav\u201c.<\/p><\/blockquote>\n<p>Rektor Sveu\u010dili\u0161ta u Zagrebu Damir Boras istaknuo je va\u017enost dr\u017eavotvornog pristupa u obrazovnoj politici i naglasio potrebu o brizi za Hrvate u Bosni i Hercegovini, \u0161to uklju\u010duje sveu\u010dili\u0161nu suradnju i sustavnu potporu znanstveno-nastavnog kadra Sveu\u010dili\u0161tu u Mostaru.<\/p>\n<p>Predsjednik Rektorskog zbora, rektor Sveu\u010dili\u0161ta u Mostaru Zoran Tomi\u0107 u vrlo emotivnom i osobnom tonu, zahvalio je \u0161to ova udruga priprema posebnu Deklaraciju o konstitutivnosti hrvatskog naroda u Bosni i Hercegovini te je pokrenula osnivanje HAZ-a Bosne i Hercegovine sa sjedi\u0161tem u Mostaru, a na \u010dijem \u010delu je ugledni oftalmolog Antonio Sesar. Tomi\u0107 je 1995. osnovao ovu udrugu u BiH. Skupu se obratio Klaus Fiesinger, regionalni direktor bavarske kr\u0161\u0107ansko-socijalne zaklade Hannsa Seidela koji je pohvalio suradnju izme\u0111u Zaklade i HAZ-a koja svoje korijene ima jo\u0161 iz 1996. U ime Europskih demokratskih studenata obratio se njihov potpredsjednik Gergely Losonci, ina\u010de me\u0111unarodni tajnik ma\u0111arskog podmlatka Fidesza premijera Viktora Orbana.<\/p>\n<p>U ime predsjednika Vlade RH, biv\u0161i ministar znanosti i njegov posebni savjetnik za obrazovanje Radovan Fuchs istaknuo je jedinstvenost ove udruge koja okuplja studente i alumnije te smatra da ovaj model ima sna\u017ean sinergijski u\u010dinak za mlade ljude kada mogu dobiti savjete od ljudi koji imaju ugledne karijere. Skupu je prisustvovao splitski rektor Dragan Ljuti\u0107 te izaslanik rektora Hrvatskog katoli\u010dkog sveu\u010dili\u0161ta Ivica Mi\u0161kulin.<\/p>\n<p>U nastavku je odr\u017eana panel rasprava pod temom \u201eNedostatak visokoobrazovane radne snage\u201c na kojoj je sudjelovao ministar gospodarstva, poduzetni\u0161tva i obrta Darko Horvat, dekan FER-a 2014.-2018. Mislav Grgi\u0107 te poduzetnici Ivica Tafra iz Splita i Luka \u0160ari\u0107 iz Osijeka.<\/p>\n<blockquote><p>Sabor je usvojio dvije deklaracije, Deklaraciju o va\u017enosti istra\u017eiva\u010dki orijentiranog obrazovanja i studentskog poduzetni\u0161tva te Deklaraciju o polo\u017eaju o konstitutivnosti hrvatskog naroda u Bosni i Hercegovini. Predstavljen je novi vizualni identitet udruge, a Sabor je izglasao predaje aplikacije za punopravno \u010dlanstvu u Europskim demokratskim studentima.<\/p><\/blockquote>\n<p>Za novog predsjednika ponovno je izabran Zdeslav Milas, koji je tajnim glasovanjem dobio potporu svih izaslanika s pravom glasa. Za zamjenika predsjednika izabran je Karlo Kolesar, donedavni studentski predstavnik i supredsjedatelj EDS-a za visoko obrazovanje. Za predsjednika alumni zajednice izabran je ugledni oftalmolog Ante Bari\u0161i\u0107, a za njegovog zamjenika Dr\u017eislav Br\u010di\u0107 iz Splita. Sabor je izabrao i 20 \u010dlanova Glavnog odbora kojeg podjednako \u010dine studenti i diplomirani \u010dlanovi te Akademsko vije\u0107e od 40 \u010dlanova od kojih je 15 doktora znanosti, a me\u0111u njima je i Mislav Grgi\u0107 i dekanica Veleu\u010dili\u0161ta u Gospi\u0107u Vlatka Ru\u017ei\u0107.<\/p>\n<p>Izvor: IKA<\/p>","protected":false},"excerpt":{"rendered":"<p>U subotu. 15. prosinca, odr\u017ean je, u Preporodnoj dvorani pala\u010de Narodnog doma u Zagrebu, 9. Sabor Hrvatske akademske zajednice (HAZ), koji je okupio 150 izaslanika studenata i akademskih gra\u0111ana, \u010detiri [&hellip;]<\/p>\n","protected":false},"author":1,"featured_media":2333,"comment_status":"open","ping_status":"open","sticky":false,"template":"","format":"standard","meta":{"footnotes":""},"categories":[14],"tags":[],"class_list":["post-2404","post","type-post","status-publish","format-standard","has-post-thumbnail","hentry","category-haz-novosti"],"yoast_head":"<!-- This site is optimized with the Yoast SEO plugin v23.7 - https:\/\/yoast.com\/wordpress\/plugins\/seo\/ -->\n<title>Sabor Hrvatske akademske zajednice: Vjerujemo u Hrvatsku! - HAZ<\/title>\n<meta name=\"robots\" content=\"index, follow, max-snippet:-1, max-image-preview:large, max-video-preview:-1\" \/>\n<link rel=\"canonical\" href=\"https:\/\/haz.hr\/en\/2018\/12\/16\/pod-geslom-vjerujemo-u-hrvatsku-odrzan-sabor-hrvatske-akademske-zajednice\/\" \/>\n<meta property=\"og:locale\" content=\"en_GB\" \/>\n<meta property=\"og:type\" content=\"article\" \/>\n<meta property=\"og:title\" content=\"Sabor Hrvatske akademske zajednice: Vjerujemo u Hrvatsku! - HAZ\" \/>\n<meta property=\"og:description\" content=\"U subotu. 15. prosinca, odr\u017ean je, u Preporodnoj dvorani pala\u010de Narodnog doma u Zagrebu, 9. Sabor Hrvatske akademske zajednice (HAZ), koji je okupio 150 izaslanika studenata i akademskih gra\u0111ana, \u010detiri [&hellip;]\" \/>\n<meta property=\"og:url\" content=\"https:\/\/haz.hr\/en\/2018\/12\/16\/pod-geslom-vjerujemo-u-hrvatsku-odrzan-sabor-hrvatske-akademske-zajednice\/\" \/>\n<meta property=\"og:site_name\" content=\"HAZ\" \/>\n<meta property=\"article:published_time\" content=\"2018-12-15T23:00:08+00:00\" \/>\n<meta property=\"article:modified_time\" content=\"2023-02-09T13:09:59+00:00\" \/>\n<meta property=\"og:image\" content=\"https:\/\/haz.hr\/wp-content\/uploads\/2019\/01\/IMG_5177.jpg\" \/>\n\t<meta property=\"og:image:width\" content=\"2048\" \/>\n\t<meta property=\"og:image:height\" content=\"1365\" \/>\n\t<meta property=\"og:image:type\" content=\"image\/jpeg\" \/>\n<meta name=\"author\" content=\"JT-design\" \/>\n<meta name=\"twitter:card\" content=\"summary_large_image\" \/>\n<meta name=\"twitter:label1\" content=\"Written by\" \/>\n\t<meta name=\"twitter:data1\" content=\"JT-design\" \/>\n\t<meta name=\"twitter:label2\" content=\"Est. reading time\" \/>\n\t<meta name=\"twitter:data2\" content=\"3 minutes\" \/>\n<script type=\"application\/ld+json\" class=\"yoast-schema-graph\">{\"@context\":\"https:\/\/schema.org\",\"@graph\":[{\"@type\":\"Article\",\"@id\":\"https:\/\/haz.hr\/2018\/12\/16\/pod-geslom-vjerujemo-u-hrvatsku-odrzan-sabor-hrvatske-akademske-zajednice\/#article\",\"isPartOf\":{\"@id\":\"https:\/\/haz.hr\/2018\/12\/16\/pod-geslom-vjerujemo-u-hrvatsku-odrzan-sabor-hrvatske-akademske-zajednice\/\"},\"author\":{\"name\":\"JT-design\",\"@id\":\"https:\/\/haz.hr\/#\/schema\/person\/438892ce514665613f7cd5bb7a19213a\"},\"headline\":\"Sabor Hrvatske akademske zajednice: Vjerujemo u Hrvatsku!\",\"datePublished\":\"2018-12-15T23:00:08+00:00\",\"dateModified\":\"2023-02-09T13:09:59+00:00\",\"mainEntityOfPage\":{\"@id\":\"https:\/\/haz.hr\/2018\/12\/16\/pod-geslom-vjerujemo-u-hrvatsku-odrzan-sabor-hrvatske-akademske-zajednice\/\"},\"wordCount\":729,\"commentCount\":0,\"publisher\":{\"@id\":\"https:\/\/haz.hr\/#organization\"},\"image\":{\"@id\":\"https:\/\/haz.hr\/2018\/12\/16\/pod-geslom-vjerujemo-u-hrvatsku-odrzan-sabor-hrvatske-akademske-zajednice\/#primaryimage\"},\"thumbnailUrl\":\"https:\/\/haz.hr\/wp-content\/uploads\/2019\/01\/IMG_5177.jpg\",\"articleSection\":[\"HAZ novosti\"],\"inLanguage\":\"en-GB\",\"potentialAction\":[{\"@type\":\"CommentAction\",\"name\":\"Comment\",\"target\":[\"https:\/\/haz.hr\/2018\/12\/16\/pod-geslom-vjerujemo-u-hrvatsku-odrzan-sabor-hrvatske-akademske-zajednice\/#respond\"]}]},{\"@type\":\"WebPage\",\"@id\":\"https:\/\/haz.hr\/2018\/12\/16\/pod-geslom-vjerujemo-u-hrvatsku-odrzan-sabor-hrvatske-akademske-zajednice\/\",\"url\":\"https:\/\/haz.hr\/2018\/12\/16\/pod-geslom-vjerujemo-u-hrvatsku-odrzan-sabor-hrvatske-akademske-zajednice\/\",\"name\":\"Sabor Hrvatske akademske zajednice: Vjerujemo u Hrvatsku! - HAZ\",\"isPartOf\":{\"@id\":\"https:\/\/haz.hr\/#website\"},\"primaryImageOfPage\":{\"@id\":\"https:\/\/haz.hr\/2018\/12\/16\/pod-geslom-vjerujemo-u-hrvatsku-odrzan-sabor-hrvatske-akademske-zajednice\/#primaryimage\"},\"image\":{\"@id\":\"https:\/\/haz.hr\/2018\/12\/16\/pod-geslom-vjerujemo-u-hrvatsku-odrzan-sabor-hrvatske-akademske-zajednice\/#primaryimage\"},\"thumbnailUrl\":\"https:\/\/haz.hr\/wp-content\/uploads\/2019\/01\/IMG_5177.jpg\",\"datePublished\":\"2018-12-15T23:00:08+00:00\",\"dateModified\":\"2023-02-09T13:09:59+00:00\",\"breadcrumb\":{\"@id\":\"https:\/\/haz.hr\/2018\/12\/16\/pod-geslom-vjerujemo-u-hrvatsku-odrzan-sabor-hrvatske-akademske-zajednice\/#breadcrumb\"},\"inLanguage\":\"en-GB\",\"potentialAction\":[{\"@type\":\"ReadAction\",\"target\":[\"https:\/\/haz.hr\/2018\/12\/16\/pod-geslom-vjerujemo-u-hrvatsku-odrzan-sabor-hrvatske-akademske-zajednice\/\"]}]},{\"@type\":\"ImageObject\",\"inLanguage\":\"en-GB\",\"@id\":\"https:\/\/haz.hr\/2018\/12\/16\/pod-geslom-vjerujemo-u-hrvatsku-odrzan-sabor-hrvatske-akademske-zajednice\/#primaryimage\",\"url\":\"https:\/\/haz.hr\/wp-content\/uploads\/2019\/01\/IMG_5177.jpg\",\"contentUrl\":\"https:\/\/haz.hr\/wp-content\/uploads\/2019\/01\/IMG_5177.jpg\",\"width\":2048,\"height\":1365,\"caption\":\"\"},{\"@type\":\"BreadcrumbList\",\"@id\":\"https:\/\/haz.hr\/2018\/12\/16\/pod-geslom-vjerujemo-u-hrvatsku-odrzan-sabor-hrvatske-akademske-zajednice\/#breadcrumb\",\"itemListElement\":[{\"@type\":\"ListItem\",\"position\":1,\"name\":\"Home\",\"item\":\"https:\/\/haz.hr\/\"},{\"@type\":\"ListItem\",\"position\":2,\"name\":\"Sabor Hrvatske akademske zajednice: Vjerujemo u Hrvatsku!\"}]},{\"@type\":\"WebSite\",\"@id\":\"https:\/\/haz.hr\/#website\",\"url\":\"https:\/\/haz.hr\/\",\"name\":\"HAZ\",\"description\":\"Hrvatska akademska zajednica\",\"publisher\":{\"@id\":\"https:\/\/haz.hr\/#organization\"},\"potentialAction\":[{\"@type\":\"SearchAction\",\"target\":{\"@type\":\"EntryPoint\",\"urlTemplate\":\"https:\/\/haz.hr\/?s={search_term_string}\"},\"query-input\":{\"@type\":\"PropertyValueSpecification\",\"valueRequired\":true,\"valueName\":\"search_term_string\"}}],\"inLanguage\":\"en-GB\"},{\"@type\":\"Organization\",\"@id\":\"https:\/\/haz.hr\/#organization\",\"name\":\"HAZ\",\"url\":\"https:\/\/haz.hr\/\",\"logo\":{\"@type\":\"ImageObject\",\"inLanguage\":\"en-GB\",\"@id\":\"https:\/\/haz.hr\/#\/schema\/logo\/image\/\",\"url\":\"https:\/\/haz.hr\/wp-content\/uploads\/2022\/12\/cropped-HAZ_logo.png\",\"contentUrl\":\"https:\/\/haz.hr\/wp-content\/uploads\/2022\/12\/cropped-HAZ_logo.png\",\"width\":125,\"height\":76,\"caption\":\"HAZ\"},\"image\":{\"@id\":\"https:\/\/haz.hr\/#\/schema\/logo\/image\/\"}},{\"@type\":\"Person\",\"@id\":\"https:\/\/haz.hr\/#\/schema\/person\/438892ce514665613f7cd5bb7a19213a\",\"name\":\"JT-design\",\"image\":{\"@type\":\"ImageObject\",\"inLanguage\":\"en-GB\",\"@id\":\"https:\/\/haz.hr\/#\/schema\/person\/image\/\",\"url\":\"https:\/\/secure.gravatar.com\/avatar\/0032728fc07181d052d653eb6ce26d3ff30f5b1c7d867e6fb82eb66a6fc50646?s=96&d=mm&r=g\",\"contentUrl\":\"https:\/\/secure.gravatar.com\/avatar\/0032728fc07181d052d653eb6ce26d3ff30f5b1c7d867e6fb82eb66a6fc50646?s=96&d=mm&r=g\",\"caption\":\"JT-design\"},\"sameAs\":[\"https:\/\/haz.hr\"],\"url\":\"https:\/\/haz.hr\/en\/author\/jt-design\/\"}]}<\/script>\n<!-- \/ Yoast SEO plugin. -->","yoast_head_json":{"title":"Sabor Hrvatske akademske zajednice: Vjerujemo u Hrvatsku! - HAZ","robots":{"index":"index","follow":"follow","max-snippet":"max-snippet:-1","max-image-preview":"max-image-preview:large","max-video-preview":"max-video-preview:-1"},"canonical":"https:\/\/haz.hr\/en\/2018\/12\/16\/pod-geslom-vjerujemo-u-hrvatsku-odrzan-sabor-hrvatske-akademske-zajednice\/","og_locale":"en_GB","og_type":"article","og_title":"Sabor Hrvatske akademske zajednice: Vjerujemo u Hrvatsku! - HAZ","og_description":"U subotu. 15. prosinca, odr\u017ean je, u Preporodnoj dvorani pala\u010de Narodnog doma u Zagrebu, 9. Sabor Hrvatske akademske zajednice (HAZ), koji je okupio 150 izaslanika studenata i akademskih gra\u0111ana, \u010detiri [&hellip;]","og_url":"https:\/\/haz.hr\/en\/2018\/12\/16\/pod-geslom-vjerujemo-u-hrvatsku-odrzan-sabor-hrvatske-akademske-zajednice\/","og_site_name":"HAZ","article_published_time":"2018-12-15T23:00:08+00:00","article_modified_time":"2023-02-09T13:09:59+00:00","og_image":[{"width":2048,"height":1365,"url":"https:\/\/haz.hr\/wp-content\/uploads\/2019\/01\/IMG_5177.jpg","type":"image\/jpeg"}],"author":"JT-design","twitter_card":"summary_large_image","twitter_misc":{"Written by":"JT-design","Est. reading time":"3 minutes"},"schema":{"@context":"https:\/\/schema.org","@graph":[{"@type":"Article","@id":"https:\/\/haz.hr\/2018\/12\/16\/pod-geslom-vjerujemo-u-hrvatsku-odrzan-sabor-hrvatske-akademske-zajednice\/#article","isPartOf":{"@id":"https:\/\/haz.hr\/2018\/12\/16\/pod-geslom-vjerujemo-u-hrvatsku-odrzan-sabor-hrvatske-akademske-zajednice\/"},"author":{"name":"JT-design","@id":"https:\/\/haz.hr\/#\/schema\/person\/438892ce514665613f7cd5bb7a19213a"},"headline":"Sabor Hrvatske akademske zajednice: Vjerujemo u Hrvatsku!","datePublished":"2018-12-15T23:00:08+00:00","dateModified":"2023-02-09T13:09:59+00:00","mainEntityOfPage":{"@id":"https:\/\/haz.hr\/2018\/12\/16\/pod-geslom-vjerujemo-u-hrvatsku-odrzan-sabor-hrvatske-akademske-zajednice\/"},"wordCount":729,"commentCount":0,"publisher":{"@id":"https:\/\/haz.hr\/#organization"},"image":{"@id":"https:\/\/haz.hr\/2018\/12\/16\/pod-geslom-vjerujemo-u-hrvatsku-odrzan-sabor-hrvatske-akademske-zajednice\/#primaryimage"},"thumbnailUrl":"https:\/\/haz.hr\/wp-content\/uploads\/2019\/01\/IMG_5177.jpg","articleSection":["HAZ novosti"],"inLanguage":"en-GB","potentialAction":[{"@type":"CommentAction","name":"Comment","target":["https:\/\/haz.hr\/2018\/12\/16\/pod-geslom-vjerujemo-u-hrvatsku-odrzan-sabor-hrvatske-akademske-zajednice\/#respond"]}]},{"@type":"WebPage","@id":"https:\/\/haz.hr\/2018\/12\/16\/pod-geslom-vjerujemo-u-hrvatsku-odrzan-sabor-hrvatske-akademske-zajednice\/","url":"https:\/\/haz.hr\/2018\/12\/16\/pod-geslom-vjerujemo-u-hrvatsku-odrzan-sabor-hrvatske-akademske-zajednice\/","name":"Sabor Hrvatske akademske zajednice: Vjerujemo u Hrvatsku! - HAZ","isPartOf":{"@id":"https:\/\/haz.hr\/#website"},"primaryImageOfPage":{"@id":"https:\/\/haz.hr\/2018\/12\/16\/pod-geslom-vjerujemo-u-hrvatsku-odrzan-sabor-hrvatske-akademske-zajednice\/#primaryimage"},"image":{"@id":"https:\/\/haz.hr\/2018\/12\/16\/pod-geslom-vjerujemo-u-hrvatsku-odrzan-sabor-hrvatske-akademske-zajednice\/#primaryimage"},"thumbnailUrl":"https:\/\/haz.hr\/wp-content\/uploads\/2019\/01\/IMG_5177.jpg","datePublished":"2018-12-15T23:00:08+00:00","dateModified":"2023-02-09T13:09:59+00:00","breadcrumb":{"@id":"https:\/\/haz.hr\/2018\/12\/16\/pod-geslom-vjerujemo-u-hrvatsku-odrzan-sabor-hrvatske-akademske-zajednice\/#breadcrumb"},"inLanguage":"en-GB","potentialAction":[{"@type":"ReadAction","target":["https:\/\/haz.hr\/2018\/12\/16\/pod-geslom-vjerujemo-u-hrvatsku-odrzan-sabor-hrvatske-akademske-zajednice\/"]}]},{"@type":"ImageObject","inLanguage":"en-GB","@id":"https:\/\/haz.hr\/2018\/12\/16\/pod-geslom-vjerujemo-u-hrvatsku-odrzan-sabor-hrvatske-akademske-zajednice\/#primaryimage","url":"https:\/\/haz.hr\/wp-content\/uploads\/2019\/01\/IMG_5177.jpg","contentUrl":"https:\/\/haz.hr\/wp-content\/uploads\/2019\/01\/IMG_5177.jpg","width":2048,"height":1365,"caption":""},{"@type":"BreadcrumbList","@id":"https:\/\/haz.hr\/2018\/12\/16\/pod-geslom-vjerujemo-u-hrvatsku-odrzan-sabor-hrvatske-akademske-zajednice\/#breadcrumb","itemListElement":[{"@type":"ListItem","position":1,"name":"Home","item":"https:\/\/haz.hr\/"},{"@type":"ListItem","position":2,"name":"Sabor Hrvatske akademske zajednice: Vjerujemo u Hrvatsku!"}]},{"@type":"WebSite","@id":"https:\/\/haz.hr\/#website","url":"https:\/\/haz.hr\/","name":"HAZ","description":"Croatian Academic Community","publisher":{"@id":"https:\/\/haz.hr\/#organization"},"potentialAction":[{"@type":"SearchAction","target":{"@type":"EntryPoint","urlTemplate":"https:\/\/haz.hr\/?s={search_term_string}"},"query-input":{"@type":"PropertyValueSpecification","valueRequired":true,"valueName":"search_term_string"}}],"inLanguage":"en-GB"},{"@type":"Organization","@id":"https:\/\/haz.hr\/#organization","name":"HAZ","url":"https:\/\/haz.hr\/","logo":{"@type":"ImageObject","inLanguage":"en-GB","@id":"https:\/\/haz.hr\/#\/schema\/logo\/image\/","url":"https:\/\/haz.hr\/wp-content\/uploads\/2022\/12\/cropped-HAZ_logo.png","contentUrl":"https:\/\/haz.hr\/wp-content\/uploads\/2022\/12\/cropped-HAZ_logo.png","width":125,"height":76,"caption":"HAZ"},"image":{"@id":"https:\/\/haz.hr\/#\/schema\/logo\/image\/"}},{"@type":"Person","@id":"https:\/\/haz.hr\/#\/schema\/person\/438892ce514665613f7cd5bb7a19213a","name":"JT-design","image":{"@type":"ImageObject","inLanguage":"en-GB","@id":"https:\/\/haz.hr\/#\/schema\/person\/image\/","url":"https:\/\/secure.gravatar.com\/avatar\/0032728fc07181d052d653eb6ce26d3ff30f5b1c7d867e6fb82eb66a6fc50646?s=96&d=mm&r=g","contentUrl":"https:\/\/secure.gravatar.com\/avatar\/0032728fc07181d052d653eb6ce26d3ff30f5b1c7d867e6fb82eb66a6fc50646?s=96&d=mm&r=g","caption":"JT-design"},"sameAs":["https:\/\/haz.hr"],"url":"https:\/\/haz.hr\/en\/author\/jt-design\/"}]}},"_links":{"self":[{"href":"https:\/\/haz.hr\/en\/wp-json\/wp\/v2\/posts\/2404","targetHints":{"allow":["GET"]}}],"collection":[{"href":"https:\/\/haz.hr\/en\/wp-json\/wp\/v2\/posts"}],"about":[{"href":"https:\/\/haz.hr\/en\/wp-json\/wp\/v2\/types\/post"}],"author":[{"embeddable":true,"href":"https:\/\/haz.hr\/en\/wp-json\/wp\/v2\/users\/1"}],"replies":[{"embeddable":true,"href":"https:\/\/haz.hr\/en\/wp-json\/wp\/v2\/comments?post=2404"}],"version-history":[{"count":1,"href":"https:\/\/haz.hr\/en\/wp-json\/wp\/v2\/posts\/2404\/revisions"}],"predecessor-version":[{"id":2428,"href":"https:\/\/haz.hr\/en\/wp-json\/wp\/v2\/posts\/2404\/revisions\/2428"}],"wp:featuredmedia":[{"embeddable":true,"href":"https:\/\/haz.hr\/en\/wp-json\/wp\/v2\/media\/2333"}],"wp:attachment":[{"href":"https:\/\/haz.hr\/en\/wp-json\/wp\/v2\/media?parent=2404"}],"wp:term":[{"taxonomy":"category","embeddable":true,"href":"https:\/\/haz.hr\/en\/wp-json\/wp\/v2\/categories?post=2404"},{"taxonomy":"post_tag","embeddable":true,"href":"https:\/\/haz.hr\/en\/wp-json\/wp\/v2\/tags?post=2404"}],"curies":[{"name":"wp","href":"https:\/\/api.w.org\/{rel}","templated":true}]}}