{"id":2405,"date":"2018-06-16T00:00:51","date_gmt":"2018-06-15T22:00:51","guid":{"rendered":"http:\/\/haz.hr\/?p=878"},"modified":"2023-02-09T13:12:35","modified_gmt":"2023-02-09T13:12:35","slug":"878-2","status":"publish","type":"post","link":"https:\/\/haz.hr\/en\/2018\/06\/16\/878-2\/","title":{"rendered":"Centre Right Academy in Zagreb 2018"},"content":{"rendered":"<p class=\"wp-block-paragraph\">For the third consecutive year, EDS, together with the Hanns Seidel foundation and Croatian Academic Union (HAZ) organized the Centre Right Academy in Zagreb.<\/p>\n\n\n\n<p class=\"wp-block-paragraph\">It has become a beloved tradition, and this year was not going to be any different. The main goal of the CRA has always been to have a more interactive academy. Where we focus more on workshops and teaching, rather than specific policy creation, which we develop during the Council Meetings.<\/p>\n\n\n\n<p class=\"wp-block-paragraph\">We had three days of interesting speakers, some of which included Prime Minister Plenkovi\u0107, Domagoj Milo\u0161evi\u0107 President of the Parliament board of EU, Minister of the Interior Davor Bo\u017einovi\u0107, as well as representatives from organizations and the academic world.<\/p>\n\n\n\n<p class=\"wp-block-paragraph\">The main topic of the event was the \u201cFuture of Europe\u201d, and all our speakers gave us insight and information on their views regarding the future of Europe and where the EU was headed. We learnt a lot about Croatian culture and politics, and got confirmation from the Prime Minister himself, as well as others, that Croatia will continue working towards closer cooperation and ties with the EU, through hopefully one day joining both Schengen and the Euro-Zone.<\/p>\n\n\n\n<p class=\"wp-block-paragraph\">We hosted more than 30 members from all over Europe, who all also participated in a simulation workshop where they worked on speech writing, debate techniques and policy research by being assigned various topics and political groups within the parliament to represent, having to advocate and defend opinions than were not necessarily their own. This also gave the participants an opportunity to find the various parties&#8217; goals and strategies for some of the main policy areas for the upcoming EU elections, as well as a better understanding of our European partners and competition.<\/p>\n\n\n\n<p class=\"wp-block-paragraph\">Overall, the event was a great success, and we already started working on next year\u2019s Academy.<\/p>\n\n\n\n<p class=\"wp-block-paragraph\"><\/p>","protected":false},"excerpt":{"rendered":"<p>For the third consecutive year, EDS, together with the Hanns Seidel foundation and Croatian Academic Union (HAZ) organized the Centre Right Academy in Zagreb. It has become a beloved tradition, [&hellip;]<\/p>\n","protected":false},"author":1,"featured_media":2334,"comment_status":"closed","ping_status":"open","sticky":false,"template":"","format":"standard","meta":{"footnotes":""},"categories":[14],"tags":[],"class_list":["post-2405","post","type-post","status-publish","format-standard","has-post-thumbnail","hentry","category-haz-novosti"],"yoast_head":"<!-- This site is optimized with the Yoast SEO plugin v23.7 - https:\/\/yoast.com\/wordpress\/plugins\/seo\/ -->\n<title>Centre Right Academy in Zagreb 2018 - HAZ<\/title>\n<meta name=\"robots\" content=\"index, follow, max-snippet:-1, max-image-preview:large, max-video-preview:-1\" \/>\n<link rel=\"canonical\" href=\"https:\/\/haz.hr\/en\/2018\/06\/16\/878-2\/\" \/>\n<meta property=\"og:locale\" content=\"en_GB\" \/>\n<meta property=\"og:type\" content=\"article\" \/>\n<meta property=\"og:title\" content=\"Centre Right Academy in Zagreb 2018 - HAZ\" \/>\n<meta property=\"og:description\" content=\"For the third consecutive year, EDS, together with the Hanns Seidel foundation and Croatian Academic Union (HAZ) organized the Centre Right Academy in Zagreb. It has become a beloved tradition, [&hellip;]\" \/>\n<meta property=\"og:url\" content=\"https:\/\/haz.hr\/en\/2018\/06\/16\/878-2\/\" \/>\n<meta property=\"og:site_name\" content=\"HAZ\" \/>\n<meta property=\"article:published_time\" content=\"2018-06-15T22:00:51+00:00\" \/>\n<meta property=\"article:modified_time\" content=\"2023-02-09T13:12:35+00:00\" \/>\n<meta property=\"og:image\" content=\"https:\/\/haz.hr\/wp-content\/uploads\/2019\/01\/WhatsApp-Image-2019-01-06-at-20.36.26.jpeg\" \/>\n\t<meta property=\"og:image:width\" content=\"960\" \/>\n\t<meta property=\"og:image:height\" content=\"640\" \/>\n\t<meta property=\"og:image:type\" content=\"image\/jpeg\" \/>\n<meta name=\"author\" content=\"JT-design\" \/>\n<meta name=\"twitter:card\" content=\"summary_large_image\" \/>\n<meta name=\"twitter:label1\" content=\"Written by\" \/>\n\t<meta name=\"twitter:data1\" content=\"JT-design\" \/>\n\t<meta name=\"twitter:label2\" content=\"Est. reading time\" \/>\n\t<meta name=\"twitter:data2\" content=\"2 minutes\" \/>\n<script type=\"application\/ld+json\" class=\"yoast-schema-graph\">{\"@context\":\"https:\/\/schema.org\",\"@graph\":[{\"@type\":\"Article\",\"@id\":\"https:\/\/haz.hr\/2018\/06\/16\/878-2\/#article\",\"isPartOf\":{\"@id\":\"https:\/\/haz.hr\/2018\/06\/16\/878-2\/\"},\"author\":{\"name\":\"JT-design\",\"@id\":\"https:\/\/haz.hr\/#\/schema\/person\/438892ce514665613f7cd5bb7a19213a\"},\"headline\":\"Centre Right Academy in Zagreb 2018\",\"datePublished\":\"2018-06-15T22:00:51+00:00\",\"dateModified\":\"2023-02-09T13:12:35+00:00\",\"mainEntityOfPage\":{\"@id\":\"https:\/\/haz.hr\/2018\/06\/16\/878-2\/\"},\"wordCount\":308,\"publisher\":{\"@id\":\"https:\/\/haz.hr\/#organization\"},\"image\":{\"@id\":\"https:\/\/haz.hr\/2018\/06\/16\/878-2\/#primaryimage\"},\"thumbnailUrl\":\"https:\/\/haz.hr\/wp-content\/uploads\/2019\/01\/WhatsApp-Image-2019-01-06-at-20.36.26.jpeg\",\"articleSection\":[\"HAZ novosti\"],\"inLanguage\":\"en-GB\"},{\"@type\":\"WebPage\",\"@id\":\"https:\/\/haz.hr\/2018\/06\/16\/878-2\/\",\"url\":\"https:\/\/haz.hr\/2018\/06\/16\/878-2\/\",\"name\":\"Centre Right Academy in Zagreb 2018 - HAZ\",\"isPartOf\":{\"@id\":\"https:\/\/haz.hr\/#website\"},\"primaryImageOfPage\":{\"@id\":\"https:\/\/haz.hr\/2018\/06\/16\/878-2\/#primaryimage\"},\"image\":{\"@id\":\"https:\/\/haz.hr\/2018\/06\/16\/878-2\/#primaryimage\"},\"thumbnailUrl\":\"https:\/\/haz.hr\/wp-content\/uploads\/2019\/01\/WhatsApp-Image-2019-01-06-at-20.36.26.jpeg\",\"datePublished\":\"2018-06-15T22:00:51+00:00\",\"dateModified\":\"2023-02-09T13:12:35+00:00\",\"breadcrumb\":{\"@id\":\"https:\/\/haz.hr\/2018\/06\/16\/878-2\/#breadcrumb\"},\"inLanguage\":\"en-GB\",\"potentialAction\":[{\"@type\":\"ReadAction\",\"target\":[\"https:\/\/haz.hr\/2018\/06\/16\/878-2\/\"]}]},{\"@type\":\"ImageObject\",\"inLanguage\":\"en-GB\",\"@id\":\"https:\/\/haz.hr\/2018\/06\/16\/878-2\/#primaryimage\",\"url\":\"https:\/\/haz.hr\/wp-content\/uploads\/2019\/01\/WhatsApp-Image-2019-01-06-at-20.36.26.jpeg\",\"contentUrl\":\"https:\/\/haz.hr\/wp-content\/uploads\/2019\/01\/WhatsApp-Image-2019-01-06-at-20.36.26.jpeg\",\"width\":960,\"height\":640,\"caption\":\"\"},{\"@type\":\"BreadcrumbList\",\"@id\":\"https:\/\/haz.hr\/2018\/06\/16\/878-2\/#breadcrumb\",\"itemListElement\":[{\"@type\":\"ListItem\",\"position\":1,\"name\":\"Home\",\"item\":\"https:\/\/haz.hr\/\"},{\"@type\":\"ListItem\",\"position\":2,\"name\":\"Centre Right Academy in Zagreb 2018\"}]},{\"@type\":\"WebSite\",\"@id\":\"https:\/\/haz.hr\/#website\",\"url\":\"https:\/\/haz.hr\/\",\"name\":\"HAZ\",\"description\":\"Hrvatska akademska zajednica\",\"publisher\":{\"@id\":\"https:\/\/haz.hr\/#organization\"},\"potentialAction\":[{\"@type\":\"SearchAction\",\"target\":{\"@type\":\"EntryPoint\",\"urlTemplate\":\"https:\/\/haz.hr\/?s={search_term_string}\"},\"query-input\":{\"@type\":\"PropertyValueSpecification\",\"valueRequired\":true,\"valueName\":\"search_term_string\"}}],\"inLanguage\":\"en-GB\"},{\"@type\":\"Organization\",\"@id\":\"https:\/\/haz.hr\/#organization\",\"name\":\"HAZ\",\"url\":\"https:\/\/haz.hr\/\",\"logo\":{\"@type\":\"ImageObject\",\"inLanguage\":\"en-GB\",\"@id\":\"https:\/\/haz.hr\/#\/schema\/logo\/image\/\",\"url\":\"https:\/\/haz.hr\/wp-content\/uploads\/2022\/12\/cropped-HAZ_logo.png\",\"contentUrl\":\"https:\/\/haz.hr\/wp-content\/uploads\/2022\/12\/cropped-HAZ_logo.png\",\"width\":125,\"height\":76,\"caption\":\"HAZ\"},\"image\":{\"@id\":\"https:\/\/haz.hr\/#\/schema\/logo\/image\/\"}},{\"@type\":\"Person\",\"@id\":\"https:\/\/haz.hr\/#\/schema\/person\/438892ce514665613f7cd5bb7a19213a\",\"name\":\"JT-design\",\"image\":{\"@type\":\"ImageObject\",\"inLanguage\":\"en-GB\",\"@id\":\"https:\/\/haz.hr\/#\/schema\/person\/image\/\",\"url\":\"https:\/\/secure.gravatar.com\/avatar\/0032728fc07181d052d653eb6ce26d3ff30f5b1c7d867e6fb82eb66a6fc50646?s=96&d=mm&r=g\",\"contentUrl\":\"https:\/\/secure.gravatar.com\/avatar\/0032728fc07181d052d653eb6ce26d3ff30f5b1c7d867e6fb82eb66a6fc50646?s=96&d=mm&r=g\",\"caption\":\"JT-design\"},\"sameAs\":[\"https:\/\/haz.hr\"],\"url\":\"https:\/\/haz.hr\/en\/author\/jt-design\/\"}]}<\/script>\n<!-- \/ Yoast SEO plugin. -->","yoast_head_json":{"title":"Centre Right Academy in Zagreb 2018 - HAZ","robots":{"index":"index","follow":"follow","max-snippet":"max-snippet:-1","max-image-preview":"max-image-preview:large","max-video-preview":"max-video-preview:-1"},"canonical":"https:\/\/haz.hr\/en\/2018\/06\/16\/878-2\/","og_locale":"en_GB","og_type":"article","og_title":"Centre Right Academy in Zagreb 2018 - HAZ","og_description":"For the third consecutive year, EDS, together with the Hanns Seidel foundation and Croatian Academic Union (HAZ) organized the Centre Right Academy in Zagreb. It has become a beloved tradition, [&hellip;]","og_url":"https:\/\/haz.hr\/en\/2018\/06\/16\/878-2\/","og_site_name":"HAZ","article_published_time":"2018-06-15T22:00:51+00:00","article_modified_time":"2023-02-09T13:12:35+00:00","og_image":[{"width":960,"height":640,"url":"https:\/\/haz.hr\/wp-content\/uploads\/2019\/01\/WhatsApp-Image-2019-01-06-at-20.36.26.jpeg","type":"image\/jpeg"}],"author":"JT-design","twitter_card":"summary_large_image","twitter_misc":{"Written by":"JT-design","Est. reading time":"2 minutes"},"schema":{"@context":"https:\/\/schema.org","@graph":[{"@type":"Article","@id":"https:\/\/haz.hr\/2018\/06\/16\/878-2\/#article","isPartOf":{"@id":"https:\/\/haz.hr\/2018\/06\/16\/878-2\/"},"author":{"name":"JT-design","@id":"https:\/\/haz.hr\/#\/schema\/person\/438892ce514665613f7cd5bb7a19213a"},"headline":"Centre Right Academy in Zagreb 2018","datePublished":"2018-06-15T22:00:51+00:00","dateModified":"2023-02-09T13:12:35+00:00","mainEntityOfPage":{"@id":"https:\/\/haz.hr\/2018\/06\/16\/878-2\/"},"wordCount":308,"publisher":{"@id":"https:\/\/haz.hr\/#organization"},"image":{"@id":"https:\/\/haz.hr\/2018\/06\/16\/878-2\/#primaryimage"},"thumbnailUrl":"https:\/\/haz.hr\/wp-content\/uploads\/2019\/01\/WhatsApp-Image-2019-01-06-at-20.36.26.jpeg","articleSection":["HAZ novosti"],"inLanguage":"en-GB"},{"@type":"WebPage","@id":"https:\/\/haz.hr\/2018\/06\/16\/878-2\/","url":"https:\/\/haz.hr\/2018\/06\/16\/878-2\/","name":"Centre Right Academy in Zagreb 2018 - HAZ","isPartOf":{"@id":"https:\/\/haz.hr\/#website"},"primaryImageOfPage":{"@id":"https:\/\/haz.hr\/2018\/06\/16\/878-2\/#primaryimage"},"image":{"@id":"https:\/\/haz.hr\/2018\/06\/16\/878-2\/#primaryimage"},"thumbnailUrl":"https:\/\/haz.hr\/wp-content\/uploads\/2019\/01\/WhatsApp-Image-2019-01-06-at-20.36.26.jpeg","datePublished":"2018-06-15T22:00:51+00:00","dateModified":"2023-02-09T13:12:35+00:00","breadcrumb":{"@id":"https:\/\/haz.hr\/2018\/06\/16\/878-2\/#breadcrumb"},"inLanguage":"en-GB","potentialAction":[{"@type":"ReadAction","target":["https:\/\/haz.hr\/2018\/06\/16\/878-2\/"]}]},{"@type":"ImageObject","inLanguage":"en-GB","@id":"https:\/\/haz.hr\/2018\/06\/16\/878-2\/#primaryimage","url":"https:\/\/haz.hr\/wp-content\/uploads\/2019\/01\/WhatsApp-Image-2019-01-06-at-20.36.26.jpeg","contentUrl":"https:\/\/haz.hr\/wp-content\/uploads\/2019\/01\/WhatsApp-Image-2019-01-06-at-20.36.26.jpeg","width":960,"height":640,"caption":""},{"@type":"BreadcrumbList","@id":"https:\/\/haz.hr\/2018\/06\/16\/878-2\/#breadcrumb","itemListElement":[{"@type":"ListItem","position":1,"name":"Home","item":"https:\/\/haz.hr\/"},{"@type":"ListItem","position":2,"name":"Centre Right Academy in Zagreb 2018"}]},{"@type":"WebSite","@id":"https:\/\/haz.hr\/#website","url":"https:\/\/haz.hr\/","name":"HAZ","description":"Croatian Academic Community","publisher":{"@id":"https:\/\/haz.hr\/#organization"},"potentialAction":[{"@type":"SearchAction","target":{"@type":"EntryPoint","urlTemplate":"https:\/\/haz.hr\/?s={search_term_string}"},"query-input":{"@type":"PropertyValueSpecification","valueRequired":true,"valueName":"search_term_string"}}],"inLanguage":"en-GB"},{"@type":"Organization","@id":"https:\/\/haz.hr\/#organization","name":"HAZ","url":"https:\/\/haz.hr\/","logo":{"@type":"ImageObject","inLanguage":"en-GB","@id":"https:\/\/haz.hr\/#\/schema\/logo\/image\/","url":"https:\/\/haz.hr\/wp-content\/uploads\/2022\/12\/cropped-HAZ_logo.png","contentUrl":"https:\/\/haz.hr\/wp-content\/uploads\/2022\/12\/cropped-HAZ_logo.png","width":125,"height":76,"caption":"HAZ"},"image":{"@id":"https:\/\/haz.hr\/#\/schema\/logo\/image\/"}},{"@type":"Person","@id":"https:\/\/haz.hr\/#\/schema\/person\/438892ce514665613f7cd5bb7a19213a","name":"JT-design","image":{"@type":"ImageObject","inLanguage":"en-GB","@id":"https:\/\/haz.hr\/#\/schema\/person\/image\/","url":"https:\/\/secure.gravatar.com\/avatar\/0032728fc07181d052d653eb6ce26d3ff30f5b1c7d867e6fb82eb66a6fc50646?s=96&d=mm&r=g","contentUrl":"https:\/\/secure.gravatar.com\/avatar\/0032728fc07181d052d653eb6ce26d3ff30f5b1c7d867e6fb82eb66a6fc50646?s=96&d=mm&r=g","caption":"JT-design"},"sameAs":["https:\/\/haz.hr"],"url":"https:\/\/haz.hr\/en\/author\/jt-design\/"}]}},"_links":{"self":[{"href":"https:\/\/haz.hr\/en\/wp-json\/wp\/v2\/posts\/2405","targetHints":{"allow":["GET"]}}],"collection":[{"href":"https:\/\/haz.hr\/en\/wp-json\/wp\/v2\/posts"}],"about":[{"href":"https:\/\/haz.hr\/en\/wp-json\/wp\/v2\/types\/post"}],"author":[{"embeddable":true,"href":"https:\/\/haz.hr\/en\/wp-json\/wp\/v2\/users\/1"}],"replies":[{"embeddable":true,"href":"https:\/\/haz.hr\/en\/wp-json\/wp\/v2\/comments?post=2405"}],"version-history":[{"count":1,"href":"https:\/\/haz.hr\/en\/wp-json\/wp\/v2\/posts\/2405\/revisions"}],"predecessor-version":[{"id":2448,"href":"https:\/\/haz.hr\/en\/wp-json\/wp\/v2\/posts\/2405\/revisions\/2448"}],"wp:featuredmedia":[{"embeddable":true,"href":"https:\/\/haz.hr\/en\/wp-json\/wp\/v2\/media\/2334"}],"wp:attachment":[{"href":"https:\/\/haz.hr\/en\/wp-json\/wp\/v2\/media?parent=2405"}],"wp:term":[{"taxonomy":"category","embeddable":true,"href":"https:\/\/haz.hr\/en\/wp-json\/wp\/v2\/categories?post=2405"},{"taxonomy":"post_tag","embeddable":true,"href":"https:\/\/haz.hr\/en\/wp-json\/wp\/v2\/tags?post=2405"}],"curies":[{"name":"wp","href":"https:\/\/api.w.org\/{rel}","templated":true}]}}