{"id":2406,"date":"2019-02-10T20:24:04","date_gmt":"2019-02-10T19:24:04","guid":{"rendered":"https:\/\/www.haz.hr\/?p=963"},"modified":"2019-02-10T20:24:04","modified_gmt":"2019-02-10T19:24:04","slug":"hrvatska-akademska-zajednica-ponovno-u-punopravnom-clanstvu-europskih-demokratskih-studenata","status":"publish","type":"post","link":"https:\/\/haz.hr\/en\/2019\/02\/10\/hrvatska-akademska-zajednica-ponovno-u-punopravnom-clanstvu-europskih-demokratskih-studenata\/","title":{"rendered":"HRVATSKA AKADEMSKA ZAJEDNICA PONOVNO U PUNOPRAVNOM \u010cLANSTVU EUROPSKIH DEMOKRATSKIH STUDENATA"},"content":{"rendered":"<p class=\"wp-block-paragraph\">Barcelona, 7. &#8211; 10. velja\u010de 2019. <\/p>\n\n\n\n<p class=\"wp-block-paragraph\">U \u0160panjolskoj, u glavnom gradu Katalonije, odr\u017ean je\nWinter University Europskih demokratskih studenata (EDS) na kojem je 9. velja\u010de\n2019. u punopravno \u010dlanstvo primljena Hrvatska akademska zajednica. Za primanje\nHAZ-a u \u010dlanstvo glasovalo je 186 za, 16 protiv i 12 suzdr\u017eanih. Pobjedni\u010dko,\ntro\u010dlano izaslanstvo tvore zamjenik predsjednika Karlo Kolesar, glavni tajnik\nLuka Radi\u0107 i nacionalna dopredsjednica Dora Miketek.<\/p>\n\n\n\n<p class=\"wp-block-paragraph\">EDS je paneuropska studentska organizacija, osnovana\n1961., okuplja 39 \u010dlanica iz 33 dr\u017eave, odnosno milijun studenata iz Europe te\nje time najbrojnija studentska organizacija u Europi. EDS ima i status slu\u017ebene\nstudentske organizacije Europske pu\u010dke stranke (EPP). U tom duhu zajedni\u010dkih\neuropskih vrijednosti temeljenih na okupljanju hrvatskih studenata i akademskih\ngra\u0111ana dr\u017eavotvornog i demokratskog, demokr\u0161\u0107anskog i konzervativnog\nvrijednosnog sustava, u dvadesetogodi\u0161njoj tradiciji plodonosne suradnje s\nvode\u0107om europskom studentskom organizacijom te na\u0161im formalnim statusom\npromatra\u010da (1994), pridru\u017eenog \u010dlana (1995) te punopravnog \u010dlana (1997 \u2013 2013),\nobnovili smo, 2017., strate\u0161ku suradnju HAZ-a i EDS-a. <\/p>\n\n\n\n<p class=\"wp-block-paragraph\"><strong>Povratak europskoj obitelji &#8211; od Cluja do Krakowa <\/strong>U rujnu 2017. odr\u017ean je Council Meeting u rumunjskom gradu Cluju, gradu s ma\u0111arskom ve\u0107inom stanovni\u0161tva, posve\u0107en temi \u201eStudenti za prava manjina\u201c, HAZ je slu\u017ebeno obnovio odnose s EDS-om. HAZ-ove boje zastupali su dana\u0161nji zamjenik predsjednika, a tada\u0161nji dopredsjednik Karlo Kolesar i dana\u0161nji me\u0111unarodni tajnik Ciprijan Crljenko. Od tada je Karlo u svojstvu voditelja izaslanstva bio prisutan na svim doga\u0111ajima EDS-a. Prethodno, u lipnju na\u0161 Hazovac Mate \u0106uri\u0107 je na poziv glavnog tajnika EDS-a Ivana Burazina prisustvovao EDS Center Right akademiji koja je bila organizirana u Zagrebu. U prosincu 2017., na Council Meetingu u Skopju, \u010diji su doma\u0107ini bili mlade\u017e VMRO-DPMNE, Karlu se pridru\u017eio glavni tajnik Luka Radi\u0107. Council je odr\u017ean pod geslom: <em>Young Leaders Academy \u2013 The role of dialogue in building stronger societies<\/em>. U \u010dasopisu <em>Bulls Eye<\/em> objavljen je Karlov op\u0161irni \u010dlanak o visokom obrazovanju.<\/p>\n\n\n\n<p class=\"wp-block-paragraph\">U Krakowu, na lokaciji pokrajinskog parlamenta Mala Poljska, odr\u017ean je Winter University pod geslom: <em>Europe and Young leaders of local communities<\/em>. Nakon pola godine obnavljanja suradnje, HAZ je na tom doga\u0111aju tajnim glasovanjem primljen kao promatra\u010d, dobiv\u0161i 202 glasova za, uz jedan suzdr\u017eani glas. Karlo i Luka izradili su sna\u017enu prezentaciju, a \u010detvero\u010dlano izaslanstvo \u010dinili su jo\u0161 Dora Miketek i Sara Pavi\u0107. Primanje u EDS obitelj eufori\u010dno je obilje\u017eeno od na\u0161ih alumni \u010dlanova u Zagrebu i Splitu, \u010duli su se poklici \u201e\u017divio HAZ\u201c, bio je to zaista emocionalni trenutak kada su se po WhatsApp grupama, Instagramu i na Facebooku dijelili video snimci iz Krakowa.\u00a0 <\/p>\n\n\n\n<p class=\"wp-block-paragraph\"><strong>HAZ doma\u0107in Centre Right Academy u Zagrebu\n<\/strong><\/p>\n\n\n\n<p class=\"wp-block-paragraph\">HAZ obnavlja suradnju sa Zakladom Hannsa Seidela,\nsuradnja je obnovljena a osnovana je jo\u0161 90-ih godina, a od EDS-a dobiva mandat\ndoma\u0107ina Centre Right akademije u Zagrebu koja je odr\u017eana u lipnju 2018. U\nme\u0111uvremenu, Karlo je u travnju sudjelovao na Council Meetingu u Rigi, u\nLatviji, na kojem su dogovoreni detalji programa na\u0161e Akademije. Klju\u010dni cilj\nove interaktivne akademije je usmjeren na radionice i predavanja, a pod geslom <em>Future of Europe<\/em>. Trideset i pet\nokupljenih sudionika iz cijele Europe raspravljalo je s ministrom unutarnjih\nposlova Davorom Bo\u017einovi\u0107em o pitanjima migranata te izazovima u pripremi\nulaska u Schengen zonu. Vi\u0161esatne radionice s razli\u010ditim predava\u010dima iz\nakademskog \u017eivota odr\u017eane su na Pravnom fakultetu Sveu\u010dili\u0161ta u Zagrebu te na\nEdward Bernays University Collegeu. U Hrvatskom saboru, predsjednik saborskog\nodbora za EU Domagoj Milo\u0161evi\u0107, raspravljao je sa sudionicima o ulozi Hrvatske\nu Europskoj uniji. <\/p>\n\n\n\n<p class=\"wp-block-paragraph\">Svakako high-light bio je vrlo srda\u010dan prijam kod\npredsjednika Vlade Republike Hrvatske mr. sc. Andreja Plenkovi\u0107a u Banskim\ndvorima. Predsjednik Vlade iznio je klju\u010dne to\u010dke hrvatske vanjske i europske\npolitike, koja uklju\u010duje i pripremu za ulazak u euro zonu. Izlo\u017eio je aktualnu\neuropsku politiku te je dao pregled razli\u010ditim razmi\u0161ljanjima i pravcima u\npojedinim dr\u017eavama \u010dlanicama i unutar Europske pu\u010dke stranke. Njegov savjetnik\ni potpredsjednik Mlade\u017ei Europske pu\u010dke stranke (YEPP) Karlo Ressler izlagao je\ndetaljno o operativnim mjerama hrvatske dr\u017eavne vlasti s obzirom na problem\ndepopulacije, visokog obrazovanja i mjere poticanje zapo\u0161ljavanja mladih. <\/p>\n\n\n\n<p class=\"wp-block-paragraph\">HAZ-ovo izaslanstvo \u010dinili su Karlo Kolesar, Luka Radi\u0107, Ciprijan Crljenko, Dora Miketek, Lidija Lu\u010di\u0107, Mihal Jaci\u0107, Marijo Raji\u0107, Mate \u0106uri\u0107 i Luka Stori\u0107. Nacionalni predsjednik Zdeslav Milas, pozdravio je sudionike drugog dana, a bio je zajedno s osniva\u010dem HAZ-a Mariom Kapulicom u pratnji na prijemu u Banskim dvorima. <\/p>\n\n\n\n<p class=\"wp-block-paragraph\"><strong>Karlo Kolesar Co-Chair za visoko\nobrazovanje EDS-a<\/strong><\/p>\n\n\n\n<p class=\"wp-block-paragraph\">U lipnju 2018., na Summer Universityju u talijanskom gradu Genovi, Karlo je izabran za Co-Chaira stalne radne skupine za visoko obrazovanje i istra\u017eivanje. Uz Karla, na godi\u0161njem kongresu, sudjelovala je i Lidija Lu\u010di\u0107. Karlo je ina\u010de tijekom svih EDS-ovih susreta pokazao zavidno znanje o raznim politikama visokog obrazovanja koje su klju\u010dni akteri EDS-a prepoznali. U svojstvu supredsjedatelja ve\u0107 je tijekom druge polovice 2018. bio na nekoliko doga\u0111anja EDS-a i EPP-a u Bruxellesu. U rujnu, u Budimpe\u0161ti, \u010detvero\u010dlano izaslanstvo u sastavu Karlo, Luka, Ciprijan i Lidija sudjelovalo je na Council Meetingu pod geslom Economic outlooks of the EU.<\/p>\n\n\n\n<p class=\"wp-block-paragraph\">Na kongresu njema\u010dke studentske organizacije Ring\nChristlich-Demokratischer Studenten (RCDS), odr\u017eanom u listopadu u Berlinu,\nposebnom video porukom obratili su se Karlo i Luka na RCDS kongres. RCDS je jo\u0161\n1993. ugostio prvog me\u0111unarodnog tajnika HAZ-a Trpimira Majcana i na\u0161oj\nzajednici utkao put u EDS. U studenom, Karlo je imao \u010dast prisustvovati\nkongresu ma\u0111arskog Fidelitasa, na kojem je iznio modele studentskog\norganiziranja. Na 9. Saboru HAZ-a, 15. prosinca 2018., u ime EDS-a pozdravnu\nrije\u010d odr\u017eao je potpredsjednik Gergely Losonci, ina\u010de me\u0111unarodni tajnik\npodmlatka Fidesza.<\/p>","protected":false},"excerpt":{"rendered":"<p>Barcelona, 7. &#8211; 10. velja\u010de 2019. U \u0160panjolskoj, u glavnom gradu Katalonije, odr\u017ean je Winter University Europskih demokratskih studenata (EDS) na kojem je 9. velja\u010de 2019. u punopravno \u010dlanstvo primljena [&hellip;]<\/p>\n","protected":false},"author":1,"featured_media":964,"comment_status":"closed","ping_status":"open","sticky":false,"template":"","format":"standard","meta":{"footnotes":""},"categories":[14],"tags":[],"class_list":["post-2406","post","type-post","status-publish","format-standard","has-post-thumbnail","hentry","category-haz-novosti"],"yoast_head":"<!-- This site is optimized with the Yoast SEO plugin v23.7 - https:\/\/yoast.com\/wordpress\/plugins\/seo\/ -->\n<title>HRVATSKA AKADEMSKA ZAJEDNICA PONOVNO U PUNOPRAVNOM \u010cLANSTVU EUROPSKIH DEMOKRATSKIH STUDENATA - HAZ<\/title>\n<meta name=\"robots\" content=\"index, follow, max-snippet:-1, max-image-preview:large, max-video-preview:-1\" \/>\n<link rel=\"canonical\" href=\"https:\/\/haz.hr\/en\/2019\/02\/10\/hrvatska-akademska-zajednica-ponovno-u-punopravnom-clanstvu-europskih-demokratskih-studenata\/\" \/>\n<meta property=\"og:locale\" content=\"en_GB\" \/>\n<meta property=\"og:type\" content=\"article\" \/>\n<meta property=\"og:title\" content=\"HRVATSKA AKADEMSKA ZAJEDNICA PONOVNO U PUNOPRAVNOM \u010cLANSTVU EUROPSKIH DEMOKRATSKIH STUDENATA - HAZ\" \/>\n<meta property=\"og:description\" content=\"Barcelona, 7. &#8211; 10. velja\u010de 2019. U \u0160panjolskoj, u glavnom gradu Katalonije, odr\u017ean je Winter University Europskih demokratskih studenata (EDS) na kojem je 9. velja\u010de 2019. u punopravno \u010dlanstvo primljena [&hellip;]\" \/>\n<meta property=\"og:url\" content=\"https:\/\/haz.hr\/en\/2019\/02\/10\/hrvatska-akademska-zajednica-ponovno-u-punopravnom-clanstvu-europskih-demokratskih-studenata\/\" \/>\n<meta property=\"og:site_name\" content=\"HAZ\" \/>\n<meta property=\"article:published_time\" content=\"2019-02-10T19:24:04+00:00\" \/>\n<meta property=\"og:image\" content=\"https:\/\/haz.hr\/wp-content\/uploads\/2019\/02\/image001.jpg\" \/>\n\t<meta property=\"og:image:width\" content=\"1224\" \/>\n\t<meta property=\"og:image:height\" content=\"816\" \/>\n\t<meta property=\"og:image:type\" content=\"image\/jpeg\" \/>\n<meta name=\"author\" content=\"JT-design\" \/>\n<meta name=\"twitter:card\" content=\"summary_large_image\" \/>\n<meta name=\"twitter:label1\" content=\"Written by\" \/>\n\t<meta name=\"twitter:data1\" content=\"JT-design\" \/>\n\t<meta name=\"twitter:label2\" content=\"Est. reading time\" \/>\n\t<meta name=\"twitter:data2\" content=\"5 minutes\" \/>\n<script type=\"application\/ld+json\" class=\"yoast-schema-graph\">{\"@context\":\"https:\/\/schema.org\",\"@graph\":[{\"@type\":\"Article\",\"@id\":\"https:\/\/haz.hr\/2019\/02\/10\/hrvatska-akademska-zajednica-ponovno-u-punopravnom-clanstvu-europskih-demokratskih-studenata\/#article\",\"isPartOf\":{\"@id\":\"https:\/\/haz.hr\/2019\/02\/10\/hrvatska-akademska-zajednica-ponovno-u-punopravnom-clanstvu-europskih-demokratskih-studenata\/\"},\"author\":{\"name\":\"JT-design\",\"@id\":\"https:\/\/haz.hr\/#\/schema\/person\/438892ce514665613f7cd5bb7a19213a\"},\"headline\":\"HRVATSKA AKADEMSKA ZAJEDNICA PONOVNO U PUNOPRAVNOM \u010cLANSTVU EUROPSKIH DEMOKRATSKIH STUDENATA\",\"datePublished\":\"2019-02-10T19:24:04+00:00\",\"dateModified\":\"2019-02-10T19:24:04+00:00\",\"mainEntityOfPage\":{\"@id\":\"https:\/\/haz.hr\/2019\/02\/10\/hrvatska-akademska-zajednica-ponovno-u-punopravnom-clanstvu-europskih-demokratskih-studenata\/\"},\"wordCount\":953,\"publisher\":{\"@id\":\"https:\/\/haz.hr\/#organization\"},\"image\":{\"@id\":\"https:\/\/haz.hr\/2019\/02\/10\/hrvatska-akademska-zajednica-ponovno-u-punopravnom-clanstvu-europskih-demokratskih-studenata\/#primaryimage\"},\"thumbnailUrl\":\"https:\/\/haz.hr\/wp-content\/uploads\/2019\/02\/image001.jpg\",\"articleSection\":[\"HAZ novosti\"],\"inLanguage\":\"en-GB\"},{\"@type\":\"WebPage\",\"@id\":\"https:\/\/haz.hr\/2019\/02\/10\/hrvatska-akademska-zajednica-ponovno-u-punopravnom-clanstvu-europskih-demokratskih-studenata\/\",\"url\":\"https:\/\/haz.hr\/2019\/02\/10\/hrvatska-akademska-zajednica-ponovno-u-punopravnom-clanstvu-europskih-demokratskih-studenata\/\",\"name\":\"HRVATSKA AKADEMSKA ZAJEDNICA PONOVNO U PUNOPRAVNOM \u010cLANSTVU EUROPSKIH DEMOKRATSKIH STUDENATA - HAZ\",\"isPartOf\":{\"@id\":\"https:\/\/haz.hr\/#website\"},\"primaryImageOfPage\":{\"@id\":\"https:\/\/haz.hr\/2019\/02\/10\/hrvatska-akademska-zajednica-ponovno-u-punopravnom-clanstvu-europskih-demokratskih-studenata\/#primaryimage\"},\"image\":{\"@id\":\"https:\/\/haz.hr\/2019\/02\/10\/hrvatska-akademska-zajednica-ponovno-u-punopravnom-clanstvu-europskih-demokratskih-studenata\/#primaryimage\"},\"thumbnailUrl\":\"https:\/\/haz.hr\/wp-content\/uploads\/2019\/02\/image001.jpg\",\"datePublished\":\"2019-02-10T19:24:04+00:00\",\"dateModified\":\"2019-02-10T19:24:04+00:00\",\"breadcrumb\":{\"@id\":\"https:\/\/haz.hr\/2019\/02\/10\/hrvatska-akademska-zajednica-ponovno-u-punopravnom-clanstvu-europskih-demokratskih-studenata\/#breadcrumb\"},\"inLanguage\":\"en-GB\",\"potentialAction\":[{\"@type\":\"ReadAction\",\"target\":[\"https:\/\/haz.hr\/2019\/02\/10\/hrvatska-akademska-zajednica-ponovno-u-punopravnom-clanstvu-europskih-demokratskih-studenata\/\"]}]},{\"@type\":\"ImageObject\",\"inLanguage\":\"en-GB\",\"@id\":\"https:\/\/haz.hr\/2019\/02\/10\/hrvatska-akademska-zajednica-ponovno-u-punopravnom-clanstvu-europskih-demokratskih-studenata\/#primaryimage\",\"url\":\"https:\/\/haz.hr\/wp-content\/uploads\/2019\/02\/image001.jpg\",\"contentUrl\":\"https:\/\/haz.hr\/wp-content\/uploads\/2019\/02\/image001.jpg\",\"width\":1224,\"height\":816,\"caption\":\"\"},{\"@type\":\"BreadcrumbList\",\"@id\":\"https:\/\/haz.hr\/2019\/02\/10\/hrvatska-akademska-zajednica-ponovno-u-punopravnom-clanstvu-europskih-demokratskih-studenata\/#breadcrumb\",\"itemListElement\":[{\"@type\":\"ListItem\",\"position\":1,\"name\":\"Home\",\"item\":\"https:\/\/haz.hr\/\"},{\"@type\":\"ListItem\",\"position\":2,\"name\":\"HRVATSKA AKADEMSKA ZAJEDNICA PONOVNO U PUNOPRAVNOM \u010cLANSTVU EUROPSKIH DEMOKRATSKIH STUDENATA\"}]},{\"@type\":\"WebSite\",\"@id\":\"https:\/\/haz.hr\/#website\",\"url\":\"https:\/\/haz.hr\/\",\"name\":\"HAZ\",\"description\":\"Hrvatska akademska zajednica\",\"publisher\":{\"@id\":\"https:\/\/haz.hr\/#organization\"},\"potentialAction\":[{\"@type\":\"SearchAction\",\"target\":{\"@type\":\"EntryPoint\",\"urlTemplate\":\"https:\/\/haz.hr\/?s={search_term_string}\"},\"query-input\":{\"@type\":\"PropertyValueSpecification\",\"valueRequired\":true,\"valueName\":\"search_term_string\"}}],\"inLanguage\":\"en-GB\"},{\"@type\":\"Organization\",\"@id\":\"https:\/\/haz.hr\/#organization\",\"name\":\"HAZ\",\"url\":\"https:\/\/haz.hr\/\",\"logo\":{\"@type\":\"ImageObject\",\"inLanguage\":\"en-GB\",\"@id\":\"https:\/\/haz.hr\/#\/schema\/logo\/image\/\",\"url\":\"https:\/\/haz.hr\/wp-content\/uploads\/2022\/12\/cropped-HAZ_logo.png\",\"contentUrl\":\"https:\/\/haz.hr\/wp-content\/uploads\/2022\/12\/cropped-HAZ_logo.png\",\"width\":125,\"height\":76,\"caption\":\"HAZ\"},\"image\":{\"@id\":\"https:\/\/haz.hr\/#\/schema\/logo\/image\/\"}},{\"@type\":\"Person\",\"@id\":\"https:\/\/haz.hr\/#\/schema\/person\/438892ce514665613f7cd5bb7a19213a\",\"name\":\"JT-design\",\"image\":{\"@type\":\"ImageObject\",\"inLanguage\":\"en-GB\",\"@id\":\"https:\/\/haz.hr\/#\/schema\/person\/image\/\",\"url\":\"https:\/\/secure.gravatar.com\/avatar\/0032728fc07181d052d653eb6ce26d3ff30f5b1c7d867e6fb82eb66a6fc50646?s=96&d=mm&r=g\",\"contentUrl\":\"https:\/\/secure.gravatar.com\/avatar\/0032728fc07181d052d653eb6ce26d3ff30f5b1c7d867e6fb82eb66a6fc50646?s=96&d=mm&r=g\",\"caption\":\"JT-design\"},\"sameAs\":[\"https:\/\/haz.hr\"],\"url\":\"https:\/\/haz.hr\/en\/author\/jt-design\/\"}]}<\/script>\n<!-- \/ Yoast SEO plugin. -->","yoast_head_json":{"title":"HRVATSKA AKADEMSKA ZAJEDNICA PONOVNO U PUNOPRAVNOM \u010cLANSTVU EUROPSKIH DEMOKRATSKIH STUDENATA - HAZ","robots":{"index":"index","follow":"follow","max-snippet":"max-snippet:-1","max-image-preview":"max-image-preview:large","max-video-preview":"max-video-preview:-1"},"canonical":"https:\/\/haz.hr\/en\/2019\/02\/10\/hrvatska-akademska-zajednica-ponovno-u-punopravnom-clanstvu-europskih-demokratskih-studenata\/","og_locale":"en_GB","og_type":"article","og_title":"HRVATSKA AKADEMSKA ZAJEDNICA PONOVNO U PUNOPRAVNOM \u010cLANSTVU EUROPSKIH DEMOKRATSKIH STUDENATA - HAZ","og_description":"Barcelona, 7. &#8211; 10. velja\u010de 2019. U \u0160panjolskoj, u glavnom gradu Katalonije, odr\u017ean je Winter University Europskih demokratskih studenata (EDS) na kojem je 9. velja\u010de 2019. u punopravno \u010dlanstvo primljena [&hellip;]","og_url":"https:\/\/haz.hr\/en\/2019\/02\/10\/hrvatska-akademska-zajednica-ponovno-u-punopravnom-clanstvu-europskih-demokratskih-studenata\/","og_site_name":"HAZ","article_published_time":"2019-02-10T19:24:04+00:00","og_image":[{"width":1224,"height":816,"url":"https:\/\/haz.hr\/wp-content\/uploads\/2019\/02\/image001.jpg","type":"image\/jpeg"}],"author":"JT-design","twitter_card":"summary_large_image","twitter_misc":{"Written by":"JT-design","Est. reading time":"5 minutes"},"schema":{"@context":"https:\/\/schema.org","@graph":[{"@type":"Article","@id":"https:\/\/haz.hr\/2019\/02\/10\/hrvatska-akademska-zajednica-ponovno-u-punopravnom-clanstvu-europskih-demokratskih-studenata\/#article","isPartOf":{"@id":"https:\/\/haz.hr\/2019\/02\/10\/hrvatska-akademska-zajednica-ponovno-u-punopravnom-clanstvu-europskih-demokratskih-studenata\/"},"author":{"name":"JT-design","@id":"https:\/\/haz.hr\/#\/schema\/person\/438892ce514665613f7cd5bb7a19213a"},"headline":"HRVATSKA AKADEMSKA ZAJEDNICA PONOVNO U PUNOPRAVNOM \u010cLANSTVU EUROPSKIH DEMOKRATSKIH STUDENATA","datePublished":"2019-02-10T19:24:04+00:00","dateModified":"2019-02-10T19:24:04+00:00","mainEntityOfPage":{"@id":"https:\/\/haz.hr\/2019\/02\/10\/hrvatska-akademska-zajednica-ponovno-u-punopravnom-clanstvu-europskih-demokratskih-studenata\/"},"wordCount":953,"publisher":{"@id":"https:\/\/haz.hr\/#organization"},"image":{"@id":"https:\/\/haz.hr\/2019\/02\/10\/hrvatska-akademska-zajednica-ponovno-u-punopravnom-clanstvu-europskih-demokratskih-studenata\/#primaryimage"},"thumbnailUrl":"https:\/\/haz.hr\/wp-content\/uploads\/2019\/02\/image001.jpg","articleSection":["HAZ novosti"],"inLanguage":"en-GB"},{"@type":"WebPage","@id":"https:\/\/haz.hr\/2019\/02\/10\/hrvatska-akademska-zajednica-ponovno-u-punopravnom-clanstvu-europskih-demokratskih-studenata\/","url":"https:\/\/haz.hr\/2019\/02\/10\/hrvatska-akademska-zajednica-ponovno-u-punopravnom-clanstvu-europskih-demokratskih-studenata\/","name":"HRVATSKA AKADEMSKA ZAJEDNICA PONOVNO U PUNOPRAVNOM \u010cLANSTVU EUROPSKIH DEMOKRATSKIH STUDENATA - HAZ","isPartOf":{"@id":"https:\/\/haz.hr\/#website"},"primaryImageOfPage":{"@id":"https:\/\/haz.hr\/2019\/02\/10\/hrvatska-akademska-zajednica-ponovno-u-punopravnom-clanstvu-europskih-demokratskih-studenata\/#primaryimage"},"image":{"@id":"https:\/\/haz.hr\/2019\/02\/10\/hrvatska-akademska-zajednica-ponovno-u-punopravnom-clanstvu-europskih-demokratskih-studenata\/#primaryimage"},"thumbnailUrl":"https:\/\/haz.hr\/wp-content\/uploads\/2019\/02\/image001.jpg","datePublished":"2019-02-10T19:24:04+00:00","dateModified":"2019-02-10T19:24:04+00:00","breadcrumb":{"@id":"https:\/\/haz.hr\/2019\/02\/10\/hrvatska-akademska-zajednica-ponovno-u-punopravnom-clanstvu-europskih-demokratskih-studenata\/#breadcrumb"},"inLanguage":"en-GB","potentialAction":[{"@type":"ReadAction","target":["https:\/\/haz.hr\/2019\/02\/10\/hrvatska-akademska-zajednica-ponovno-u-punopravnom-clanstvu-europskih-demokratskih-studenata\/"]}]},{"@type":"ImageObject","inLanguage":"en-GB","@id":"https:\/\/haz.hr\/2019\/02\/10\/hrvatska-akademska-zajednica-ponovno-u-punopravnom-clanstvu-europskih-demokratskih-studenata\/#primaryimage","url":"https:\/\/haz.hr\/wp-content\/uploads\/2019\/02\/image001.jpg","contentUrl":"https:\/\/haz.hr\/wp-content\/uploads\/2019\/02\/image001.jpg","width":1224,"height":816,"caption":""},{"@type":"BreadcrumbList","@id":"https:\/\/haz.hr\/2019\/02\/10\/hrvatska-akademska-zajednica-ponovno-u-punopravnom-clanstvu-europskih-demokratskih-studenata\/#breadcrumb","itemListElement":[{"@type":"ListItem","position":1,"name":"Home","item":"https:\/\/haz.hr\/"},{"@type":"ListItem","position":2,"name":"HRVATSKA AKADEMSKA ZAJEDNICA PONOVNO U PUNOPRAVNOM \u010cLANSTVU EUROPSKIH DEMOKRATSKIH STUDENATA"}]},{"@type":"WebSite","@id":"https:\/\/haz.hr\/#website","url":"https:\/\/haz.hr\/","name":"HAZ","description":"Croatian Academic Community","publisher":{"@id":"https:\/\/haz.hr\/#organization"},"potentialAction":[{"@type":"SearchAction","target":{"@type":"EntryPoint","urlTemplate":"https:\/\/haz.hr\/?s={search_term_string}"},"query-input":{"@type":"PropertyValueSpecification","valueRequired":true,"valueName":"search_term_string"}}],"inLanguage":"en-GB"},{"@type":"Organization","@id":"https:\/\/haz.hr\/#organization","name":"HAZ","url":"https:\/\/haz.hr\/","logo":{"@type":"ImageObject","inLanguage":"en-GB","@id":"https:\/\/haz.hr\/#\/schema\/logo\/image\/","url":"https:\/\/haz.hr\/wp-content\/uploads\/2022\/12\/cropped-HAZ_logo.png","contentUrl":"https:\/\/haz.hr\/wp-content\/uploads\/2022\/12\/cropped-HAZ_logo.png","width":125,"height":76,"caption":"HAZ"},"image":{"@id":"https:\/\/haz.hr\/#\/schema\/logo\/image\/"}},{"@type":"Person","@id":"https:\/\/haz.hr\/#\/schema\/person\/438892ce514665613f7cd5bb7a19213a","name":"JT-design","image":{"@type":"ImageObject","inLanguage":"en-GB","@id":"https:\/\/haz.hr\/#\/schema\/person\/image\/","url":"https:\/\/secure.gravatar.com\/avatar\/0032728fc07181d052d653eb6ce26d3ff30f5b1c7d867e6fb82eb66a6fc50646?s=96&d=mm&r=g","contentUrl":"https:\/\/secure.gravatar.com\/avatar\/0032728fc07181d052d653eb6ce26d3ff30f5b1c7d867e6fb82eb66a6fc50646?s=96&d=mm&r=g","caption":"JT-design"},"sameAs":["https:\/\/haz.hr"],"url":"https:\/\/haz.hr\/en\/author\/jt-design\/"}]}},"_links":{"self":[{"href":"https:\/\/haz.hr\/en\/wp-json\/wp\/v2\/posts\/2406","targetHints":{"allow":["GET"]}}],"collection":[{"href":"https:\/\/haz.hr\/en\/wp-json\/wp\/v2\/posts"}],"about":[{"href":"https:\/\/haz.hr\/en\/wp-json\/wp\/v2\/types\/post"}],"author":[{"embeddable":true,"href":"https:\/\/haz.hr\/en\/wp-json\/wp\/v2\/users\/1"}],"replies":[{"embeddable":true,"href":"https:\/\/haz.hr\/en\/wp-json\/wp\/v2\/comments?post=2406"}],"version-history":[{"count":0,"href":"https:\/\/haz.hr\/en\/wp-json\/wp\/v2\/posts\/2406\/revisions"}],"wp:featuredmedia":[{"embeddable":true,"href":"https:\/\/haz.hr\/en\/wp-json\/wp\/v2\/media\/964"}],"wp:attachment":[{"href":"https:\/\/haz.hr\/en\/wp-json\/wp\/v2\/media?parent=2406"}],"wp:term":[{"taxonomy":"category","embeddable":true,"href":"https:\/\/haz.hr\/en\/wp-json\/wp\/v2\/categories?post=2406"},{"taxonomy":"post_tag","embeddable":true,"href":"https:\/\/haz.hr\/en\/wp-json\/wp\/v2\/tags?post=2406"}],"curies":[{"name":"wp","href":"https:\/\/api.w.org\/{rel}","templated":true}]}}