{"id":2407,"date":"2019-03-18T20:29:49","date_gmt":"2019-03-18T19:29:49","guid":{"rendered":"https:\/\/www.haz.hr\/?p=994"},"modified":"2023-02-09T13:08:57","modified_gmt":"2023-02-09T13:08:57","slug":"intervju-s-marijom-rajicem-voditeljom-projekta-sudjelovanja-haz-a-na-wings-for-life-u-2019","status":"publish","type":"post","link":"https:\/\/haz.hr\/en\/2019\/03\/18\/intervju-s-marijom-rajicem-voditeljom-projekta-sudjelovanja-haz-a-na-wings-for-life-u-2019\/","title":{"rendered":"Intervju s Marijom Raji\u010dem, voditeljom projekta sudjelovanja HAZ-a na Wings for Life-u 2019."},"content":{"rendered":"<p class=\"wp-block-paragraph\"><strong>Za\u0161to si se odlu\u010dio organizirati HAZ tim ba\u0161 za nadolaze\u0107i <em>Wings for Life<\/em> u Zadru? <\/strong><\/p>\n\n\n\n<p class=\"wp-block-paragraph\">M: Organizacija doga\u0111aja dinami\u010dna je aktivnost\nkoja iziskuje mnogo truda, timskog rada i izvrsnu koordinaciju. No, ono posebno\nje da rijetko koji doga\u0111aj mo\u017ee biti pro\u017eet s emocijom kao onaj u kojem mo\u017eemo zajedni\u010dkim\nsnagama pomo\u0107i drugima i pru\u017eiti potporu onima kojima je to najpotrebitije, kao\n\u0161to je WFL utrka u Zadru. Upravo je to bio klju\u010dni pokreta\u010d.<\/p>\n\n\n\n<p class=\"wp-block-paragraph\"><strong>Kao voditelj projekta, ima\u0161 li informaciju koliko je trenutno prijavljenih i za\u0161to poziva\u0161 #hazovce da se prijave?<\/strong><\/p>\n\n\n\n<p class=\"wp-block-paragraph\">M:&nbsp; Trenutno je prijavljenih osam tisu\u0107a sudionika diljem Hrvatske, a svatko tko \u017eeli doprinijeti mo\u017ee to u\u010diniti donacijom ili samim tr\u010danjem u HAZ timu kojeg smo uspostavili, a koji isto tako raste iz dana u dan. HAZ-ovci dobrodo\u0161li ste. Vidimo se u Zadru!<\/p>\n\n\n\n<p class=\"wp-block-paragraph\"><strong>Dru\u0161tveno odgovorni projekti su pokreta\u010di pozitivnih promjena u zajednici. Koja je po tebi uloga Hrvatske akademske zajednice u kreiranju takvih promjena?<\/strong><\/p>\n\n\n\n<p class=\"wp-block-paragraph\">M: Hrvatska akademska zajednica je nestrana\u010dka i\nneprofitna organizacija s ciljem potpore mladima i platforma za potporu dijaloga\n(u) i visokoobrazovnom sustavu. Upravo kako si i sam rekao, smatram da su i\nneprofitne i nevladine organizacije pokreta\u010di pozitivnih promjena i aktivnosti\nu dru\u0161tvu, pa tako i HAZ. <\/p>\n\n\n\n<p class=\"wp-block-paragraph\"><strong>Na prethodnom, uspje\u0161no provedenom, IX. Saboru HAZ-a formirano je predsjedni\u0161tvo HAZ-a Zagreb i trenutno u okviru HAZ-a Zagreb obna\u0161a\u0161 funkciju tajnika. <\/strong><strong>Kako vidi\u0161 razvoj najve\u0107e studentske podru\u017enice HAZ-a i imate li jo\u0161 kakve projekte na vidiku?<\/strong><\/p>\n\n\n\n<p class=\"wp-block-paragraph\">M:&nbsp; HAZ, kao \u0161to sam u prija\u0161njim recima naglasio, raste te \u0107e nastaviti rasti s konkretnim planovima i aktivnostima, a za koje odgovara predsjedni\u0161tvo podru\u017enice, odnosno Glavni odbor na nacionalnoj razini. U HAZ-u Zagreb trenutno je u planu panel rasprava te potpora aktivnostima uspostave HAZEF-a. Studenti su od presudnog zna\u010daja za Hrvatsku akademsku zajednicu te imaju priliku sudjelovati u kreiranju klju\u010dnih odluka HAZ-a.<\/p>\n\n\n\n<p class=\"wp-block-paragraph\"><strong>Razgovarao:<\/strong> Ivan Bio\u0161i\u0107, voditelj Tima za odnose s javno\u0161\u0107u\nHrvatske akademske zajednice <\/p>","protected":false},"excerpt":{"rendered":"<p>Za\u0161to si se odlu\u010dio organizirati HAZ tim ba\u0161 za nadolaze\u0107i Wings for Life u Zadru? M: Organizacija doga\u0111aja dinami\u010dna je aktivnost koja iziskuje mnogo truda, timskog rada i izvrsnu koordinaciju. [&hellip;]<\/p>\n","protected":false},"author":1,"featured_media":2342,"comment_status":"closed","ping_status":"open","sticky":false,"template":"","format":"standard","meta":{"footnotes":""},"categories":[14],"tags":[],"class_list":["post-2407","post","type-post","status-publish","format-standard","has-post-thumbnail","hentry","category-haz-novosti"],"yoast_head":"<!-- This site is optimized with the Yoast SEO plugin v23.7 - https:\/\/yoast.com\/wordpress\/plugins\/seo\/ -->\n<title>Intervju s Marijom Raji\u010dem, voditeljom projekta sudjelovanja HAZ-a na Wings for Life-u 2019. - HAZ<\/title>\n<meta name=\"robots\" content=\"index, follow, max-snippet:-1, max-image-preview:large, max-video-preview:-1\" \/>\n<link rel=\"canonical\" href=\"https:\/\/haz.hr\/en\/2019\/03\/18\/intervju-s-marijom-rajicem-voditeljom-projekta-sudjelovanja-haz-a-na-wings-for-life-u-2019\/\" \/>\n<meta property=\"og:locale\" content=\"en_GB\" \/>\n<meta property=\"og:type\" content=\"article\" \/>\n<meta property=\"og:title\" content=\"Intervju s Marijom Raji\u010dem, voditeljom projekta sudjelovanja HAZ-a na Wings for Life-u 2019. - HAZ\" \/>\n<meta property=\"og:description\" content=\"Za\u0161to si se odlu\u010dio organizirati HAZ tim ba\u0161 za nadolaze\u0107i Wings for Life u Zadru? M: Organizacija doga\u0111aja dinami\u010dna je aktivnost koja iziskuje mnogo truda, timskog rada i izvrsnu koordinaciju. [&hellip;]\" \/>\n<meta property=\"og:url\" content=\"https:\/\/haz.hr\/en\/2019\/03\/18\/intervju-s-marijom-rajicem-voditeljom-projekta-sudjelovanja-haz-a-na-wings-for-life-u-2019\/\" \/>\n<meta property=\"og:site_name\" content=\"HAZ\" \/>\n<meta property=\"article:published_time\" content=\"2019-03-18T19:29:49+00:00\" \/>\n<meta property=\"article:modified_time\" content=\"2023-02-09T13:08:57+00:00\" \/>\n<meta property=\"og:image\" content=\"https:\/\/haz.hr\/wp-content\/uploads\/2019\/03\/WhatsApp-Image-2019-03-18-at-19.23.45.jpeg\" \/>\n\t<meta property=\"og:image:width\" content=\"1600\" \/>\n\t<meta property=\"og:image:height\" content=\"1198\" \/>\n\t<meta property=\"og:image:type\" content=\"image\/jpeg\" \/>\n<meta name=\"author\" content=\"JT-design\" \/>\n<meta name=\"twitter:card\" content=\"summary_large_image\" \/>\n<meta name=\"twitter:label1\" content=\"Written by\" \/>\n\t<meta name=\"twitter:data1\" content=\"JT-design\" \/>\n\t<meta name=\"twitter:label2\" content=\"Est. reading time\" \/>\n\t<meta name=\"twitter:data2\" content=\"2 minutes\" \/>\n<script type=\"application\/ld+json\" class=\"yoast-schema-graph\">{\"@context\":\"https:\/\/schema.org\",\"@graph\":[{\"@type\":\"Article\",\"@id\":\"https:\/\/haz.hr\/2019\/03\/18\/intervju-s-marijom-rajicem-voditeljom-projekta-sudjelovanja-haz-a-na-wings-for-life-u-2019\/#article\",\"isPartOf\":{\"@id\":\"https:\/\/haz.hr\/2019\/03\/18\/intervju-s-marijom-rajicem-voditeljom-projekta-sudjelovanja-haz-a-na-wings-for-life-u-2019\/\"},\"author\":{\"name\":\"JT-design\",\"@id\":\"https:\/\/haz.hr\/#\/schema\/person\/438892ce514665613f7cd5bb7a19213a\"},\"headline\":\"Intervju s Marijom Raji\u010dem, voditeljom projekta sudjelovanja HAZ-a na Wings for Life-u 2019.\",\"datePublished\":\"2019-03-18T19:29:49+00:00\",\"dateModified\":\"2023-02-09T13:08:57+00:00\",\"mainEntityOfPage\":{\"@id\":\"https:\/\/haz.hr\/2019\/03\/18\/intervju-s-marijom-rajicem-voditeljom-projekta-sudjelovanja-haz-a-na-wings-for-life-u-2019\/\"},\"wordCount\":363,\"publisher\":{\"@id\":\"https:\/\/haz.hr\/#organization\"},\"image\":{\"@id\":\"https:\/\/haz.hr\/2019\/03\/18\/intervju-s-marijom-rajicem-voditeljom-projekta-sudjelovanja-haz-a-na-wings-for-life-u-2019\/#primaryimage\"},\"thumbnailUrl\":\"https:\/\/haz.hr\/wp-content\/uploads\/2019\/03\/WhatsApp-Image-2019-03-18-at-19.23.45.jpeg\",\"articleSection\":[\"HAZ novosti\"],\"inLanguage\":\"en-GB\"},{\"@type\":\"WebPage\",\"@id\":\"https:\/\/haz.hr\/2019\/03\/18\/intervju-s-marijom-rajicem-voditeljom-projekta-sudjelovanja-haz-a-na-wings-for-life-u-2019\/\",\"url\":\"https:\/\/haz.hr\/2019\/03\/18\/intervju-s-marijom-rajicem-voditeljom-projekta-sudjelovanja-haz-a-na-wings-for-life-u-2019\/\",\"name\":\"Intervju s Marijom Raji\u010dem, voditeljom projekta sudjelovanja HAZ-a na Wings for Life-u 2019. - HAZ\",\"isPartOf\":{\"@id\":\"https:\/\/haz.hr\/#website\"},\"primaryImageOfPage\":{\"@id\":\"https:\/\/haz.hr\/2019\/03\/18\/intervju-s-marijom-rajicem-voditeljom-projekta-sudjelovanja-haz-a-na-wings-for-life-u-2019\/#primaryimage\"},\"image\":{\"@id\":\"https:\/\/haz.hr\/2019\/03\/18\/intervju-s-marijom-rajicem-voditeljom-projekta-sudjelovanja-haz-a-na-wings-for-life-u-2019\/#primaryimage\"},\"thumbnailUrl\":\"https:\/\/haz.hr\/wp-content\/uploads\/2019\/03\/WhatsApp-Image-2019-03-18-at-19.23.45.jpeg\",\"datePublished\":\"2019-03-18T19:29:49+00:00\",\"dateModified\":\"2023-02-09T13:08:57+00:00\",\"breadcrumb\":{\"@id\":\"https:\/\/haz.hr\/2019\/03\/18\/intervju-s-marijom-rajicem-voditeljom-projekta-sudjelovanja-haz-a-na-wings-for-life-u-2019\/#breadcrumb\"},\"inLanguage\":\"en-GB\",\"potentialAction\":[{\"@type\":\"ReadAction\",\"target\":[\"https:\/\/haz.hr\/2019\/03\/18\/intervju-s-marijom-rajicem-voditeljom-projekta-sudjelovanja-haz-a-na-wings-for-life-u-2019\/\"]}]},{\"@type\":\"ImageObject\",\"inLanguage\":\"en-GB\",\"@id\":\"https:\/\/haz.hr\/2019\/03\/18\/intervju-s-marijom-rajicem-voditeljom-projekta-sudjelovanja-haz-a-na-wings-for-life-u-2019\/#primaryimage\",\"url\":\"https:\/\/haz.hr\/wp-content\/uploads\/2019\/03\/WhatsApp-Image-2019-03-18-at-19.23.45.jpeg\",\"contentUrl\":\"https:\/\/haz.hr\/wp-content\/uploads\/2019\/03\/WhatsApp-Image-2019-03-18-at-19.23.45.jpeg\",\"width\":1600,\"height\":1198,\"caption\":\"\"},{\"@type\":\"BreadcrumbList\",\"@id\":\"https:\/\/haz.hr\/2019\/03\/18\/intervju-s-marijom-rajicem-voditeljom-projekta-sudjelovanja-haz-a-na-wings-for-life-u-2019\/#breadcrumb\",\"itemListElement\":[{\"@type\":\"ListItem\",\"position\":1,\"name\":\"Home\",\"item\":\"https:\/\/haz.hr\/\"},{\"@type\":\"ListItem\",\"position\":2,\"name\":\"Intervju s Marijom Raji\u010dem, voditeljom projekta sudjelovanja HAZ-a na Wings for Life-u 2019.\"}]},{\"@type\":\"WebSite\",\"@id\":\"https:\/\/haz.hr\/#website\",\"url\":\"https:\/\/haz.hr\/\",\"name\":\"HAZ\",\"description\":\"Hrvatska akademska zajednica\",\"publisher\":{\"@id\":\"https:\/\/haz.hr\/#organization\"},\"potentialAction\":[{\"@type\":\"SearchAction\",\"target\":{\"@type\":\"EntryPoint\",\"urlTemplate\":\"https:\/\/haz.hr\/?s={search_term_string}\"},\"query-input\":{\"@type\":\"PropertyValueSpecification\",\"valueRequired\":true,\"valueName\":\"search_term_string\"}}],\"inLanguage\":\"en-GB\"},{\"@type\":\"Organization\",\"@id\":\"https:\/\/haz.hr\/#organization\",\"name\":\"HAZ\",\"url\":\"https:\/\/haz.hr\/\",\"logo\":{\"@type\":\"ImageObject\",\"inLanguage\":\"en-GB\",\"@id\":\"https:\/\/haz.hr\/#\/schema\/logo\/image\/\",\"url\":\"https:\/\/haz.hr\/wp-content\/uploads\/2022\/12\/cropped-HAZ_logo.png\",\"contentUrl\":\"https:\/\/haz.hr\/wp-content\/uploads\/2022\/12\/cropped-HAZ_logo.png\",\"width\":125,\"height\":76,\"caption\":\"HAZ\"},\"image\":{\"@id\":\"https:\/\/haz.hr\/#\/schema\/logo\/image\/\"}},{\"@type\":\"Person\",\"@id\":\"https:\/\/haz.hr\/#\/schema\/person\/438892ce514665613f7cd5bb7a19213a\",\"name\":\"JT-design\",\"image\":{\"@type\":\"ImageObject\",\"inLanguage\":\"en-GB\",\"@id\":\"https:\/\/haz.hr\/#\/schema\/person\/image\/\",\"url\":\"https:\/\/secure.gravatar.com\/avatar\/0032728fc07181d052d653eb6ce26d3ff30f5b1c7d867e6fb82eb66a6fc50646?s=96&d=mm&r=g\",\"contentUrl\":\"https:\/\/secure.gravatar.com\/avatar\/0032728fc07181d052d653eb6ce26d3ff30f5b1c7d867e6fb82eb66a6fc50646?s=96&d=mm&r=g\",\"caption\":\"JT-design\"},\"sameAs\":[\"https:\/\/haz.hr\"],\"url\":\"https:\/\/haz.hr\/en\/author\/jt-design\/\"}]}<\/script>\n<!-- \/ Yoast SEO plugin. -->","yoast_head_json":{"title":"Intervju s Marijom Raji\u010dem, voditeljom projekta sudjelovanja HAZ-a na Wings for Life-u 2019. - HAZ","robots":{"index":"index","follow":"follow","max-snippet":"max-snippet:-1","max-image-preview":"max-image-preview:large","max-video-preview":"max-video-preview:-1"},"canonical":"https:\/\/haz.hr\/en\/2019\/03\/18\/intervju-s-marijom-rajicem-voditeljom-projekta-sudjelovanja-haz-a-na-wings-for-life-u-2019\/","og_locale":"en_GB","og_type":"article","og_title":"Intervju s Marijom Raji\u010dem, voditeljom projekta sudjelovanja HAZ-a na Wings for Life-u 2019. - HAZ","og_description":"Za\u0161to si se odlu\u010dio organizirati HAZ tim ba\u0161 za nadolaze\u0107i Wings for Life u Zadru? M: Organizacija doga\u0111aja dinami\u010dna je aktivnost koja iziskuje mnogo truda, timskog rada i izvrsnu koordinaciju. [&hellip;]","og_url":"https:\/\/haz.hr\/en\/2019\/03\/18\/intervju-s-marijom-rajicem-voditeljom-projekta-sudjelovanja-haz-a-na-wings-for-life-u-2019\/","og_site_name":"HAZ","article_published_time":"2019-03-18T19:29:49+00:00","article_modified_time":"2023-02-09T13:08:57+00:00","og_image":[{"width":1600,"height":1198,"url":"https:\/\/haz.hr\/wp-content\/uploads\/2019\/03\/WhatsApp-Image-2019-03-18-at-19.23.45.jpeg","type":"image\/jpeg"}],"author":"JT-design","twitter_card":"summary_large_image","twitter_misc":{"Written by":"JT-design","Est. reading time":"2 minutes"},"schema":{"@context":"https:\/\/schema.org","@graph":[{"@type":"Article","@id":"https:\/\/haz.hr\/2019\/03\/18\/intervju-s-marijom-rajicem-voditeljom-projekta-sudjelovanja-haz-a-na-wings-for-life-u-2019\/#article","isPartOf":{"@id":"https:\/\/haz.hr\/2019\/03\/18\/intervju-s-marijom-rajicem-voditeljom-projekta-sudjelovanja-haz-a-na-wings-for-life-u-2019\/"},"author":{"name":"JT-design","@id":"https:\/\/haz.hr\/#\/schema\/person\/438892ce514665613f7cd5bb7a19213a"},"headline":"Intervju s Marijom Raji\u010dem, voditeljom projekta sudjelovanja HAZ-a na Wings for Life-u 2019.","datePublished":"2019-03-18T19:29:49+00:00","dateModified":"2023-02-09T13:08:57+00:00","mainEntityOfPage":{"@id":"https:\/\/haz.hr\/2019\/03\/18\/intervju-s-marijom-rajicem-voditeljom-projekta-sudjelovanja-haz-a-na-wings-for-life-u-2019\/"},"wordCount":363,"publisher":{"@id":"https:\/\/haz.hr\/#organization"},"image":{"@id":"https:\/\/haz.hr\/2019\/03\/18\/intervju-s-marijom-rajicem-voditeljom-projekta-sudjelovanja-haz-a-na-wings-for-life-u-2019\/#primaryimage"},"thumbnailUrl":"https:\/\/haz.hr\/wp-content\/uploads\/2019\/03\/WhatsApp-Image-2019-03-18-at-19.23.45.jpeg","articleSection":["HAZ novosti"],"inLanguage":"en-GB"},{"@type":"WebPage","@id":"https:\/\/haz.hr\/2019\/03\/18\/intervju-s-marijom-rajicem-voditeljom-projekta-sudjelovanja-haz-a-na-wings-for-life-u-2019\/","url":"https:\/\/haz.hr\/2019\/03\/18\/intervju-s-marijom-rajicem-voditeljom-projekta-sudjelovanja-haz-a-na-wings-for-life-u-2019\/","name":"Intervju s Marijom Raji\u010dem, voditeljom projekta sudjelovanja HAZ-a na Wings for Life-u 2019. - HAZ","isPartOf":{"@id":"https:\/\/haz.hr\/#website"},"primaryImageOfPage":{"@id":"https:\/\/haz.hr\/2019\/03\/18\/intervju-s-marijom-rajicem-voditeljom-projekta-sudjelovanja-haz-a-na-wings-for-life-u-2019\/#primaryimage"},"image":{"@id":"https:\/\/haz.hr\/2019\/03\/18\/intervju-s-marijom-rajicem-voditeljom-projekta-sudjelovanja-haz-a-na-wings-for-life-u-2019\/#primaryimage"},"thumbnailUrl":"https:\/\/haz.hr\/wp-content\/uploads\/2019\/03\/WhatsApp-Image-2019-03-18-at-19.23.45.jpeg","datePublished":"2019-03-18T19:29:49+00:00","dateModified":"2023-02-09T13:08:57+00:00","breadcrumb":{"@id":"https:\/\/haz.hr\/2019\/03\/18\/intervju-s-marijom-rajicem-voditeljom-projekta-sudjelovanja-haz-a-na-wings-for-life-u-2019\/#breadcrumb"},"inLanguage":"en-GB","potentialAction":[{"@type":"ReadAction","target":["https:\/\/haz.hr\/2019\/03\/18\/intervju-s-marijom-rajicem-voditeljom-projekta-sudjelovanja-haz-a-na-wings-for-life-u-2019\/"]}]},{"@type":"ImageObject","inLanguage":"en-GB","@id":"https:\/\/haz.hr\/2019\/03\/18\/intervju-s-marijom-rajicem-voditeljom-projekta-sudjelovanja-haz-a-na-wings-for-life-u-2019\/#primaryimage","url":"https:\/\/haz.hr\/wp-content\/uploads\/2019\/03\/WhatsApp-Image-2019-03-18-at-19.23.45.jpeg","contentUrl":"https:\/\/haz.hr\/wp-content\/uploads\/2019\/03\/WhatsApp-Image-2019-03-18-at-19.23.45.jpeg","width":1600,"height":1198,"caption":""},{"@type":"BreadcrumbList","@id":"https:\/\/haz.hr\/2019\/03\/18\/intervju-s-marijom-rajicem-voditeljom-projekta-sudjelovanja-haz-a-na-wings-for-life-u-2019\/#breadcrumb","itemListElement":[{"@type":"ListItem","position":1,"name":"Home","item":"https:\/\/haz.hr\/"},{"@type":"ListItem","position":2,"name":"Intervju s Marijom Raji\u010dem, voditeljom projekta sudjelovanja HAZ-a na Wings for Life-u 2019."}]},{"@type":"WebSite","@id":"https:\/\/haz.hr\/#website","url":"https:\/\/haz.hr\/","name":"HAZ","description":"Croatian Academic Community","publisher":{"@id":"https:\/\/haz.hr\/#organization"},"potentialAction":[{"@type":"SearchAction","target":{"@type":"EntryPoint","urlTemplate":"https:\/\/haz.hr\/?s={search_term_string}"},"query-input":{"@type":"PropertyValueSpecification","valueRequired":true,"valueName":"search_term_string"}}],"inLanguage":"en-GB"},{"@type":"Organization","@id":"https:\/\/haz.hr\/#organization","name":"HAZ","url":"https:\/\/haz.hr\/","logo":{"@type":"ImageObject","inLanguage":"en-GB","@id":"https:\/\/haz.hr\/#\/schema\/logo\/image\/","url":"https:\/\/haz.hr\/wp-content\/uploads\/2022\/12\/cropped-HAZ_logo.png","contentUrl":"https:\/\/haz.hr\/wp-content\/uploads\/2022\/12\/cropped-HAZ_logo.png","width":125,"height":76,"caption":"HAZ"},"image":{"@id":"https:\/\/haz.hr\/#\/schema\/logo\/image\/"}},{"@type":"Person","@id":"https:\/\/haz.hr\/#\/schema\/person\/438892ce514665613f7cd5bb7a19213a","name":"JT-design","image":{"@type":"ImageObject","inLanguage":"en-GB","@id":"https:\/\/haz.hr\/#\/schema\/person\/image\/","url":"https:\/\/secure.gravatar.com\/avatar\/0032728fc07181d052d653eb6ce26d3ff30f5b1c7d867e6fb82eb66a6fc50646?s=96&d=mm&r=g","contentUrl":"https:\/\/secure.gravatar.com\/avatar\/0032728fc07181d052d653eb6ce26d3ff30f5b1c7d867e6fb82eb66a6fc50646?s=96&d=mm&r=g","caption":"JT-design"},"sameAs":["https:\/\/haz.hr"],"url":"https:\/\/haz.hr\/en\/author\/jt-design\/"}]}},"_links":{"self":[{"href":"https:\/\/haz.hr\/en\/wp-json\/wp\/v2\/posts\/2407","targetHints":{"allow":["GET"]}}],"collection":[{"href":"https:\/\/haz.hr\/en\/wp-json\/wp\/v2\/posts"}],"about":[{"href":"https:\/\/haz.hr\/en\/wp-json\/wp\/v2\/types\/post"}],"author":[{"embeddable":true,"href":"https:\/\/haz.hr\/en\/wp-json\/wp\/v2\/users\/1"}],"replies":[{"embeddable":true,"href":"https:\/\/haz.hr\/en\/wp-json\/wp\/v2\/comments?post=2407"}],"version-history":[{"count":1,"href":"https:\/\/haz.hr\/en\/wp-json\/wp\/v2\/posts\/2407\/revisions"}],"predecessor-version":[{"id":2445,"href":"https:\/\/haz.hr\/en\/wp-json\/wp\/v2\/posts\/2407\/revisions\/2445"}],"wp:featuredmedia":[{"embeddable":true,"href":"https:\/\/haz.hr\/en\/wp-json\/wp\/v2\/media\/2342"}],"wp:attachment":[{"href":"https:\/\/haz.hr\/en\/wp-json\/wp\/v2\/media?parent=2407"}],"wp:term":[{"taxonomy":"category","embeddable":true,"href":"https:\/\/haz.hr\/en\/wp-json\/wp\/v2\/categories?post=2407"},{"taxonomy":"post_tag","embeddable":true,"href":"https:\/\/haz.hr\/en\/wp-json\/wp\/v2\/tags?post=2407"}],"curies":[{"name":"wp","href":"https:\/\/api.w.org\/{rel}","templated":true}]}}