{"id":2408,"date":"2019-03-21T23:46:09","date_gmt":"2019-03-21T22:46:09","guid":{"rendered":"https:\/\/www.haz.hr\/?p=1001"},"modified":"2023-02-09T13:07:58","modified_gmt":"2023-02-09T13:07:58","slug":"mihovil-miokovic-obnavljanjem-hazef-a-okupljamo-buduce-poduzetnike-i-menadzere","status":"publish","type":"post","link":"https:\/\/haz.hr\/en\/2019\/03\/21\/mihovil-miokovic-obnavljanjem-hazef-a-okupljamo-buduce-poduzetnike-i-menadzere\/","title":{"rendered":"Mihovil Miokovi\u0107: \u201eObnavljanjem HAZEF-a okupljamo budu\u0107e poduzetnike i menad\u017eere\u201c"},"content":{"rendered":"<p class=\"wp-block-paragraph\">U srijedu, 20. o\u017eujka odr\u017eana je <strong>Obnoviteljska skup\u0161tina HAZEF-a, studentske organizacije Hrvatske akademske zajednice Ekonomskog fakulteta Sveu\u010dili\u0161ta u Zagrebu<\/strong> u prostorijama istoimenog fakulteta. Doga\u0111aju je prisustvovalo tridesetak studenata na EFZG-u te alumni \u010dlanovi HAZ-a na \u010delu s nacionalnim predsjednikom <strong>Zdeslavom Milasom<\/strong> i predsjednikom Alumni zajednice <strong>Antom Bari\u0161i\u0107em<\/strong>. Skup su pozdravili i <strong>doc. dr. sc. Davor Filipovi\u0107<\/strong>, \u010dlan Akademskog savjeta HAZ-a i docent na Katedri za organizaciju i menad\u017ement, biv\u0161i predsjednik i dopredsjednica HAZEF-a<strong> dr. sc. Vjekoslav Brati\u0107<\/strong>, znanstvenik u Institutu za javne financije i poduzetnica <strong>Dijana Pavkovi\u0107<\/strong> te <strong>Luka Bunti\u0107<\/strong>, predsjednik Studentskog zbora EFZG 2015. \u2013 2017.<\/p>\n\n\n\n<figure class=\"wp-block-gallery has-nested-images columns-default is-cropped wp-block-gallery-1 is-layout-flex wp-block-gallery-is-layout-flex\">\n<figure class=\"wp-block-image\"><img decoding=\"async\" data-id=\"1009\" src=\"https:\/\/www.haz.hr\/wp-content\/uploads\/2019\/03\/69b0f29c-f538-43ac-a85e-f047197ed7da-2.jpg\" alt=\"\" class=\"wp-image-1009\"\/><\/figure>\n\n\n\n<figure class=\"wp-block-image\"><img decoding=\"async\" data-id=\"1010\" src=\"https:\/\/www.haz.hr\/wp-content\/uploads\/2019\/03\/WhatsApp-Image-2019-03-21-at-23.44.12-3.jpeg\" alt=\"\" class=\"wp-image-1010\"\/><\/figure>\n<\/figure>\n\n\n\n<p class=\"wp-block-paragraph\">Na Skup\u0161tini HAZEF-a za <em>predsjednika je izabran Mihovil Miokovi\u0107<\/em>, za <em>zamjenicu predsjednika Ena Bogut, za tajnika Vladimir Antun Posavac, a za dopredsjednike za odnose s javno\u0161\u0107u i financije Tom Medek i Maks Manestar. <\/em><\/p>\n\n\n\n<p class=\"wp-block-paragraph\">&nbsp;\u201eVeselimo se potpunoj novoj razini suradnje i\nnovim, konkretnim, projektima. Jaka smo zajednica koja okuplja veliki broj\nstudenata, ali i predstavnike studentskih zborova vode\u0107ih visokih u\u010dili\u0161ta, \u0161to\nje istaknuta prilika za umre\u017eavanje i razvoj akademske zajednice te studentskog\naktivizma.\u201c, rekao je novoizabrani predsjednik HAZEF-a Mihovil Miokovi\u0107,\nstudent integriranog studija Poslovne ekonomije.<\/p>\n\n\n\n<p class=\"wp-block-paragraph\">Zdeslav Milas \u010destitaju\u0107i novim \u010dlanovima \u0161to su prepoznali vrijednost ove udruge, istaknuo je kako je \u201eHAZ jedinstvena organizacija u Hrvatskoj jer okupljamo studente po raznim fakultetima, sveu\u010dili\u0161tima, veleu\u010dili\u0161tima i visokih \u0161kola, ali imamo i alumni zajednicu koju \u010dine diplomirani \u010dlanovi. Upravo te dvije sastavnice \u010dine raznolikost, istodobno ujedinjenost ove zajednice. U toj sinergiji podupiremo studentski aktivizam, pobolj\u0161anje visokoobrazovnog sustava u povezivanju s tr\u017ei\u0161tem rada i poti\u010demo poduzetni\u0161tvo. Ponosan sam \u0161to rastemo i okupljamo sve ve\u0107i broj aktivnih Hazovaca.\u201c<\/p>\n\n\n\n<p class=\"wp-block-paragraph\"><strong>Mihovil Miokovi\u0107, ujedno je i kandidat HAZ-a na Sveu\u010dili\u0161noj listi koja isti\u010de zajedni\u0161tvo kroz 32 povezane udruge. <\/strong><\/p>","protected":false},"excerpt":{"rendered":"<p>U srijedu, 20. o\u017eujka odr\u017eana je Obnoviteljska skup\u0161tina HAZEF-a, studentske organizacije Hrvatske akademske zajednice Ekonomskog fakulteta Sveu\u010dili\u0161ta u Zagrebu u prostorijama istoimenog fakulteta. Doga\u0111aju je prisustvovalo tridesetak studenata na EFZG-u [&hellip;]<\/p>\n","protected":false},"author":1,"featured_media":2345,"comment_status":"closed","ping_status":"open","sticky":false,"template":"","format":"standard","meta":{"footnotes":""},"categories":[14],"tags":[],"class_list":["post-2408","post","type-post","status-publish","format-standard","has-post-thumbnail","hentry","category-haz-novosti"],"yoast_head":"<!-- This site is optimized with the Yoast SEO plugin v23.7 - https:\/\/yoast.com\/wordpress\/plugins\/seo\/ -->\n<title>Mihovil Miokovi\u0107: \u201eObnavljanjem HAZEF-a okupljamo budu\u0107e poduzetnike i menad\u017eere\u201c - HAZ<\/title>\n<meta name=\"robots\" content=\"index, follow, max-snippet:-1, max-image-preview:large, max-video-preview:-1\" \/>\n<link rel=\"canonical\" href=\"https:\/\/haz.hr\/en\/2019\/03\/21\/mihovil-miokovic-obnavljanjem-hazef-a-okupljamo-buduce-poduzetnike-i-menadzere\/\" \/>\n<meta property=\"og:locale\" content=\"en_GB\" \/>\n<meta property=\"og:type\" content=\"article\" \/>\n<meta property=\"og:title\" content=\"Mihovil Miokovi\u0107: \u201eObnavljanjem HAZEF-a okupljamo budu\u0107e poduzetnike i menad\u017eere\u201c - HAZ\" \/>\n<meta property=\"og:description\" content=\"U srijedu, 20. o\u017eujka odr\u017eana je Obnoviteljska skup\u0161tina HAZEF-a, studentske organizacije Hrvatske akademske zajednice Ekonomskog fakulteta Sveu\u010dili\u0161ta u Zagrebu u prostorijama istoimenog fakulteta. Doga\u0111aju je prisustvovalo tridesetak studenata na EFZG-u [&hellip;]\" \/>\n<meta property=\"og:url\" content=\"https:\/\/haz.hr\/en\/2019\/03\/21\/mihovil-miokovic-obnavljanjem-hazef-a-okupljamo-buduce-poduzetnike-i-menadzere\/\" \/>\n<meta property=\"og:site_name\" content=\"HAZ\" \/>\n<meta property=\"article:published_time\" content=\"2019-03-21T22:46:09+00:00\" \/>\n<meta property=\"article:modified_time\" content=\"2023-02-09T13:07:58+00:00\" \/>\n<meta property=\"og:image\" content=\"https:\/\/haz.hr\/wp-content\/uploads\/2019\/03\/WhatsApp-Image-2019-03-21-at-23.44.12-1.jpeg\" \/>\n\t<meta property=\"og:image:width\" content=\"1024\" \/>\n\t<meta property=\"og:image:height\" content=\"768\" \/>\n\t<meta property=\"og:image:type\" content=\"image\/jpeg\" \/>\n<meta name=\"author\" content=\"JT-design\" \/>\n<meta name=\"twitter:card\" content=\"summary_large_image\" \/>\n<meta name=\"twitter:label1\" content=\"Written by\" \/>\n\t<meta name=\"twitter:data1\" content=\"JT-design\" \/>\n\t<meta name=\"twitter:label2\" content=\"Est. reading time\" \/>\n\t<meta name=\"twitter:data2\" content=\"2 minutes\" \/>\n<script type=\"application\/ld+json\" class=\"yoast-schema-graph\">{\"@context\":\"https:\/\/schema.org\",\"@graph\":[{\"@type\":\"Article\",\"@id\":\"https:\/\/haz.hr\/2019\/03\/21\/mihovil-miokovic-obnavljanjem-hazef-a-okupljamo-buduce-poduzetnike-i-menadzere\/#article\",\"isPartOf\":{\"@id\":\"https:\/\/haz.hr\/2019\/03\/21\/mihovil-miokovic-obnavljanjem-hazef-a-okupljamo-buduce-poduzetnike-i-menadzere\/\"},\"author\":{\"name\":\"JT-design\",\"@id\":\"https:\/\/haz.hr\/#\/schema\/person\/438892ce514665613f7cd5bb7a19213a\"},\"headline\":\"Mihovil Miokovi\u0107: \u201eObnavljanjem HAZEF-a okupljamo budu\u0107e poduzetnike i menad\u017eere\u201c\",\"datePublished\":\"2019-03-21T22:46:09+00:00\",\"dateModified\":\"2023-02-09T13:07:58+00:00\",\"mainEntityOfPage\":{\"@id\":\"https:\/\/haz.hr\/2019\/03\/21\/mihovil-miokovic-obnavljanjem-hazef-a-okupljamo-buduce-poduzetnike-i-menadzere\/\"},\"wordCount\":314,\"publisher\":{\"@id\":\"https:\/\/haz.hr\/#organization\"},\"image\":{\"@id\":\"https:\/\/haz.hr\/2019\/03\/21\/mihovil-miokovic-obnavljanjem-hazef-a-okupljamo-buduce-poduzetnike-i-menadzere\/#primaryimage\"},\"thumbnailUrl\":\"https:\/\/haz.hr\/wp-content\/uploads\/2019\/03\/WhatsApp-Image-2019-03-21-at-23.44.12-1.jpeg\",\"articleSection\":[\"HAZ novosti\"],\"inLanguage\":\"en-GB\"},{\"@type\":\"WebPage\",\"@id\":\"https:\/\/haz.hr\/2019\/03\/21\/mihovil-miokovic-obnavljanjem-hazef-a-okupljamo-buduce-poduzetnike-i-menadzere\/\",\"url\":\"https:\/\/haz.hr\/2019\/03\/21\/mihovil-miokovic-obnavljanjem-hazef-a-okupljamo-buduce-poduzetnike-i-menadzere\/\",\"name\":\"Mihovil Miokovi\u0107: \u201eObnavljanjem HAZEF-a okupljamo budu\u0107e poduzetnike i menad\u017eere\u201c - HAZ\",\"isPartOf\":{\"@id\":\"https:\/\/haz.hr\/#website\"},\"primaryImageOfPage\":{\"@id\":\"https:\/\/haz.hr\/2019\/03\/21\/mihovil-miokovic-obnavljanjem-hazef-a-okupljamo-buduce-poduzetnike-i-menadzere\/#primaryimage\"},\"image\":{\"@id\":\"https:\/\/haz.hr\/2019\/03\/21\/mihovil-miokovic-obnavljanjem-hazef-a-okupljamo-buduce-poduzetnike-i-menadzere\/#primaryimage\"},\"thumbnailUrl\":\"https:\/\/haz.hr\/wp-content\/uploads\/2019\/03\/WhatsApp-Image-2019-03-21-at-23.44.12-1.jpeg\",\"datePublished\":\"2019-03-21T22:46:09+00:00\",\"dateModified\":\"2023-02-09T13:07:58+00:00\",\"breadcrumb\":{\"@id\":\"https:\/\/haz.hr\/2019\/03\/21\/mihovil-miokovic-obnavljanjem-hazef-a-okupljamo-buduce-poduzetnike-i-menadzere\/#breadcrumb\"},\"inLanguage\":\"en-GB\",\"potentialAction\":[{\"@type\":\"ReadAction\",\"target\":[\"https:\/\/haz.hr\/2019\/03\/21\/mihovil-miokovic-obnavljanjem-hazef-a-okupljamo-buduce-poduzetnike-i-menadzere\/\"]}]},{\"@type\":\"ImageObject\",\"inLanguage\":\"en-GB\",\"@id\":\"https:\/\/haz.hr\/2019\/03\/21\/mihovil-miokovic-obnavljanjem-hazef-a-okupljamo-buduce-poduzetnike-i-menadzere\/#primaryimage\",\"url\":\"https:\/\/haz.hr\/wp-content\/uploads\/2019\/03\/WhatsApp-Image-2019-03-21-at-23.44.12-1.jpeg\",\"contentUrl\":\"https:\/\/haz.hr\/wp-content\/uploads\/2019\/03\/WhatsApp-Image-2019-03-21-at-23.44.12-1.jpeg\",\"width\":1024,\"height\":768,\"caption\":\"\"},{\"@type\":\"BreadcrumbList\",\"@id\":\"https:\/\/haz.hr\/2019\/03\/21\/mihovil-miokovic-obnavljanjem-hazef-a-okupljamo-buduce-poduzetnike-i-menadzere\/#breadcrumb\",\"itemListElement\":[{\"@type\":\"ListItem\",\"position\":1,\"name\":\"Home\",\"item\":\"https:\/\/haz.hr\/\"},{\"@type\":\"ListItem\",\"position\":2,\"name\":\"Mihovil Miokovi\u0107: \u201eObnavljanjem HAZEF-a okupljamo budu\u0107e poduzetnike i menad\u017eere\u201c\"}]},{\"@type\":\"WebSite\",\"@id\":\"https:\/\/haz.hr\/#website\",\"url\":\"https:\/\/haz.hr\/\",\"name\":\"HAZ\",\"description\":\"Hrvatska akademska zajednica\",\"publisher\":{\"@id\":\"https:\/\/haz.hr\/#organization\"},\"potentialAction\":[{\"@type\":\"SearchAction\",\"target\":{\"@type\":\"EntryPoint\",\"urlTemplate\":\"https:\/\/haz.hr\/?s={search_term_string}\"},\"query-input\":{\"@type\":\"PropertyValueSpecification\",\"valueRequired\":true,\"valueName\":\"search_term_string\"}}],\"inLanguage\":\"en-GB\"},{\"@type\":\"Organization\",\"@id\":\"https:\/\/haz.hr\/#organization\",\"name\":\"HAZ\",\"url\":\"https:\/\/haz.hr\/\",\"logo\":{\"@type\":\"ImageObject\",\"inLanguage\":\"en-GB\",\"@id\":\"https:\/\/haz.hr\/#\/schema\/logo\/image\/\",\"url\":\"https:\/\/haz.hr\/wp-content\/uploads\/2022\/12\/cropped-HAZ_logo.png\",\"contentUrl\":\"https:\/\/haz.hr\/wp-content\/uploads\/2022\/12\/cropped-HAZ_logo.png\",\"width\":125,\"height\":76,\"caption\":\"HAZ\"},\"image\":{\"@id\":\"https:\/\/haz.hr\/#\/schema\/logo\/image\/\"}},{\"@type\":\"Person\",\"@id\":\"https:\/\/haz.hr\/#\/schema\/person\/438892ce514665613f7cd5bb7a19213a\",\"name\":\"JT-design\",\"image\":{\"@type\":\"ImageObject\",\"inLanguage\":\"en-GB\",\"@id\":\"https:\/\/haz.hr\/#\/schema\/person\/image\/\",\"url\":\"https:\/\/secure.gravatar.com\/avatar\/0032728fc07181d052d653eb6ce26d3ff30f5b1c7d867e6fb82eb66a6fc50646?s=96&d=mm&r=g\",\"contentUrl\":\"https:\/\/secure.gravatar.com\/avatar\/0032728fc07181d052d653eb6ce26d3ff30f5b1c7d867e6fb82eb66a6fc50646?s=96&d=mm&r=g\",\"caption\":\"JT-design\"},\"sameAs\":[\"https:\/\/haz.hr\"],\"url\":\"https:\/\/haz.hr\/en\/author\/jt-design\/\"}]}<\/script>\n<!-- \/ Yoast SEO plugin. -->","yoast_head_json":{"title":"Mihovil Miokovi\u0107: \u201eObnavljanjem HAZEF-a okupljamo budu\u0107e poduzetnike i menad\u017eere\u201c - HAZ","robots":{"index":"index","follow":"follow","max-snippet":"max-snippet:-1","max-image-preview":"max-image-preview:large","max-video-preview":"max-video-preview:-1"},"canonical":"https:\/\/haz.hr\/en\/2019\/03\/21\/mihovil-miokovic-obnavljanjem-hazef-a-okupljamo-buduce-poduzetnike-i-menadzere\/","og_locale":"en_GB","og_type":"article","og_title":"Mihovil Miokovi\u0107: \u201eObnavljanjem HAZEF-a okupljamo budu\u0107e poduzetnike i menad\u017eere\u201c - HAZ","og_description":"U srijedu, 20. o\u017eujka odr\u017eana je Obnoviteljska skup\u0161tina HAZEF-a, studentske organizacije Hrvatske akademske zajednice Ekonomskog fakulteta Sveu\u010dili\u0161ta u Zagrebu u prostorijama istoimenog fakulteta. Doga\u0111aju je prisustvovalo tridesetak studenata na EFZG-u [&hellip;]","og_url":"https:\/\/haz.hr\/en\/2019\/03\/21\/mihovil-miokovic-obnavljanjem-hazef-a-okupljamo-buduce-poduzetnike-i-menadzere\/","og_site_name":"HAZ","article_published_time":"2019-03-21T22:46:09+00:00","article_modified_time":"2023-02-09T13:07:58+00:00","og_image":[{"width":1024,"height":768,"url":"https:\/\/haz.hr\/wp-content\/uploads\/2019\/03\/WhatsApp-Image-2019-03-21-at-23.44.12-1.jpeg","type":"image\/jpeg"}],"author":"JT-design","twitter_card":"summary_large_image","twitter_misc":{"Written by":"JT-design","Est. reading time":"2 minutes"},"schema":{"@context":"https:\/\/schema.org","@graph":[{"@type":"Article","@id":"https:\/\/haz.hr\/2019\/03\/21\/mihovil-miokovic-obnavljanjem-hazef-a-okupljamo-buduce-poduzetnike-i-menadzere\/#article","isPartOf":{"@id":"https:\/\/haz.hr\/2019\/03\/21\/mihovil-miokovic-obnavljanjem-hazef-a-okupljamo-buduce-poduzetnike-i-menadzere\/"},"author":{"name":"JT-design","@id":"https:\/\/haz.hr\/#\/schema\/person\/438892ce514665613f7cd5bb7a19213a"},"headline":"Mihovil Miokovi\u0107: \u201eObnavljanjem HAZEF-a okupljamo budu\u0107e poduzetnike i menad\u017eere\u201c","datePublished":"2019-03-21T22:46:09+00:00","dateModified":"2023-02-09T13:07:58+00:00","mainEntityOfPage":{"@id":"https:\/\/haz.hr\/2019\/03\/21\/mihovil-miokovic-obnavljanjem-hazef-a-okupljamo-buduce-poduzetnike-i-menadzere\/"},"wordCount":314,"publisher":{"@id":"https:\/\/haz.hr\/#organization"},"image":{"@id":"https:\/\/haz.hr\/2019\/03\/21\/mihovil-miokovic-obnavljanjem-hazef-a-okupljamo-buduce-poduzetnike-i-menadzere\/#primaryimage"},"thumbnailUrl":"https:\/\/haz.hr\/wp-content\/uploads\/2019\/03\/WhatsApp-Image-2019-03-21-at-23.44.12-1.jpeg","articleSection":["HAZ novosti"],"inLanguage":"en-GB"},{"@type":"WebPage","@id":"https:\/\/haz.hr\/2019\/03\/21\/mihovil-miokovic-obnavljanjem-hazef-a-okupljamo-buduce-poduzetnike-i-menadzere\/","url":"https:\/\/haz.hr\/2019\/03\/21\/mihovil-miokovic-obnavljanjem-hazef-a-okupljamo-buduce-poduzetnike-i-menadzere\/","name":"Mihovil Miokovi\u0107: \u201eObnavljanjem HAZEF-a okupljamo budu\u0107e poduzetnike i menad\u017eere\u201c - HAZ","isPartOf":{"@id":"https:\/\/haz.hr\/#website"},"primaryImageOfPage":{"@id":"https:\/\/haz.hr\/2019\/03\/21\/mihovil-miokovic-obnavljanjem-hazef-a-okupljamo-buduce-poduzetnike-i-menadzere\/#primaryimage"},"image":{"@id":"https:\/\/haz.hr\/2019\/03\/21\/mihovil-miokovic-obnavljanjem-hazef-a-okupljamo-buduce-poduzetnike-i-menadzere\/#primaryimage"},"thumbnailUrl":"https:\/\/haz.hr\/wp-content\/uploads\/2019\/03\/WhatsApp-Image-2019-03-21-at-23.44.12-1.jpeg","datePublished":"2019-03-21T22:46:09+00:00","dateModified":"2023-02-09T13:07:58+00:00","breadcrumb":{"@id":"https:\/\/haz.hr\/2019\/03\/21\/mihovil-miokovic-obnavljanjem-hazef-a-okupljamo-buduce-poduzetnike-i-menadzere\/#breadcrumb"},"inLanguage":"en-GB","potentialAction":[{"@type":"ReadAction","target":["https:\/\/haz.hr\/2019\/03\/21\/mihovil-miokovic-obnavljanjem-hazef-a-okupljamo-buduce-poduzetnike-i-menadzere\/"]}]},{"@type":"ImageObject","inLanguage":"en-GB","@id":"https:\/\/haz.hr\/2019\/03\/21\/mihovil-miokovic-obnavljanjem-hazef-a-okupljamo-buduce-poduzetnike-i-menadzere\/#primaryimage","url":"https:\/\/haz.hr\/wp-content\/uploads\/2019\/03\/WhatsApp-Image-2019-03-21-at-23.44.12-1.jpeg","contentUrl":"https:\/\/haz.hr\/wp-content\/uploads\/2019\/03\/WhatsApp-Image-2019-03-21-at-23.44.12-1.jpeg","width":1024,"height":768,"caption":""},{"@type":"BreadcrumbList","@id":"https:\/\/haz.hr\/2019\/03\/21\/mihovil-miokovic-obnavljanjem-hazef-a-okupljamo-buduce-poduzetnike-i-menadzere\/#breadcrumb","itemListElement":[{"@type":"ListItem","position":1,"name":"Home","item":"https:\/\/haz.hr\/"},{"@type":"ListItem","position":2,"name":"Mihovil Miokovi\u0107: \u201eObnavljanjem HAZEF-a okupljamo budu\u0107e poduzetnike i menad\u017eere\u201c"}]},{"@type":"WebSite","@id":"https:\/\/haz.hr\/#website","url":"https:\/\/haz.hr\/","name":"HAZ","description":"Croatian Academic Community","publisher":{"@id":"https:\/\/haz.hr\/#organization"},"potentialAction":[{"@type":"SearchAction","target":{"@type":"EntryPoint","urlTemplate":"https:\/\/haz.hr\/?s={search_term_string}"},"query-input":{"@type":"PropertyValueSpecification","valueRequired":true,"valueName":"search_term_string"}}],"inLanguage":"en-GB"},{"@type":"Organization","@id":"https:\/\/haz.hr\/#organization","name":"HAZ","url":"https:\/\/haz.hr\/","logo":{"@type":"ImageObject","inLanguage":"en-GB","@id":"https:\/\/haz.hr\/#\/schema\/logo\/image\/","url":"https:\/\/haz.hr\/wp-content\/uploads\/2022\/12\/cropped-HAZ_logo.png","contentUrl":"https:\/\/haz.hr\/wp-content\/uploads\/2022\/12\/cropped-HAZ_logo.png","width":125,"height":76,"caption":"HAZ"},"image":{"@id":"https:\/\/haz.hr\/#\/schema\/logo\/image\/"}},{"@type":"Person","@id":"https:\/\/haz.hr\/#\/schema\/person\/438892ce514665613f7cd5bb7a19213a","name":"JT-design","image":{"@type":"ImageObject","inLanguage":"en-GB","@id":"https:\/\/haz.hr\/#\/schema\/person\/image\/","url":"https:\/\/secure.gravatar.com\/avatar\/0032728fc07181d052d653eb6ce26d3ff30f5b1c7d867e6fb82eb66a6fc50646?s=96&d=mm&r=g","contentUrl":"https:\/\/secure.gravatar.com\/avatar\/0032728fc07181d052d653eb6ce26d3ff30f5b1c7d867e6fb82eb66a6fc50646?s=96&d=mm&r=g","caption":"JT-design"},"sameAs":["https:\/\/haz.hr"],"url":"https:\/\/haz.hr\/en\/author\/jt-design\/"}]}},"_links":{"self":[{"href":"https:\/\/haz.hr\/en\/wp-json\/wp\/v2\/posts\/2408","targetHints":{"allow":["GET"]}}],"collection":[{"href":"https:\/\/haz.hr\/en\/wp-json\/wp\/v2\/posts"}],"about":[{"href":"https:\/\/haz.hr\/en\/wp-json\/wp\/v2\/types\/post"}],"author":[{"embeddable":true,"href":"https:\/\/haz.hr\/en\/wp-json\/wp\/v2\/users\/1"}],"replies":[{"embeddable":true,"href":"https:\/\/haz.hr\/en\/wp-json\/wp\/v2\/comments?post=2408"}],"version-history":[{"count":1,"href":"https:\/\/haz.hr\/en\/wp-json\/wp\/v2\/posts\/2408\/revisions"}],"predecessor-version":[{"id":2444,"href":"https:\/\/haz.hr\/en\/wp-json\/wp\/v2\/posts\/2408\/revisions\/2444"}],"wp:featuredmedia":[{"embeddable":true,"href":"https:\/\/haz.hr\/en\/wp-json\/wp\/v2\/media\/2345"}],"wp:attachment":[{"href":"https:\/\/haz.hr\/en\/wp-json\/wp\/v2\/media?parent=2408"}],"wp:term":[{"taxonomy":"category","embeddable":true,"href":"https:\/\/haz.hr\/en\/wp-json\/wp\/v2\/categories?post=2408"},{"taxonomy":"post_tag","embeddable":true,"href":"https:\/\/haz.hr\/en\/wp-json\/wp\/v2\/tags?post=2408"}],"curies":[{"name":"wp","href":"https:\/\/api.w.org\/{rel}","templated":true}]}}