{"id":2566,"date":"2023-03-05T18:39:53","date_gmt":"2023-03-05T18:39:53","guid":{"rendered":"https:\/\/haz.hr\/?p=2566"},"modified":"2023-03-06T11:52:22","modified_gmt":"2023-03-06T11:52:22","slug":"odrzan-xiii-sabor-hrvatske-akademske-zajednice","status":"publish","type":"post","link":"https:\/\/haz.hr\/en\/2023\/03\/05\/odrzan-xiii-sabor-hrvatske-akademske-zajednice\/","title":{"rendered":"Odr\u017ean XIII. Sabor Hrvatske akademske zajednice"},"content":{"rendered":"<p class=\"wp-block-paragraph\">Hrvatska akademska zajednica odr\u017eala je XIII. Sabor na Ekonomskom fakultetu Sveu\u010dili\u0161ta u Zagrebu, mjestu gdje je ova zajednica i osnovana prije vi\u0161e od 30 godina. Du\u017enost nacionalnog predsjednika nastavlja&nbsp;<strong>Karlo Kolesar<\/strong>, ina\u010de, posebni savjetnik ministra vanjskih i europskih poslova, dok su se&nbsp;<strong>me\u0111u<\/strong>&nbsp;<strong>izabranima na nacionalne du\u017enosti<\/strong>&nbsp;<strong>prona\u0161la razna imena iz politi\u010dkog i dru\u0161tvenog \u017eivota u Hrvatskoj<\/strong>. Saboru je prisustvovalo vi\u0161e od 180 izaslanika iz cijele Hrvatske.&nbsp;<\/p>\n\n\n\n<p class=\"wp-block-paragraph\">Karlo Kolesar, nacionalni predsjednik koji nastavlja mandat sljede\u0107e tri godine, poru\u010dio je okupljenima da su upravo oni zaslu\u017eni za dana\u0161nju poziciju sna\u017ene zajednice:&nbsp;\u201e<em>Va\u017eno je staviti u prvi plan da \u010dlanovi Hrvatske akademske zajednice doprinose politi\u010dkoj edukaciji mladih, \u0161to bih rekao da je klju\u010dno s obzirom da nas u sljede\u0107oj godini o\u010dekuje period ispunjen izborima za Europski parlament, Hrvatski sabor, a zatim i predsjednika Republike Hrvatske. Upravo u tom segmentu mo\u017eemo govoriti o sinergiji izme\u0111u studentskih i alumni \u010dlanova koja je klju\u010dna za nastavak rasta i razvoja zajednice.<\/em>\u201c<\/p>\n\n\n\n<p class=\"wp-block-paragraph\"><strong>Istaknuti uzvanici Sabora naglasili tradiciju postojanja zajednice jo\u0161 od 90-ih godina<\/strong><\/p>\n\n\n\n<p class=\"wp-block-paragraph\">Doga\u0111anju su prisustvovali i&nbsp;<strong>li\u010dko-senjski \u017eupan Ernest Petry<\/strong>, zastupnik u Europskom parlamentu&nbsp;<strong>Karlo Ressler<\/strong>, potpredsjednik Gradske skup\u0161tine Grada Zagreba&nbsp;<strong>Mislav Herman<\/strong>&nbsp;te direktorica zagreba\u010dkog ureda njema\u010dke Zaklade Hans Seidel&nbsp;<strong>Aleksandra Marki\u0107 Boban<\/strong>.&nbsp;<\/p>\n\n\n\n<p class=\"wp-block-paragraph\">\u201e<em>Bilo mi je drago biti dijelom izbornog Sabora Hrvatske akademske zajednice, ove jedinstvene organizacije koja uspje\u0161no spaja mladu energiju i entuzijazam sa iskustvom svojih alumni \u010dlanova i temeljima koje su postavili jo\u0161 90-ih godina. Zajednica je orijentirana na budu\u0107nosti te kontinuirano dokazuje da mo\u017ee pripremati hrvatske studente i gra\u0111ane za nove izazove u svim podru\u010djima industrije i dru\u0161tva, a \u0161to \u0107e biti posebno va\u017eno kada znamo koliko velike promjene su ispred nas i zato vjerujem da \u0107e HAZ ovdje svakako imati svoju ulogu<\/em>\u201c, rekao je povodom odr\u017eavanja Sabora&nbsp;<strong>europarlamentarac Karlo Ressler<\/strong>.<\/p>\n\n\n\n<p class=\"wp-block-paragraph\"><strong>Potpredsjednik zagreba\u010dke skup\u0161tine Mislav Herman<\/strong>&nbsp;prisjetio se da je svoj dru\u0161tveno-politi\u010dki put zapo\u010deo upravo u Hrvatskoj akademskoj zajednici davne 1997. godine. Herman je poru\u010dio studentima da nikako ne smiju zapostaviti svoje obrazovanje i ne brzaju s politi\u010dkim anga\u017emanom jer \u0107e se oni u budu\u0107nosti itekako nadopunjavati, a zatim pozvao sve prisutne da aktivno nastave s dru\u0161tvenim, znanstvenim i stru\u010dnim anga\u017emanom.<\/p>\n\n\n\n<p class=\"wp-block-paragraph\"><strong>Me\u0111u izabranima na nacionalne du\u017enosti biv\u0161i dekani, savjetnici, lije\u010dnici i studenti<\/strong><\/p>\n\n\n\n<p class=\"wp-block-paragraph\">Kao \u0161to je prethodno spomenuto mandat nacionalnog predsjednika nastavlja Karlo Kolesar, a u izborima za novo vodstvo tako\u0111er su na du\u017enosti nacionalnih dopredsjednika izabrani Dora Miketek, Adrian Pozni\u0107 i Mario Alpeza. Hrvojka Bo\u017ei\u0107 nastavlja du\u017enost zamjenice predsjednika, a biv\u0161i dekan zagreba\u010dkog Fakulteta elektronike i ra\u010dunalstva prof. dr. sc. Mislav Grgi\u0107 ponovno je izabran za predsjednika Akademskog vije\u0107a. Ugledni oftalmolog i voditelj Odsjeka u Klinici Svijetlost Ante Bari\u0161i\u0107 izabran je za Alumni predsjednika, a za njegovog zamjenika izabran je njegov kolega, lije\u010dnik i izvanredni profesor na Medicinskom fakultetu Sveu\u010dili\u0161ta u Mostaru izv. prof. dr. sc. Antonio Sesar. Uz navedene du\u017enosti izabrano je \u010dak 20 \u010dlanova Glavnog odbora i gotovo 60 \u010dlanova Alumni i Akademskog vije\u0107a iz poslovnog, akademskog i politi\u010dkog \u017eivota.<\/p>","protected":false},"excerpt":{"rendered":"<p>Hrvatska akademska zajednica odr\u017eala je XIII. Sabor na Ekonomskom fakultetu Sveu\u010dili\u0161ta u Zagrebu, mjestu gdje je ova zajednica i osnovana prije vi\u0161e od 30 godina. Du\u017enost nacionalnog predsjednika nastavlja&nbsp;Karlo Kolesar, [&hellip;]<\/p>\n","protected":false},"author":6,"featured_media":2567,"comment_status":"open","ping_status":"open","sticky":false,"template":"","format":"standard","meta":{"footnotes":""},"categories":[14,1],"tags":[],"class_list":["post-2566","post","type-post","status-publish","format-standard","has-post-thumbnail","hentry","category-haz-novosti","category-uncategorized"],"yoast_head":"<!-- This site is optimized with the Yoast SEO plugin v23.7 - https:\/\/yoast.com\/wordpress\/plugins\/seo\/ -->\n<title>Odr\u017ean XIII. Sabor Hrvatske akademske zajednice - HAZ<\/title>\n<meta name=\"robots\" content=\"index, follow, max-snippet:-1, max-image-preview:large, max-video-preview:-1\" \/>\n<link rel=\"canonical\" href=\"https:\/\/haz.hr\/en\/2023\/03\/05\/odrzan-xiii-sabor-hrvatske-akademske-zajednice\/\" \/>\n<meta property=\"og:locale\" content=\"en_GB\" \/>\n<meta property=\"og:type\" content=\"article\" \/>\n<meta property=\"og:title\" content=\"Odr\u017ean XIII. Sabor Hrvatske akademske zajednice - HAZ\" \/>\n<meta property=\"og:description\" content=\"Hrvatska akademska zajednica odr\u017eala je XIII. Sabor na Ekonomskom fakultetu Sveu\u010dili\u0161ta u Zagrebu, mjestu gdje je ova zajednica i osnovana prije vi\u0161e od 30 godina. Du\u017enost nacionalnog predsjednika nastavlja&nbsp;Karlo Kolesar, [&hellip;]\" \/>\n<meta property=\"og:url\" content=\"https:\/\/haz.hr\/en\/2023\/03\/05\/odrzan-xiii-sabor-hrvatske-akademske-zajednice\/\" \/>\n<meta property=\"og:site_name\" content=\"HAZ\" \/>\n<meta property=\"article:published_time\" content=\"2023-03-05T18:39:53+00:00\" \/>\n<meta property=\"article:modified_time\" content=\"2023-03-06T11:52:22+00:00\" \/>\n<meta property=\"og:image\" content=\"https:\/\/haz.hr\/wp-content\/uploads\/2023\/03\/Grupna-fotografija-izaslanika-Sabora-Hrvatske-akademske-zajednice-scaled.jpg\" \/>\n\t<meta property=\"og:image:width\" content=\"2560\" \/>\n\t<meta property=\"og:image:height\" content=\"1569\" \/>\n\t<meta property=\"og:image:type\" content=\"image\/jpeg\" \/>\n<meta name=\"author\" content=\"Ivan Biosic\" \/>\n<meta name=\"twitter:card\" content=\"summary_large_image\" \/>\n<meta name=\"twitter:label1\" content=\"Written by\" \/>\n\t<meta name=\"twitter:data1\" content=\"Ivan Biosic\" \/>\n\t<meta name=\"twitter:label2\" content=\"Est. reading time\" \/>\n\t<meta name=\"twitter:data2\" content=\"3 minutes\" \/>\n<script type=\"application\/ld+json\" class=\"yoast-schema-graph\">{\"@context\":\"https:\/\/schema.org\",\"@graph\":[{\"@type\":\"Article\",\"@id\":\"https:\/\/haz.hr\/2023\/03\/05\/odrzan-xiii-sabor-hrvatske-akademske-zajednice\/#article\",\"isPartOf\":{\"@id\":\"https:\/\/haz.hr\/2023\/03\/05\/odrzan-xiii-sabor-hrvatske-akademske-zajednice\/\"},\"author\":{\"name\":\"Ivan Biosic\",\"@id\":\"https:\/\/haz.hr\/#\/schema\/person\/1caf5a2f903214df8629491f03b72f2b\"},\"headline\":\"Odr\u017ean XIII. Sabor Hrvatske akademske zajednice\",\"datePublished\":\"2023-03-05T18:39:53+00:00\",\"dateModified\":\"2023-03-06T11:52:22+00:00\",\"mainEntityOfPage\":{\"@id\":\"https:\/\/haz.hr\/2023\/03\/05\/odrzan-xiii-sabor-hrvatske-akademske-zajednice\/\"},\"wordCount\":565,\"commentCount\":0,\"publisher\":{\"@id\":\"https:\/\/haz.hr\/#organization\"},\"image\":{\"@id\":\"https:\/\/haz.hr\/2023\/03\/05\/odrzan-xiii-sabor-hrvatske-akademske-zajednice\/#primaryimage\"},\"thumbnailUrl\":\"https:\/\/haz.hr\/wp-content\/uploads\/2023\/03\/Grupna-fotografija-izaslanika-Sabora-Hrvatske-akademske-zajednice-scaled.jpg\",\"articleSection\":[\"HAZ novosti\",\"Uncategorized\"],\"inLanguage\":\"en-GB\",\"potentialAction\":[{\"@type\":\"CommentAction\",\"name\":\"Comment\",\"target\":[\"https:\/\/haz.hr\/2023\/03\/05\/odrzan-xiii-sabor-hrvatske-akademske-zajednice\/#respond\"]}]},{\"@type\":\"WebPage\",\"@id\":\"https:\/\/haz.hr\/2023\/03\/05\/odrzan-xiii-sabor-hrvatske-akademske-zajednice\/\",\"url\":\"https:\/\/haz.hr\/2023\/03\/05\/odrzan-xiii-sabor-hrvatske-akademske-zajednice\/\",\"name\":\"Odr\u017ean XIII. Sabor Hrvatske akademske zajednice - HAZ\",\"isPartOf\":{\"@id\":\"https:\/\/haz.hr\/#website\"},\"primaryImageOfPage\":{\"@id\":\"https:\/\/haz.hr\/2023\/03\/05\/odrzan-xiii-sabor-hrvatske-akademske-zajednice\/#primaryimage\"},\"image\":{\"@id\":\"https:\/\/haz.hr\/2023\/03\/05\/odrzan-xiii-sabor-hrvatske-akademske-zajednice\/#primaryimage\"},\"thumbnailUrl\":\"https:\/\/haz.hr\/wp-content\/uploads\/2023\/03\/Grupna-fotografija-izaslanika-Sabora-Hrvatske-akademske-zajednice-scaled.jpg\",\"datePublished\":\"2023-03-05T18:39:53+00:00\",\"dateModified\":\"2023-03-06T11:52:22+00:00\",\"breadcrumb\":{\"@id\":\"https:\/\/haz.hr\/2023\/03\/05\/odrzan-xiii-sabor-hrvatske-akademske-zajednice\/#breadcrumb\"},\"inLanguage\":\"en-GB\",\"potentialAction\":[{\"@type\":\"ReadAction\",\"target\":[\"https:\/\/haz.hr\/2023\/03\/05\/odrzan-xiii-sabor-hrvatske-akademske-zajednice\/\"]}]},{\"@type\":\"ImageObject\",\"inLanguage\":\"en-GB\",\"@id\":\"https:\/\/haz.hr\/2023\/03\/05\/odrzan-xiii-sabor-hrvatske-akademske-zajednice\/#primaryimage\",\"url\":\"https:\/\/haz.hr\/wp-content\/uploads\/2023\/03\/Grupna-fotografija-izaslanika-Sabora-Hrvatske-akademske-zajednice-scaled.jpg\",\"contentUrl\":\"https:\/\/haz.hr\/wp-content\/uploads\/2023\/03\/Grupna-fotografija-izaslanika-Sabora-Hrvatske-akademske-zajednice-scaled.jpg\",\"width\":2560,\"height\":1569},{\"@type\":\"BreadcrumbList\",\"@id\":\"https:\/\/haz.hr\/2023\/03\/05\/odrzan-xiii-sabor-hrvatske-akademske-zajednice\/#breadcrumb\",\"itemListElement\":[{\"@type\":\"ListItem\",\"position\":1,\"name\":\"Home\",\"item\":\"https:\/\/haz.hr\/\"},{\"@type\":\"ListItem\",\"position\":2,\"name\":\"Odr\u017ean XIII. Sabor Hrvatske akademske zajednice\"}]},{\"@type\":\"WebSite\",\"@id\":\"https:\/\/haz.hr\/#website\",\"url\":\"https:\/\/haz.hr\/\",\"name\":\"HAZ\",\"description\":\"Hrvatska akademska zajednica\",\"publisher\":{\"@id\":\"https:\/\/haz.hr\/#organization\"},\"potentialAction\":[{\"@type\":\"SearchAction\",\"target\":{\"@type\":\"EntryPoint\",\"urlTemplate\":\"https:\/\/haz.hr\/?s={search_term_string}\"},\"query-input\":{\"@type\":\"PropertyValueSpecification\",\"valueRequired\":true,\"valueName\":\"search_term_string\"}}],\"inLanguage\":\"en-GB\"},{\"@type\":\"Organization\",\"@id\":\"https:\/\/haz.hr\/#organization\",\"name\":\"HAZ\",\"url\":\"https:\/\/haz.hr\/\",\"logo\":{\"@type\":\"ImageObject\",\"inLanguage\":\"en-GB\",\"@id\":\"https:\/\/haz.hr\/#\/schema\/logo\/image\/\",\"url\":\"https:\/\/haz.hr\/wp-content\/uploads\/2022\/12\/cropped-HAZ_logo.png\",\"contentUrl\":\"https:\/\/haz.hr\/wp-content\/uploads\/2022\/12\/cropped-HAZ_logo.png\",\"width\":125,\"height\":76,\"caption\":\"HAZ\"},\"image\":{\"@id\":\"https:\/\/haz.hr\/#\/schema\/logo\/image\/\"}},{\"@type\":\"Person\",\"@id\":\"https:\/\/haz.hr\/#\/schema\/person\/1caf5a2f903214df8629491f03b72f2b\",\"name\":\"Ivan Biosic\",\"image\":{\"@type\":\"ImageObject\",\"inLanguage\":\"en-GB\",\"@id\":\"https:\/\/haz.hr\/#\/schema\/person\/image\/\",\"url\":\"https:\/\/secure.gravatar.com\/avatar\/d51144d138ca2ab33c4bfaf4d97e513e726ca2be82e2c5d4e4df7b7493d09d95?s=96&d=mm&r=g\",\"contentUrl\":\"https:\/\/secure.gravatar.com\/avatar\/d51144d138ca2ab33c4bfaf4d97e513e726ca2be82e2c5d4e4df7b7493d09d95?s=96&d=mm&r=g\",\"caption\":\"Ivan Biosic\"},\"sameAs\":[\"http:\/\/www.haz.hr\"],\"url\":\"https:\/\/haz.hr\/en\/author\/ivanbiosic\/\"}]}<\/script>\n<!-- \/ Yoast SEO plugin. -->","yoast_head_json":{"title":"Odr\u017ean XIII. Sabor Hrvatske akademske zajednice - HAZ","robots":{"index":"index","follow":"follow","max-snippet":"max-snippet:-1","max-image-preview":"max-image-preview:large","max-video-preview":"max-video-preview:-1"},"canonical":"https:\/\/haz.hr\/en\/2023\/03\/05\/odrzan-xiii-sabor-hrvatske-akademske-zajednice\/","og_locale":"en_GB","og_type":"article","og_title":"Odr\u017ean XIII. Sabor Hrvatske akademske zajednice - HAZ","og_description":"Hrvatska akademska zajednica odr\u017eala je XIII. Sabor na Ekonomskom fakultetu Sveu\u010dili\u0161ta u Zagrebu, mjestu gdje je ova zajednica i osnovana prije vi\u0161e od 30 godina. Du\u017enost nacionalnog predsjednika nastavlja&nbsp;Karlo Kolesar, [&hellip;]","og_url":"https:\/\/haz.hr\/en\/2023\/03\/05\/odrzan-xiii-sabor-hrvatske-akademske-zajednice\/","og_site_name":"HAZ","article_published_time":"2023-03-05T18:39:53+00:00","article_modified_time":"2023-03-06T11:52:22+00:00","og_image":[{"width":2560,"height":1569,"url":"https:\/\/haz.hr\/wp-content\/uploads\/2023\/03\/Grupna-fotografija-izaslanika-Sabora-Hrvatske-akademske-zajednice-scaled.jpg","type":"image\/jpeg"}],"author":"Ivan Biosic","twitter_card":"summary_large_image","twitter_misc":{"Written by":"Ivan Biosic","Est. reading time":"3 minutes"},"schema":{"@context":"https:\/\/schema.org","@graph":[{"@type":"Article","@id":"https:\/\/haz.hr\/2023\/03\/05\/odrzan-xiii-sabor-hrvatske-akademske-zajednice\/#article","isPartOf":{"@id":"https:\/\/haz.hr\/2023\/03\/05\/odrzan-xiii-sabor-hrvatske-akademske-zajednice\/"},"author":{"name":"Ivan Biosic","@id":"https:\/\/haz.hr\/#\/schema\/person\/1caf5a2f903214df8629491f03b72f2b"},"headline":"Odr\u017ean XIII. Sabor Hrvatske akademske zajednice","datePublished":"2023-03-05T18:39:53+00:00","dateModified":"2023-03-06T11:52:22+00:00","mainEntityOfPage":{"@id":"https:\/\/haz.hr\/2023\/03\/05\/odrzan-xiii-sabor-hrvatske-akademske-zajednice\/"},"wordCount":565,"commentCount":0,"publisher":{"@id":"https:\/\/haz.hr\/#organization"},"image":{"@id":"https:\/\/haz.hr\/2023\/03\/05\/odrzan-xiii-sabor-hrvatske-akademske-zajednice\/#primaryimage"},"thumbnailUrl":"https:\/\/haz.hr\/wp-content\/uploads\/2023\/03\/Grupna-fotografija-izaslanika-Sabora-Hrvatske-akademske-zajednice-scaled.jpg","articleSection":["HAZ novosti","Uncategorized"],"inLanguage":"en-GB","potentialAction":[{"@type":"CommentAction","name":"Comment","target":["https:\/\/haz.hr\/2023\/03\/05\/odrzan-xiii-sabor-hrvatske-akademske-zajednice\/#respond"]}]},{"@type":"WebPage","@id":"https:\/\/haz.hr\/2023\/03\/05\/odrzan-xiii-sabor-hrvatske-akademske-zajednice\/","url":"https:\/\/haz.hr\/2023\/03\/05\/odrzan-xiii-sabor-hrvatske-akademske-zajednice\/","name":"Odr\u017ean XIII. Sabor Hrvatske akademske zajednice - HAZ","isPartOf":{"@id":"https:\/\/haz.hr\/#website"},"primaryImageOfPage":{"@id":"https:\/\/haz.hr\/2023\/03\/05\/odrzan-xiii-sabor-hrvatske-akademske-zajednice\/#primaryimage"},"image":{"@id":"https:\/\/haz.hr\/2023\/03\/05\/odrzan-xiii-sabor-hrvatske-akademske-zajednice\/#primaryimage"},"thumbnailUrl":"https:\/\/haz.hr\/wp-content\/uploads\/2023\/03\/Grupna-fotografija-izaslanika-Sabora-Hrvatske-akademske-zajednice-scaled.jpg","datePublished":"2023-03-05T18:39:53+00:00","dateModified":"2023-03-06T11:52:22+00:00","breadcrumb":{"@id":"https:\/\/haz.hr\/2023\/03\/05\/odrzan-xiii-sabor-hrvatske-akademske-zajednice\/#breadcrumb"},"inLanguage":"en-GB","potentialAction":[{"@type":"ReadAction","target":["https:\/\/haz.hr\/2023\/03\/05\/odrzan-xiii-sabor-hrvatske-akademske-zajednice\/"]}]},{"@type":"ImageObject","inLanguage":"en-GB","@id":"https:\/\/haz.hr\/2023\/03\/05\/odrzan-xiii-sabor-hrvatske-akademske-zajednice\/#primaryimage","url":"https:\/\/haz.hr\/wp-content\/uploads\/2023\/03\/Grupna-fotografija-izaslanika-Sabora-Hrvatske-akademske-zajednice-scaled.jpg","contentUrl":"https:\/\/haz.hr\/wp-content\/uploads\/2023\/03\/Grupna-fotografija-izaslanika-Sabora-Hrvatske-akademske-zajednice-scaled.jpg","width":2560,"height":1569},{"@type":"BreadcrumbList","@id":"https:\/\/haz.hr\/2023\/03\/05\/odrzan-xiii-sabor-hrvatske-akademske-zajednice\/#breadcrumb","itemListElement":[{"@type":"ListItem","position":1,"name":"Home","item":"https:\/\/haz.hr\/"},{"@type":"ListItem","position":2,"name":"Odr\u017ean XIII. Sabor Hrvatske akademske zajednice"}]},{"@type":"WebSite","@id":"https:\/\/haz.hr\/#website","url":"https:\/\/haz.hr\/","name":"HAZ","description":"Croatian Academic Community","publisher":{"@id":"https:\/\/haz.hr\/#organization"},"potentialAction":[{"@type":"SearchAction","target":{"@type":"EntryPoint","urlTemplate":"https:\/\/haz.hr\/?s={search_term_string}"},"query-input":{"@type":"PropertyValueSpecification","valueRequired":true,"valueName":"search_term_string"}}],"inLanguage":"en-GB"},{"@type":"Organization","@id":"https:\/\/haz.hr\/#organization","name":"HAZ","url":"https:\/\/haz.hr\/","logo":{"@type":"ImageObject","inLanguage":"en-GB","@id":"https:\/\/haz.hr\/#\/schema\/logo\/image\/","url":"https:\/\/haz.hr\/wp-content\/uploads\/2022\/12\/cropped-HAZ_logo.png","contentUrl":"https:\/\/haz.hr\/wp-content\/uploads\/2022\/12\/cropped-HAZ_logo.png","width":125,"height":76,"caption":"HAZ"},"image":{"@id":"https:\/\/haz.hr\/#\/schema\/logo\/image\/"}},{"@type":"Person","@id":"https:\/\/haz.hr\/#\/schema\/person\/1caf5a2f903214df8629491f03b72f2b","name":"Ivan Biosic","image":{"@type":"ImageObject","inLanguage":"en-GB","@id":"https:\/\/haz.hr\/#\/schema\/person\/image\/","url":"https:\/\/secure.gravatar.com\/avatar\/d51144d138ca2ab33c4bfaf4d97e513e726ca2be82e2c5d4e4df7b7493d09d95?s=96&d=mm&r=g","contentUrl":"https:\/\/secure.gravatar.com\/avatar\/d51144d138ca2ab33c4bfaf4d97e513e726ca2be82e2c5d4e4df7b7493d09d95?s=96&d=mm&r=g","caption":"Ivan Biosic"},"sameAs":["http:\/\/www.haz.hr"],"url":"https:\/\/haz.hr\/en\/author\/ivanbiosic\/"}]}},"_links":{"self":[{"href":"https:\/\/haz.hr\/en\/wp-json\/wp\/v2\/posts\/2566","targetHints":{"allow":["GET"]}}],"collection":[{"href":"https:\/\/haz.hr\/en\/wp-json\/wp\/v2\/posts"}],"about":[{"href":"https:\/\/haz.hr\/en\/wp-json\/wp\/v2\/types\/post"}],"author":[{"embeddable":true,"href":"https:\/\/haz.hr\/en\/wp-json\/wp\/v2\/users\/6"}],"replies":[{"embeddable":true,"href":"https:\/\/haz.hr\/en\/wp-json\/wp\/v2\/comments?post=2566"}],"version-history":[{"count":1,"href":"https:\/\/haz.hr\/en\/wp-json\/wp\/v2\/posts\/2566\/revisions"}],"predecessor-version":[{"id":2568,"href":"https:\/\/haz.hr\/en\/wp-json\/wp\/v2\/posts\/2566\/revisions\/2568"}],"wp:featuredmedia":[{"embeddable":true,"href":"https:\/\/haz.hr\/en\/wp-json\/wp\/v2\/media\/2567"}],"wp:attachment":[{"href":"https:\/\/haz.hr\/en\/wp-json\/wp\/v2\/media?parent=2566"}],"wp:term":[{"taxonomy":"category","embeddable":true,"href":"https:\/\/haz.hr\/en\/wp-json\/wp\/v2\/categories?post=2566"},{"taxonomy":"post_tag","embeddable":true,"href":"https:\/\/haz.hr\/en\/wp-json\/wp\/v2\/tags?post=2566"}],"curies":[{"name":"wp","href":"https:\/\/api.w.org\/{rel}","templated":true}]}}