{"id":2596,"date":"2023-04-18T18:10:31","date_gmt":"2023-04-18T18:10:31","guid":{"rendered":"https:\/\/haz.hr\/?p=2596"},"modified":"2023-04-18T18:17:54","modified_gmt":"2023-04-18T18:17:54","slug":"hazef-organizira-novi-projekt-pod-nazivom-esg-od-teorije-do-prakse","status":"publish","type":"post","link":"https:\/\/haz.hr\/en\/2023\/04\/18\/hazef-organizira-novi-projekt-pod-nazivom-esg-od-teorije-do-prakse\/","title":{"rendered":"HAZef organizira novi projekt pod nazivom ESG &#8211; \u201eOd teorije do prakse\u201d"},"content":{"rendered":"<p class=\"has-text-align-left wp-block-paragraph\"><strong>Hrvatska akademska zajednica Ekonomskog fakulteta u Zagrebu<\/strong> (HAZef) i <strong>Mazars<\/strong>, 20. travnja 2023. godine organizirat \u0107e jednodnevni projekt na temu odr\u017eivosti i odr\u017eivog razvoja. Projekt \u0107e se odr\u017eati u kongresnoj dvorani Ekonomskog fakulteta, a sastojat \u0107e se od 2 dijela. Prvi dio projekta zami\u0161ljen je kao uvod u temu, te teorijsko upoznavanje kroz panel raspravu. Drugi dio biti \u0107e u obliku case study natjecanja u kojem \u0107e prijavljeni studenti, raspore\u0111eni u timove do 3 osobe, imati priliku primjeniti prethodno nau\u010deno znanje na panel raspravi.<\/p>\n\n\n\n<p class=\"wp-block-paragraph\"><strong>Mazars <\/strong>je vode\u0107a me\u0111unarodna revizorska, porezna i savjetodavna tvrtka. U Hrvatskoj posluje s vi\u0161e od 400 klijenata, od podru\u017enica me\u0111unarodnih kompanija do srednjih i malih poduze\u0107a. <strong>Mazars Grupa<\/strong> prisutna je u Hrvatskoj od 2012. godine, a stekla je iskustvo s poduze\u0107ima iz industrija proizvodnje, trgovine, poljoprivrede, financija, javnog  sektora, telekomunikacija i tehnologije te zdravstva i njege. Kao hrvatska podru\u017enica, sura\u0111uju s ostalim Mazars uredima diljem svijeta, poja\u010dano s 11 ureda CEE regije, a najbli\u017ee s Adria regijom koju \u010dine Hrvatska Slovenija i Srbija.<\/p>\n\n\n\n<p class=\"wp-block-paragraph\">Tema odr\u017eivosti i odr\u017eivog razvoja sastavnica je svakog poduze\u0107a, organizacije ili korporacije, no i dalje se ne govori dovoljno o njezinoj svrsi i utjecaju, te se smatra kako je ve\u0107inski sporedna stavka svakog poslovnog sustava. Neosporno je kako se posljednjih nekoliko godina odr\u017eivost zna\u010dajno razvila s obzirom na sve ve\u0107u integraciju, tehnolo\u0161ki napredak i modernizaciju svjetskih poduze\u0107a.<\/p>\n\n\n\n<p class=\"wp-block-paragraph\">U sklopu inicijative odr\u017eivog razvoja gospodarstva odre\u0111ene su tri osnovne grupe ciljeva koji se poku\u0161avaju posti\u0107i. To su <strong>okoli\u0161ni<\/strong> (eng. <em>Enironmental<\/em>), <strong>dru\u0161tveni <\/strong>(eng. <em>Social<\/em>) i <strong>upravlja\u010dki <\/strong>(eng. <em>Governance<\/em>) ciljevi, ili skra\u0107eno <strong>ESG<\/strong>.<\/p>\n\n\n\n<p class=\"wp-block-paragraph\">Osnovna namjera ovog projekta je pru\u017eiti edukativni program o samom pojmu ESG-a, njegovom utjecaju na poslovanje unutar i izvan poduze\u0107a, postupak implementacije te posljedice istog.<\/p>\n\n\n\n<p class=\"wp-block-paragraph\">O svrsi odr\u017eivosti s naglaskom na okoli\u0161ni aspekt pri\u010dati \u0107e <strong>Mihaela<\/strong> <strong>Tr\u010dak<\/strong>, supervizorica u odjelu Financijskog savjetovanja u Mazarsu, te konzultantica &#8211;  Environmental. O dru\u0161tvenom kriteriju u svom izlaganju govoriti \u0107e <strong>Ivo Radi\u0107<\/strong>, konzultatnt u ESG odjelu Mazarsa &#8211; Social. <strong>Vali Marszalek<\/strong>, direktorica ESG odjela u Mazarsu te \u017eena s bogatim vi\u0161egodi\u0161njim iskustvom u podru\u010dju ESG-a, naglasiti \u0107e va\u017enost u kontekstu Governance-a. Svim prisutnima pru\u017eit \u0107e se bolji uvid u integracije ciljeva u poslovne procese.<\/p>\n\n\n\n<p class=\"wp-block-paragraph\">Zavr\u0161nicu projekta za\u010dinit \u0107e <strong>Case study <\/strong>natjecanje koje su za studente slo\u017eili panelisti, kako bi im bilo omogu\u0107eno teorijsko znanje primijeniti u praksi. Oni najuspje\u0161niji u rje\u0161avanju zadatka, bit \u0107e nagra\u0111eni vrijednim nagradama:<\/p>\n\n\n\n<ol class=\"wp-block-list\">\n<li><strong>mjesto: Izravan plasman na Lov na praksu u Mazarsu<\/strong><\/li>\n\n\n\n<li><strong>mjesto: ESG 1 na 1 u Mazarsu<\/strong><\/li>\n\n\n\n<li><strong>mjesto: Poklon paket<\/strong><\/li>\n<\/ol>\n\n\n\n<p class=\"wp-block-paragraph\"><\/p>\n\n\n\n<p class=\"wp-block-paragraph\">Ovakav projekt izvrsna je prilika za sve mlade studente koji se \u017eele dodatno usavr\u0161iti na na\u010din da upoznaju svrhu i va\u017ean utjecaj odr\u017eivosti unutar poduze\u0107a.<\/p>","protected":false},"excerpt":{"rendered":"<p>Hrvatska akademska zajednica Ekonomskog fakulteta u Zagrebu (HAZef) i Mazars, 20. travnja 2023. godine organizirat \u0107e jednodnevni projekt na temu odr\u017eivosti i odr\u017eivog razvoja. Projekt \u0107e se odr\u017eati u kongresnoj [&hellip;]<\/p>\n","protected":false},"author":8,"featured_media":2598,"comment_status":"open","ping_status":"open","sticky":false,"template":"","format":"standard","meta":{"footnotes":""},"categories":[11],"tags":[],"class_list":["post-2596","post","type-post","status-publish","format-standard","has-post-thumbnail","hentry","category-hazef-novosti"],"yoast_head":"<!-- This site is optimized with the Yoast SEO plugin v23.7 - https:\/\/yoast.com\/wordpress\/plugins\/seo\/ -->\n<title>HAZef organizira novi projekt pod nazivom ESG - \u201eOd teorije do prakse\u201d - HAZ<\/title>\n<meta name=\"robots\" content=\"index, follow, max-snippet:-1, max-image-preview:large, max-video-preview:-1\" \/>\n<link rel=\"canonical\" href=\"https:\/\/haz.hr\/en\/2023\/04\/18\/hazef-organizira-novi-projekt-pod-nazivom-esg-od-teorije-do-prakse\/\" \/>\n<meta property=\"og:locale\" content=\"en_GB\" \/>\n<meta property=\"og:type\" content=\"article\" \/>\n<meta property=\"og:title\" content=\"HAZef organizira novi projekt pod nazivom ESG - \u201eOd teorije do prakse\u201d - HAZ\" \/>\n<meta property=\"og:description\" content=\"Hrvatska akademska zajednica Ekonomskog fakulteta u Zagrebu (HAZef) i Mazars, 20. travnja 2023. godine organizirat \u0107e jednodnevni projekt na temu odr\u017eivosti i odr\u017eivog razvoja. Projekt \u0107e se odr\u017eati u kongresnoj [&hellip;]\" \/>\n<meta property=\"og:url\" content=\"https:\/\/haz.hr\/en\/2023\/04\/18\/hazef-organizira-novi-projekt-pod-nazivom-esg-od-teorije-do-prakse\/\" \/>\n<meta property=\"og:site_name\" content=\"HAZ\" \/>\n<meta property=\"article:published_time\" content=\"2023-04-18T18:10:31+00:00\" \/>\n<meta property=\"article:modified_time\" content=\"2023-04-18T18:17:54+00:00\" \/>\n<meta property=\"og:image\" content=\"https:\/\/haz.hr\/wp-content\/uploads\/2023\/04\/Dizajn-bez-naslova-1-1024x683.png\" \/>\n\t<meta property=\"og:image:width\" content=\"1024\" \/>\n\t<meta property=\"og:image:height\" content=\"683\" \/>\n\t<meta property=\"og:image:type\" content=\"image\/png\" \/>\n<meta name=\"author\" content=\"niko\" \/>\n<meta name=\"twitter:card\" content=\"summary_large_image\" \/>\n<meta name=\"twitter:label1\" content=\"Written by\" \/>\n\t<meta name=\"twitter:data1\" content=\"niko\" \/>\n\t<meta name=\"twitter:label2\" content=\"Est. reading time\" \/>\n\t<meta name=\"twitter:data2\" content=\"2 minutes\" \/>\n<script type=\"application\/ld+json\" class=\"yoast-schema-graph\">{\"@context\":\"https:\/\/schema.org\",\"@graph\":[{\"@type\":\"Article\",\"@id\":\"https:\/\/haz.hr\/2023\/04\/18\/hazef-organizira-novi-projekt-pod-nazivom-esg-od-teorije-do-prakse\/#article\",\"isPartOf\":{\"@id\":\"https:\/\/haz.hr\/2023\/04\/18\/hazef-organizira-novi-projekt-pod-nazivom-esg-od-teorije-do-prakse\/\"},\"author\":{\"name\":\"niko\",\"@id\":\"https:\/\/haz.hr\/#\/schema\/person\/ef20b07c27f25698eba61de0aeff014b\"},\"headline\":\"HAZef organizira novi projekt pod nazivom ESG &#8211; \u201eOd teorije do prakse\u201d\",\"datePublished\":\"2023-04-18T18:10:31+00:00\",\"dateModified\":\"2023-04-18T18:17:54+00:00\",\"mainEntityOfPage\":{\"@id\":\"https:\/\/haz.hr\/2023\/04\/18\/hazef-organizira-novi-projekt-pod-nazivom-esg-od-teorije-do-prakse\/\"},\"wordCount\":494,\"commentCount\":0,\"publisher\":{\"@id\":\"https:\/\/haz.hr\/#organization\"},\"image\":{\"@id\":\"https:\/\/haz.hr\/2023\/04\/18\/hazef-organizira-novi-projekt-pod-nazivom-esg-od-teorije-do-prakse\/#primaryimage\"},\"thumbnailUrl\":\"https:\/\/haz.hr\/wp-content\/uploads\/2023\/04\/Dizajn-bez-naslova-1.png\",\"articleSection\":[\"HAZef novosti\"],\"inLanguage\":\"en-GB\",\"potentialAction\":[{\"@type\":\"CommentAction\",\"name\":\"Comment\",\"target\":[\"https:\/\/haz.hr\/2023\/04\/18\/hazef-organizira-novi-projekt-pod-nazivom-esg-od-teorije-do-prakse\/#respond\"]}]},{\"@type\":\"WebPage\",\"@id\":\"https:\/\/haz.hr\/2023\/04\/18\/hazef-organizira-novi-projekt-pod-nazivom-esg-od-teorije-do-prakse\/\",\"url\":\"https:\/\/haz.hr\/2023\/04\/18\/hazef-organizira-novi-projekt-pod-nazivom-esg-od-teorije-do-prakse\/\",\"name\":\"HAZef organizira novi projekt pod nazivom ESG - \u201eOd teorije do prakse\u201d - HAZ\",\"isPartOf\":{\"@id\":\"https:\/\/haz.hr\/#website\"},\"primaryImageOfPage\":{\"@id\":\"https:\/\/haz.hr\/2023\/04\/18\/hazef-organizira-novi-projekt-pod-nazivom-esg-od-teorije-do-prakse\/#primaryimage\"},\"image\":{\"@id\":\"https:\/\/haz.hr\/2023\/04\/18\/hazef-organizira-novi-projekt-pod-nazivom-esg-od-teorije-do-prakse\/#primaryimage\"},\"thumbnailUrl\":\"https:\/\/haz.hr\/wp-content\/uploads\/2023\/04\/Dizajn-bez-naslova-1.png\",\"datePublished\":\"2023-04-18T18:10:31+00:00\",\"dateModified\":\"2023-04-18T18:17:54+00:00\",\"breadcrumb\":{\"@id\":\"https:\/\/haz.hr\/2023\/04\/18\/hazef-organizira-novi-projekt-pod-nazivom-esg-od-teorije-do-prakse\/#breadcrumb\"},\"inLanguage\":\"en-GB\",\"potentialAction\":[{\"@type\":\"ReadAction\",\"target\":[\"https:\/\/haz.hr\/2023\/04\/18\/hazef-organizira-novi-projekt-pod-nazivom-esg-od-teorije-do-prakse\/\"]}]},{\"@type\":\"ImageObject\",\"inLanguage\":\"en-GB\",\"@id\":\"https:\/\/haz.hr\/2023\/04\/18\/hazef-organizira-novi-projekt-pod-nazivom-esg-od-teorije-do-prakse\/#primaryimage\",\"url\":\"https:\/\/haz.hr\/wp-content\/uploads\/2023\/04\/Dizajn-bez-naslova-1.png\",\"contentUrl\":\"https:\/\/haz.hr\/wp-content\/uploads\/2023\/04\/Dizajn-bez-naslova-1.png\",\"width\":1920,\"height\":1280},{\"@type\":\"BreadcrumbList\",\"@id\":\"https:\/\/haz.hr\/2023\/04\/18\/hazef-organizira-novi-projekt-pod-nazivom-esg-od-teorije-do-prakse\/#breadcrumb\",\"itemListElement\":[{\"@type\":\"ListItem\",\"position\":1,\"name\":\"Home\",\"item\":\"https:\/\/haz.hr\/\"},{\"@type\":\"ListItem\",\"position\":2,\"name\":\"HAZef organizira novi projekt pod nazivom ESG &#8211; \u201eOd teorije do prakse\u201d\"}]},{\"@type\":\"WebSite\",\"@id\":\"https:\/\/haz.hr\/#website\",\"url\":\"https:\/\/haz.hr\/\",\"name\":\"HAZ\",\"description\":\"Hrvatska akademska zajednica\",\"publisher\":{\"@id\":\"https:\/\/haz.hr\/#organization\"},\"potentialAction\":[{\"@type\":\"SearchAction\",\"target\":{\"@type\":\"EntryPoint\",\"urlTemplate\":\"https:\/\/haz.hr\/?s={search_term_string}\"},\"query-input\":{\"@type\":\"PropertyValueSpecification\",\"valueRequired\":true,\"valueName\":\"search_term_string\"}}],\"inLanguage\":\"en-GB\"},{\"@type\":\"Organization\",\"@id\":\"https:\/\/haz.hr\/#organization\",\"name\":\"HAZ\",\"url\":\"https:\/\/haz.hr\/\",\"logo\":{\"@type\":\"ImageObject\",\"inLanguage\":\"en-GB\",\"@id\":\"https:\/\/haz.hr\/#\/schema\/logo\/image\/\",\"url\":\"https:\/\/haz.hr\/wp-content\/uploads\/2022\/12\/cropped-HAZ_logo.png\",\"contentUrl\":\"https:\/\/haz.hr\/wp-content\/uploads\/2022\/12\/cropped-HAZ_logo.png\",\"width\":125,\"height\":76,\"caption\":\"HAZ\"},\"image\":{\"@id\":\"https:\/\/haz.hr\/#\/schema\/logo\/image\/\"}},{\"@type\":\"Person\",\"@id\":\"https:\/\/haz.hr\/#\/schema\/person\/ef20b07c27f25698eba61de0aeff014b\",\"name\":\"niko\",\"image\":{\"@type\":\"ImageObject\",\"inLanguage\":\"en-GB\",\"@id\":\"https:\/\/haz.hr\/#\/schema\/person\/image\/\",\"url\":\"https:\/\/secure.gravatar.com\/avatar\/1ddd0a2abfa02cff4f0e8100b2d3ffb0f5de1069d5cdb603ab4aa7317048ca9d?s=96&d=mm&r=g\",\"contentUrl\":\"https:\/\/secure.gravatar.com\/avatar\/1ddd0a2abfa02cff4f0e8100b2d3ffb0f5de1069d5cdb603ab4aa7317048ca9d?s=96&d=mm&r=g\",\"caption\":\"niko\"},\"url\":\"https:\/\/haz.hr\/en\/author\/niko\/\"}]}<\/script>\n<!-- \/ Yoast SEO plugin. -->","yoast_head_json":{"title":"HAZef organizira novi projekt pod nazivom ESG - \u201eOd teorije do prakse\u201d - HAZ","robots":{"index":"index","follow":"follow","max-snippet":"max-snippet:-1","max-image-preview":"max-image-preview:large","max-video-preview":"max-video-preview:-1"},"canonical":"https:\/\/haz.hr\/en\/2023\/04\/18\/hazef-organizira-novi-projekt-pod-nazivom-esg-od-teorije-do-prakse\/","og_locale":"en_GB","og_type":"article","og_title":"HAZef organizira novi projekt pod nazivom ESG - \u201eOd teorije do prakse\u201d - HAZ","og_description":"Hrvatska akademska zajednica Ekonomskog fakulteta u Zagrebu (HAZef) i Mazars, 20. travnja 2023. godine organizirat \u0107e jednodnevni projekt na temu odr\u017eivosti i odr\u017eivog razvoja. Projekt \u0107e se odr\u017eati u kongresnoj [&hellip;]","og_url":"https:\/\/haz.hr\/en\/2023\/04\/18\/hazef-organizira-novi-projekt-pod-nazivom-esg-od-teorije-do-prakse\/","og_site_name":"HAZ","article_published_time":"2023-04-18T18:10:31+00:00","article_modified_time":"2023-04-18T18:17:54+00:00","og_image":[{"width":1024,"height":683,"url":"https:\/\/haz.hr\/wp-content\/uploads\/2023\/04\/Dizajn-bez-naslova-1-1024x683.png","type":"image\/png"}],"author":"niko","twitter_card":"summary_large_image","twitter_misc":{"Written by":"niko","Est. reading time":"2 minutes"},"schema":{"@context":"https:\/\/schema.org","@graph":[{"@type":"Article","@id":"https:\/\/haz.hr\/2023\/04\/18\/hazef-organizira-novi-projekt-pod-nazivom-esg-od-teorije-do-prakse\/#article","isPartOf":{"@id":"https:\/\/haz.hr\/2023\/04\/18\/hazef-organizira-novi-projekt-pod-nazivom-esg-od-teorije-do-prakse\/"},"author":{"name":"niko","@id":"https:\/\/haz.hr\/#\/schema\/person\/ef20b07c27f25698eba61de0aeff014b"},"headline":"HAZef organizira novi projekt pod nazivom ESG &#8211; \u201eOd teorije do prakse\u201d","datePublished":"2023-04-18T18:10:31+00:00","dateModified":"2023-04-18T18:17:54+00:00","mainEntityOfPage":{"@id":"https:\/\/haz.hr\/2023\/04\/18\/hazef-organizira-novi-projekt-pod-nazivom-esg-od-teorije-do-prakse\/"},"wordCount":494,"commentCount":0,"publisher":{"@id":"https:\/\/haz.hr\/#organization"},"image":{"@id":"https:\/\/haz.hr\/2023\/04\/18\/hazef-organizira-novi-projekt-pod-nazivom-esg-od-teorije-do-prakse\/#primaryimage"},"thumbnailUrl":"https:\/\/haz.hr\/wp-content\/uploads\/2023\/04\/Dizajn-bez-naslova-1.png","articleSection":["HAZef novosti"],"inLanguage":"en-GB","potentialAction":[{"@type":"CommentAction","name":"Comment","target":["https:\/\/haz.hr\/2023\/04\/18\/hazef-organizira-novi-projekt-pod-nazivom-esg-od-teorije-do-prakse\/#respond"]}]},{"@type":"WebPage","@id":"https:\/\/haz.hr\/2023\/04\/18\/hazef-organizira-novi-projekt-pod-nazivom-esg-od-teorije-do-prakse\/","url":"https:\/\/haz.hr\/2023\/04\/18\/hazef-organizira-novi-projekt-pod-nazivom-esg-od-teorije-do-prakse\/","name":"HAZef organizira novi projekt pod nazivom ESG - \u201eOd teorije do prakse\u201d - HAZ","isPartOf":{"@id":"https:\/\/haz.hr\/#website"},"primaryImageOfPage":{"@id":"https:\/\/haz.hr\/2023\/04\/18\/hazef-organizira-novi-projekt-pod-nazivom-esg-od-teorije-do-prakse\/#primaryimage"},"image":{"@id":"https:\/\/haz.hr\/2023\/04\/18\/hazef-organizira-novi-projekt-pod-nazivom-esg-od-teorije-do-prakse\/#primaryimage"},"thumbnailUrl":"https:\/\/haz.hr\/wp-content\/uploads\/2023\/04\/Dizajn-bez-naslova-1.png","datePublished":"2023-04-18T18:10:31+00:00","dateModified":"2023-04-18T18:17:54+00:00","breadcrumb":{"@id":"https:\/\/haz.hr\/2023\/04\/18\/hazef-organizira-novi-projekt-pod-nazivom-esg-od-teorije-do-prakse\/#breadcrumb"},"inLanguage":"en-GB","potentialAction":[{"@type":"ReadAction","target":["https:\/\/haz.hr\/2023\/04\/18\/hazef-organizira-novi-projekt-pod-nazivom-esg-od-teorije-do-prakse\/"]}]},{"@type":"ImageObject","inLanguage":"en-GB","@id":"https:\/\/haz.hr\/2023\/04\/18\/hazef-organizira-novi-projekt-pod-nazivom-esg-od-teorije-do-prakse\/#primaryimage","url":"https:\/\/haz.hr\/wp-content\/uploads\/2023\/04\/Dizajn-bez-naslova-1.png","contentUrl":"https:\/\/haz.hr\/wp-content\/uploads\/2023\/04\/Dizajn-bez-naslova-1.png","width":1920,"height":1280},{"@type":"BreadcrumbList","@id":"https:\/\/haz.hr\/2023\/04\/18\/hazef-organizira-novi-projekt-pod-nazivom-esg-od-teorije-do-prakse\/#breadcrumb","itemListElement":[{"@type":"ListItem","position":1,"name":"Home","item":"https:\/\/haz.hr\/"},{"@type":"ListItem","position":2,"name":"HAZef organizira novi projekt pod nazivom ESG &#8211; \u201eOd teorije do prakse\u201d"}]},{"@type":"WebSite","@id":"https:\/\/haz.hr\/#website","url":"https:\/\/haz.hr\/","name":"HAZ","description":"Croatian Academic Community","publisher":{"@id":"https:\/\/haz.hr\/#organization"},"potentialAction":[{"@type":"SearchAction","target":{"@type":"EntryPoint","urlTemplate":"https:\/\/haz.hr\/?s={search_term_string}"},"query-input":{"@type":"PropertyValueSpecification","valueRequired":true,"valueName":"search_term_string"}}],"inLanguage":"en-GB"},{"@type":"Organization","@id":"https:\/\/haz.hr\/#organization","name":"HAZ","url":"https:\/\/haz.hr\/","logo":{"@type":"ImageObject","inLanguage":"en-GB","@id":"https:\/\/haz.hr\/#\/schema\/logo\/image\/","url":"https:\/\/haz.hr\/wp-content\/uploads\/2022\/12\/cropped-HAZ_logo.png","contentUrl":"https:\/\/haz.hr\/wp-content\/uploads\/2022\/12\/cropped-HAZ_logo.png","width":125,"height":76,"caption":"HAZ"},"image":{"@id":"https:\/\/haz.hr\/#\/schema\/logo\/image\/"}},{"@type":"Person","@id":"https:\/\/haz.hr\/#\/schema\/person\/ef20b07c27f25698eba61de0aeff014b","name":"niko","image":{"@type":"ImageObject","inLanguage":"en-GB","@id":"https:\/\/haz.hr\/#\/schema\/person\/image\/","url":"https:\/\/secure.gravatar.com\/avatar\/1ddd0a2abfa02cff4f0e8100b2d3ffb0f5de1069d5cdb603ab4aa7317048ca9d?s=96&d=mm&r=g","contentUrl":"https:\/\/secure.gravatar.com\/avatar\/1ddd0a2abfa02cff4f0e8100b2d3ffb0f5de1069d5cdb603ab4aa7317048ca9d?s=96&d=mm&r=g","caption":"niko"},"url":"https:\/\/haz.hr\/en\/author\/niko\/"}]}},"_links":{"self":[{"href":"https:\/\/haz.hr\/en\/wp-json\/wp\/v2\/posts\/2596","targetHints":{"allow":["GET"]}}],"collection":[{"href":"https:\/\/haz.hr\/en\/wp-json\/wp\/v2\/posts"}],"about":[{"href":"https:\/\/haz.hr\/en\/wp-json\/wp\/v2\/types\/post"}],"author":[{"embeddable":true,"href":"https:\/\/haz.hr\/en\/wp-json\/wp\/v2\/users\/8"}],"replies":[{"embeddable":true,"href":"https:\/\/haz.hr\/en\/wp-json\/wp\/v2\/comments?post=2596"}],"version-history":[{"count":5,"href":"https:\/\/haz.hr\/en\/wp-json\/wp\/v2\/posts\/2596\/revisions"}],"predecessor-version":[{"id":2603,"href":"https:\/\/haz.hr\/en\/wp-json\/wp\/v2\/posts\/2596\/revisions\/2603"}],"wp:featuredmedia":[{"embeddable":true,"href":"https:\/\/haz.hr\/en\/wp-json\/wp\/v2\/media\/2598"}],"wp:attachment":[{"href":"https:\/\/haz.hr\/en\/wp-json\/wp\/v2\/media?parent=2596"}],"wp:term":[{"taxonomy":"category","embeddable":true,"href":"https:\/\/haz.hr\/en\/wp-json\/wp\/v2\/categories?post=2596"},{"taxonomy":"post_tag","embeddable":true,"href":"https:\/\/haz.hr\/en\/wp-json\/wp\/v2\/tags?post=2596"}],"curies":[{"name":"wp","href":"https:\/\/api.w.org\/{rel}","templated":true}]}}