{"id":2637,"date":"2023-04-26T17:08:50","date_gmt":"2023-04-26T17:08:50","guid":{"rendered":"https:\/\/haz.hr\/?p=2637"},"modified":"2023-05-17T21:40:08","modified_gmt":"2023-05-17T21:40:08","slug":"odrzan-projekt-hazef-x-mazars-e-s-i-g-od-teorije-do-prakse","status":"publish","type":"post","link":"https:\/\/haz.hr\/en\/2023\/04\/26\/odrzan-projekt-hazef-x-mazars-e-s-i-g-od-teorije-do-prakse\/","title":{"rendered":"Odr\u017ean projekt HAZef X Mazars &#8211; \u201eE, S I G: Od teorije do prakse\u201c"},"content":{"rendered":"<p class=\"wp-block-paragraph\">U sklopu Hrvatske akademske zajednice na Ekonomskom fakultetu u Zagrebu (HAZef) i tvrtke Mazars, 20. travnja 2023. godine organiziran je&nbsp;jednodnevni projekt na temu odr\u017eivosti i odr\u017eivog razvoja.<\/p>\n\n\n\n<p class=\"wp-block-paragraph\">Doga\u0111anje je otvorila \u010dlanica organizacijskog tima projekta, Hana Peter, koja je pozdravila prisutne te prezentirala program samog projekta koji je bio podijeljen u dva dijela: panel raspravu i case study. Prisutni su se kroz panel upoznali s pitanjima odr\u017eivosti unutar poduze\u0107a, dru\u0161tveno odgovornog poslovanja i same implementacije politike koja \u0107e biti naju\u010dinkovitija u okviru ESG mehanizma.&nbsp;<em>Case study<\/em>&nbsp;se odnosio na onaj prakti\u010dan dio, odnosno rje\u0161avanje zadatka kroz koji su okupljeni mogli dobiti bolji uvid u va\u017enost ESG-a te njegovo zna\u010denje u stvarnoj primjeni unutar bilo kojeg poduze\u0107a.<\/p>\n\n\n\n<p class=\"wp-block-paragraph\">O svrsi odr\u017eivosti s naglaskom na okoli\u0161ni aspekt pri\u010dala je&nbsp;<strong>Mihaela Tr\u010dak<\/strong>, supervizorica u odjelu Financijskog savjetovanja u Mazarsu, te konzultantica \u2013&nbsp;<em>Environmental<\/em>.&nbsp;<em>\u201eDanas je popularno u dru\u0161tvu poticati ekolo\u0161ku osvije\u0161tenost. Zbog ogromnog utjecaja i negativnih posljedica koje jedno poduze\u0107e mo\u017ee prouzro\u010diti svojim djelovanjem, bitno je odr\u017eati poslovanje u okviru unutar kojeg nijedna poslovna aktivnost korporacije nema negativan efekt na eksterne \u010dimbenike u okru\u017eenju.\u201c-<\/em>&nbsp;naglasila je Mihaela.&nbsp;O dru\u0161tvenom kriteriju govorio je&nbsp;&nbsp;<strong>Ivo Radi\u0107<\/strong>, konzultatnt u ESG odjelu Mazarsa \u2013 Social.&nbsp;U svojem je izlaganju objasnio kako poslovanje svake tvrtke uvelike ovisi o tome u kakvoj se dru\u0161tvenoj klimi ona nalazi te kakvi su dru\u0161tveni resursi kojima ona zapravo raspola\u017ee jer je \u201e<em>te\u0161ko odr\u017eati uspje\u0161nu tvrtku u neuspje\u0161nom dru\u0161tvu.&#8221;<\/em>&nbsp;<strong>Vali Marszalek<\/strong>, direktorica ESG odjela u Mazarsu s bogatim vi\u0161egodi\u0161njim iskustvom u podru\u010dju ESG-a, istaknula je va\u017enost u kontekstu&nbsp;<em>Governance-a<\/em>.&nbsp;Fokus je stavila na sposobnosti i znanja uprave svake korporacije u integraciji ESG aspekata u svoje poslovanje \u0161to u praksi zapravo zna\u010di da&nbsp;<em>&#8220;vodstvo mora razgovarati o temama odr\u017eivosti koje bi trebale biti na dnevnom redu svake sjednice u pridono\u0161enju svake nove poslovne odluke.\u201c<\/em>&nbsp;Na samom kraju panela, predava\u010di su podijelili odre\u0111ena osobna iskustva o radu u ovom podru\u010dju, te kako su se na\u0161li na svojim poslovnim pozicijama danas \u010dime smo zaklju\u010dili prvi dio projekta.<\/p>\n\n\n\n<p class=\"wp-block-paragraph\">Mazarsovi su stru\u010dnjaci predstavili timovima&nbsp;<strong><em>case study<\/em>&nbsp;natjecanje<\/strong>&nbsp;\u010diji je cilj bio potaknuti okupljene na pronala\u017eenje i istra\u017eivanje slu\u010dajeva odre\u0111enih tvrtki koje su u svom poslovanju bile tu\u017eene radi kr\u0161enja nekog od aspekata ESG-a.&nbsp;<\/p>\n\n\n\n<p class=\"wp-block-paragraph\">Naposljetku, svaki je tim imao priliku predstaviti dodijeljeni slu\u010daj te objasniti svoje shva\u0107anje i razmatranje istog. Mazarsovi su stru\u010dnjaci proglasili najbolja&nbsp;<strong>tri tima i nagradili ih<\/strong>. Pobjedni\u010dki tim nije krio odu\u0161evljenje jer je nagra\u0111en izravnim plasmanom u&nbsp;<strong>Mazarsov lov na praksu<\/strong>. Osvaja\u010di drugog mjesta dobili su priliku dodatno se educirati&nbsp;<strong>o ESG-u 1 na 1<\/strong>&nbsp;\u0161to je uvelike korisno za nastavak ovakvog programa te \u0161irenje znanja na ovom podru\u010dju, dok je tre\u0107e plasirani tim dobio prigodne&nbsp;<strong>poklon pakete<\/strong>.&nbsp;<em>\u201eTema i pitanja koja su obra\u0111ena na ovom projektu samo su korak naprijed ka bu\u0111enju ve\u0107e svijesti i spoznaji o krucijalnim segmentima funkcioniranja i poslovanja poduze\u0107a.\u201c<\/em>&nbsp;\u2013 bile su posljednje rije\u010di direktorice Vali.<\/p>\n\n\n\n<p class=\"wp-block-paragraph\">Na kraju se Lara Krili\u0107, u ime Hrvatske akademske zajednice na Ekonomskom fakultetu, zahvalila prisutnima na dolasku, stru\u010dnjacima iz Mazarsa na kvalitetnom projektu te cvje\u0107arnici&nbsp;<strong>Blooming.hr<\/strong>&nbsp;koja je svojim prekrasnim buketima razveselila na\u0161e predava\u010de.<\/p>\n\n\n\n<p class=\"wp-block-paragraph\">Ovakav projekt izvrsna je prilika za sve mlade studente koji se \u017eele dodatno usavr\u0161iti na na\u010din da upoznaju svrhu i va\u017ean utjecaj odr\u017eivosti unutar poduze\u0107a.<\/p>","protected":false},"excerpt":{"rendered":"<p>U sklopu Hrvatske akademske zajednice na Ekonomskom fakultetu u Zagrebu (HAZef) i tvrtke Mazars, 20. travnja 2023. godine organiziran je&nbsp;jednodnevni projekt na temu odr\u017eivosti i odr\u017eivog razvoja. Doga\u0111anje je otvorila [&hellip;]<\/p>\n","protected":false},"author":8,"featured_media":2639,"comment_status":"open","ping_status":"open","sticky":false,"template":"","format":"standard","meta":{"footnotes":""},"categories":[14,11],"tags":[],"class_list":["post-2637","post","type-post","status-publish","format-standard","has-post-thumbnail","hentry","category-haz-novosti","category-hazef-novosti"],"yoast_head":"<!-- This site is optimized with the Yoast SEO plugin v23.7 - https:\/\/yoast.com\/wordpress\/plugins\/seo\/ -->\n<title>Odr\u017ean projekt HAZef X Mazars - \u201eE, S I G: Od teorije do prakse\u201c - HAZ<\/title>\n<meta name=\"robots\" content=\"index, follow, max-snippet:-1, max-image-preview:large, max-video-preview:-1\" \/>\n<link rel=\"canonical\" href=\"https:\/\/haz.hr\/en\/2023\/04\/26\/odrzan-projekt-hazef-x-mazars-e-s-i-g-od-teorije-do-prakse\/\" \/>\n<meta property=\"og:locale\" content=\"en_GB\" \/>\n<meta property=\"og:type\" content=\"article\" \/>\n<meta property=\"og:title\" content=\"Odr\u017ean projekt HAZef X Mazars - \u201eE, S I G: Od teorije do prakse\u201c - HAZ\" \/>\n<meta property=\"og:description\" content=\"U sklopu Hrvatske akademske zajednice na Ekonomskom fakultetu u Zagrebu (HAZef) i tvrtke Mazars, 20. travnja 2023. godine organiziran je&nbsp;jednodnevni projekt na temu odr\u017eivosti i odr\u017eivog razvoja. Doga\u0111anje je otvorila [&hellip;]\" \/>\n<meta property=\"og:url\" content=\"https:\/\/haz.hr\/en\/2023\/04\/26\/odrzan-projekt-hazef-x-mazars-e-s-i-g-od-teorije-do-prakse\/\" \/>\n<meta property=\"og:site_name\" content=\"HAZ\" \/>\n<meta property=\"article:published_time\" content=\"2023-04-26T17:08:50+00:00\" \/>\n<meta property=\"article:modified_time\" content=\"2023-05-17T21:40:08+00:00\" \/>\n<meta property=\"og:image\" content=\"https:\/\/haz.hr\/wp-content\/uploads\/2023\/04\/e3a92e3d-422b-4259-856f-fc788c703291.jpg\" \/>\n\t<meta property=\"og:image:width\" content=\"2048\" \/>\n\t<meta property=\"og:image:height\" content=\"1536\" \/>\n\t<meta property=\"og:image:type\" content=\"image\/jpeg\" \/>\n<meta name=\"author\" content=\"niko\" \/>\n<meta name=\"twitter:card\" content=\"summary_large_image\" \/>\n<meta name=\"twitter:label1\" content=\"Written by\" \/>\n\t<meta name=\"twitter:data1\" content=\"niko\" \/>\n\t<meta name=\"twitter:label2\" content=\"Est. reading time\" \/>\n\t<meta name=\"twitter:data2\" content=\"3 minutes\" \/>\n<script type=\"application\/ld+json\" class=\"yoast-schema-graph\">{\"@context\":\"https:\/\/schema.org\",\"@graph\":[{\"@type\":\"Article\",\"@id\":\"https:\/\/haz.hr\/2023\/04\/26\/odrzan-projekt-hazef-x-mazars-e-s-i-g-od-teorije-do-prakse\/#article\",\"isPartOf\":{\"@id\":\"https:\/\/haz.hr\/2023\/04\/26\/odrzan-projekt-hazef-x-mazars-e-s-i-g-od-teorije-do-prakse\/\"},\"author\":{\"name\":\"niko\",\"@id\":\"https:\/\/haz.hr\/#\/schema\/person\/ef20b07c27f25698eba61de0aeff014b\"},\"headline\":\"Odr\u017ean projekt HAZef X Mazars &#8211; \u201eE, S I G: Od teorije do prakse\u201c\",\"datePublished\":\"2023-04-26T17:08:50+00:00\",\"dateModified\":\"2023-05-17T21:40:08+00:00\",\"mainEntityOfPage\":{\"@id\":\"https:\/\/haz.hr\/2023\/04\/26\/odrzan-projekt-hazef-x-mazars-e-s-i-g-od-teorije-do-prakse\/\"},\"wordCount\":648,\"commentCount\":0,\"publisher\":{\"@id\":\"https:\/\/haz.hr\/#organization\"},\"image\":{\"@id\":\"https:\/\/haz.hr\/2023\/04\/26\/odrzan-projekt-hazef-x-mazars-e-s-i-g-od-teorije-do-prakse\/#primaryimage\"},\"thumbnailUrl\":\"https:\/\/haz.hr\/wp-content\/uploads\/2023\/04\/e3a92e3d-422b-4259-856f-fc788c703291.jpg\",\"articleSection\":[\"HAZ novosti\",\"HAZef novosti\"],\"inLanguage\":\"en-GB\",\"potentialAction\":[{\"@type\":\"CommentAction\",\"name\":\"Comment\",\"target\":[\"https:\/\/haz.hr\/2023\/04\/26\/odrzan-projekt-hazef-x-mazars-e-s-i-g-od-teorije-do-prakse\/#respond\"]}]},{\"@type\":\"WebPage\",\"@id\":\"https:\/\/haz.hr\/2023\/04\/26\/odrzan-projekt-hazef-x-mazars-e-s-i-g-od-teorije-do-prakse\/\",\"url\":\"https:\/\/haz.hr\/2023\/04\/26\/odrzan-projekt-hazef-x-mazars-e-s-i-g-od-teorije-do-prakse\/\",\"name\":\"Odr\u017ean projekt HAZef X Mazars - \u201eE, S I G: Od teorije do prakse\u201c - HAZ\",\"isPartOf\":{\"@id\":\"https:\/\/haz.hr\/#website\"},\"primaryImageOfPage\":{\"@id\":\"https:\/\/haz.hr\/2023\/04\/26\/odrzan-projekt-hazef-x-mazars-e-s-i-g-od-teorije-do-prakse\/#primaryimage\"},\"image\":{\"@id\":\"https:\/\/haz.hr\/2023\/04\/26\/odrzan-projekt-hazef-x-mazars-e-s-i-g-od-teorije-do-prakse\/#primaryimage\"},\"thumbnailUrl\":\"https:\/\/haz.hr\/wp-content\/uploads\/2023\/04\/e3a92e3d-422b-4259-856f-fc788c703291.jpg\",\"datePublished\":\"2023-04-26T17:08:50+00:00\",\"dateModified\":\"2023-05-17T21:40:08+00:00\",\"breadcrumb\":{\"@id\":\"https:\/\/haz.hr\/2023\/04\/26\/odrzan-projekt-hazef-x-mazars-e-s-i-g-od-teorije-do-prakse\/#breadcrumb\"},\"inLanguage\":\"en-GB\",\"potentialAction\":[{\"@type\":\"ReadAction\",\"target\":[\"https:\/\/haz.hr\/2023\/04\/26\/odrzan-projekt-hazef-x-mazars-e-s-i-g-od-teorije-do-prakse\/\"]}]},{\"@type\":\"ImageObject\",\"inLanguage\":\"en-GB\",\"@id\":\"https:\/\/haz.hr\/2023\/04\/26\/odrzan-projekt-hazef-x-mazars-e-s-i-g-od-teorije-do-prakse\/#primaryimage\",\"url\":\"https:\/\/haz.hr\/wp-content\/uploads\/2023\/04\/e3a92e3d-422b-4259-856f-fc788c703291.jpg\",\"contentUrl\":\"https:\/\/haz.hr\/wp-content\/uploads\/2023\/04\/e3a92e3d-422b-4259-856f-fc788c703291.jpg\",\"width\":2048,\"height\":1536},{\"@type\":\"BreadcrumbList\",\"@id\":\"https:\/\/haz.hr\/2023\/04\/26\/odrzan-projekt-hazef-x-mazars-e-s-i-g-od-teorije-do-prakse\/#breadcrumb\",\"itemListElement\":[{\"@type\":\"ListItem\",\"position\":1,\"name\":\"Home\",\"item\":\"https:\/\/haz.hr\/\"},{\"@type\":\"ListItem\",\"position\":2,\"name\":\"Odr\u017ean projekt HAZef X Mazars &#8211; \u201eE, S I G: Od teorije do prakse\u201c\"}]},{\"@type\":\"WebSite\",\"@id\":\"https:\/\/haz.hr\/#website\",\"url\":\"https:\/\/haz.hr\/\",\"name\":\"HAZ\",\"description\":\"Hrvatska akademska zajednica\",\"publisher\":{\"@id\":\"https:\/\/haz.hr\/#organization\"},\"potentialAction\":[{\"@type\":\"SearchAction\",\"target\":{\"@type\":\"EntryPoint\",\"urlTemplate\":\"https:\/\/haz.hr\/?s={search_term_string}\"},\"query-input\":{\"@type\":\"PropertyValueSpecification\",\"valueRequired\":true,\"valueName\":\"search_term_string\"}}],\"inLanguage\":\"en-GB\"},{\"@type\":\"Organization\",\"@id\":\"https:\/\/haz.hr\/#organization\",\"name\":\"HAZ\",\"url\":\"https:\/\/haz.hr\/\",\"logo\":{\"@type\":\"ImageObject\",\"inLanguage\":\"en-GB\",\"@id\":\"https:\/\/haz.hr\/#\/schema\/logo\/image\/\",\"url\":\"https:\/\/haz.hr\/wp-content\/uploads\/2022\/12\/cropped-HAZ_logo.png\",\"contentUrl\":\"https:\/\/haz.hr\/wp-content\/uploads\/2022\/12\/cropped-HAZ_logo.png\",\"width\":125,\"height\":76,\"caption\":\"HAZ\"},\"image\":{\"@id\":\"https:\/\/haz.hr\/#\/schema\/logo\/image\/\"}},{\"@type\":\"Person\",\"@id\":\"https:\/\/haz.hr\/#\/schema\/person\/ef20b07c27f25698eba61de0aeff014b\",\"name\":\"niko\",\"image\":{\"@type\":\"ImageObject\",\"inLanguage\":\"en-GB\",\"@id\":\"https:\/\/haz.hr\/#\/schema\/person\/image\/\",\"url\":\"https:\/\/secure.gravatar.com\/avatar\/1ddd0a2abfa02cff4f0e8100b2d3ffb0f5de1069d5cdb603ab4aa7317048ca9d?s=96&d=mm&r=g\",\"contentUrl\":\"https:\/\/secure.gravatar.com\/avatar\/1ddd0a2abfa02cff4f0e8100b2d3ffb0f5de1069d5cdb603ab4aa7317048ca9d?s=96&d=mm&r=g\",\"caption\":\"niko\"},\"url\":\"https:\/\/haz.hr\/en\/author\/niko\/\"}]}<\/script>\n<!-- \/ Yoast SEO plugin. -->","yoast_head_json":{"title":"Odr\u017ean projekt HAZef X Mazars - \u201eE, S I G: Od teorije do prakse\u201c - HAZ","robots":{"index":"index","follow":"follow","max-snippet":"max-snippet:-1","max-image-preview":"max-image-preview:large","max-video-preview":"max-video-preview:-1"},"canonical":"https:\/\/haz.hr\/en\/2023\/04\/26\/odrzan-projekt-hazef-x-mazars-e-s-i-g-od-teorije-do-prakse\/","og_locale":"en_GB","og_type":"article","og_title":"Odr\u017ean projekt HAZef X Mazars - \u201eE, S I G: Od teorije do prakse\u201c - HAZ","og_description":"U sklopu Hrvatske akademske zajednice na Ekonomskom fakultetu u Zagrebu (HAZef) i tvrtke Mazars, 20. travnja 2023. godine organiziran je&nbsp;jednodnevni projekt na temu odr\u017eivosti i odr\u017eivog razvoja. Doga\u0111anje je otvorila [&hellip;]","og_url":"https:\/\/haz.hr\/en\/2023\/04\/26\/odrzan-projekt-hazef-x-mazars-e-s-i-g-od-teorije-do-prakse\/","og_site_name":"HAZ","article_published_time":"2023-04-26T17:08:50+00:00","article_modified_time":"2023-05-17T21:40:08+00:00","og_image":[{"width":2048,"height":1536,"url":"https:\/\/haz.hr\/wp-content\/uploads\/2023\/04\/e3a92e3d-422b-4259-856f-fc788c703291.jpg","type":"image\/jpeg"}],"author":"niko","twitter_card":"summary_large_image","twitter_misc":{"Written by":"niko","Est. reading time":"3 minutes"},"schema":{"@context":"https:\/\/schema.org","@graph":[{"@type":"Article","@id":"https:\/\/haz.hr\/2023\/04\/26\/odrzan-projekt-hazef-x-mazars-e-s-i-g-od-teorije-do-prakse\/#article","isPartOf":{"@id":"https:\/\/haz.hr\/2023\/04\/26\/odrzan-projekt-hazef-x-mazars-e-s-i-g-od-teorije-do-prakse\/"},"author":{"name":"niko","@id":"https:\/\/haz.hr\/#\/schema\/person\/ef20b07c27f25698eba61de0aeff014b"},"headline":"Odr\u017ean projekt HAZef X Mazars &#8211; \u201eE, S I G: Od teorije do prakse\u201c","datePublished":"2023-04-26T17:08:50+00:00","dateModified":"2023-05-17T21:40:08+00:00","mainEntityOfPage":{"@id":"https:\/\/haz.hr\/2023\/04\/26\/odrzan-projekt-hazef-x-mazars-e-s-i-g-od-teorije-do-prakse\/"},"wordCount":648,"commentCount":0,"publisher":{"@id":"https:\/\/haz.hr\/#organization"},"image":{"@id":"https:\/\/haz.hr\/2023\/04\/26\/odrzan-projekt-hazef-x-mazars-e-s-i-g-od-teorije-do-prakse\/#primaryimage"},"thumbnailUrl":"https:\/\/haz.hr\/wp-content\/uploads\/2023\/04\/e3a92e3d-422b-4259-856f-fc788c703291.jpg","articleSection":["HAZ novosti","HAZef novosti"],"inLanguage":"en-GB","potentialAction":[{"@type":"CommentAction","name":"Comment","target":["https:\/\/haz.hr\/2023\/04\/26\/odrzan-projekt-hazef-x-mazars-e-s-i-g-od-teorije-do-prakse\/#respond"]}]},{"@type":"WebPage","@id":"https:\/\/haz.hr\/2023\/04\/26\/odrzan-projekt-hazef-x-mazars-e-s-i-g-od-teorije-do-prakse\/","url":"https:\/\/haz.hr\/2023\/04\/26\/odrzan-projekt-hazef-x-mazars-e-s-i-g-od-teorije-do-prakse\/","name":"Odr\u017ean projekt HAZef X Mazars - \u201eE, S I G: Od teorije do prakse\u201c - HAZ","isPartOf":{"@id":"https:\/\/haz.hr\/#website"},"primaryImageOfPage":{"@id":"https:\/\/haz.hr\/2023\/04\/26\/odrzan-projekt-hazef-x-mazars-e-s-i-g-od-teorije-do-prakse\/#primaryimage"},"image":{"@id":"https:\/\/haz.hr\/2023\/04\/26\/odrzan-projekt-hazef-x-mazars-e-s-i-g-od-teorije-do-prakse\/#primaryimage"},"thumbnailUrl":"https:\/\/haz.hr\/wp-content\/uploads\/2023\/04\/e3a92e3d-422b-4259-856f-fc788c703291.jpg","datePublished":"2023-04-26T17:08:50+00:00","dateModified":"2023-05-17T21:40:08+00:00","breadcrumb":{"@id":"https:\/\/haz.hr\/2023\/04\/26\/odrzan-projekt-hazef-x-mazars-e-s-i-g-od-teorije-do-prakse\/#breadcrumb"},"inLanguage":"en-GB","potentialAction":[{"@type":"ReadAction","target":["https:\/\/haz.hr\/2023\/04\/26\/odrzan-projekt-hazef-x-mazars-e-s-i-g-od-teorije-do-prakse\/"]}]},{"@type":"ImageObject","inLanguage":"en-GB","@id":"https:\/\/haz.hr\/2023\/04\/26\/odrzan-projekt-hazef-x-mazars-e-s-i-g-od-teorije-do-prakse\/#primaryimage","url":"https:\/\/haz.hr\/wp-content\/uploads\/2023\/04\/e3a92e3d-422b-4259-856f-fc788c703291.jpg","contentUrl":"https:\/\/haz.hr\/wp-content\/uploads\/2023\/04\/e3a92e3d-422b-4259-856f-fc788c703291.jpg","width":2048,"height":1536},{"@type":"BreadcrumbList","@id":"https:\/\/haz.hr\/2023\/04\/26\/odrzan-projekt-hazef-x-mazars-e-s-i-g-od-teorije-do-prakse\/#breadcrumb","itemListElement":[{"@type":"ListItem","position":1,"name":"Home","item":"https:\/\/haz.hr\/"},{"@type":"ListItem","position":2,"name":"Odr\u017ean projekt HAZef X Mazars &#8211; \u201eE, S I G: Od teorije do prakse\u201c"}]},{"@type":"WebSite","@id":"https:\/\/haz.hr\/#website","url":"https:\/\/haz.hr\/","name":"HAZ","description":"Croatian Academic Community","publisher":{"@id":"https:\/\/haz.hr\/#organization"},"potentialAction":[{"@type":"SearchAction","target":{"@type":"EntryPoint","urlTemplate":"https:\/\/haz.hr\/?s={search_term_string}"},"query-input":{"@type":"PropertyValueSpecification","valueRequired":true,"valueName":"search_term_string"}}],"inLanguage":"en-GB"},{"@type":"Organization","@id":"https:\/\/haz.hr\/#organization","name":"HAZ","url":"https:\/\/haz.hr\/","logo":{"@type":"ImageObject","inLanguage":"en-GB","@id":"https:\/\/haz.hr\/#\/schema\/logo\/image\/","url":"https:\/\/haz.hr\/wp-content\/uploads\/2022\/12\/cropped-HAZ_logo.png","contentUrl":"https:\/\/haz.hr\/wp-content\/uploads\/2022\/12\/cropped-HAZ_logo.png","width":125,"height":76,"caption":"HAZ"},"image":{"@id":"https:\/\/haz.hr\/#\/schema\/logo\/image\/"}},{"@type":"Person","@id":"https:\/\/haz.hr\/#\/schema\/person\/ef20b07c27f25698eba61de0aeff014b","name":"niko","image":{"@type":"ImageObject","inLanguage":"en-GB","@id":"https:\/\/haz.hr\/#\/schema\/person\/image\/","url":"https:\/\/secure.gravatar.com\/avatar\/1ddd0a2abfa02cff4f0e8100b2d3ffb0f5de1069d5cdb603ab4aa7317048ca9d?s=96&d=mm&r=g","contentUrl":"https:\/\/secure.gravatar.com\/avatar\/1ddd0a2abfa02cff4f0e8100b2d3ffb0f5de1069d5cdb603ab4aa7317048ca9d?s=96&d=mm&r=g","caption":"niko"},"url":"https:\/\/haz.hr\/en\/author\/niko\/"}]}},"_links":{"self":[{"href":"https:\/\/haz.hr\/en\/wp-json\/wp\/v2\/posts\/2637","targetHints":{"allow":["GET"]}}],"collection":[{"href":"https:\/\/haz.hr\/en\/wp-json\/wp\/v2\/posts"}],"about":[{"href":"https:\/\/haz.hr\/en\/wp-json\/wp\/v2\/types\/post"}],"author":[{"embeddable":true,"href":"https:\/\/haz.hr\/en\/wp-json\/wp\/v2\/users\/8"}],"replies":[{"embeddable":true,"href":"https:\/\/haz.hr\/en\/wp-json\/wp\/v2\/comments?post=2637"}],"version-history":[{"count":3,"href":"https:\/\/haz.hr\/en\/wp-json\/wp\/v2\/posts\/2637\/revisions"}],"predecessor-version":[{"id":2702,"href":"https:\/\/haz.hr\/en\/wp-json\/wp\/v2\/posts\/2637\/revisions\/2702"}],"wp:featuredmedia":[{"embeddable":true,"href":"https:\/\/haz.hr\/en\/wp-json\/wp\/v2\/media\/2639"}],"wp:attachment":[{"href":"https:\/\/haz.hr\/en\/wp-json\/wp\/v2\/media?parent=2637"}],"wp:term":[{"taxonomy":"category","embeddable":true,"href":"https:\/\/haz.hr\/en\/wp-json\/wp\/v2\/categories?post=2637"},{"taxonomy":"post_tag","embeddable":true,"href":"https:\/\/haz.hr\/en\/wp-json\/wp\/v2\/tags?post=2637"}],"curies":[{"name":"wp","href":"https:\/\/api.w.org\/{rel}","templated":true}]}}