{"id":2653,"date":"2023-05-01T16:14:49","date_gmt":"2023-05-01T16:14:49","guid":{"rendered":"https:\/\/haz.hr\/?p=2653"},"modified":"2023-05-01T16:14:51","modified_gmt":"2023-05-01T16:14:51","slug":"vraca-se-poduzetnicka-akademija","status":"publish","type":"post","link":"https:\/\/haz.hr\/en\/2023\/05\/01\/vraca-se-poduzetnicka-akademija\/","title":{"rendered":"Vra\u0107a se Poduzetni\u010dka akademija"},"content":{"rendered":"<p class=\"wp-block-paragraph\">Ogranak Hrvatske akademske zajednice na Ekonomskom fakultetu priprema zanimljivo izdanje&nbsp;<strong>Poduzetni\u010dke akademije<\/strong>:&nbsp;<strong>Zaplovi u rizik<\/strong>, te donosi informacije o najnovijim trendovima iz svijeta poduzetni\u0161tva. Poduzetni\u010dka akademija je provjerena HAZef-ova uspje\u0161nica koja \u0107e ove godine okupiti neka od trenutno najatraktivnijih doma\u0107ih imena iz podru\u010dja poduzetni\u0161tva s naglaskom na inovacije.&nbsp;<\/p>\n\n\n\n<p class=\"wp-block-paragraph\">Najnovije izdanje Poduzetni\u010dke akademije&nbsp;<strong>odr\u017eat \u0107e se 12. svibnja 2023. u Kongresnoj dvorani Ekonomskog fakulteta u Zagrebu s po\u010detkom u 10 sati<\/strong>. Neki od predava\u010da koje \u0107ete imati priliku \u010duti su:&nbsp;<strong>Dimitrije Trbovi\u0107<\/strong>(Neostar),&nbsp;<strong>Ivan Burazin<\/strong>&nbsp;(Infobip),&nbsp;<strong>Dejan Donev<\/strong>&nbsp;(KEKS Pay),&nbsp;<strong>Marko Re\u0161etar Rudi\u0107<\/strong>&nbsp;(Asempo) i mnogi drugi.<\/p>\n\n\n\n<p class=\"wp-block-paragraph\">Tema okosnica \u010detvrtog izdanja Poduzetni\u010dke akademije su&nbsp;<strong>inovacije u poduzetni\u0161tvu<\/strong>. Svi znamo kako se bez inovacija u poslovanju ne mo\u017ee ostvariti \u017eeljeni ekonomski napredak te da jedino konstantnim inoviranjem i kreiranjem nekog novog i smislenog proizvoda ili usluge poslovni procesi po\u010dinju davati bolje rezultate od postoje\u0107ih. Me\u0111utim, put do kona\u010dnog realiziranja ideje mo\u017ee biti jako trnovit zbog brojnih prepreka, te ve\u0107ina zami\u0161ljenih ideja i planova u kona\u010dnici ne bude realizirano. Upravo zato, HAZef \u0107e okupiti uspje\u0161ne pojedince koji \u0107e s prisutnima podijeliti svoja iskustva ste\u010dena kroz proces lansiranja svojih inovativnih ideja s naglaskom na nu\u017ene poduzetni\u010dke vje\u0161tine.<\/p>\n\n\n\n<p class=\"wp-block-paragraph\">Sudionici konferencije \u0107e se kroz panel rasprave i predavanja upoznati sa svijetom poduzetni\u0161tva iz perspektive samih poduzetnika inovatora te dobiti jasniju sliku na koji na\u010din mogu realizirati svoje inovativne ideje i pretvoriti ih u ne\u0161to vi\u0161e.\u00a0<\/p>\n\n\n\n<p class=\"wp-block-paragraph\"><strong>Prijave za Poduzetni\u010dku akademiju su besplatne i vr\u0161e se isklju\u010divo putem obrasca na sljede\u0107em linku:\u00a0<a href=\"https:\/\/forms.gle\/9fQA52nDvW7mj5s66\">https:\/\/forms.gle\/9fQA52nDvW7mj5s66<\/a>\u00a0.<\/strong><\/p>","protected":false},"excerpt":{"rendered":"<p>Ogranak Hrvatske akademske zajednice na Ekonomskom fakultetu priprema zanimljivo izdanje&nbsp;Poduzetni\u010dke akademije:&nbsp;Zaplovi u rizik, te donosi informacije o najnovijim trendovima iz svijeta poduzetni\u0161tva. Poduzetni\u010dka akademija je provjerena HAZef-ova uspje\u0161nica koja \u0107e [&hellip;]<\/p>\n","protected":false},"author":8,"featured_media":2656,"comment_status":"open","ping_status":"open","sticky":false,"template":"","format":"standard","meta":{"footnotes":""},"categories":[11],"tags":[],"class_list":["post-2653","post","type-post","status-publish","format-standard","has-post-thumbnail","hentry","category-hazef-novosti"],"yoast_head":"<!-- This site is optimized with the Yoast SEO plugin v23.7 - https:\/\/yoast.com\/wordpress\/plugins\/seo\/ -->\n<title>Vra\u0107a se Poduzetni\u010dka akademija - HAZ<\/title>\n<meta name=\"robots\" content=\"index, follow, max-snippet:-1, max-image-preview:large, max-video-preview:-1\" \/>\n<link rel=\"canonical\" href=\"https:\/\/haz.hr\/en\/2023\/05\/01\/vraca-se-poduzetnicka-akademija\/\" \/>\n<meta property=\"og:locale\" content=\"en_GB\" \/>\n<meta property=\"og:type\" content=\"article\" \/>\n<meta property=\"og:title\" content=\"Vra\u0107a se Poduzetni\u010dka akademija - HAZ\" \/>\n<meta property=\"og:description\" content=\"Ogranak Hrvatske akademske zajednice na Ekonomskom fakultetu priprema zanimljivo izdanje&nbsp;Poduzetni\u010dke akademije:&nbsp;Zaplovi u rizik, te donosi informacije o najnovijim trendovima iz svijeta poduzetni\u0161tva. Poduzetni\u010dka akademija je provjerena HAZef-ova uspje\u0161nica koja \u0107e [&hellip;]\" \/>\n<meta property=\"og:url\" content=\"https:\/\/haz.hr\/en\/2023\/05\/01\/vraca-se-poduzetnicka-akademija\/\" \/>\n<meta property=\"og:site_name\" content=\"HAZ\" \/>\n<meta property=\"article:published_time\" content=\"2023-05-01T16:14:49+00:00\" \/>\n<meta property=\"article:modified_time\" content=\"2023-05-01T16:14:51+00:00\" \/>\n<meta property=\"og:image\" content=\"https:\/\/haz.hr\/wp-content\/uploads\/2023\/05\/Dizajn-bez-naslova.jpg\" \/>\n\t<meta property=\"og:image:width\" content=\"1920\" \/>\n\t<meta property=\"og:image:height\" content=\"1280\" \/>\n\t<meta property=\"og:image:type\" content=\"image\/jpeg\" \/>\n<meta name=\"author\" content=\"niko\" \/>\n<meta name=\"twitter:card\" content=\"summary_large_image\" \/>\n<meta name=\"twitter:label1\" content=\"Written by\" \/>\n\t<meta name=\"twitter:data1\" content=\"niko\" \/>\n\t<meta name=\"twitter:label2\" content=\"Est. reading time\" \/>\n\t<meta name=\"twitter:data2\" content=\"2 minutes\" \/>\n<script type=\"application\/ld+json\" class=\"yoast-schema-graph\">{\"@context\":\"https:\/\/schema.org\",\"@graph\":[{\"@type\":\"Article\",\"@id\":\"https:\/\/haz.hr\/2023\/05\/01\/vraca-se-poduzetnicka-akademija\/#article\",\"isPartOf\":{\"@id\":\"https:\/\/haz.hr\/2023\/05\/01\/vraca-se-poduzetnicka-akademija\/\"},\"author\":{\"name\":\"niko\",\"@id\":\"https:\/\/haz.hr\/#\/schema\/person\/ef20b07c27f25698eba61de0aeff014b\"},\"headline\":\"Vra\u0107a se Poduzetni\u010dka akademija\",\"datePublished\":\"2023-05-01T16:14:49+00:00\",\"dateModified\":\"2023-05-01T16:14:51+00:00\",\"mainEntityOfPage\":{\"@id\":\"https:\/\/haz.hr\/2023\/05\/01\/vraca-se-poduzetnicka-akademija\/\"},\"wordCount\":302,\"commentCount\":0,\"publisher\":{\"@id\":\"https:\/\/haz.hr\/#organization\"},\"image\":{\"@id\":\"https:\/\/haz.hr\/2023\/05\/01\/vraca-se-poduzetnicka-akademija\/#primaryimage\"},\"thumbnailUrl\":\"https:\/\/haz.hr\/wp-content\/uploads\/2023\/05\/Dizajn-bez-naslova.jpg\",\"articleSection\":[\"HAZef novosti\"],\"inLanguage\":\"en-GB\",\"potentialAction\":[{\"@type\":\"CommentAction\",\"name\":\"Comment\",\"target\":[\"https:\/\/haz.hr\/2023\/05\/01\/vraca-se-poduzetnicka-akademija\/#respond\"]}]},{\"@type\":\"WebPage\",\"@id\":\"https:\/\/haz.hr\/2023\/05\/01\/vraca-se-poduzetnicka-akademija\/\",\"url\":\"https:\/\/haz.hr\/2023\/05\/01\/vraca-se-poduzetnicka-akademija\/\",\"name\":\"Vra\u0107a se Poduzetni\u010dka akademija - HAZ\",\"isPartOf\":{\"@id\":\"https:\/\/haz.hr\/#website\"},\"primaryImageOfPage\":{\"@id\":\"https:\/\/haz.hr\/2023\/05\/01\/vraca-se-poduzetnicka-akademija\/#primaryimage\"},\"image\":{\"@id\":\"https:\/\/haz.hr\/2023\/05\/01\/vraca-se-poduzetnicka-akademija\/#primaryimage\"},\"thumbnailUrl\":\"https:\/\/haz.hr\/wp-content\/uploads\/2023\/05\/Dizajn-bez-naslova.jpg\",\"datePublished\":\"2023-05-01T16:14:49+00:00\",\"dateModified\":\"2023-05-01T16:14:51+00:00\",\"breadcrumb\":{\"@id\":\"https:\/\/haz.hr\/2023\/05\/01\/vraca-se-poduzetnicka-akademija\/#breadcrumb\"},\"inLanguage\":\"en-GB\",\"potentialAction\":[{\"@type\":\"ReadAction\",\"target\":[\"https:\/\/haz.hr\/2023\/05\/01\/vraca-se-poduzetnicka-akademija\/\"]}]},{\"@type\":\"ImageObject\",\"inLanguage\":\"en-GB\",\"@id\":\"https:\/\/haz.hr\/2023\/05\/01\/vraca-se-poduzetnicka-akademija\/#primaryimage\",\"url\":\"https:\/\/haz.hr\/wp-content\/uploads\/2023\/05\/Dizajn-bez-naslova.jpg\",\"contentUrl\":\"https:\/\/haz.hr\/wp-content\/uploads\/2023\/05\/Dizajn-bez-naslova.jpg\",\"width\":1920,\"height\":1280},{\"@type\":\"BreadcrumbList\",\"@id\":\"https:\/\/haz.hr\/2023\/05\/01\/vraca-se-poduzetnicka-akademija\/#breadcrumb\",\"itemListElement\":[{\"@type\":\"ListItem\",\"position\":1,\"name\":\"Home\",\"item\":\"https:\/\/haz.hr\/\"},{\"@type\":\"ListItem\",\"position\":2,\"name\":\"Vra\u0107a se Poduzetni\u010dka akademija\"}]},{\"@type\":\"WebSite\",\"@id\":\"https:\/\/haz.hr\/#website\",\"url\":\"https:\/\/haz.hr\/\",\"name\":\"HAZ\",\"description\":\"Hrvatska akademska zajednica\",\"publisher\":{\"@id\":\"https:\/\/haz.hr\/#organization\"},\"potentialAction\":[{\"@type\":\"SearchAction\",\"target\":{\"@type\":\"EntryPoint\",\"urlTemplate\":\"https:\/\/haz.hr\/?s={search_term_string}\"},\"query-input\":{\"@type\":\"PropertyValueSpecification\",\"valueRequired\":true,\"valueName\":\"search_term_string\"}}],\"inLanguage\":\"en-GB\"},{\"@type\":\"Organization\",\"@id\":\"https:\/\/haz.hr\/#organization\",\"name\":\"HAZ\",\"url\":\"https:\/\/haz.hr\/\",\"logo\":{\"@type\":\"ImageObject\",\"inLanguage\":\"en-GB\",\"@id\":\"https:\/\/haz.hr\/#\/schema\/logo\/image\/\",\"url\":\"https:\/\/haz.hr\/wp-content\/uploads\/2022\/12\/cropped-HAZ_logo.png\",\"contentUrl\":\"https:\/\/haz.hr\/wp-content\/uploads\/2022\/12\/cropped-HAZ_logo.png\",\"width\":125,\"height\":76,\"caption\":\"HAZ\"},\"image\":{\"@id\":\"https:\/\/haz.hr\/#\/schema\/logo\/image\/\"}},{\"@type\":\"Person\",\"@id\":\"https:\/\/haz.hr\/#\/schema\/person\/ef20b07c27f25698eba61de0aeff014b\",\"name\":\"niko\",\"image\":{\"@type\":\"ImageObject\",\"inLanguage\":\"en-GB\",\"@id\":\"https:\/\/haz.hr\/#\/schema\/person\/image\/\",\"url\":\"https:\/\/secure.gravatar.com\/avatar\/1ddd0a2abfa02cff4f0e8100b2d3ffb0f5de1069d5cdb603ab4aa7317048ca9d?s=96&d=mm&r=g\",\"contentUrl\":\"https:\/\/secure.gravatar.com\/avatar\/1ddd0a2abfa02cff4f0e8100b2d3ffb0f5de1069d5cdb603ab4aa7317048ca9d?s=96&d=mm&r=g\",\"caption\":\"niko\"},\"url\":\"https:\/\/haz.hr\/en\/author\/niko\/\"}]}<\/script>\n<!-- \/ Yoast SEO plugin. -->","yoast_head_json":{"title":"Vra\u0107a se Poduzetni\u010dka akademija - HAZ","robots":{"index":"index","follow":"follow","max-snippet":"max-snippet:-1","max-image-preview":"max-image-preview:large","max-video-preview":"max-video-preview:-1"},"canonical":"https:\/\/haz.hr\/en\/2023\/05\/01\/vraca-se-poduzetnicka-akademija\/","og_locale":"en_GB","og_type":"article","og_title":"Vra\u0107a se Poduzetni\u010dka akademija - HAZ","og_description":"Ogranak Hrvatske akademske zajednice na Ekonomskom fakultetu priprema zanimljivo izdanje&nbsp;Poduzetni\u010dke akademije:&nbsp;Zaplovi u rizik, te donosi informacije o najnovijim trendovima iz svijeta poduzetni\u0161tva. Poduzetni\u010dka akademija je provjerena HAZef-ova uspje\u0161nica koja \u0107e [&hellip;]","og_url":"https:\/\/haz.hr\/en\/2023\/05\/01\/vraca-se-poduzetnicka-akademija\/","og_site_name":"HAZ","article_published_time":"2023-05-01T16:14:49+00:00","article_modified_time":"2023-05-01T16:14:51+00:00","og_image":[{"width":1920,"height":1280,"url":"https:\/\/haz.hr\/wp-content\/uploads\/2023\/05\/Dizajn-bez-naslova.jpg","type":"image\/jpeg"}],"author":"niko","twitter_card":"summary_large_image","twitter_misc":{"Written by":"niko","Est. reading time":"2 minutes"},"schema":{"@context":"https:\/\/schema.org","@graph":[{"@type":"Article","@id":"https:\/\/haz.hr\/2023\/05\/01\/vraca-se-poduzetnicka-akademija\/#article","isPartOf":{"@id":"https:\/\/haz.hr\/2023\/05\/01\/vraca-se-poduzetnicka-akademija\/"},"author":{"name":"niko","@id":"https:\/\/haz.hr\/#\/schema\/person\/ef20b07c27f25698eba61de0aeff014b"},"headline":"Vra\u0107a se Poduzetni\u010dka akademija","datePublished":"2023-05-01T16:14:49+00:00","dateModified":"2023-05-01T16:14:51+00:00","mainEntityOfPage":{"@id":"https:\/\/haz.hr\/2023\/05\/01\/vraca-se-poduzetnicka-akademija\/"},"wordCount":302,"commentCount":0,"publisher":{"@id":"https:\/\/haz.hr\/#organization"},"image":{"@id":"https:\/\/haz.hr\/2023\/05\/01\/vraca-se-poduzetnicka-akademija\/#primaryimage"},"thumbnailUrl":"https:\/\/haz.hr\/wp-content\/uploads\/2023\/05\/Dizajn-bez-naslova.jpg","articleSection":["HAZef novosti"],"inLanguage":"en-GB","potentialAction":[{"@type":"CommentAction","name":"Comment","target":["https:\/\/haz.hr\/2023\/05\/01\/vraca-se-poduzetnicka-akademija\/#respond"]}]},{"@type":"WebPage","@id":"https:\/\/haz.hr\/2023\/05\/01\/vraca-se-poduzetnicka-akademija\/","url":"https:\/\/haz.hr\/2023\/05\/01\/vraca-se-poduzetnicka-akademija\/","name":"Vra\u0107a se Poduzetni\u010dka akademija - HAZ","isPartOf":{"@id":"https:\/\/haz.hr\/#website"},"primaryImageOfPage":{"@id":"https:\/\/haz.hr\/2023\/05\/01\/vraca-se-poduzetnicka-akademija\/#primaryimage"},"image":{"@id":"https:\/\/haz.hr\/2023\/05\/01\/vraca-se-poduzetnicka-akademija\/#primaryimage"},"thumbnailUrl":"https:\/\/haz.hr\/wp-content\/uploads\/2023\/05\/Dizajn-bez-naslova.jpg","datePublished":"2023-05-01T16:14:49+00:00","dateModified":"2023-05-01T16:14:51+00:00","breadcrumb":{"@id":"https:\/\/haz.hr\/2023\/05\/01\/vraca-se-poduzetnicka-akademija\/#breadcrumb"},"inLanguage":"en-GB","potentialAction":[{"@type":"ReadAction","target":["https:\/\/haz.hr\/2023\/05\/01\/vraca-se-poduzetnicka-akademija\/"]}]},{"@type":"ImageObject","inLanguage":"en-GB","@id":"https:\/\/haz.hr\/2023\/05\/01\/vraca-se-poduzetnicka-akademija\/#primaryimage","url":"https:\/\/haz.hr\/wp-content\/uploads\/2023\/05\/Dizajn-bez-naslova.jpg","contentUrl":"https:\/\/haz.hr\/wp-content\/uploads\/2023\/05\/Dizajn-bez-naslova.jpg","width":1920,"height":1280},{"@type":"BreadcrumbList","@id":"https:\/\/haz.hr\/2023\/05\/01\/vraca-se-poduzetnicka-akademija\/#breadcrumb","itemListElement":[{"@type":"ListItem","position":1,"name":"Home","item":"https:\/\/haz.hr\/"},{"@type":"ListItem","position":2,"name":"Vra\u0107a se Poduzetni\u010dka akademija"}]},{"@type":"WebSite","@id":"https:\/\/haz.hr\/#website","url":"https:\/\/haz.hr\/","name":"HAZ","description":"Croatian Academic Community","publisher":{"@id":"https:\/\/haz.hr\/#organization"},"potentialAction":[{"@type":"SearchAction","target":{"@type":"EntryPoint","urlTemplate":"https:\/\/haz.hr\/?s={search_term_string}"},"query-input":{"@type":"PropertyValueSpecification","valueRequired":true,"valueName":"search_term_string"}}],"inLanguage":"en-GB"},{"@type":"Organization","@id":"https:\/\/haz.hr\/#organization","name":"HAZ","url":"https:\/\/haz.hr\/","logo":{"@type":"ImageObject","inLanguage":"en-GB","@id":"https:\/\/haz.hr\/#\/schema\/logo\/image\/","url":"https:\/\/haz.hr\/wp-content\/uploads\/2022\/12\/cropped-HAZ_logo.png","contentUrl":"https:\/\/haz.hr\/wp-content\/uploads\/2022\/12\/cropped-HAZ_logo.png","width":125,"height":76,"caption":"HAZ"},"image":{"@id":"https:\/\/haz.hr\/#\/schema\/logo\/image\/"}},{"@type":"Person","@id":"https:\/\/haz.hr\/#\/schema\/person\/ef20b07c27f25698eba61de0aeff014b","name":"niko","image":{"@type":"ImageObject","inLanguage":"en-GB","@id":"https:\/\/haz.hr\/#\/schema\/person\/image\/","url":"https:\/\/secure.gravatar.com\/avatar\/1ddd0a2abfa02cff4f0e8100b2d3ffb0f5de1069d5cdb603ab4aa7317048ca9d?s=96&d=mm&r=g","contentUrl":"https:\/\/secure.gravatar.com\/avatar\/1ddd0a2abfa02cff4f0e8100b2d3ffb0f5de1069d5cdb603ab4aa7317048ca9d?s=96&d=mm&r=g","caption":"niko"},"url":"https:\/\/haz.hr\/en\/author\/niko\/"}]}},"_links":{"self":[{"href":"https:\/\/haz.hr\/en\/wp-json\/wp\/v2\/posts\/2653","targetHints":{"allow":["GET"]}}],"collection":[{"href":"https:\/\/haz.hr\/en\/wp-json\/wp\/v2\/posts"}],"about":[{"href":"https:\/\/haz.hr\/en\/wp-json\/wp\/v2\/types\/post"}],"author":[{"embeddable":true,"href":"https:\/\/haz.hr\/en\/wp-json\/wp\/v2\/users\/8"}],"replies":[{"embeddable":true,"href":"https:\/\/haz.hr\/en\/wp-json\/wp\/v2\/comments?post=2653"}],"version-history":[{"count":1,"href":"https:\/\/haz.hr\/en\/wp-json\/wp\/v2\/posts\/2653\/revisions"}],"predecessor-version":[{"id":2655,"href":"https:\/\/haz.hr\/en\/wp-json\/wp\/v2\/posts\/2653\/revisions\/2655"}],"wp:featuredmedia":[{"embeddable":true,"href":"https:\/\/haz.hr\/en\/wp-json\/wp\/v2\/media\/2656"}],"wp:attachment":[{"href":"https:\/\/haz.hr\/en\/wp-json\/wp\/v2\/media?parent=2653"}],"wp:term":[{"taxonomy":"category","embeddable":true,"href":"https:\/\/haz.hr\/en\/wp-json\/wp\/v2\/categories?post=2653"},{"taxonomy":"post_tag","embeddable":true,"href":"https:\/\/haz.hr\/en\/wp-json\/wp\/v2\/tags?post=2653"}],"curies":[{"name":"wp","href":"https:\/\/api.w.org\/{rel}","templated":true}]}}