{"id":2658,"date":"2023-05-09T19:07:14","date_gmt":"2023-05-09T19:07:14","guid":{"rendered":"https:\/\/haz.hr\/?p=2658"},"modified":"2023-05-09T19:44:36","modified_gmt":"2023-05-09T19:44:36","slug":"sluzbeni-program-cetvrtog-izdanja-poduzetnicke-akademije","status":"publish","type":"post","link":"https:\/\/haz.hr\/en\/2023\/05\/09\/sluzbeni-program-cetvrtog-izdanja-poduzetnicke-akademije\/","title":{"rendered":"Slu\u017ebeni program \u010detvrtog izdanja Poduzetni\u010dke akademije"},"content":{"rendered":"<p class=\"wp-block-paragraph\">Kao \u0161to smo ve\u0107 najavili, u petak 12. svibnja 2023. u Kongresnoj dvorani Ekonomskog fakulteta u Zagrebu, odr\u017eat \u0107e se \u010detvrto izdanje&nbsp;<strong>Poduzetni\u010dke akademije<\/strong>&nbsp;u organizaciji&nbsp;<strong>Hrvatske akademske zajednice na Ekonomskom fakultetu<\/strong>. Tema okosnica ovogodi\u0161njeg izdanja Poduzetni\u010dke akademije biti \u0107e&nbsp;<strong>inovacije u poduzetni\u0161tvu<\/strong>. Upravo zato, HAZef \u0107e okupiti poznata imena hrvatskog poduzetni\u0161tva koji \u0107e kroz zanimljivu kombinaciju panel rasprava i samostalnih predavanja pribli\u017eiti izazove modernog poduzetni\u0161tva te savjete za uspje\u0161no savladavanje istih. U nastavku vam donosimo detaljan program konferencije.<\/p>\n\n\n\n<p class=\"wp-block-paragraph\">Nakon&nbsp;<strong>po\u010detne registracije u 10 sati<\/strong>, prisutnima \u0107e se svojim pozdravnim govorima obratiti&nbsp;<strong>Karlo Kolesar<\/strong>, nacionalni predsjednika HAZ-a i savjetnik ministra vanjskih i europskih poslova RH, te izv. prof. dr.sc.&nbsp;<strong>Jak\u0161a Kri\u0161to<\/strong>, prodekan za studente i studijske programe na Ekonomskom fakultetu u Zagrebu.<\/p>\n\n\n\n<p class=\"wp-block-paragraph\"><strong>Prvo predavanje<\/strong>\u00a0pod nazivom: \u201eWould you buy a used car from this man?\u201c odr\u017eat \u0107e\u00a0<strong>Dimitrije Trbovi\u0107<\/strong>, predsjednik uprave Neostara i \u010dlan uprave Zubak grupe. Potom \u0107e uslijediti\u00a0<strong>prvi panel<\/strong>\u00a0na kojem \u0107e se raspravljati o trenutnim trendovima i izazovima u IT sektoru u kojem \u0107e sudjelovati\u00a0<strong>Ivan Runje<\/strong>, direktor sektora za product management i digitalne proizvode u Hrvatskom Telekomu,\u00a0<strong>Ivan Be\u0161li\u0107<\/strong>, COO i suosniva\u010d Sofascore-a i\u00a0<strong>Dejan Donev<\/strong>, osniva\u010d KEKS Pay-a i direktor digitalnog poslovanja Erste banke.<\/p>\n\n\n\n<p class=\"wp-block-paragraph\">Nakon pauze, nastavljamo s&nbsp;<strong>drugim predavanjem<\/strong>&nbsp;koje \u0107e odr\u017eati&nbsp;<strong>Tino Prosenik<\/strong>, osniva\u010d i direktor Grunteka. U svom predavanju osvrnut \u0107e se na definiciju uspjeha u poduzetni\u0161tvu te \u0161to je potrebno napraviti kako bi se ostvario isti. Ovogodi\u0161nju konferenciju zavr\u0161it \u0107emo&nbsp;<strong>drugim panelom<\/strong>&nbsp;u kojem \u0107e&nbsp;<strong>Marko Re\u0161etar Rudi\u0107<\/strong>, osniva\u010d tvrtke Asempo d.o.o.,&nbsp;<strong>Frane \u0160esni\u0107<\/strong>, direktor Zagreba\u010dkog inovacijskog centra (ZICER) i&nbsp;<strong>Ante-Janko Bobetko<\/strong>, zamjenik predsjednika uprave HAMAG BICRO iznijeti svoja mi\u0161ljenja i savjete o pokretanju vlastitih poduzetni\u010dkih ideja i pothvata.&nbsp;<strong>Program zavr\u0161ava u 15 sati<\/strong>&nbsp;slu\u017ebenim zatvaranjem konferencije.<\/p>\n\n\n\n<p class=\"wp-block-paragraph\">Pozivamo sve zainteresirane da se odazovu ovom vrijednom projektu te kroz predavanja, panele i komunikaciju s predava\u010dima dobiju informacije i odgovore na pitanja o zahtjevima modernog poduzetni\u0161tva iz prve ruke.<\/p>\n\n\n\n<p class=\"wp-block-paragraph\">Prijave za Poduzetni\u010dku akademiju su besplatne i vr\u0161e se isklju\u010divo putem obrasca na sljede\u0107em linku:&nbsp;<a href=\"https:\/\/forms.gle\/9fQA52nDvW7mj5s66\">https:\/\/forms.gle\/9fQA52nDvW7mj5s66<\/a>&nbsp;.<\/p>","protected":false},"excerpt":{"rendered":"<p>Kao \u0161to smo ve\u0107 najavili, u petak 12. svibnja 2023. u Kongresnoj dvorani Ekonomskog fakulteta u Zagrebu, odr\u017eat \u0107e se \u010detvrto izdanje&nbsp;Poduzetni\u010dke akademije&nbsp;u organizaciji&nbsp;Hrvatske akademske zajednice na Ekonomskom fakultetu. Tema [&hellip;]<\/p>\n","protected":false},"author":8,"featured_media":2661,"comment_status":"open","ping_status":"open","sticky":false,"template":"","format":"standard","meta":{"footnotes":""},"categories":[11],"tags":[],"class_list":["post-2658","post","type-post","status-publish","format-standard","has-post-thumbnail","hentry","category-hazef-novosti"],"yoast_head":"<!-- This site is optimized with the Yoast SEO plugin v23.7 - https:\/\/yoast.com\/wordpress\/plugins\/seo\/ -->\n<title>Slu\u017ebeni program \u010detvrtog izdanja Poduzetni\u010dke akademije - HAZ<\/title>\n<meta name=\"robots\" content=\"index, follow, max-snippet:-1, max-image-preview:large, max-video-preview:-1\" \/>\n<link rel=\"canonical\" href=\"https:\/\/haz.hr\/en\/2023\/05\/09\/sluzbeni-program-cetvrtog-izdanja-poduzetnicke-akademije\/\" \/>\n<meta property=\"og:locale\" content=\"en_GB\" \/>\n<meta property=\"og:type\" content=\"article\" \/>\n<meta property=\"og:title\" content=\"Slu\u017ebeni program \u010detvrtog izdanja Poduzetni\u010dke akademije - HAZ\" \/>\n<meta property=\"og:description\" content=\"Kao \u0161to smo ve\u0107 najavili, u petak 12. svibnja 2023. u Kongresnoj dvorani Ekonomskog fakulteta u Zagrebu, odr\u017eat \u0107e se \u010detvrto izdanje&nbsp;Poduzetni\u010dke akademije&nbsp;u organizaciji&nbsp;Hrvatske akademske zajednice na Ekonomskom fakultetu. Tema [&hellip;]\" \/>\n<meta property=\"og:url\" content=\"https:\/\/haz.hr\/en\/2023\/05\/09\/sluzbeni-program-cetvrtog-izdanja-poduzetnicke-akademije\/\" \/>\n<meta property=\"og:site_name\" content=\"HAZ\" \/>\n<meta property=\"article:published_time\" content=\"2023-05-09T19:07:14+00:00\" \/>\n<meta property=\"article:modified_time\" content=\"2023-05-09T19:44:36+00:00\" \/>\n<meta property=\"og:image\" content=\"https:\/\/haz.hr\/wp-content\/uploads\/2023\/05\/PROGRAM-PA-ig.jpg\" \/>\n\t<meta property=\"og:image:width\" content=\"1080\" \/>\n\t<meta property=\"og:image:height\" content=\"1080\" \/>\n\t<meta property=\"og:image:type\" content=\"image\/jpeg\" \/>\n<meta name=\"author\" content=\"niko\" \/>\n<meta name=\"twitter:card\" content=\"summary_large_image\" \/>\n<meta name=\"twitter:label1\" content=\"Written by\" \/>\n\t<meta name=\"twitter:data1\" content=\"niko\" \/>\n\t<meta name=\"twitter:label2\" content=\"Est. reading time\" \/>\n\t<meta name=\"twitter:data2\" content=\"2 minutes\" \/>\n<script type=\"application\/ld+json\" class=\"yoast-schema-graph\">{\"@context\":\"https:\/\/schema.org\",\"@graph\":[{\"@type\":\"Article\",\"@id\":\"https:\/\/haz.hr\/2023\/05\/09\/sluzbeni-program-cetvrtog-izdanja-poduzetnicke-akademije\/#article\",\"isPartOf\":{\"@id\":\"https:\/\/haz.hr\/2023\/05\/09\/sluzbeni-program-cetvrtog-izdanja-poduzetnicke-akademije\/\"},\"author\":{\"name\":\"niko\",\"@id\":\"https:\/\/haz.hr\/#\/schema\/person\/ef20b07c27f25698eba61de0aeff014b\"},\"headline\":\"Slu\u017ebeni program \u010detvrtog izdanja Poduzetni\u010dke akademije\",\"datePublished\":\"2023-05-09T19:07:14+00:00\",\"dateModified\":\"2023-05-09T19:44:36+00:00\",\"mainEntityOfPage\":{\"@id\":\"https:\/\/haz.hr\/2023\/05\/09\/sluzbeni-program-cetvrtog-izdanja-poduzetnicke-akademije\/\"},\"wordCount\":395,\"commentCount\":0,\"publisher\":{\"@id\":\"https:\/\/haz.hr\/#organization\"},\"image\":{\"@id\":\"https:\/\/haz.hr\/2023\/05\/09\/sluzbeni-program-cetvrtog-izdanja-poduzetnicke-akademije\/#primaryimage\"},\"thumbnailUrl\":\"https:\/\/haz.hr\/wp-content\/uploads\/2023\/05\/PROGRAM-PA-ig.jpg\",\"articleSection\":[\"HAZef novosti\"],\"inLanguage\":\"en-GB\",\"potentialAction\":[{\"@type\":\"CommentAction\",\"name\":\"Comment\",\"target\":[\"https:\/\/haz.hr\/2023\/05\/09\/sluzbeni-program-cetvrtog-izdanja-poduzetnicke-akademije\/#respond\"]}]},{\"@type\":\"WebPage\",\"@id\":\"https:\/\/haz.hr\/2023\/05\/09\/sluzbeni-program-cetvrtog-izdanja-poduzetnicke-akademije\/\",\"url\":\"https:\/\/haz.hr\/2023\/05\/09\/sluzbeni-program-cetvrtog-izdanja-poduzetnicke-akademije\/\",\"name\":\"Slu\u017ebeni program \u010detvrtog izdanja Poduzetni\u010dke akademije - HAZ\",\"isPartOf\":{\"@id\":\"https:\/\/haz.hr\/#website\"},\"primaryImageOfPage\":{\"@id\":\"https:\/\/haz.hr\/2023\/05\/09\/sluzbeni-program-cetvrtog-izdanja-poduzetnicke-akademije\/#primaryimage\"},\"image\":{\"@id\":\"https:\/\/haz.hr\/2023\/05\/09\/sluzbeni-program-cetvrtog-izdanja-poduzetnicke-akademije\/#primaryimage\"},\"thumbnailUrl\":\"https:\/\/haz.hr\/wp-content\/uploads\/2023\/05\/PROGRAM-PA-ig.jpg\",\"datePublished\":\"2023-05-09T19:07:14+00:00\",\"dateModified\":\"2023-05-09T19:44:36+00:00\",\"breadcrumb\":{\"@id\":\"https:\/\/haz.hr\/2023\/05\/09\/sluzbeni-program-cetvrtog-izdanja-poduzetnicke-akademije\/#breadcrumb\"},\"inLanguage\":\"en-GB\",\"potentialAction\":[{\"@type\":\"ReadAction\",\"target\":[\"https:\/\/haz.hr\/2023\/05\/09\/sluzbeni-program-cetvrtog-izdanja-poduzetnicke-akademije\/\"]}]},{\"@type\":\"ImageObject\",\"inLanguage\":\"en-GB\",\"@id\":\"https:\/\/haz.hr\/2023\/05\/09\/sluzbeni-program-cetvrtog-izdanja-poduzetnicke-akademije\/#primaryimage\",\"url\":\"https:\/\/haz.hr\/wp-content\/uploads\/2023\/05\/PROGRAM-PA-ig.jpg\",\"contentUrl\":\"https:\/\/haz.hr\/wp-content\/uploads\/2023\/05\/PROGRAM-PA-ig.jpg\",\"width\":1080,\"height\":1080},{\"@type\":\"BreadcrumbList\",\"@id\":\"https:\/\/haz.hr\/2023\/05\/09\/sluzbeni-program-cetvrtog-izdanja-poduzetnicke-akademije\/#breadcrumb\",\"itemListElement\":[{\"@type\":\"ListItem\",\"position\":1,\"name\":\"Home\",\"item\":\"https:\/\/haz.hr\/\"},{\"@type\":\"ListItem\",\"position\":2,\"name\":\"Slu\u017ebeni program \u010detvrtog izdanja Poduzetni\u010dke akademije\"}]},{\"@type\":\"WebSite\",\"@id\":\"https:\/\/haz.hr\/#website\",\"url\":\"https:\/\/haz.hr\/\",\"name\":\"HAZ\",\"description\":\"Hrvatska akademska zajednica\",\"publisher\":{\"@id\":\"https:\/\/haz.hr\/#organization\"},\"potentialAction\":[{\"@type\":\"SearchAction\",\"target\":{\"@type\":\"EntryPoint\",\"urlTemplate\":\"https:\/\/haz.hr\/?s={search_term_string}\"},\"query-input\":{\"@type\":\"PropertyValueSpecification\",\"valueRequired\":true,\"valueName\":\"search_term_string\"}}],\"inLanguage\":\"en-GB\"},{\"@type\":\"Organization\",\"@id\":\"https:\/\/haz.hr\/#organization\",\"name\":\"HAZ\",\"url\":\"https:\/\/haz.hr\/\",\"logo\":{\"@type\":\"ImageObject\",\"inLanguage\":\"en-GB\",\"@id\":\"https:\/\/haz.hr\/#\/schema\/logo\/image\/\",\"url\":\"https:\/\/haz.hr\/wp-content\/uploads\/2022\/12\/cropped-HAZ_logo.png\",\"contentUrl\":\"https:\/\/haz.hr\/wp-content\/uploads\/2022\/12\/cropped-HAZ_logo.png\",\"width\":125,\"height\":76,\"caption\":\"HAZ\"},\"image\":{\"@id\":\"https:\/\/haz.hr\/#\/schema\/logo\/image\/\"}},{\"@type\":\"Person\",\"@id\":\"https:\/\/haz.hr\/#\/schema\/person\/ef20b07c27f25698eba61de0aeff014b\",\"name\":\"niko\",\"image\":{\"@type\":\"ImageObject\",\"inLanguage\":\"en-GB\",\"@id\":\"https:\/\/haz.hr\/#\/schema\/person\/image\/\",\"url\":\"https:\/\/secure.gravatar.com\/avatar\/1ddd0a2abfa02cff4f0e8100b2d3ffb0f5de1069d5cdb603ab4aa7317048ca9d?s=96&d=mm&r=g\",\"contentUrl\":\"https:\/\/secure.gravatar.com\/avatar\/1ddd0a2abfa02cff4f0e8100b2d3ffb0f5de1069d5cdb603ab4aa7317048ca9d?s=96&d=mm&r=g\",\"caption\":\"niko\"},\"url\":\"https:\/\/haz.hr\/en\/author\/niko\/\"}]}<\/script>\n<!-- \/ Yoast SEO plugin. -->","yoast_head_json":{"title":"Slu\u017ebeni program \u010detvrtog izdanja Poduzetni\u010dke akademije - HAZ","robots":{"index":"index","follow":"follow","max-snippet":"max-snippet:-1","max-image-preview":"max-image-preview:large","max-video-preview":"max-video-preview:-1"},"canonical":"https:\/\/haz.hr\/en\/2023\/05\/09\/sluzbeni-program-cetvrtog-izdanja-poduzetnicke-akademije\/","og_locale":"en_GB","og_type":"article","og_title":"Slu\u017ebeni program \u010detvrtog izdanja Poduzetni\u010dke akademije - HAZ","og_description":"Kao \u0161to smo ve\u0107 najavili, u petak 12. svibnja 2023. u Kongresnoj dvorani Ekonomskog fakulteta u Zagrebu, odr\u017eat \u0107e se \u010detvrto izdanje&nbsp;Poduzetni\u010dke akademije&nbsp;u organizaciji&nbsp;Hrvatske akademske zajednice na Ekonomskom fakultetu. Tema [&hellip;]","og_url":"https:\/\/haz.hr\/en\/2023\/05\/09\/sluzbeni-program-cetvrtog-izdanja-poduzetnicke-akademije\/","og_site_name":"HAZ","article_published_time":"2023-05-09T19:07:14+00:00","article_modified_time":"2023-05-09T19:44:36+00:00","og_image":[{"width":1080,"height":1080,"url":"https:\/\/haz.hr\/wp-content\/uploads\/2023\/05\/PROGRAM-PA-ig.jpg","type":"image\/jpeg"}],"author":"niko","twitter_card":"summary_large_image","twitter_misc":{"Written by":"niko","Est. reading time":"2 minutes"},"schema":{"@context":"https:\/\/schema.org","@graph":[{"@type":"Article","@id":"https:\/\/haz.hr\/2023\/05\/09\/sluzbeni-program-cetvrtog-izdanja-poduzetnicke-akademije\/#article","isPartOf":{"@id":"https:\/\/haz.hr\/2023\/05\/09\/sluzbeni-program-cetvrtog-izdanja-poduzetnicke-akademije\/"},"author":{"name":"niko","@id":"https:\/\/haz.hr\/#\/schema\/person\/ef20b07c27f25698eba61de0aeff014b"},"headline":"Slu\u017ebeni program \u010detvrtog izdanja Poduzetni\u010dke akademije","datePublished":"2023-05-09T19:07:14+00:00","dateModified":"2023-05-09T19:44:36+00:00","mainEntityOfPage":{"@id":"https:\/\/haz.hr\/2023\/05\/09\/sluzbeni-program-cetvrtog-izdanja-poduzetnicke-akademije\/"},"wordCount":395,"commentCount":0,"publisher":{"@id":"https:\/\/haz.hr\/#organization"},"image":{"@id":"https:\/\/haz.hr\/2023\/05\/09\/sluzbeni-program-cetvrtog-izdanja-poduzetnicke-akademije\/#primaryimage"},"thumbnailUrl":"https:\/\/haz.hr\/wp-content\/uploads\/2023\/05\/PROGRAM-PA-ig.jpg","articleSection":["HAZef novosti"],"inLanguage":"en-GB","potentialAction":[{"@type":"CommentAction","name":"Comment","target":["https:\/\/haz.hr\/2023\/05\/09\/sluzbeni-program-cetvrtog-izdanja-poduzetnicke-akademije\/#respond"]}]},{"@type":"WebPage","@id":"https:\/\/haz.hr\/2023\/05\/09\/sluzbeni-program-cetvrtog-izdanja-poduzetnicke-akademije\/","url":"https:\/\/haz.hr\/2023\/05\/09\/sluzbeni-program-cetvrtog-izdanja-poduzetnicke-akademije\/","name":"Slu\u017ebeni program \u010detvrtog izdanja Poduzetni\u010dke akademije - HAZ","isPartOf":{"@id":"https:\/\/haz.hr\/#website"},"primaryImageOfPage":{"@id":"https:\/\/haz.hr\/2023\/05\/09\/sluzbeni-program-cetvrtog-izdanja-poduzetnicke-akademije\/#primaryimage"},"image":{"@id":"https:\/\/haz.hr\/2023\/05\/09\/sluzbeni-program-cetvrtog-izdanja-poduzetnicke-akademije\/#primaryimage"},"thumbnailUrl":"https:\/\/haz.hr\/wp-content\/uploads\/2023\/05\/PROGRAM-PA-ig.jpg","datePublished":"2023-05-09T19:07:14+00:00","dateModified":"2023-05-09T19:44:36+00:00","breadcrumb":{"@id":"https:\/\/haz.hr\/2023\/05\/09\/sluzbeni-program-cetvrtog-izdanja-poduzetnicke-akademije\/#breadcrumb"},"inLanguage":"en-GB","potentialAction":[{"@type":"ReadAction","target":["https:\/\/haz.hr\/2023\/05\/09\/sluzbeni-program-cetvrtog-izdanja-poduzetnicke-akademije\/"]}]},{"@type":"ImageObject","inLanguage":"en-GB","@id":"https:\/\/haz.hr\/2023\/05\/09\/sluzbeni-program-cetvrtog-izdanja-poduzetnicke-akademije\/#primaryimage","url":"https:\/\/haz.hr\/wp-content\/uploads\/2023\/05\/PROGRAM-PA-ig.jpg","contentUrl":"https:\/\/haz.hr\/wp-content\/uploads\/2023\/05\/PROGRAM-PA-ig.jpg","width":1080,"height":1080},{"@type":"BreadcrumbList","@id":"https:\/\/haz.hr\/2023\/05\/09\/sluzbeni-program-cetvrtog-izdanja-poduzetnicke-akademije\/#breadcrumb","itemListElement":[{"@type":"ListItem","position":1,"name":"Home","item":"https:\/\/haz.hr\/"},{"@type":"ListItem","position":2,"name":"Slu\u017ebeni program \u010detvrtog izdanja Poduzetni\u010dke akademije"}]},{"@type":"WebSite","@id":"https:\/\/haz.hr\/#website","url":"https:\/\/haz.hr\/","name":"HAZ","description":"Croatian Academic Community","publisher":{"@id":"https:\/\/haz.hr\/#organization"},"potentialAction":[{"@type":"SearchAction","target":{"@type":"EntryPoint","urlTemplate":"https:\/\/haz.hr\/?s={search_term_string}"},"query-input":{"@type":"PropertyValueSpecification","valueRequired":true,"valueName":"search_term_string"}}],"inLanguage":"en-GB"},{"@type":"Organization","@id":"https:\/\/haz.hr\/#organization","name":"HAZ","url":"https:\/\/haz.hr\/","logo":{"@type":"ImageObject","inLanguage":"en-GB","@id":"https:\/\/haz.hr\/#\/schema\/logo\/image\/","url":"https:\/\/haz.hr\/wp-content\/uploads\/2022\/12\/cropped-HAZ_logo.png","contentUrl":"https:\/\/haz.hr\/wp-content\/uploads\/2022\/12\/cropped-HAZ_logo.png","width":125,"height":76,"caption":"HAZ"},"image":{"@id":"https:\/\/haz.hr\/#\/schema\/logo\/image\/"}},{"@type":"Person","@id":"https:\/\/haz.hr\/#\/schema\/person\/ef20b07c27f25698eba61de0aeff014b","name":"niko","image":{"@type":"ImageObject","inLanguage":"en-GB","@id":"https:\/\/haz.hr\/#\/schema\/person\/image\/","url":"https:\/\/secure.gravatar.com\/avatar\/1ddd0a2abfa02cff4f0e8100b2d3ffb0f5de1069d5cdb603ab4aa7317048ca9d?s=96&d=mm&r=g","contentUrl":"https:\/\/secure.gravatar.com\/avatar\/1ddd0a2abfa02cff4f0e8100b2d3ffb0f5de1069d5cdb603ab4aa7317048ca9d?s=96&d=mm&r=g","caption":"niko"},"url":"https:\/\/haz.hr\/en\/author\/niko\/"}]}},"_links":{"self":[{"href":"https:\/\/haz.hr\/en\/wp-json\/wp\/v2\/posts\/2658","targetHints":{"allow":["GET"]}}],"collection":[{"href":"https:\/\/haz.hr\/en\/wp-json\/wp\/v2\/posts"}],"about":[{"href":"https:\/\/haz.hr\/en\/wp-json\/wp\/v2\/types\/post"}],"author":[{"embeddable":true,"href":"https:\/\/haz.hr\/en\/wp-json\/wp\/v2\/users\/8"}],"replies":[{"embeddable":true,"href":"https:\/\/haz.hr\/en\/wp-json\/wp\/v2\/comments?post=2658"}],"version-history":[{"count":2,"href":"https:\/\/haz.hr\/en\/wp-json\/wp\/v2\/posts\/2658\/revisions"}],"predecessor-version":[{"id":2663,"href":"https:\/\/haz.hr\/en\/wp-json\/wp\/v2\/posts\/2658\/revisions\/2663"}],"wp:featuredmedia":[{"embeddable":true,"href":"https:\/\/haz.hr\/en\/wp-json\/wp\/v2\/media\/2661"}],"wp:attachment":[{"href":"https:\/\/haz.hr\/en\/wp-json\/wp\/v2\/media?parent=2658"}],"wp:term":[{"taxonomy":"category","embeddable":true,"href":"https:\/\/haz.hr\/en\/wp-json\/wp\/v2\/categories?post=2658"},{"taxonomy":"post_tag","embeddable":true,"href":"https:\/\/haz.hr\/en\/wp-json\/wp\/v2\/tags?post=2658"}],"curies":[{"name":"wp","href":"https:\/\/api.w.org\/{rel}","templated":true}]}}