{"id":2675,"date":"2023-05-16T09:08:01","date_gmt":"2023-05-16T09:08:01","guid":{"rendered":"https:\/\/haz.hr\/?p=2675"},"modified":"2023-05-17T21:38:20","modified_gmt":"2023-05-17T21:38:20","slug":"odlicna-atmosfera-na-poduzetnickoj-akademiji","status":"publish","type":"post","link":"https:\/\/haz.hr\/en\/2023\/05\/16\/odlicna-atmosfera-na-poduzetnickoj-akademiji\/","title":{"rendered":"Odli\u010dna atmosfera na Poduzetni\u010dkoj akademiji"},"content":{"rendered":"<p class=\"wp-block-paragraph\">U petak, 12. svibnja 2023. na Ekonomskom fakultetu u Zagrebu, <strong>ogranak Hrvatske akademske zajednice na Ekonomskom fakultetu<\/strong> odr\u017eao je posljednju veliku konferenciju u ovoj akademskoj godini. Rije\u010d je o <strong>\u010detvrtom po redu izdanju Poduzetni\u010dke akademije: Zaplovi u rizik<\/strong>. U nastavku teksta donosimo kratki izvje\u0161taj o najbitnijim trenucima same konferencije.<\/p>\n\n\n\n<p class=\"wp-block-paragraph\">U lijepo popunjenoj kongresnoj dvorani Ekonomskog fakulteta program je zapo\u010deo slu\u017ebenim otvaranjem konferencije, te su se tom prilikom okupljenima s nekoliko rije\u010di obratili nacionalni predsjednik HAZ-a <strong>Karlo Kolesar<\/strong> i izv. prof. dr. sc. <strong>Jak\u0161a Kri\u0161to<\/strong>. U svojim izlaganjima ukazali su na va\u017enost odr\u017eavanja ovakvih doga\u0111anja za studente i akademsku zajednicu.<\/p>\n\n\n\n<figure class=\"wp-block-image size-large is-resized\"><img fetchpriority=\"high\" decoding=\"async\" src=\"https:\/\/haz.hr\/wp-content\/uploads\/2023\/05\/1-3-1024x683.jpg\" alt=\"\" class=\"wp-image-2683\" width=\"800\" height=\"550\" \/><\/figure>\n\n\n\n<p class=\"wp-block-paragraph\">Uslijedilo je <strong>prvo predavanje pod nazivom \u201e<em>Would you buy a used car from this man?\u201c<\/em><\/strong><em>&nbsp;<\/em>koje je odr\u017eao <strong>Dimitrije Trbovi\u0107<\/strong>, predsjednik uprave Neostar-a i \u010dlan uprave Zubak grupe. U svom predavanju osvrnuo se na svoj put do kona\u010dne realizacije \u017eeljenih projekata te koje su odlike dobrih i uspje\u0161nih poduzetnika.&nbsp;<\/p>\n\n\n\n<figure class=\"wp-block-image size-large is-resized\"><img decoding=\"async\" src=\"https:\/\/haz.hr\/wp-content\/uploads\/2023\/05\/20230512094641_IMG_9860-1024x683.jpg\" alt=\"\" class=\"wp-image-2688\" width=\"800\" height=\"550\" \/><\/figure>\n\n\n\n<p class=\"wp-block-paragraph\">Nakon predavanja na red je do\u0161la <strong>prva panel rasprava pod nazivom&nbsp;<em>TechTalk: rasprava o trendovima i izazovima u IT sektoru<\/em><\/strong><em>&nbsp;<\/em>u kojoj su sudjelovali <strong>Ivan Runje<\/strong> (direktor sektora za Product Management i digitalne proizvode u Hrvatskom Telekomu), <strong>Ivan Be\u0161li\u0107<\/strong> (COO i suosniva\u010d Sofascore-a) te <strong>Dejan Donev<\/strong> (osniva\u010d KEKS Pay-a i direktor digitalnog poslovanja Erste banke) dok je ulogu moderatorice panela imala Martina Rada\u0161 (predsjednica HAZef-a). Sudionici panela su na vlastitim primjerima poslovnog puta objasnili kako je jedini na\u010din za postati uspje\u0161an u svojoj djelatnosti taj da ideje koje se \u017eele preto\u010diti u poslovne pothvate moraju biti inovativne i stavljene na tr\u017ei\u0161te prije ostale konkurencije, te kako se od kopiranja ve\u0107 postoje\u0107ih rje\u0161enja ne\u0107e posti\u0107i \u017eeljeni efekt i rezultat. Tako\u0111er, tokom svojih izlaganja istaknuli su kako je ambicija, nao\u010digled jednostavan faktor cijelog procesa, zapravo najbitnija komponenta kako bi se inovacija u kona\u010dnici postavila na tr\u017ei\u0161te te su savjetovali svim studentima da za vrijeme studiranja odvoje slobodno vrijeme za edukacije, volontiranje i prakse koje \u0107e im kasnije biti od velike koristi. Nakon panela, uslijedila su brojna pitanja za paneliste.<\/p>\n\n\n\n<figure class=\"wp-block-image size-large is-resized\"><img decoding=\"async\" src=\"https:\/\/haz.hr\/wp-content\/uploads\/2023\/05\/20230512_114641-1024x768.jpg\" alt=\"\" class=\"wp-image-2681\" width=\"800\" height=\"550\" \/><\/figure>\n\n\n\n<p class=\"wp-block-paragraph\">U drugom dijelu konferencije, odr\u017eana je <strong>druga panel rasprava pod nazivom&nbsp;<em>Pokreni ne\u0161to svoje<\/em><\/strong>&nbsp;u kojoj su sudionici bili <strong>Marko Re\u0161etar Rudi\u0107<\/strong> (osniva\u010d tvrtke Asempo d.o.o.), <strong>Frane \u0160esni\u0107<\/strong> (direktor Zagreba\u010dkog inovacijskog centra) i <strong>Ante-Janko Bobetko<\/strong> (zamjenik predsjednika uprave HAMAG &#8211; BICRO). Ulogu moderatora ovog panela imao je Adrian Pozni\u0107 (nacionalni dopredsjednik HAZ-a). Rasprava je bila iznimno zanimljiva i pou\u010dna te omogu\u0107ila okupljenima druk\u010diji pogled na razumijevanje poduzetni\u010dkog okru\u017eenja i izazove kroz iskustva koje su s okupljenima podijelili panelisti.<\/p>\n\n\n\n<figure class=\"wp-block-image size-large is-resized\"><img loading=\"lazy\" decoding=\"async\" src=\"https:\/\/haz.hr\/wp-content\/uploads\/2023\/05\/IMG_6184-1024x683.jpg\" alt=\"\" class=\"wp-image-2680\" width=\"800\" height=\"550\" \/><\/figure>\n\n\n\n<p class=\"wp-block-paragraph\">Velike zasluge za odli\u010dnu organizaciju konferencije svakako pripadaju \u010dlanovima projektnog tima koji su na \u010delu s <strong>voditeljicom projekta Katarinom \u0160aban<\/strong> omogu\u0107ili da se konferencija odr\u017ei na izrazito visokoj i profesionalnoj razini, te se nadamo kako \u0107emo dogodine u istom tonu izvje\u0161tavati o jubilarnom petom izdanju Poduzetni\u010dke akademije.<\/p>\n\n\n\n<figure class=\"wp-block-image size-large is-resized\"><img loading=\"lazy\" decoding=\"async\" src=\"https:\/\/haz.hr\/wp-content\/uploads\/2023\/05\/1-118-1024x683.jpg\" alt=\"\" class=\"wp-image-2682\" width=\"800\" height=\"550\" \/><\/figure>\n\n\n\n<p class=\"wp-block-paragraph\">Tako\u0111er, posebne zahvale svim sponzorima na financijskoj i drugoj pomo\u0107i u procesu kreacije i realizacije ovog projekta.&nbsp;<\/p>\n\n\n\n<p class=\"wp-block-paragraph\"><\/p>\n\n\n\n<p class=\"wp-block-paragraph\">PHOTO: Studio Regnare, Stela Juri\u0107<\/p>","protected":false},"excerpt":{"rendered":"<p>U petak, 12. svibnja 2023. na Ekonomskom fakultetu u Zagrebu, ogranak Hrvatske akademske zajednice na Ekonomskom fakultetu odr\u017eao je posljednju veliku konferenciju u ovoj akademskoj godini. Rije\u010d je o \u010detvrtom [&hellip;]<\/p>\n","protected":false},"author":8,"featured_media":2684,"comment_status":"open","ping_status":"open","sticky":false,"template":"","format":"standard","meta":{"footnotes":""},"categories":[14,11],"tags":[],"class_list":["post-2675","post","type-post","status-publish","format-standard","has-post-thumbnail","hentry","category-haz-novosti","category-hazef-novosti"],"yoast_head":"<!-- This site is optimized with the Yoast SEO plugin v23.7 - https:\/\/yoast.com\/wordpress\/plugins\/seo\/ -->\n<title>Odli\u010dna atmosfera na Poduzetni\u010dkoj akademiji - HAZ<\/title>\n<meta name=\"robots\" content=\"index, follow, max-snippet:-1, max-image-preview:large, max-video-preview:-1\" \/>\n<link rel=\"canonical\" href=\"https:\/\/haz.hr\/en\/2023\/05\/16\/odlicna-atmosfera-na-poduzetnickoj-akademiji\/\" \/>\n<meta property=\"og:locale\" content=\"en_GB\" \/>\n<meta property=\"og:type\" content=\"article\" \/>\n<meta property=\"og:title\" content=\"Odli\u010dna atmosfera na Poduzetni\u010dkoj akademiji - HAZ\" \/>\n<meta property=\"og:description\" content=\"U petak, 12. svibnja 2023. na Ekonomskom fakultetu u Zagrebu, ogranak Hrvatske akademske zajednice na Ekonomskom fakultetu odr\u017eao je posljednju veliku konferenciju u ovoj akademskoj godini. Rije\u010d je o \u010detvrtom [&hellip;]\" \/>\n<meta property=\"og:url\" content=\"https:\/\/haz.hr\/en\/2023\/05\/16\/odlicna-atmosfera-na-poduzetnickoj-akademiji\/\" \/>\n<meta property=\"og:site_name\" content=\"HAZ\" \/>\n<meta property=\"article:published_time\" content=\"2023-05-16T09:08:01+00:00\" \/>\n<meta property=\"article:modified_time\" content=\"2023-05-17T21:38:20+00:00\" \/>\n<meta property=\"og:image\" content=\"https:\/\/haz.hr\/wp-content\/uploads\/2023\/05\/1-37-scaled.jpg\" \/>\n\t<meta property=\"og:image:width\" content=\"2560\" \/>\n\t<meta property=\"og:image:height\" content=\"1707\" \/>\n\t<meta property=\"og:image:type\" content=\"image\/jpeg\" \/>\n<meta name=\"author\" content=\"niko\" \/>\n<meta name=\"twitter:card\" content=\"summary_large_image\" \/>\n<meta name=\"twitter:label1\" content=\"Written by\" \/>\n\t<meta name=\"twitter:data1\" content=\"niko\" \/>\n\t<meta name=\"twitter:label2\" content=\"Est. reading time\" \/>\n\t<meta name=\"twitter:data2\" content=\"4 minutes\" \/>\n<script type=\"application\/ld+json\" class=\"yoast-schema-graph\">{\"@context\":\"https:\/\/schema.org\",\"@graph\":[{\"@type\":\"Article\",\"@id\":\"https:\/\/haz.hr\/2023\/05\/16\/odlicna-atmosfera-na-poduzetnickoj-akademiji\/#article\",\"isPartOf\":{\"@id\":\"https:\/\/haz.hr\/2023\/05\/16\/odlicna-atmosfera-na-poduzetnickoj-akademiji\/\"},\"author\":{\"name\":\"niko\",\"@id\":\"https:\/\/haz.hr\/#\/schema\/person\/ef20b07c27f25698eba61de0aeff014b\"},\"headline\":\"Odli\u010dna atmosfera na Poduzetni\u010dkoj akademiji\",\"datePublished\":\"2023-05-16T09:08:01+00:00\",\"dateModified\":\"2023-05-17T21:38:20+00:00\",\"mainEntityOfPage\":{\"@id\":\"https:\/\/haz.hr\/2023\/05\/16\/odlicna-atmosfera-na-poduzetnickoj-akademiji\/\"},\"wordCount\":532,\"commentCount\":0,\"publisher\":{\"@id\":\"https:\/\/haz.hr\/#organization\"},\"image\":{\"@id\":\"https:\/\/haz.hr\/2023\/05\/16\/odlicna-atmosfera-na-poduzetnickoj-akademiji\/#primaryimage\"},\"thumbnailUrl\":\"https:\/\/haz.hr\/wp-content\/uploads\/2023\/05\/1-37-scaled.jpg\",\"articleSection\":[\"HAZ novosti\",\"HAZef novosti\"],\"inLanguage\":\"en-GB\",\"potentialAction\":[{\"@type\":\"CommentAction\",\"name\":\"Comment\",\"target\":[\"https:\/\/haz.hr\/2023\/05\/16\/odlicna-atmosfera-na-poduzetnickoj-akademiji\/#respond\"]}]},{\"@type\":\"WebPage\",\"@id\":\"https:\/\/haz.hr\/2023\/05\/16\/odlicna-atmosfera-na-poduzetnickoj-akademiji\/\",\"url\":\"https:\/\/haz.hr\/2023\/05\/16\/odlicna-atmosfera-na-poduzetnickoj-akademiji\/\",\"name\":\"Odli\u010dna atmosfera na Poduzetni\u010dkoj akademiji - HAZ\",\"isPartOf\":{\"@id\":\"https:\/\/haz.hr\/#website\"},\"primaryImageOfPage\":{\"@id\":\"https:\/\/haz.hr\/2023\/05\/16\/odlicna-atmosfera-na-poduzetnickoj-akademiji\/#primaryimage\"},\"image\":{\"@id\":\"https:\/\/haz.hr\/2023\/05\/16\/odlicna-atmosfera-na-poduzetnickoj-akademiji\/#primaryimage\"},\"thumbnailUrl\":\"https:\/\/haz.hr\/wp-content\/uploads\/2023\/05\/1-37-scaled.jpg\",\"datePublished\":\"2023-05-16T09:08:01+00:00\",\"dateModified\":\"2023-05-17T21:38:20+00:00\",\"breadcrumb\":{\"@id\":\"https:\/\/haz.hr\/2023\/05\/16\/odlicna-atmosfera-na-poduzetnickoj-akademiji\/#breadcrumb\"},\"inLanguage\":\"en-GB\",\"potentialAction\":[{\"@type\":\"ReadAction\",\"target\":[\"https:\/\/haz.hr\/2023\/05\/16\/odlicna-atmosfera-na-poduzetnickoj-akademiji\/\"]}]},{\"@type\":\"ImageObject\",\"inLanguage\":\"en-GB\",\"@id\":\"https:\/\/haz.hr\/2023\/05\/16\/odlicna-atmosfera-na-poduzetnickoj-akademiji\/#primaryimage\",\"url\":\"https:\/\/haz.hr\/wp-content\/uploads\/2023\/05\/1-37-scaled.jpg\",\"contentUrl\":\"https:\/\/haz.hr\/wp-content\/uploads\/2023\/05\/1-37-scaled.jpg\",\"width\":2560,\"height\":1707},{\"@type\":\"BreadcrumbList\",\"@id\":\"https:\/\/haz.hr\/2023\/05\/16\/odlicna-atmosfera-na-poduzetnickoj-akademiji\/#breadcrumb\",\"itemListElement\":[{\"@type\":\"ListItem\",\"position\":1,\"name\":\"Home\",\"item\":\"https:\/\/haz.hr\/\"},{\"@type\":\"ListItem\",\"position\":2,\"name\":\"Odli\u010dna atmosfera na Poduzetni\u010dkoj akademiji\"}]},{\"@type\":\"WebSite\",\"@id\":\"https:\/\/haz.hr\/#website\",\"url\":\"https:\/\/haz.hr\/\",\"name\":\"HAZ\",\"description\":\"Hrvatska akademska zajednica\",\"publisher\":{\"@id\":\"https:\/\/haz.hr\/#organization\"},\"potentialAction\":[{\"@type\":\"SearchAction\",\"target\":{\"@type\":\"EntryPoint\",\"urlTemplate\":\"https:\/\/haz.hr\/?s={search_term_string}\"},\"query-input\":{\"@type\":\"PropertyValueSpecification\",\"valueRequired\":true,\"valueName\":\"search_term_string\"}}],\"inLanguage\":\"en-GB\"},{\"@type\":\"Organization\",\"@id\":\"https:\/\/haz.hr\/#organization\",\"name\":\"HAZ\",\"url\":\"https:\/\/haz.hr\/\",\"logo\":{\"@type\":\"ImageObject\",\"inLanguage\":\"en-GB\",\"@id\":\"https:\/\/haz.hr\/#\/schema\/logo\/image\/\",\"url\":\"https:\/\/haz.hr\/wp-content\/uploads\/2022\/12\/cropped-HAZ_logo.png\",\"contentUrl\":\"https:\/\/haz.hr\/wp-content\/uploads\/2022\/12\/cropped-HAZ_logo.png\",\"width\":125,\"height\":76,\"caption\":\"HAZ\"},\"image\":{\"@id\":\"https:\/\/haz.hr\/#\/schema\/logo\/image\/\"}},{\"@type\":\"Person\",\"@id\":\"https:\/\/haz.hr\/#\/schema\/person\/ef20b07c27f25698eba61de0aeff014b\",\"name\":\"niko\",\"image\":{\"@type\":\"ImageObject\",\"inLanguage\":\"en-GB\",\"@id\":\"https:\/\/haz.hr\/#\/schema\/person\/image\/\",\"url\":\"https:\/\/secure.gravatar.com\/avatar\/1ddd0a2abfa02cff4f0e8100b2d3ffb0f5de1069d5cdb603ab4aa7317048ca9d?s=96&d=mm&r=g\",\"contentUrl\":\"https:\/\/secure.gravatar.com\/avatar\/1ddd0a2abfa02cff4f0e8100b2d3ffb0f5de1069d5cdb603ab4aa7317048ca9d?s=96&d=mm&r=g\",\"caption\":\"niko\"},\"url\":\"https:\/\/haz.hr\/en\/author\/niko\/\"}]}<\/script>\n<!-- \/ Yoast SEO plugin. -->","yoast_head_json":{"title":"Odli\u010dna atmosfera na Poduzetni\u010dkoj akademiji - HAZ","robots":{"index":"index","follow":"follow","max-snippet":"max-snippet:-1","max-image-preview":"max-image-preview:large","max-video-preview":"max-video-preview:-1"},"canonical":"https:\/\/haz.hr\/en\/2023\/05\/16\/odlicna-atmosfera-na-poduzetnickoj-akademiji\/","og_locale":"en_GB","og_type":"article","og_title":"Odli\u010dna atmosfera na Poduzetni\u010dkoj akademiji - HAZ","og_description":"U petak, 12. svibnja 2023. na Ekonomskom fakultetu u Zagrebu, ogranak Hrvatske akademske zajednice na Ekonomskom fakultetu odr\u017eao je posljednju veliku konferenciju u ovoj akademskoj godini. Rije\u010d je o \u010detvrtom [&hellip;]","og_url":"https:\/\/haz.hr\/en\/2023\/05\/16\/odlicna-atmosfera-na-poduzetnickoj-akademiji\/","og_site_name":"HAZ","article_published_time":"2023-05-16T09:08:01+00:00","article_modified_time":"2023-05-17T21:38:20+00:00","og_image":[{"width":2560,"height":1707,"url":"https:\/\/haz.hr\/wp-content\/uploads\/2023\/05\/1-37-scaled.jpg","type":"image\/jpeg"}],"author":"niko","twitter_card":"summary_large_image","twitter_misc":{"Written by":"niko","Est. reading time":"4 minutes"},"schema":{"@context":"https:\/\/schema.org","@graph":[{"@type":"Article","@id":"https:\/\/haz.hr\/2023\/05\/16\/odlicna-atmosfera-na-poduzetnickoj-akademiji\/#article","isPartOf":{"@id":"https:\/\/haz.hr\/2023\/05\/16\/odlicna-atmosfera-na-poduzetnickoj-akademiji\/"},"author":{"name":"niko","@id":"https:\/\/haz.hr\/#\/schema\/person\/ef20b07c27f25698eba61de0aeff014b"},"headline":"Odli\u010dna atmosfera na Poduzetni\u010dkoj akademiji","datePublished":"2023-05-16T09:08:01+00:00","dateModified":"2023-05-17T21:38:20+00:00","mainEntityOfPage":{"@id":"https:\/\/haz.hr\/2023\/05\/16\/odlicna-atmosfera-na-poduzetnickoj-akademiji\/"},"wordCount":532,"commentCount":0,"publisher":{"@id":"https:\/\/haz.hr\/#organization"},"image":{"@id":"https:\/\/haz.hr\/2023\/05\/16\/odlicna-atmosfera-na-poduzetnickoj-akademiji\/#primaryimage"},"thumbnailUrl":"https:\/\/haz.hr\/wp-content\/uploads\/2023\/05\/1-37-scaled.jpg","articleSection":["HAZ novosti","HAZef novosti"],"inLanguage":"en-GB","potentialAction":[{"@type":"CommentAction","name":"Comment","target":["https:\/\/haz.hr\/2023\/05\/16\/odlicna-atmosfera-na-poduzetnickoj-akademiji\/#respond"]}]},{"@type":"WebPage","@id":"https:\/\/haz.hr\/2023\/05\/16\/odlicna-atmosfera-na-poduzetnickoj-akademiji\/","url":"https:\/\/haz.hr\/2023\/05\/16\/odlicna-atmosfera-na-poduzetnickoj-akademiji\/","name":"Odli\u010dna atmosfera na Poduzetni\u010dkoj akademiji - HAZ","isPartOf":{"@id":"https:\/\/haz.hr\/#website"},"primaryImageOfPage":{"@id":"https:\/\/haz.hr\/2023\/05\/16\/odlicna-atmosfera-na-poduzetnickoj-akademiji\/#primaryimage"},"image":{"@id":"https:\/\/haz.hr\/2023\/05\/16\/odlicna-atmosfera-na-poduzetnickoj-akademiji\/#primaryimage"},"thumbnailUrl":"https:\/\/haz.hr\/wp-content\/uploads\/2023\/05\/1-37-scaled.jpg","datePublished":"2023-05-16T09:08:01+00:00","dateModified":"2023-05-17T21:38:20+00:00","breadcrumb":{"@id":"https:\/\/haz.hr\/2023\/05\/16\/odlicna-atmosfera-na-poduzetnickoj-akademiji\/#breadcrumb"},"inLanguage":"en-GB","potentialAction":[{"@type":"ReadAction","target":["https:\/\/haz.hr\/2023\/05\/16\/odlicna-atmosfera-na-poduzetnickoj-akademiji\/"]}]},{"@type":"ImageObject","inLanguage":"en-GB","@id":"https:\/\/haz.hr\/2023\/05\/16\/odlicna-atmosfera-na-poduzetnickoj-akademiji\/#primaryimage","url":"https:\/\/haz.hr\/wp-content\/uploads\/2023\/05\/1-37-scaled.jpg","contentUrl":"https:\/\/haz.hr\/wp-content\/uploads\/2023\/05\/1-37-scaled.jpg","width":2560,"height":1707},{"@type":"BreadcrumbList","@id":"https:\/\/haz.hr\/2023\/05\/16\/odlicna-atmosfera-na-poduzetnickoj-akademiji\/#breadcrumb","itemListElement":[{"@type":"ListItem","position":1,"name":"Home","item":"https:\/\/haz.hr\/"},{"@type":"ListItem","position":2,"name":"Odli\u010dna atmosfera na Poduzetni\u010dkoj akademiji"}]},{"@type":"WebSite","@id":"https:\/\/haz.hr\/#website","url":"https:\/\/haz.hr\/","name":"HAZ","description":"Croatian Academic Community","publisher":{"@id":"https:\/\/haz.hr\/#organization"},"potentialAction":[{"@type":"SearchAction","target":{"@type":"EntryPoint","urlTemplate":"https:\/\/haz.hr\/?s={search_term_string}"},"query-input":{"@type":"PropertyValueSpecification","valueRequired":true,"valueName":"search_term_string"}}],"inLanguage":"en-GB"},{"@type":"Organization","@id":"https:\/\/haz.hr\/#organization","name":"HAZ","url":"https:\/\/haz.hr\/","logo":{"@type":"ImageObject","inLanguage":"en-GB","@id":"https:\/\/haz.hr\/#\/schema\/logo\/image\/","url":"https:\/\/haz.hr\/wp-content\/uploads\/2022\/12\/cropped-HAZ_logo.png","contentUrl":"https:\/\/haz.hr\/wp-content\/uploads\/2022\/12\/cropped-HAZ_logo.png","width":125,"height":76,"caption":"HAZ"},"image":{"@id":"https:\/\/haz.hr\/#\/schema\/logo\/image\/"}},{"@type":"Person","@id":"https:\/\/haz.hr\/#\/schema\/person\/ef20b07c27f25698eba61de0aeff014b","name":"niko","image":{"@type":"ImageObject","inLanguage":"en-GB","@id":"https:\/\/haz.hr\/#\/schema\/person\/image\/","url":"https:\/\/secure.gravatar.com\/avatar\/1ddd0a2abfa02cff4f0e8100b2d3ffb0f5de1069d5cdb603ab4aa7317048ca9d?s=96&d=mm&r=g","contentUrl":"https:\/\/secure.gravatar.com\/avatar\/1ddd0a2abfa02cff4f0e8100b2d3ffb0f5de1069d5cdb603ab4aa7317048ca9d?s=96&d=mm&r=g","caption":"niko"},"url":"https:\/\/haz.hr\/en\/author\/niko\/"}]}},"_links":{"self":[{"href":"https:\/\/haz.hr\/en\/wp-json\/wp\/v2\/posts\/2675","targetHints":{"allow":["GET"]}}],"collection":[{"href":"https:\/\/haz.hr\/en\/wp-json\/wp\/v2\/posts"}],"about":[{"href":"https:\/\/haz.hr\/en\/wp-json\/wp\/v2\/types\/post"}],"author":[{"embeddable":true,"href":"https:\/\/haz.hr\/en\/wp-json\/wp\/v2\/users\/8"}],"replies":[{"embeddable":true,"href":"https:\/\/haz.hr\/en\/wp-json\/wp\/v2\/comments?post=2675"}],"version-history":[{"count":9,"href":"https:\/\/haz.hr\/en\/wp-json\/wp\/v2\/posts\/2675\/revisions"}],"predecessor-version":[{"id":2701,"href":"https:\/\/haz.hr\/en\/wp-json\/wp\/v2\/posts\/2675\/revisions\/2701"}],"wp:featuredmedia":[{"embeddable":true,"href":"https:\/\/haz.hr\/en\/wp-json\/wp\/v2\/media\/2684"}],"wp:attachment":[{"href":"https:\/\/haz.hr\/en\/wp-json\/wp\/v2\/media?parent=2675"}],"wp:term":[{"taxonomy":"category","embeddable":true,"href":"https:\/\/haz.hr\/en\/wp-json\/wp\/v2\/categories?post=2675"},{"taxonomy":"post_tag","embeddable":true,"href":"https:\/\/haz.hr\/en\/wp-json\/wp\/v2\/tags?post=2675"}],"curies":[{"name":"wp","href":"https:\/\/api.w.org\/{rel}","templated":true}]}}