{"id":2802,"date":"2023-12-12T13:38:56","date_gmt":"2023-12-12T13:38:56","guid":{"rendered":"https:\/\/haz.hr\/?p=2802"},"modified":"2023-12-12T13:38:58","modified_gmt":"2023-12-12T13:38:58","slug":"vrijeme-je-za-investicijsku-akademiju","status":"publish","type":"post","link":"https:\/\/haz.hr\/en\/2023\/12\/12\/vrijeme-je-za-investicijsku-akademiju\/","title":{"rendered":"Vrijeme je za Investicijsku akademiju !"},"content":{"rendered":"<p class=\"wp-block-paragraph\"><strong>Croatian Academic Community<\/strong>\u00a0Ekonomskog fakulteta s ponosom najavljuje novo izdanje\u00a0<strong>Investicijske akademije<\/strong>\u00a0koja pru\u017ea priliku u potpuno novi pogled na ulaganja, tr\u017ei\u0161te nekretnina, stabilnost portfelja, redefiniranje novca pa \u010dak i na psiholo\u0161ke \u010dimbenike koji utje\u010du na investicijske strategije. Radi se o drugom izdanju studentima ve\u0107 poznate konferencije koja okuplja stru\u010dnjake u misiji da pru\u017ei mladima dodatni poticaj za financijsku neovisnost te pametno investiranje.<\/p>\n\n\n\n<p class=\"wp-block-paragraph\">Konferencija \u0107e se odr\u017eat\u00a0<strong><u>14. prosinca 2023. godine<\/u><\/strong>\u00a0u\u00a0<strong><u>dvorani 3<\/u><\/strong>\u00a0na\u00a0<strong><u>Ekonomskom fakultetu u Zagrebu<\/u><\/strong>\u00a0s po\u010detkom\u00a0<strong><u>u 10 sati<\/u><\/strong>.<\/p>\n\n\n\n<p class=\"wp-block-paragraph\">Predava\u010di koji \u0107e sudjelovati na konferenciji su:\u00a0<strong>Danijel Dela\u010d\u00a0<\/strong><em>(\u010dlan uprave u InterCapital-u)<\/em>,\u00a0<strong>Maja Meni\u0107anin<\/strong><em>(voditeljica projekta Genius by InterCapital)<\/em>,\u00a0<strong>Ivan Stojanovi\u0107<\/strong>\u00a0<em>(voditelj hrvatskog tr\u017ei\u0161ta u CM Equity AG)<\/em>,\u00a0<strong>Toni Vitali<\/strong>\u00a0<em>(edukator osobnih financija i ulaganja)<\/em>,\u00a0<strong>Bruno \u0160kvorc<\/strong>\u00a0<em>(osniva\u010d RMRK-a)<\/em>,\u00a0<strong>Iva Dilber<\/strong>\u00a0<em>(agentica za nekretnine)<\/em>,\u00a0<strong>Max Mucko<\/strong>\u00a0<em>(investicijski analiti\u010dar)<\/em>,\u00a0<strong>Ivan Ukalovi\u0107<\/strong>\u00a0<em>(licencirani agent Euroville)<\/em>,\u00a0<strong>Sandro Kraljevi\u0107\u00a0<\/strong>(vlasnik i direktor tvrtke Mind Lab).<\/p>\n\n\n<div class=\"wp-block-image is-style-default\">\n<figure class=\"aligncenter size-large is-resized\"><img fetchpriority=\"high\" decoding=\"async\" width=\"1024\" height=\"1024\" src=\"https:\/\/haz.hr\/wp-content\/uploads\/2023\/12\/Raspored-Investicijske-akademije-1-1024x1024.png\" alt=\"Raspored aktivnosti\" class=\"wp-image-2812\" style=\"width:540px\" srcset=\"https:\/\/haz.hr\/wp-content\/uploads\/2023\/12\/Raspored-Investicijske-akademije-1-1024x1024.png 1024w, https:\/\/haz.hr\/wp-content\/uploads\/2023\/12\/Raspored-Investicijske-akademije-1-300x300.png 300w, https:\/\/haz.hr\/wp-content\/uploads\/2023\/12\/Raspored-Investicijske-akademije-1-150x150.png 150w, https:\/\/haz.hr\/wp-content\/uploads\/2023\/12\/Raspored-Investicijske-akademije-1-768x768.png 768w, https:\/\/haz.hr\/wp-content\/uploads\/2023\/12\/Raspored-Investicijske-akademije-1.png 1080w\" sizes=\"(max-width: 1024px) 100vw, 1024px\" \/><\/figure>\n<\/div>\n\n\n<p class=\"wp-block-paragraph\"><\/p>\n\n\n\n<p class=\"wp-block-paragraph\">Obzirom na rastu\u0107e mogu\u0107nosti ulaganja, za financijski uspjeh i zadovoljavaju\u0107i prinos klju\u010dno je usvojiti vje\u0161tine potrebne za analizu tr\u017ei\u0161ta, razmotriti najbolje opcije za diverzifikaciju rizika te donijeti efikasne financijske odluke.\u00a0Investiranje, za po\u010detnike, mo\u017ee biti vrlo izazovno jer se name\u0107u pitanja kako zapo\u010deti investiranje, u \u0161to ulagati, koliki je bud\u017eet potreban za po\u010detak i mnoga druga. Investicijska akademija \u0107e pru\u017eiti odgovore na ova, ali i na druga klju\u010dna pitanja koja mu\u010de zainteresirane za ulaganje.\u00a0\u00a0Po zavr\u0161etku konferencije, sudionici \u0107e biti educirani o alatima i strategijama va\u017enim za ulazak i djelovanje na financijskom tr\u017ei\u0161tu. Tako\u0111er, uz vrlo zanimljivu panel raspravu nau\u010dit \u0107e vi\u0161e o redefiniranju novca i financijskoj slobodi.\u00a0<\/p>\n\n\n\n<p class=\"wp-block-paragraph\"><strong>Prijave <\/strong>za Investicijsku akademiju su <strong>besplatne<\/strong> i vr\u0161e se <strong>isklju\u010divo<\/strong> <strong>putem obrasca<\/strong> na sljede\u0107em linku: <a href=\"https:\/\/forms.gle\/1eQeBE9av3jreyRc9\" target=\"_blank\" rel=\"noreferrer noopener\">https:\/\/forms.gle\/1eQeBE9av3jreyRc9<\/a>\u00a0<\/p>\n\n\n\n<p class=\"wp-block-paragraph\"><strong>Prijavi se i postani svoja najbolja investicija!<\/strong><\/p>","protected":false},"excerpt":{"rendered":"<p>Hrvatska akademska zajednica\u00a0Ekonomskog fakulteta s ponosom najavljuje novo izdanje\u00a0Investicijske akademije\u00a0koja pru\u017ea priliku u potpuno novi pogled na ulaganja, tr\u017ei\u0161te nekretnina, stabilnost portfelja, redefiniranje novca pa \u010dak i na psiholo\u0161ke \u010dimbenike [&hellip;]<\/p>\n","protected":false},"author":8,"featured_media":2806,"comment_status":"open","ping_status":"open","sticky":false,"template":"","format":"standard","meta":{"footnotes":""},"categories":[14,10,11],"tags":[],"class_list":["post-2802","post","type-post","status-publish","format-standard","has-post-thumbnail","hentry","category-haz-novosti","category-haz-unizg","category-hazef-novosti"],"yoast_head":"<!-- This site is optimized with the Yoast SEO plugin v23.7 - https:\/\/yoast.com\/wordpress\/plugins\/seo\/ -->\n<title>Vrijeme je za Investicijsku akademiju ! - HAZ<\/title>\n<meta name=\"robots\" content=\"index, follow, max-snippet:-1, max-image-preview:large, max-video-preview:-1\" \/>\n<link rel=\"canonical\" href=\"https:\/\/haz.hr\/en\/2023\/12\/12\/vrijeme-je-za-investicijsku-akademiju\/\" \/>\n<meta property=\"og:locale\" content=\"en_GB\" \/>\n<meta property=\"og:type\" content=\"article\" \/>\n<meta property=\"og:title\" content=\"Vrijeme je za Investicijsku akademiju ! - HAZ\" \/>\n<meta property=\"og:description\" content=\"Hrvatska akademska zajednica\u00a0Ekonomskog fakulteta s ponosom najavljuje novo izdanje\u00a0Investicijske akademije\u00a0koja pru\u017ea priliku u potpuno novi pogled na ulaganja, tr\u017ei\u0161te nekretnina, stabilnost portfelja, redefiniranje novca pa \u010dak i na psiholo\u0161ke \u010dimbenike [&hellip;]\" \/>\n<meta property=\"og:url\" content=\"https:\/\/haz.hr\/en\/2023\/12\/12\/vrijeme-je-za-investicijsku-akademiju\/\" \/>\n<meta property=\"og:site_name\" content=\"HAZ\" \/>\n<meta property=\"article:published_time\" content=\"2023-12-12T13:38:56+00:00\" \/>\n<meta property=\"article:modified_time\" content=\"2023-12-12T13:38:58+00:00\" \/>\n<meta property=\"og:image\" content=\"https:\/\/haz.hr\/wp-content\/uploads\/2023\/12\/investicijska-akademija-najavni-vizual-za-online.png\" \/>\n\t<meta property=\"og:image:width\" content=\"1920\" \/>\n\t<meta property=\"og:image:height\" content=\"1080\" \/>\n\t<meta property=\"og:image:type\" content=\"image\/png\" \/>\n<meta name=\"author\" content=\"niko\" \/>\n<meta name=\"twitter:card\" content=\"summary_large_image\" \/>\n<meta name=\"twitter:label1\" content=\"Written by\" \/>\n\t<meta name=\"twitter:data1\" content=\"niko\" \/>\n\t<meta name=\"twitter:label2\" content=\"Est. reading time\" \/>\n\t<meta name=\"twitter:data2\" content=\"2 minutes\" \/>\n<script type=\"application\/ld+json\" class=\"yoast-schema-graph\">{\"@context\":\"https:\/\/schema.org\",\"@graph\":[{\"@type\":\"Article\",\"@id\":\"https:\/\/haz.hr\/2023\/12\/12\/vrijeme-je-za-investicijsku-akademiju\/#article\",\"isPartOf\":{\"@id\":\"https:\/\/haz.hr\/2023\/12\/12\/vrijeme-je-za-investicijsku-akademiju\/\"},\"author\":{\"name\":\"niko\",\"@id\":\"https:\/\/haz.hr\/#\/schema\/person\/ef20b07c27f25698eba61de0aeff014b\"},\"headline\":\"Vrijeme je za Investicijsku akademiju !\",\"datePublished\":\"2023-12-12T13:38:56+00:00\",\"dateModified\":\"2023-12-12T13:38:58+00:00\",\"mainEntityOfPage\":{\"@id\":\"https:\/\/haz.hr\/2023\/12\/12\/vrijeme-je-za-investicijsku-akademiju\/\"},\"wordCount\":323,\"commentCount\":0,\"publisher\":{\"@id\":\"https:\/\/haz.hr\/#organization\"},\"image\":{\"@id\":\"https:\/\/haz.hr\/2023\/12\/12\/vrijeme-je-za-investicijsku-akademiju\/#primaryimage\"},\"thumbnailUrl\":\"https:\/\/haz.hr\/wp-content\/uploads\/2023\/12\/investicijska-akademija-najavni-vizual-za-online.png\",\"articleSection\":[\"HAZ novosti\",\"HAZ UniZg novosti\",\"HAZef novosti\"],\"inLanguage\":\"en-GB\",\"potentialAction\":[{\"@type\":\"CommentAction\",\"name\":\"Comment\",\"target\":[\"https:\/\/haz.hr\/2023\/12\/12\/vrijeme-je-za-investicijsku-akademiju\/#respond\"]}]},{\"@type\":\"WebPage\",\"@id\":\"https:\/\/haz.hr\/2023\/12\/12\/vrijeme-je-za-investicijsku-akademiju\/\",\"url\":\"https:\/\/haz.hr\/2023\/12\/12\/vrijeme-je-za-investicijsku-akademiju\/\",\"name\":\"Vrijeme je za Investicijsku akademiju ! - HAZ\",\"isPartOf\":{\"@id\":\"https:\/\/haz.hr\/#website\"},\"primaryImageOfPage\":{\"@id\":\"https:\/\/haz.hr\/2023\/12\/12\/vrijeme-je-za-investicijsku-akademiju\/#primaryimage\"},\"image\":{\"@id\":\"https:\/\/haz.hr\/2023\/12\/12\/vrijeme-je-za-investicijsku-akademiju\/#primaryimage\"},\"thumbnailUrl\":\"https:\/\/haz.hr\/wp-content\/uploads\/2023\/12\/investicijska-akademija-najavni-vizual-za-online.png\",\"datePublished\":\"2023-12-12T13:38:56+00:00\",\"dateModified\":\"2023-12-12T13:38:58+00:00\",\"breadcrumb\":{\"@id\":\"https:\/\/haz.hr\/2023\/12\/12\/vrijeme-je-za-investicijsku-akademiju\/#breadcrumb\"},\"inLanguage\":\"en-GB\",\"potentialAction\":[{\"@type\":\"ReadAction\",\"target\":[\"https:\/\/haz.hr\/2023\/12\/12\/vrijeme-je-za-investicijsku-akademiju\/\"]}]},{\"@type\":\"ImageObject\",\"inLanguage\":\"en-GB\",\"@id\":\"https:\/\/haz.hr\/2023\/12\/12\/vrijeme-je-za-investicijsku-akademiju\/#primaryimage\",\"url\":\"https:\/\/haz.hr\/wp-content\/uploads\/2023\/12\/investicijska-akademija-najavni-vizual-za-online.png\",\"contentUrl\":\"https:\/\/haz.hr\/wp-content\/uploads\/2023\/12\/investicijska-akademija-najavni-vizual-za-online.png\",\"width\":1920,\"height\":1080},{\"@type\":\"BreadcrumbList\",\"@id\":\"https:\/\/haz.hr\/2023\/12\/12\/vrijeme-je-za-investicijsku-akademiju\/#breadcrumb\",\"itemListElement\":[{\"@type\":\"ListItem\",\"position\":1,\"name\":\"Home\",\"item\":\"https:\/\/haz.hr\/\"},{\"@type\":\"ListItem\",\"position\":2,\"name\":\"Vrijeme je za Investicijsku akademiju !\"}]},{\"@type\":\"WebSite\",\"@id\":\"https:\/\/haz.hr\/#website\",\"url\":\"https:\/\/haz.hr\/\",\"name\":\"HAZ\",\"description\":\"Hrvatska akademska zajednica\",\"publisher\":{\"@id\":\"https:\/\/haz.hr\/#organization\"},\"potentialAction\":[{\"@type\":\"SearchAction\",\"target\":{\"@type\":\"EntryPoint\",\"urlTemplate\":\"https:\/\/haz.hr\/?s={search_term_string}\"},\"query-input\":{\"@type\":\"PropertyValueSpecification\",\"valueRequired\":true,\"valueName\":\"search_term_string\"}}],\"inLanguage\":\"en-GB\"},{\"@type\":\"Organization\",\"@id\":\"https:\/\/haz.hr\/#organization\",\"name\":\"HAZ\",\"url\":\"https:\/\/haz.hr\/\",\"logo\":{\"@type\":\"ImageObject\",\"inLanguage\":\"en-GB\",\"@id\":\"https:\/\/haz.hr\/#\/schema\/logo\/image\/\",\"url\":\"https:\/\/haz.hr\/wp-content\/uploads\/2022\/12\/cropped-HAZ_logo.png\",\"contentUrl\":\"https:\/\/haz.hr\/wp-content\/uploads\/2022\/12\/cropped-HAZ_logo.png\",\"width\":125,\"height\":76,\"caption\":\"HAZ\"},\"image\":{\"@id\":\"https:\/\/haz.hr\/#\/schema\/logo\/image\/\"}},{\"@type\":\"Person\",\"@id\":\"https:\/\/haz.hr\/#\/schema\/person\/ef20b07c27f25698eba61de0aeff014b\",\"name\":\"niko\",\"image\":{\"@type\":\"ImageObject\",\"inLanguage\":\"en-GB\",\"@id\":\"https:\/\/haz.hr\/#\/schema\/person\/image\/\",\"url\":\"https:\/\/secure.gravatar.com\/avatar\/1ddd0a2abfa02cff4f0e8100b2d3ffb0f5de1069d5cdb603ab4aa7317048ca9d?s=96&d=mm&r=g\",\"contentUrl\":\"https:\/\/secure.gravatar.com\/avatar\/1ddd0a2abfa02cff4f0e8100b2d3ffb0f5de1069d5cdb603ab4aa7317048ca9d?s=96&d=mm&r=g\",\"caption\":\"niko\"},\"url\":\"https:\/\/haz.hr\/en\/author\/niko\/\"}]}<\/script>\n<!-- \/ Yoast SEO plugin. -->","yoast_head_json":{"title":"Vrijeme je za Investicijsku akademiju ! - HAZ","robots":{"index":"index","follow":"follow","max-snippet":"max-snippet:-1","max-image-preview":"max-image-preview:large","max-video-preview":"max-video-preview:-1"},"canonical":"https:\/\/haz.hr\/en\/2023\/12\/12\/vrijeme-je-za-investicijsku-akademiju\/","og_locale":"en_GB","og_type":"article","og_title":"Vrijeme je za Investicijsku akademiju ! - HAZ","og_description":"Hrvatska akademska zajednica\u00a0Ekonomskog fakulteta s ponosom najavljuje novo izdanje\u00a0Investicijske akademije\u00a0koja pru\u017ea priliku u potpuno novi pogled na ulaganja, tr\u017ei\u0161te nekretnina, stabilnost portfelja, redefiniranje novca pa \u010dak i na psiholo\u0161ke \u010dimbenike [&hellip;]","og_url":"https:\/\/haz.hr\/en\/2023\/12\/12\/vrijeme-je-za-investicijsku-akademiju\/","og_site_name":"HAZ","article_published_time":"2023-12-12T13:38:56+00:00","article_modified_time":"2023-12-12T13:38:58+00:00","og_image":[{"width":1920,"height":1080,"url":"https:\/\/haz.hr\/wp-content\/uploads\/2023\/12\/investicijska-akademija-najavni-vizual-za-online.png","type":"image\/png"}],"author":"niko","twitter_card":"summary_large_image","twitter_misc":{"Written by":"niko","Est. reading time":"2 minutes"},"schema":{"@context":"https:\/\/schema.org","@graph":[{"@type":"Article","@id":"https:\/\/haz.hr\/2023\/12\/12\/vrijeme-je-za-investicijsku-akademiju\/#article","isPartOf":{"@id":"https:\/\/haz.hr\/2023\/12\/12\/vrijeme-je-za-investicijsku-akademiju\/"},"author":{"name":"niko","@id":"https:\/\/haz.hr\/#\/schema\/person\/ef20b07c27f25698eba61de0aeff014b"},"headline":"Vrijeme je za Investicijsku akademiju !","datePublished":"2023-12-12T13:38:56+00:00","dateModified":"2023-12-12T13:38:58+00:00","mainEntityOfPage":{"@id":"https:\/\/haz.hr\/2023\/12\/12\/vrijeme-je-za-investicijsku-akademiju\/"},"wordCount":323,"commentCount":0,"publisher":{"@id":"https:\/\/haz.hr\/#organization"},"image":{"@id":"https:\/\/haz.hr\/2023\/12\/12\/vrijeme-je-za-investicijsku-akademiju\/#primaryimage"},"thumbnailUrl":"https:\/\/haz.hr\/wp-content\/uploads\/2023\/12\/investicijska-akademija-najavni-vizual-za-online.png","articleSection":["HAZ novosti","HAZ UniZg novosti","HAZef novosti"],"inLanguage":"en-GB","potentialAction":[{"@type":"CommentAction","name":"Comment","target":["https:\/\/haz.hr\/2023\/12\/12\/vrijeme-je-za-investicijsku-akademiju\/#respond"]}]},{"@type":"WebPage","@id":"https:\/\/haz.hr\/2023\/12\/12\/vrijeme-je-za-investicijsku-akademiju\/","url":"https:\/\/haz.hr\/2023\/12\/12\/vrijeme-je-za-investicijsku-akademiju\/","name":"Vrijeme je za Investicijsku akademiju ! - HAZ","isPartOf":{"@id":"https:\/\/haz.hr\/#website"},"primaryImageOfPage":{"@id":"https:\/\/haz.hr\/2023\/12\/12\/vrijeme-je-za-investicijsku-akademiju\/#primaryimage"},"image":{"@id":"https:\/\/haz.hr\/2023\/12\/12\/vrijeme-je-za-investicijsku-akademiju\/#primaryimage"},"thumbnailUrl":"https:\/\/haz.hr\/wp-content\/uploads\/2023\/12\/investicijska-akademija-najavni-vizual-za-online.png","datePublished":"2023-12-12T13:38:56+00:00","dateModified":"2023-12-12T13:38:58+00:00","breadcrumb":{"@id":"https:\/\/haz.hr\/2023\/12\/12\/vrijeme-je-za-investicijsku-akademiju\/#breadcrumb"},"inLanguage":"en-GB","potentialAction":[{"@type":"ReadAction","target":["https:\/\/haz.hr\/2023\/12\/12\/vrijeme-je-za-investicijsku-akademiju\/"]}]},{"@type":"ImageObject","inLanguage":"en-GB","@id":"https:\/\/haz.hr\/2023\/12\/12\/vrijeme-je-za-investicijsku-akademiju\/#primaryimage","url":"https:\/\/haz.hr\/wp-content\/uploads\/2023\/12\/investicijska-akademija-najavni-vizual-za-online.png","contentUrl":"https:\/\/haz.hr\/wp-content\/uploads\/2023\/12\/investicijska-akademija-najavni-vizual-za-online.png","width":1920,"height":1080},{"@type":"BreadcrumbList","@id":"https:\/\/haz.hr\/2023\/12\/12\/vrijeme-je-za-investicijsku-akademiju\/#breadcrumb","itemListElement":[{"@type":"ListItem","position":1,"name":"Home","item":"https:\/\/haz.hr\/"},{"@type":"ListItem","position":2,"name":"Vrijeme je za Investicijsku akademiju !"}]},{"@type":"WebSite","@id":"https:\/\/haz.hr\/#website","url":"https:\/\/haz.hr\/","name":"HAZ","description":"Croatian Academic Community","publisher":{"@id":"https:\/\/haz.hr\/#organization"},"potentialAction":[{"@type":"SearchAction","target":{"@type":"EntryPoint","urlTemplate":"https:\/\/haz.hr\/?s={search_term_string}"},"query-input":{"@type":"PropertyValueSpecification","valueRequired":true,"valueName":"search_term_string"}}],"inLanguage":"en-GB"},{"@type":"Organization","@id":"https:\/\/haz.hr\/#organization","name":"HAZ","url":"https:\/\/haz.hr\/","logo":{"@type":"ImageObject","inLanguage":"en-GB","@id":"https:\/\/haz.hr\/#\/schema\/logo\/image\/","url":"https:\/\/haz.hr\/wp-content\/uploads\/2022\/12\/cropped-HAZ_logo.png","contentUrl":"https:\/\/haz.hr\/wp-content\/uploads\/2022\/12\/cropped-HAZ_logo.png","width":125,"height":76,"caption":"HAZ"},"image":{"@id":"https:\/\/haz.hr\/#\/schema\/logo\/image\/"}},{"@type":"Person","@id":"https:\/\/haz.hr\/#\/schema\/person\/ef20b07c27f25698eba61de0aeff014b","name":"niko","image":{"@type":"ImageObject","inLanguage":"en-GB","@id":"https:\/\/haz.hr\/#\/schema\/person\/image\/","url":"https:\/\/secure.gravatar.com\/avatar\/1ddd0a2abfa02cff4f0e8100b2d3ffb0f5de1069d5cdb603ab4aa7317048ca9d?s=96&d=mm&r=g","contentUrl":"https:\/\/secure.gravatar.com\/avatar\/1ddd0a2abfa02cff4f0e8100b2d3ffb0f5de1069d5cdb603ab4aa7317048ca9d?s=96&d=mm&r=g","caption":"niko"},"url":"https:\/\/haz.hr\/en\/author\/niko\/"}]}},"_links":{"self":[{"href":"https:\/\/haz.hr\/en\/wp-json\/wp\/v2\/posts\/2802","targetHints":{"allow":["GET"]}}],"collection":[{"href":"https:\/\/haz.hr\/en\/wp-json\/wp\/v2\/posts"}],"about":[{"href":"https:\/\/haz.hr\/en\/wp-json\/wp\/v2\/types\/post"}],"author":[{"embeddable":true,"href":"https:\/\/haz.hr\/en\/wp-json\/wp\/v2\/users\/8"}],"replies":[{"embeddable":true,"href":"https:\/\/haz.hr\/en\/wp-json\/wp\/v2\/comments?post=2802"}],"version-history":[{"count":7,"href":"https:\/\/haz.hr\/en\/wp-json\/wp\/v2\/posts\/2802\/revisions"}],"predecessor-version":[{"id":2818,"href":"https:\/\/haz.hr\/en\/wp-json\/wp\/v2\/posts\/2802\/revisions\/2818"}],"wp:featuredmedia":[{"embeddable":true,"href":"https:\/\/haz.hr\/en\/wp-json\/wp\/v2\/media\/2806"}],"wp:attachment":[{"href":"https:\/\/haz.hr\/en\/wp-json\/wp\/v2\/media?parent=2802"}],"wp:term":[{"taxonomy":"category","embeddable":true,"href":"https:\/\/haz.hr\/en\/wp-json\/wp\/v2\/categories?post=2802"},{"taxonomy":"post_tag","embeddable":true,"href":"https:\/\/haz.hr\/en\/wp-json\/wp\/v2\/tags?post=2802"}],"curies":[{"name":"wp","href":"https:\/\/api.w.org\/{rel}","templated":true}]}}