{"id":2842,"date":"2024-01-08T19:03:29","date_gmt":"2024-01-08T19:03:29","guid":{"rendered":"https:\/\/haz.hr\/?p=2842"},"modified":"2024-01-08T19:03:31","modified_gmt":"2024-01-08T19:03:31","slug":"vjestine-buducnosti-sto-poslodavci-danasnjice-traze-u-zaposlenicima-sutrasnjice","status":"publish","type":"post","link":"https:\/\/haz.hr\/en\/2024\/01\/08\/vjestine-buducnosti-sto-poslodavci-danasnjice-traze-u-zaposlenicima-sutrasnjice\/","title":{"rendered":"Vje\u0161tine budu\u0107nosti: \u0161to poslodavci dana\u0161njice tra\u017ee u zaposlenicima sutra\u0161njice"},"content":{"rendered":"<p class=\"wp-block-paragraph\">Ana Talaji\u0107, menad\u017eerica u HR odjelu Mazarsa s nama je podijelila \u0161to to razlikuje najbolje kandidate i kako su se potrebne vje\u0161tine promijenile u proteklih nekoliko godina.<\/p>\n\n\n\n<p class=\"wp-block-paragraph\"><strong>Priprema mladih za tr\u017ei\u0161te rada<\/strong><\/p>\n\n\n\n<p class=\"wp-block-paragraph\">Mazars u Hrvatskoj sura\u0111uje s ve\u0107im brojem studentskih udruga i te suradnje koristim za kvalitetne razgovore sa studentima, na\u0161im potencijalnim zaposlenicima. Tada im znam naglasiti kolika je va\u017ena priprema za tr\u017ei\u0161te rada ve\u0107 za vrijeme studija, koliko je u\u010denje mekih vje\u0161tina klju\u010dno za dugoro\u010dni uspjeh. Znanje je va\u017eno, ali je bitno znati prenijeti znanje, upotrijebiti ga, na\u0107i nova rje\u0161enja, izgladiti nesporazume i sura\u0111ivati u timu. Danas je ve\u0107ina socijalne interakcije online. Umjesto \u010dlanstva u klubu, mi se pridru\u017eimo online grupi. Umjesto kave u\u017eivo koja podrazumijeva uvid u cijeli spektar osobnih karakteristika sugovornika, mi smo ograni\u010deni na gledanje u foto\u0161opiranu fotografiju na mobitelu. Rje\u0161avanje konflikta se svodi na brisanje osobe iz imenika ili izlazak iz online grupe.<\/p>\n\n\n\n<p class=\"wp-block-paragraph\"><strong>\u0160to to prati HR na selekciji mladih kandidata<\/strong><\/p>\n\n\n\n<p class=\"wp-block-paragraph\">Pri selekciji kandidata, stavljamo ve\u0107i naglasak na osobnost, karakter, komunikaciju, srda\u010dnost, socijalne vje\u0161tine. Mogu re\u0107i da ve\u0107 kod prvog kontakta s kandidatom, u fazi dogovaranja testiranja pratimo njegovu responsivnost i kvalitetu komunikacije. Isto tako u fazi intervjuiranja pratimo socijalne vje\u0161tine npr. upadanje u rije\u010d mo\u017ee zna\u010diti nekulturu i nestrpljivost, izbjegavanje kontakta o\u010dima mo\u017ee zna\u010diti manjak fokusa, nesabranost, nezainteresiranost i neke druge ozbiljnije nedostatke.&nbsp;<\/p>\n\n\n\n<p class=\"wp-block-paragraph\">Osim mekih vje\u0161tina, va\u017ena su nam tehni\u010dka znanja npr. za baratanje s ve\u0107om koli\u010dinom podataka poput Vlookup-a, pivot tablica i sli\u010dnih excel funkcija. Va\u017ena nam je pismenost jer vidimo da era raznih aplikacija uzima danak u sposobnosti komuniciranja misli, ideja i rje\u0161enja na strukturiran na\u010din, onako s glavom i repom, sa\u017eeto i razumljivo. Iako postoje razni alati za pismenu samopomo\u0107, usmeno izra\u017eavanje je visoko cijenjeno, jer&nbsp;&nbsp;ve\u0107ina posla se odvija u\u017eivo na sastancima ili call-ovima. Osim hrvatskog jezika, znanje engleskog jezika u govoru i pismu je neophodno za zaposlenje u Mazarsu. Da, mo\u017eemo koristiti razne alate za prevo\u0111enje, ali ako ne znamo smisao re\u010denice na engleskom, te\u0161ko \u0107emo urediti prevedeni tekst, a da ne izgleda kao lo\u0161a generi\u010dka reklama najnovijeg jastuka za va\u0161u kralje\u0161nicu.&nbsp;<\/p>\n\n\n\n<p class=\"wp-block-paragraph\"><strong>Osobni rast kroz karijeru<\/strong><\/p>\n\n\n\n<p class=\"wp-block-paragraph\">Dolazimo do mindseta koji je potreban za napredovanje i razvoj karijere. Prije svega je to otvorenost i pou\u010dljivost. Otvorenost za feedback otvara vrata karijere! Na\u0161 moto je&nbsp;<em>quick to fail<\/em>, u prijevodu: dobije\u0161 feedback, popravi\u0161 pogre\u0161ku i idemo dalje, bez suvi\u0161ne analize i tra\u017eenja krivca za neuspjeh. Ostali zadaci \u010dekaju, i svako pretjerano razmi\u0161ljanje vodi u iscrpljenost, a onda i lo\u0161iju kvalitetu rada.&nbsp;<\/p>\n\n\n\n<p class=\"wp-block-paragraph\">Karijera se gradi na upornosti, preuzimanju odgovornosti i neponavljanju gre\u0161aka i najva\u017enije: poniznosti. \u201cPoniznost nije misliti lo\u0161ije o sebi, nego misliti manje o sebi\u201d. C.S. Lewis. Poniznost bi prakti\u010dno zna\u010dila: spremnost evaluirati feedback kako bismo utvrdili je li valjan ili nije, spremnost priznati kad nismo u pravu i gledati na svoje pogre\u0161ke kao prilike za u\u010denje.<\/p>\n\n\n\n<p class=\"wp-block-paragraph\">Arogantnost i odbijanje feedback-a nema budu\u0107nost u zdravim kolektivima. Uz poniznost ide i prilagodljivost, emocionalna samokontrola, kriti\u010dko razmi\u0161ljanje, sposobnost sagledavanja problema na vi\u0161e na\u010dina. Sve te vje\u0161tine \u010desto vidimo kod kandidata koji su se dulje bavili raznim sportovima, \u0161ahom, ili vole kvizove, debate. Sporta\u0161i imaju naviku upornosti i ne odustajanja kad ne ide, razni hobiji nam govore o kreativnosti i \u0161irini koju kandidat posjeduje.<\/p>\n\n\n\n<p class=\"wp-block-paragraph\"><strong>Napravi samoprocjenu<\/strong><\/p>\n\n\n\n<p class=\"wp-block-paragraph\">Vrijeme studiranja je dobra prilika za samoprocjenu: koje su mi jake strane i na \u010demu trebam poraditi. Ako mi svaki izlazak na ispit izaziva novi \u010dir na \u017eelucu jer sve radim u zadnji tren, trebam poraditi na upravljanju vremenom, jer \u010dir po \u010dir i nastane gastritis. Ako vidim da me trema pojede kod usmenog ispita i ne znam prezentirati svoje znanje, onda \u0107u poraditi na samopouzdanju i javnom nastupu.&nbsp;<\/p>\n\n\n\n<p class=\"wp-block-paragraph\">Ve\u0107 sam spomenula koliko nam je va\u017eno u\u017eivo upoznati kandidate za posao. Va\u017ene su nam interpersonalne vje\u0161tine, od po\u010detnog pozdrava, predstavljanja, snala\u017eenja s razli\u010ditim pitanjima do rukovanja na kraju na intervjua. Sve to daje jedan ukupni dojam i \u010desto je presudniji od znanja knji\u017eenja. Tra\u017eimo ljude s pozitivnim stavom i growth mindsetom, ljude sa intelektualnom znati\u017eeljom, one koji imaju volju za u\u010denjem novih stvari.<\/p>\n\n\n\n<p class=\"wp-block-paragraph\"><strong>Vje\u0161tine budu\u0107nosti<\/strong><\/p>\n\n\n\n<p class=\"wp-block-paragraph\">S napredovanjem u karijeri, tehni\u010dke vje\u0161tine, koje se mogu delegirati, sve su manje va\u017ene, dok meke vje\u0161tine i dalje igraju najve\u0107u ulogu u ostvarivanju uspjeha u poslu i \u017eivotu op\u0107enito.<\/p>\n\n\n\n<p class=\"wp-block-paragraph\">Spomenut \u0107u i eru AI u kojoj se nalazimo kad stalno slu\u0161amo o robotima koji \u0107e zamijeniti ljude u ve\u0107ini poslova. Donekle, mo\u017eda. No postoje vje\u0161tine koje su svojstvene samo \u010dovjeku i koje \u0107emo jako trebati u ovoj eri: sposobnost komunikacije, story telling, razumijevanje konteksta, sposobnost prepoznavanja emocija i djelovanja u skladu sa situacijom, sposobnost moralnog rasu\u0111ivanja.&nbsp;<\/p>\n\n\n\n<p class=\"wp-block-paragraph\">Radi se zapravo o jednostavnim ljudskim vje\u0161tinama koje se stje\u010du interakcijom u\u017eivo, \u010ditanjem, promi\u0161ljanjem, ula\u017eenjem u nove situacije, istra\u017eivanje i radom na sebi iz dana u dan.\u00a0U Mazarsu su vrata uvijek otvorena mladima koji u\u010de, rade na sebi i \u017eele posti\u0107i izvrsnost u onome \u0161to vole, ako te zanima vi\u0161e posjeti na\u0161e stranice\u00a0<a href=\"https:\/\/www.mazars.hr\/Naslovna\/Pridruzi-nam-se\">https:\/\/www.mazars.hr\/Naslovna\/Pridruzi-nam-se<\/a>.<\/p>\n\n\n\n<p class=\"wp-block-paragraph\">Ana Talaji\u0107, HR Manager (Mazars)<\/p>","protected":false},"excerpt":{"rendered":"<p>Ana Talaji\u0107, menad\u017eerica u HR odjelu Mazarsa s nama je podijelila \u0161to to razlikuje najbolje kandidate i kako su se potrebne vje\u0161tine promijenile u proteklih nekoliko godina. Priprema mladih za [&hellip;]<\/p>\n","protected":false},"author":8,"featured_media":2843,"comment_status":"open","ping_status":"open","sticky":false,"template":"","format":"standard","meta":{"footnotes":""},"categories":[14,10,11],"tags":[],"class_list":["post-2842","post","type-post","status-publish","format-standard","has-post-thumbnail","hentry","category-haz-novosti","category-haz-unizg","category-hazef-novosti"],"yoast_head":"<!-- This site is optimized with the Yoast SEO plugin v23.7 - https:\/\/yoast.com\/wordpress\/plugins\/seo\/ -->\n<title>Vje\u0161tine budu\u0107nosti: \u0161to poslodavci dana\u0161njice tra\u017ee u zaposlenicima sutra\u0161njice - HAZ<\/title>\n<meta name=\"robots\" content=\"index, follow, max-snippet:-1, max-image-preview:large, max-video-preview:-1\" \/>\n<link rel=\"canonical\" href=\"https:\/\/haz.hr\/en\/2024\/01\/08\/vjestine-buducnosti-sto-poslodavci-danasnjice-traze-u-zaposlenicima-sutrasnjice\/\" \/>\n<meta property=\"og:locale\" content=\"en_GB\" \/>\n<meta property=\"og:type\" content=\"article\" \/>\n<meta property=\"og:title\" content=\"Vje\u0161tine budu\u0107nosti: \u0161to poslodavci dana\u0161njice tra\u017ee u zaposlenicima sutra\u0161njice - HAZ\" \/>\n<meta property=\"og:description\" content=\"Ana Talaji\u0107, menad\u017eerica u HR odjelu Mazarsa s nama je podijelila \u0161to to razlikuje najbolje kandidate i kako su se potrebne vje\u0161tine promijenile u proteklih nekoliko godina. Priprema mladih za [&hellip;]\" \/>\n<meta property=\"og:url\" content=\"https:\/\/haz.hr\/en\/2024\/01\/08\/vjestine-buducnosti-sto-poslodavci-danasnjice-traze-u-zaposlenicima-sutrasnjice\/\" \/>\n<meta property=\"og:site_name\" content=\"HAZ\" \/>\n<meta property=\"article:published_time\" content=\"2024-01-08T19:03:29+00:00\" \/>\n<meta property=\"article:modified_time\" content=\"2024-01-08T19:03:31+00:00\" \/>\n<meta property=\"og:image\" content=\"https:\/\/haz.hr\/wp-content\/uploads\/2024\/01\/Mazars-2-scaled.jpg\" \/>\n\t<meta property=\"og:image:width\" content=\"2560\" \/>\n\t<meta property=\"og:image:height\" content=\"1707\" \/>\n\t<meta property=\"og:image:type\" content=\"image\/jpeg\" \/>\n<meta name=\"author\" content=\"niko\" \/>\n<meta name=\"twitter:card\" content=\"summary_large_image\" \/>\n<meta name=\"twitter:label1\" content=\"Written by\" \/>\n\t<meta name=\"twitter:data1\" content=\"niko\" \/>\n\t<meta name=\"twitter:label2\" content=\"Est. reading time\" \/>\n\t<meta name=\"twitter:data2\" content=\"5 minutes\" \/>\n<script type=\"application\/ld+json\" class=\"yoast-schema-graph\">{\"@context\":\"https:\/\/schema.org\",\"@graph\":[{\"@type\":\"Article\",\"@id\":\"https:\/\/haz.hr\/2024\/01\/08\/vjestine-buducnosti-sto-poslodavci-danasnjice-traze-u-zaposlenicima-sutrasnjice\/#article\",\"isPartOf\":{\"@id\":\"https:\/\/haz.hr\/2024\/01\/08\/vjestine-buducnosti-sto-poslodavci-danasnjice-traze-u-zaposlenicima-sutrasnjice\/\"},\"author\":{\"name\":\"niko\",\"@id\":\"https:\/\/haz.hr\/#\/schema\/person\/ef20b07c27f25698eba61de0aeff014b\"},\"headline\":\"Vje\u0161tine budu\u0107nosti: \u0161to poslodavci dana\u0161njice tra\u017ee u zaposlenicima sutra\u0161njice\",\"datePublished\":\"2024-01-08T19:03:29+00:00\",\"dateModified\":\"2024-01-08T19:03:31+00:00\",\"mainEntityOfPage\":{\"@id\":\"https:\/\/haz.hr\/2024\/01\/08\/vjestine-buducnosti-sto-poslodavci-danasnjice-traze-u-zaposlenicima-sutrasnjice\/\"},\"wordCount\":951,\"commentCount\":0,\"publisher\":{\"@id\":\"https:\/\/haz.hr\/#organization\"},\"image\":{\"@id\":\"https:\/\/haz.hr\/2024\/01\/08\/vjestine-buducnosti-sto-poslodavci-danasnjice-traze-u-zaposlenicima-sutrasnjice\/#primaryimage\"},\"thumbnailUrl\":\"https:\/\/haz.hr\/wp-content\/uploads\/2024\/01\/Mazars-2-scaled.jpg\",\"articleSection\":[\"HAZ novosti\",\"HAZ UniZg novosti\",\"HAZef novosti\"],\"inLanguage\":\"en-GB\",\"potentialAction\":[{\"@type\":\"CommentAction\",\"name\":\"Comment\",\"target\":[\"https:\/\/haz.hr\/2024\/01\/08\/vjestine-buducnosti-sto-poslodavci-danasnjice-traze-u-zaposlenicima-sutrasnjice\/#respond\"]}]},{\"@type\":\"WebPage\",\"@id\":\"https:\/\/haz.hr\/2024\/01\/08\/vjestine-buducnosti-sto-poslodavci-danasnjice-traze-u-zaposlenicima-sutrasnjice\/\",\"url\":\"https:\/\/haz.hr\/2024\/01\/08\/vjestine-buducnosti-sto-poslodavci-danasnjice-traze-u-zaposlenicima-sutrasnjice\/\",\"name\":\"Vje\u0161tine budu\u0107nosti: \u0161to poslodavci dana\u0161njice tra\u017ee u zaposlenicima sutra\u0161njice - HAZ\",\"isPartOf\":{\"@id\":\"https:\/\/haz.hr\/#website\"},\"primaryImageOfPage\":{\"@id\":\"https:\/\/haz.hr\/2024\/01\/08\/vjestine-buducnosti-sto-poslodavci-danasnjice-traze-u-zaposlenicima-sutrasnjice\/#primaryimage\"},\"image\":{\"@id\":\"https:\/\/haz.hr\/2024\/01\/08\/vjestine-buducnosti-sto-poslodavci-danasnjice-traze-u-zaposlenicima-sutrasnjice\/#primaryimage\"},\"thumbnailUrl\":\"https:\/\/haz.hr\/wp-content\/uploads\/2024\/01\/Mazars-2-scaled.jpg\",\"datePublished\":\"2024-01-08T19:03:29+00:00\",\"dateModified\":\"2024-01-08T19:03:31+00:00\",\"breadcrumb\":{\"@id\":\"https:\/\/haz.hr\/2024\/01\/08\/vjestine-buducnosti-sto-poslodavci-danasnjice-traze-u-zaposlenicima-sutrasnjice\/#breadcrumb\"},\"inLanguage\":\"en-GB\",\"potentialAction\":[{\"@type\":\"ReadAction\",\"target\":[\"https:\/\/haz.hr\/2024\/01\/08\/vjestine-buducnosti-sto-poslodavci-danasnjice-traze-u-zaposlenicima-sutrasnjice\/\"]}]},{\"@type\":\"ImageObject\",\"inLanguage\":\"en-GB\",\"@id\":\"https:\/\/haz.hr\/2024\/01\/08\/vjestine-buducnosti-sto-poslodavci-danasnjice-traze-u-zaposlenicima-sutrasnjice\/#primaryimage\",\"url\":\"https:\/\/haz.hr\/wp-content\/uploads\/2024\/01\/Mazars-2-scaled.jpg\",\"contentUrl\":\"https:\/\/haz.hr\/wp-content\/uploads\/2024\/01\/Mazars-2-scaled.jpg\",\"width\":2560,\"height\":1707,\"caption\":\"MAZARS CINOTTI-foto cetkovic\"},{\"@type\":\"BreadcrumbList\",\"@id\":\"https:\/\/haz.hr\/2024\/01\/08\/vjestine-buducnosti-sto-poslodavci-danasnjice-traze-u-zaposlenicima-sutrasnjice\/#breadcrumb\",\"itemListElement\":[{\"@type\":\"ListItem\",\"position\":1,\"name\":\"Home\",\"item\":\"https:\/\/haz.hr\/\"},{\"@type\":\"ListItem\",\"position\":2,\"name\":\"Vje\u0161tine budu\u0107nosti: \u0161to poslodavci dana\u0161njice tra\u017ee u zaposlenicima sutra\u0161njice\"}]},{\"@type\":\"WebSite\",\"@id\":\"https:\/\/haz.hr\/#website\",\"url\":\"https:\/\/haz.hr\/\",\"name\":\"HAZ\",\"description\":\"Hrvatska akademska zajednica\",\"publisher\":{\"@id\":\"https:\/\/haz.hr\/#organization\"},\"potentialAction\":[{\"@type\":\"SearchAction\",\"target\":{\"@type\":\"EntryPoint\",\"urlTemplate\":\"https:\/\/haz.hr\/?s={search_term_string}\"},\"query-input\":{\"@type\":\"PropertyValueSpecification\",\"valueRequired\":true,\"valueName\":\"search_term_string\"}}],\"inLanguage\":\"en-GB\"},{\"@type\":\"Organization\",\"@id\":\"https:\/\/haz.hr\/#organization\",\"name\":\"HAZ\",\"url\":\"https:\/\/haz.hr\/\",\"logo\":{\"@type\":\"ImageObject\",\"inLanguage\":\"en-GB\",\"@id\":\"https:\/\/haz.hr\/#\/schema\/logo\/image\/\",\"url\":\"https:\/\/haz.hr\/wp-content\/uploads\/2022\/12\/cropped-HAZ_logo.png\",\"contentUrl\":\"https:\/\/haz.hr\/wp-content\/uploads\/2022\/12\/cropped-HAZ_logo.png\",\"width\":125,\"height\":76,\"caption\":\"HAZ\"},\"image\":{\"@id\":\"https:\/\/haz.hr\/#\/schema\/logo\/image\/\"}},{\"@type\":\"Person\",\"@id\":\"https:\/\/haz.hr\/#\/schema\/person\/ef20b07c27f25698eba61de0aeff014b\",\"name\":\"niko\",\"image\":{\"@type\":\"ImageObject\",\"inLanguage\":\"en-GB\",\"@id\":\"https:\/\/haz.hr\/#\/schema\/person\/image\/\",\"url\":\"https:\/\/secure.gravatar.com\/avatar\/1ddd0a2abfa02cff4f0e8100b2d3ffb0f5de1069d5cdb603ab4aa7317048ca9d?s=96&d=mm&r=g\",\"contentUrl\":\"https:\/\/secure.gravatar.com\/avatar\/1ddd0a2abfa02cff4f0e8100b2d3ffb0f5de1069d5cdb603ab4aa7317048ca9d?s=96&d=mm&r=g\",\"caption\":\"niko\"},\"url\":\"https:\/\/haz.hr\/en\/author\/niko\/\"}]}<\/script>\n<!-- \/ Yoast SEO plugin. -->","yoast_head_json":{"title":"Vje\u0161tine budu\u0107nosti: \u0161to poslodavci dana\u0161njice tra\u017ee u zaposlenicima sutra\u0161njice - HAZ","robots":{"index":"index","follow":"follow","max-snippet":"max-snippet:-1","max-image-preview":"max-image-preview:large","max-video-preview":"max-video-preview:-1"},"canonical":"https:\/\/haz.hr\/en\/2024\/01\/08\/vjestine-buducnosti-sto-poslodavci-danasnjice-traze-u-zaposlenicima-sutrasnjice\/","og_locale":"en_GB","og_type":"article","og_title":"Vje\u0161tine budu\u0107nosti: \u0161to poslodavci dana\u0161njice tra\u017ee u zaposlenicima sutra\u0161njice - HAZ","og_description":"Ana Talaji\u0107, menad\u017eerica u HR odjelu Mazarsa s nama je podijelila \u0161to to razlikuje najbolje kandidate i kako su se potrebne vje\u0161tine promijenile u proteklih nekoliko godina. Priprema mladih za [&hellip;]","og_url":"https:\/\/haz.hr\/en\/2024\/01\/08\/vjestine-buducnosti-sto-poslodavci-danasnjice-traze-u-zaposlenicima-sutrasnjice\/","og_site_name":"HAZ","article_published_time":"2024-01-08T19:03:29+00:00","article_modified_time":"2024-01-08T19:03:31+00:00","og_image":[{"width":2560,"height":1707,"url":"https:\/\/haz.hr\/wp-content\/uploads\/2024\/01\/Mazars-2-scaled.jpg","type":"image\/jpeg"}],"author":"niko","twitter_card":"summary_large_image","twitter_misc":{"Written by":"niko","Est. reading time":"5 minutes"},"schema":{"@context":"https:\/\/schema.org","@graph":[{"@type":"Article","@id":"https:\/\/haz.hr\/2024\/01\/08\/vjestine-buducnosti-sto-poslodavci-danasnjice-traze-u-zaposlenicima-sutrasnjice\/#article","isPartOf":{"@id":"https:\/\/haz.hr\/2024\/01\/08\/vjestine-buducnosti-sto-poslodavci-danasnjice-traze-u-zaposlenicima-sutrasnjice\/"},"author":{"name":"niko","@id":"https:\/\/haz.hr\/#\/schema\/person\/ef20b07c27f25698eba61de0aeff014b"},"headline":"Vje\u0161tine budu\u0107nosti: \u0161to poslodavci dana\u0161njice tra\u017ee u zaposlenicima sutra\u0161njice","datePublished":"2024-01-08T19:03:29+00:00","dateModified":"2024-01-08T19:03:31+00:00","mainEntityOfPage":{"@id":"https:\/\/haz.hr\/2024\/01\/08\/vjestine-buducnosti-sto-poslodavci-danasnjice-traze-u-zaposlenicima-sutrasnjice\/"},"wordCount":951,"commentCount":0,"publisher":{"@id":"https:\/\/haz.hr\/#organization"},"image":{"@id":"https:\/\/haz.hr\/2024\/01\/08\/vjestine-buducnosti-sto-poslodavci-danasnjice-traze-u-zaposlenicima-sutrasnjice\/#primaryimage"},"thumbnailUrl":"https:\/\/haz.hr\/wp-content\/uploads\/2024\/01\/Mazars-2-scaled.jpg","articleSection":["HAZ novosti","HAZ UniZg novosti","HAZef novosti"],"inLanguage":"en-GB","potentialAction":[{"@type":"CommentAction","name":"Comment","target":["https:\/\/haz.hr\/2024\/01\/08\/vjestine-buducnosti-sto-poslodavci-danasnjice-traze-u-zaposlenicima-sutrasnjice\/#respond"]}]},{"@type":"WebPage","@id":"https:\/\/haz.hr\/2024\/01\/08\/vjestine-buducnosti-sto-poslodavci-danasnjice-traze-u-zaposlenicima-sutrasnjice\/","url":"https:\/\/haz.hr\/2024\/01\/08\/vjestine-buducnosti-sto-poslodavci-danasnjice-traze-u-zaposlenicima-sutrasnjice\/","name":"Vje\u0161tine budu\u0107nosti: \u0161to poslodavci dana\u0161njice tra\u017ee u zaposlenicima sutra\u0161njice - HAZ","isPartOf":{"@id":"https:\/\/haz.hr\/#website"},"primaryImageOfPage":{"@id":"https:\/\/haz.hr\/2024\/01\/08\/vjestine-buducnosti-sto-poslodavci-danasnjice-traze-u-zaposlenicima-sutrasnjice\/#primaryimage"},"image":{"@id":"https:\/\/haz.hr\/2024\/01\/08\/vjestine-buducnosti-sto-poslodavci-danasnjice-traze-u-zaposlenicima-sutrasnjice\/#primaryimage"},"thumbnailUrl":"https:\/\/haz.hr\/wp-content\/uploads\/2024\/01\/Mazars-2-scaled.jpg","datePublished":"2024-01-08T19:03:29+00:00","dateModified":"2024-01-08T19:03:31+00:00","breadcrumb":{"@id":"https:\/\/haz.hr\/2024\/01\/08\/vjestine-buducnosti-sto-poslodavci-danasnjice-traze-u-zaposlenicima-sutrasnjice\/#breadcrumb"},"inLanguage":"en-GB","potentialAction":[{"@type":"ReadAction","target":["https:\/\/haz.hr\/2024\/01\/08\/vjestine-buducnosti-sto-poslodavci-danasnjice-traze-u-zaposlenicima-sutrasnjice\/"]}]},{"@type":"ImageObject","inLanguage":"en-GB","@id":"https:\/\/haz.hr\/2024\/01\/08\/vjestine-buducnosti-sto-poslodavci-danasnjice-traze-u-zaposlenicima-sutrasnjice\/#primaryimage","url":"https:\/\/haz.hr\/wp-content\/uploads\/2024\/01\/Mazars-2-scaled.jpg","contentUrl":"https:\/\/haz.hr\/wp-content\/uploads\/2024\/01\/Mazars-2-scaled.jpg","width":2560,"height":1707,"caption":"MAZARS CINOTTI-foto cetkovic"},{"@type":"BreadcrumbList","@id":"https:\/\/haz.hr\/2024\/01\/08\/vjestine-buducnosti-sto-poslodavci-danasnjice-traze-u-zaposlenicima-sutrasnjice\/#breadcrumb","itemListElement":[{"@type":"ListItem","position":1,"name":"Home","item":"https:\/\/haz.hr\/"},{"@type":"ListItem","position":2,"name":"Vje\u0161tine budu\u0107nosti: \u0161to poslodavci dana\u0161njice tra\u017ee u zaposlenicima sutra\u0161njice"}]},{"@type":"WebSite","@id":"https:\/\/haz.hr\/#website","url":"https:\/\/haz.hr\/","name":"HAZ","description":"Croatian Academic Community","publisher":{"@id":"https:\/\/haz.hr\/#organization"},"potentialAction":[{"@type":"SearchAction","target":{"@type":"EntryPoint","urlTemplate":"https:\/\/haz.hr\/?s={search_term_string}"},"query-input":{"@type":"PropertyValueSpecification","valueRequired":true,"valueName":"search_term_string"}}],"inLanguage":"en-GB"},{"@type":"Organization","@id":"https:\/\/haz.hr\/#organization","name":"HAZ","url":"https:\/\/haz.hr\/","logo":{"@type":"ImageObject","inLanguage":"en-GB","@id":"https:\/\/haz.hr\/#\/schema\/logo\/image\/","url":"https:\/\/haz.hr\/wp-content\/uploads\/2022\/12\/cropped-HAZ_logo.png","contentUrl":"https:\/\/haz.hr\/wp-content\/uploads\/2022\/12\/cropped-HAZ_logo.png","width":125,"height":76,"caption":"HAZ"},"image":{"@id":"https:\/\/haz.hr\/#\/schema\/logo\/image\/"}},{"@type":"Person","@id":"https:\/\/haz.hr\/#\/schema\/person\/ef20b07c27f25698eba61de0aeff014b","name":"niko","image":{"@type":"ImageObject","inLanguage":"en-GB","@id":"https:\/\/haz.hr\/#\/schema\/person\/image\/","url":"https:\/\/secure.gravatar.com\/avatar\/1ddd0a2abfa02cff4f0e8100b2d3ffb0f5de1069d5cdb603ab4aa7317048ca9d?s=96&d=mm&r=g","contentUrl":"https:\/\/secure.gravatar.com\/avatar\/1ddd0a2abfa02cff4f0e8100b2d3ffb0f5de1069d5cdb603ab4aa7317048ca9d?s=96&d=mm&r=g","caption":"niko"},"url":"https:\/\/haz.hr\/en\/author\/niko\/"}]}},"_links":{"self":[{"href":"https:\/\/haz.hr\/en\/wp-json\/wp\/v2\/posts\/2842","targetHints":{"allow":["GET"]}}],"collection":[{"href":"https:\/\/haz.hr\/en\/wp-json\/wp\/v2\/posts"}],"about":[{"href":"https:\/\/haz.hr\/en\/wp-json\/wp\/v2\/types\/post"}],"author":[{"embeddable":true,"href":"https:\/\/haz.hr\/en\/wp-json\/wp\/v2\/users\/8"}],"replies":[{"embeddable":true,"href":"https:\/\/haz.hr\/en\/wp-json\/wp\/v2\/comments?post=2842"}],"version-history":[{"count":2,"href":"https:\/\/haz.hr\/en\/wp-json\/wp\/v2\/posts\/2842\/revisions"}],"predecessor-version":[{"id":2845,"href":"https:\/\/haz.hr\/en\/wp-json\/wp\/v2\/posts\/2842\/revisions\/2845"}],"wp:featuredmedia":[{"embeddable":true,"href":"https:\/\/haz.hr\/en\/wp-json\/wp\/v2\/media\/2843"}],"wp:attachment":[{"href":"https:\/\/haz.hr\/en\/wp-json\/wp\/v2\/media?parent=2842"}],"wp:term":[{"taxonomy":"category","embeddable":true,"href":"https:\/\/haz.hr\/en\/wp-json\/wp\/v2\/categories?post=2842"},{"taxonomy":"post_tag","embeddable":true,"href":"https:\/\/haz.hr\/en\/wp-json\/wp\/v2\/tags?post=2842"}],"curies":[{"name":"wp","href":"https:\/\/api.w.org\/{rel}","templated":true}]}}