{"id":3049,"date":"2024-10-22T18:27:42","date_gmt":"2024-10-22T18:27:42","guid":{"rendered":"https:\/\/haz.hr\/?p=3049"},"modified":"2024-11-11T19:44:01","modified_gmt":"2024-11-11T19:44:01","slug":"erasmusdays-to-go-mladima-otvorene-nove-prilike-kroz-erasmus-program-i-panel-diskusiju-o-buducnosti-europske-unije","status":"publish","type":"post","link":"https:\/\/haz.hr\/en\/2024\/10\/22\/erasmusdays-to-go-mladima-otvorene-nove-prilike-kroz-erasmus-program-i-panel-diskusiju-o-buducnosti-europske-unije\/","title":{"rendered":"ErasmusDays \u2013 TO GO: Mladima otvorene nove prilike kroz Erasmus+ program i panel-diskusiju o budu\u0107nosti Europske unije"},"content":{"rendered":"<p class=\"wp-block-paragraph\"><strong>Hrvatska akademska zajednica (HAZ)<\/strong> uspje\u0161no je organizirala projekt pod nazivom <strong>\u201eErasmusDays \u2013 TO GO\u201c<\/strong> u sklopu inicijative ErasmusDays. Projekt je uklju\u010divao panel-diskusiju i predavanja s temom <strong>mobilnosti<\/strong>, <strong>Erasmus+<\/strong> programa te uloge <strong>mladih<\/strong> u Europskoj uniji. Ovaj doga\u0111aj pru\u017eio je jedinstvenu priliku mladima i studentima da se iz prve ruke upoznaju s brojnim mogu\u0107nostima koje <strong>Erasmus+<\/strong> nudi. Sudionici su imali priliku saznati kako mogu aktivno sudjelovati u europskim procesima, unaprijediti svoje obrazovanje te svojim doprinosom oblikovati razvoj europskog dru\u0161tva.<\/p>\n\n\n\n<figure class=\"wp-block-image size-large is-resized\"><img fetchpriority=\"high\" decoding=\"async\" width=\"1024\" height=\"1024\" src=\"https:\/\/haz.hr\/wp-content\/uploads\/2024\/10\/er2-1024x1024.jpg\" alt=\"\" class=\"wp-image-3052\" style=\"width:837px;height:auto\" srcset=\"https:\/\/haz.hr\/wp-content\/uploads\/2024\/10\/er2-1024x1024.jpg 1024w, https:\/\/haz.hr\/wp-content\/uploads\/2024\/10\/er2-300x300.jpg 300w, https:\/\/haz.hr\/wp-content\/uploads\/2024\/10\/er2-150x150.jpg 150w, https:\/\/haz.hr\/wp-content\/uploads\/2024\/10\/er2-768x768.jpg 768w, https:\/\/haz.hr\/wp-content\/uploads\/2024\/10\/er2-1536x1536.jpg 1536w, https:\/\/haz.hr\/wp-content\/uploads\/2024\/10\/er2-2048x2048.jpg 2048w\" sizes=\"(max-width: 1024px) 100vw, 1024px\" \/><\/figure>\n\n\n\n<p class=\"wp-block-paragraph\"><text x=\"-9999\" y=\"-9999\"><\/text><path d=\"M37.5324 16.8707C37.9808 15.5241 38.1363 14.0974 37.9886 12.6859C37.8409 11.2744 37.3934 9.91076 36.676 8.68622C35.6126 6.83404 33.9882 5.3676 32.0373 4.4985C30.0864 3.62941 27.9098 3.40259 25.8215 3.85078C24.8796 2.7893 23.7219 1.94125 22.4257 1.36341C21.1295 0.785575 19.7249 0.491269 18.3058 0.500197C16.1708 0.495044 14.0893 1.16803 12.3614 2.42214C10.6335 3.67624 9.34853 5.44666 8.6917 7.47815C7.30085 7.76286 5.98686 8.3414 4.8377 9.17505C3.68854 10.0087 2.73073 11.0782 2.02839 12.312C0.956464 14.1591 0.498905 16.2988 0.721698 18.4228C0.944492 20.5467 1.83612 22.5449 3.268 24.1293C2.81966 25.4759 2.66413 26.9026 2.81182 28.3141C2.95951 29.7256 3.40701 31.0892 4.12437 32.3138C5.18791 34.1659 6.8123 35.6322 8.76321 36.5013C10.7141 37.3704 12.8907 37.5973 14.9789 37.1492C15.9208 38.2107 17.0786 39.0587 18.3747 39.6366C19.6709 40.2144 21.0755 40.5087 22.4946 40.4998C24.6307 40.5054 26.7133 39.8321 28.4418 38.5772C30.1704 37.3223 31.4556 35.5506 32.1119 33.5179C33.5027 33.2332 34.8167 32.6547 35.9659 31.821C37.115 30.9874 38.0728 29.9178 38.7752 28.684C39.8458 26.8371 40.3023 24.6979 40.0789 22.5748C39.8556 20.4517 38.9639 18.4544 37.5324 16.8707ZM22.4978 37.8849C20.7443 37.8874 19.0459 37.2733 17.6994 36.1501C17.7601 36.117 17.8666 36.0586 17.936 36.0161L25.9004 31.4156C26.1003 31.3019 26.2663 31.137 26.3813 30.9378C26.4964 30.7386 26.5563 30.5124 26.5549 30.2825V19.0542L29.9213 20.998C29.9389 21.0068 29.9541 21.0198 29.9656 21.0359C29.977 21.052 29.9842 21.0707 29.9867 21.0902V30.3889C29.9842 32.375 29.1946 34.2791 27.7909 35.6841C26.3872 37.0892 24.4838 37.8806 22.4978 37.8849ZM6.39227 31.0064C5.51397 29.4888 5.19742 27.7107 5.49804 25.9832C5.55718 26.0187 5.66048 26.0818 5.73461 26.1244L13.699 30.7248C13.8975 30.8408 14.1233 30.902 14.3532 30.902C14.583 30.902 14.8088 30.8408 15.0073 30.7248L24.731 25.1103V28.9979C24.7321 29.0177 24.7283 29.0376 24.7199 29.0556C24.7115 29.0736 24.6988 29.0893 24.6829 29.1012L16.6317 33.7497C14.9096 34.7416 12.8643 35.0097 10.9447 34.4954C9.02506 33.9811 7.38785 32.7263 6.39227 31.0064ZM4.29707 13.6194C5.17156 12.0998 6.55279 10.9364 8.19885 10.3327C8.19885 10.4013 8.19491 10.5228 8.19491 10.6071V19.808C8.19351 20.0378 8.25334 20.2638 8.36823 20.4629C8.48312 20.6619 8.64893 20.8267 8.84863 20.9404L18.5723 26.5542L15.206 28.4979C15.1894 28.5089 15.1703 28.5155 15.1505 28.5173C15.1307 28.5191 15.1107 28.516 15.0924 28.5082L7.04046 23.8557C5.32135 22.8601 4.06716 21.2235 3.55289 19.3046C3.03862 17.3858 3.30624 15.3413 4.29707 13.6194ZM31.955 20.0556L22.2312 14.4411L25.5976 12.4981C25.6142 12.4872 25.6333 12.4805 25.6531 12.4787C25.6729 12.4769 25.6928 12.4801 25.7111 12.4879L33.7631 17.1364C34.9967 17.849 36.0017 18.8982 36.6606 20.1613C37.3194 21.4244 37.6047 22.849 37.4832 24.2684C37.3617 25.6878 36.8382 27.0432 35.9743 28.1759C35.1103 29.3086 33.9415 30.1717 32.6047 30.6641C32.6047 30.5947 32.6047 30.4733 32.6047 30.3889V21.188C32.6066 20.9586 32.5474 20.7328 32.4332 20.5338C32.319 20.3348 32.154 20.1698 31.955 20.0556ZM35.3055 15.0128C35.2464 14.9765 35.1431 14.9142 35.069 14.8717L27.1045 10.2712C26.906 10.1554 26.6803 10.0943 26.4504 10.0943C26.2206 10.0943 25.9948 10.1554 25.7963 10.2712L16.0726 15.8858V11.9982C16.0715 11.9783 16.0753 11.9585 16.0837 11.9405C16.0921 11.9225 16.1048 11.9068 16.1207 11.8949L24.1719 7.25025C25.4053 6.53903 26.8158 6.19376 28.2383 6.25482C29.6608 6.31589 31.0364 6.78077 32.2044 7.59508C33.3723 8.40939 34.2842 9.53945 34.8334 10.8531C35.3826 12.1667 35.5464 13.6095 35.3055 15.0128ZM14.2424 21.9419L10.8752 19.9981C10.8576 19.9893 10.8423 19.9763 10.8309 19.9602C10.8195 19.9441 10.8122 19.9254 10.8098 19.9058V10.6071C10.8107 9.18295 11.2173 7.78848 11.9819 6.58696C12.7466 5.38544 13.8377 4.42659 15.1275 3.82264C16.4173 3.21869 17.8524 2.99464 19.2649 3.1767C20.6775 3.35876 22.0089 3.93941 23.1034 4.85067C23.0427 4.88379 22.937 4.94215 22.8668 4.98473L14.9024 9.58517C14.7025 9.69878 14.5366 9.86356 14.4215 10.0626C14.3065 10.2616 14.2466 10.4877 14.2479 10.7175L14.2424 21.9419ZM16.071 17.9991L20.4018 15.4978L24.7325 17.9975V22.9985L20.4018 25.4983L16.071 22.9985V17.9991Z\" fill=\"currentColor\"><\/path><strong>Erasmus+<\/strong> jedan je od najpoznatijih programa Europske unije, koji mladima omogu\u0107ava mobilnost i stjecanje me\u0111unarodnog iskustva kroz formalno i neformalno obrazovanje, stru\u010dnu praksu, volontiranje te studentsku razmjenu. Na doga\u0111aju su odr\u017eani raznovrsni paneli i predavanja. Panel <strong>&#8220;EU 4 YOU&#8221; <\/strong>okupio je stru\u010dnjake poput <strong>Loredane Marovi\u0107<\/strong> iz Ministarstva znanosti i obrazovanja, na\u010delnice sektora za razvoj visokog obrazovanja, i <strong>Antonije Gladovi\u0107<\/strong>, ravnateljice Agencije za mobilnost i programe EU, dok je panel moderirao <strong>Hrvoje Vranes<\/strong>, dr. med. Tako\u0111er, <strong>Vincenzo Giannone<\/strong>, predsjednik udruge Better ME, odr\u017eao je predavanje pod nazivom &#8220;Better ME \u2013 How we do it&#8221;. <strong>Mia Mara\u0161<\/strong>, predstavnica Erasmus Student Networka, vodila je predavanje &#8220;ESN: Erasmusiraj se!&#8221;. Ovi govornici razgovarali su o va\u017enosti Erasmus+ programa za mlade u Hrvatskoj i \u0161ire, nagla\u0161avaju\u0107i prilike koje donosi program, kao i njegov utjecaj na osobni i profesionalni razvoj mladih.<\/p>\n\n\n\n<figure class=\"wp-block-image size-large\"><img decoding=\"async\" width=\"1024\" height=\"1024\" src=\"https:\/\/haz.hr\/wp-content\/uploads\/2024\/10\/er3-1024x1024.jpg\" alt=\"\" class=\"wp-image-3053\" srcset=\"https:\/\/haz.hr\/wp-content\/uploads\/2024\/10\/er3-1024x1024.jpg 1024w, https:\/\/haz.hr\/wp-content\/uploads\/2024\/10\/er3-300x300.jpg 300w, https:\/\/haz.hr\/wp-content\/uploads\/2024\/10\/er3-150x150.jpg 150w, https:\/\/haz.hr\/wp-content\/uploads\/2024\/10\/er3-768x768.jpg 768w, https:\/\/haz.hr\/wp-content\/uploads\/2024\/10\/er3-1536x1536.jpg 1536w, https:\/\/haz.hr\/wp-content\/uploads\/2024\/10\/er3-2048x2048.jpg 2048w\" sizes=\"(max-width: 1024px) 100vw, 1024px\" \/><\/figure>\n\n\n\n<p class=\"wp-block-paragraph\">Tijekom dinami\u010dne rasprave, sudionici su naglasili kako <strong>Erasmus+<\/strong> ne pru\u017ea samo priliku za akademski razvoj i stjecanje novih vje\u0161tina, ve\u0107 i poma\u017ee mladima u izgradnji osobnih i profesionalnih mre\u017ea, u\u010denju novih jezika i upoznavanju razli\u010ditih kultura. Iskustva ste\u010dena kroz <strong>Erasmus <\/strong>mladima otvaraju o\u010di prema svijetu i poma\u017eu im da postanu otvoreniji prema razli\u010ditim perspektivama, \u0161to je u dana\u0161njem globaliziranom svijetu od neprocjenjive vrijednosti. Program tako\u0111er doprinosi ja\u010danju <strong>europskog identiteta<\/strong> i me\u0111ukulturnog razumijevanja, \u010dime mladi postaju ambasadori <strong>europskih vrijednosti<\/strong>.<\/p>\n\n\n\n<figure class=\"wp-block-gallery has-nested-images columns-default is-cropped wp-block-gallery-1 is-layout-flex wp-block-gallery-is-layout-flex\">\n<figure class=\"wp-block-image size-large\"><img decoding=\"async\" width=\"1024\" height=\"1024\" data-id=\"3055\" src=\"https:\/\/haz.hr\/wp-content\/uploads\/2024\/10\/er4-1024x1024.jpg\" alt=\"\" class=\"wp-image-3055\" srcset=\"https:\/\/haz.hr\/wp-content\/uploads\/2024\/10\/er4-1024x1024.jpg 1024w, https:\/\/haz.hr\/wp-content\/uploads\/2024\/10\/er4-300x300.jpg 300w, https:\/\/haz.hr\/wp-content\/uploads\/2024\/10\/er4-150x150.jpg 150w, https:\/\/haz.hr\/wp-content\/uploads\/2024\/10\/er4-768x768.jpg 768w, https:\/\/haz.hr\/wp-content\/uploads\/2024\/10\/er4-1536x1536.jpg 1536w, https:\/\/haz.hr\/wp-content\/uploads\/2024\/10\/er4-2048x2048.jpg 2048w\" sizes=\"(max-width: 1024px) 100vw, 1024px\" \/><\/figure>\n<\/figure>\n\n\n\n<p class=\"wp-block-paragraph\">Jedna od klju\u010dnih tema doga\u0111aja bila je uloga mladih u<strong> Europskoj uniji<\/strong>, posebno u kontekstu dono\u0161enja odluka i aktivnog sudjelovanja u procesima koji oblikuju budu\u0107nost Europe. Panelisti su naglasili da mladi imaju veliku odgovornost i potencijal za sudjelovanje u demokratskim procesima, bilo kroz izbore za <strong>Europski parlament<\/strong>, anga\u017eman u nevladinim organizacijama ili sudjelovanjem u razli\u010ditim inicijativama na lokalnoj i europskoj razini. Tako\u0111er, istaknuto je kako je va\u017eno da mladi prepoznaju svoju ulogu u izgradnji odr\u017eivog i uklju\u010divog dru\u0161tva te da budu svjesni izazova s kojima se Europska unija suo\u010dava, poput klimatskih promjena, digitalne transformacije, migracija i socijalne pravde.<\/p>\n\n\n\n<figure class=\"wp-block-image size-large\"><img loading=\"lazy\" decoding=\"async\" width=\"1024\" height=\"1024\" src=\"https:\/\/haz.hr\/wp-content\/uploads\/2024\/10\/er6-1024x1024.jpg\" alt=\"\" class=\"wp-image-3057\" srcset=\"https:\/\/haz.hr\/wp-content\/uploads\/2024\/10\/er6-1024x1024.jpg 1024w, https:\/\/haz.hr\/wp-content\/uploads\/2024\/10\/er6-300x300.jpg 300w, https:\/\/haz.hr\/wp-content\/uploads\/2024\/10\/er6-150x150.jpg 150w, https:\/\/haz.hr\/wp-content\/uploads\/2024\/10\/er6-768x768.jpg 768w, https:\/\/haz.hr\/wp-content\/uploads\/2024\/10\/er6-1536x1536.jpg 1536w, https:\/\/haz.hr\/wp-content\/uploads\/2024\/10\/er6-2048x2048.jpg 2048w\" sizes=\"(max-width: 1024px) 100vw, 1024px\" \/><\/figure>\n\n\n\n<p class=\"wp-block-paragraph\"><strong>Kroz Erasmus+<\/strong> program i sli\u010dne inicijative, mladi imaju priliku sudjelovati u rje\u0161avanju ovih izazova i tako pridonijeti stvaranju bolje budu\u0107nosti za sve europske gra\u0111ane. Osim \u0161to je panel bio prilika za razmjenu iskustava, sudionici su podijelili i osobne pri\u010de o izazovima i uspjesima tijekom sudjelovanja u Erasmus+ programu. Mnogi su istaknuli da su kroz ovaj program stekli neprocjenjiva iskustva koja su im pomogla u osobnom i profesionalnom rastu. Dok su neki pohvalili podr\u0161ku koju su primili od svojih institucija, drugi su se prisjetili kako ih je sudjelovanje u programu potaknulo da iza\u0111u iz svoje zone komfora, \u0161to im je, iako izazovno, donijelo nevjerojatne nagrade u obliku novih prijateljstava, vje\u0161tina i \u017eivotnih prilika.<\/p>","protected":false},"excerpt":{"rendered":"<p>Hrvatska akademska zajednica (HAZ) uspje\u0161no je organizirala projekt pod nazivom \u201eErasmusDays \u2013 TO GO\u201c u sklopu inicijative ErasmusDays. Projekt je uklju\u010divao panel-diskusiju i predavanja s temom mobilnosti, Erasmus+ programa te [&hellip;]<\/p>\n","protected":false},"author":16,"featured_media":3050,"comment_status":"open","ping_status":"open","sticky":false,"template":"","format":"standard","meta":{"footnotes":""},"categories":[14,10,1],"tags":[],"class_list":["post-3049","post","type-post","status-publish","format-standard","has-post-thumbnail","hentry","category-haz-novosti","category-haz-unizg","category-uncategorized"],"yoast_head":"<!-- This site is optimized with the Yoast SEO plugin v23.7 - https:\/\/yoast.com\/wordpress\/plugins\/seo\/ -->\n<title>ErasmusDays \u2013 TO GO: Mladima otvorene nove prilike kroz Erasmus+ program i panel-diskusiju o budu\u0107nosti Europske unije - HAZ<\/title>\n<meta name=\"robots\" content=\"index, follow, max-snippet:-1, max-image-preview:large, max-video-preview:-1\" \/>\n<link rel=\"canonical\" href=\"https:\/\/haz.hr\/en\/2024\/10\/22\/erasmusdays-to-go-mladima-otvorene-nove-prilike-kroz-erasmus-program-i-panel-diskusiju-o-buducnosti-europske-unije\/\" \/>\n<meta property=\"og:locale\" content=\"en_GB\" \/>\n<meta property=\"og:type\" content=\"article\" \/>\n<meta property=\"og:title\" content=\"ErasmusDays \u2013 TO GO: Mladima otvorene nove prilike kroz Erasmus+ program i panel-diskusiju o budu\u0107nosti Europske unije - HAZ\" \/>\n<meta property=\"og:description\" content=\"Hrvatska akademska zajednica (HAZ) uspje\u0161no je organizirala projekt pod nazivom \u201eErasmusDays \u2013 TO GO\u201c u sklopu inicijative ErasmusDays. Projekt je uklju\u010divao panel-diskusiju i predavanja s temom mobilnosti, Erasmus+ programa te [&hellip;]\" \/>\n<meta property=\"og:url\" content=\"https:\/\/haz.hr\/en\/2024\/10\/22\/erasmusdays-to-go-mladima-otvorene-nove-prilike-kroz-erasmus-program-i-panel-diskusiju-o-buducnosti-europske-unije\/\" \/>\n<meta property=\"og:site_name\" content=\"HAZ\" \/>\n<meta property=\"article:published_time\" content=\"2024-10-22T18:27:42+00:00\" \/>\n<meta property=\"article:modified_time\" content=\"2024-11-11T19:44:01+00:00\" \/>\n<meta property=\"og:image\" content=\"https:\/\/haz.hr\/wp-content\/uploads\/2024\/10\/ER-scaled.jpg\" \/>\n\t<meta property=\"og:image:width\" content=\"2560\" \/>\n\t<meta property=\"og:image:height\" content=\"2560\" \/>\n\t<meta property=\"og:image:type\" content=\"image\/jpeg\" \/>\n<meta name=\"author\" content=\"brunokrizic\" \/>\n<meta name=\"twitter:card\" content=\"summary_large_image\" \/>\n<meta name=\"twitter:label1\" content=\"Written by\" \/>\n\t<meta name=\"twitter:data1\" content=\"brunokrizic\" \/>\n\t<meta name=\"twitter:label2\" content=\"Est. reading time\" \/>\n\t<meta name=\"twitter:data2\" content=\"4 minutes\" \/>\n<script type=\"application\/ld+json\" class=\"yoast-schema-graph\">{\"@context\":\"https:\/\/schema.org\",\"@graph\":[{\"@type\":\"Article\",\"@id\":\"https:\/\/haz.hr\/2024\/10\/22\/erasmusdays-to-go-mladima-otvorene-nove-prilike-kroz-erasmus-program-i-panel-diskusiju-o-buducnosti-europske-unije\/#article\",\"isPartOf\":{\"@id\":\"https:\/\/haz.hr\/2024\/10\/22\/erasmusdays-to-go-mladima-otvorene-nove-prilike-kroz-erasmus-program-i-panel-diskusiju-o-buducnosti-europske-unije\/\"},\"author\":{\"name\":\"brunokrizic\",\"@id\":\"https:\/\/haz.hr\/#\/schema\/person\/0193efe4d020e2b24534e65f2e676bdb\"},\"headline\":\"ErasmusDays \u2013 TO GO: Mladima otvorene nove prilike kroz Erasmus+ program i panel-diskusiju o budu\u0107nosti Europske unije\",\"datePublished\":\"2024-10-22T18:27:42+00:00\",\"dateModified\":\"2024-11-11T19:44:01+00:00\",\"mainEntityOfPage\":{\"@id\":\"https:\/\/haz.hr\/2024\/10\/22\/erasmusdays-to-go-mladima-otvorene-nove-prilike-kroz-erasmus-program-i-panel-diskusiju-o-buducnosti-europske-unije\/\"},\"wordCount\":567,\"commentCount\":0,\"publisher\":{\"@id\":\"https:\/\/haz.hr\/#organization\"},\"image\":{\"@id\":\"https:\/\/haz.hr\/2024\/10\/22\/erasmusdays-to-go-mladima-otvorene-nove-prilike-kroz-erasmus-program-i-panel-diskusiju-o-buducnosti-europske-unije\/#primaryimage\"},\"thumbnailUrl\":\"https:\/\/haz.hr\/wp-content\/uploads\/2024\/10\/ER-scaled.jpg\",\"articleSection\":[\"HAZ novosti\",\"HAZ UniZg novosti\",\"Uncategorized\"],\"inLanguage\":\"en-GB\",\"potentialAction\":[{\"@type\":\"CommentAction\",\"name\":\"Comment\",\"target\":[\"https:\/\/haz.hr\/2024\/10\/22\/erasmusdays-to-go-mladima-otvorene-nove-prilike-kroz-erasmus-program-i-panel-diskusiju-o-buducnosti-europske-unije\/#respond\"]}]},{\"@type\":\"WebPage\",\"@id\":\"https:\/\/haz.hr\/2024\/10\/22\/erasmusdays-to-go-mladima-otvorene-nove-prilike-kroz-erasmus-program-i-panel-diskusiju-o-buducnosti-europske-unije\/\",\"url\":\"https:\/\/haz.hr\/2024\/10\/22\/erasmusdays-to-go-mladima-otvorene-nove-prilike-kroz-erasmus-program-i-panel-diskusiju-o-buducnosti-europske-unije\/\",\"name\":\"ErasmusDays \u2013 TO GO: Mladima otvorene nove prilike kroz Erasmus+ program i panel-diskusiju o budu\u0107nosti Europske unije - HAZ\",\"isPartOf\":{\"@id\":\"https:\/\/haz.hr\/#website\"},\"primaryImageOfPage\":{\"@id\":\"https:\/\/haz.hr\/2024\/10\/22\/erasmusdays-to-go-mladima-otvorene-nove-prilike-kroz-erasmus-program-i-panel-diskusiju-o-buducnosti-europske-unije\/#primaryimage\"},\"image\":{\"@id\":\"https:\/\/haz.hr\/2024\/10\/22\/erasmusdays-to-go-mladima-otvorene-nove-prilike-kroz-erasmus-program-i-panel-diskusiju-o-buducnosti-europske-unije\/#primaryimage\"},\"thumbnailUrl\":\"https:\/\/haz.hr\/wp-content\/uploads\/2024\/10\/ER-scaled.jpg\",\"datePublished\":\"2024-10-22T18:27:42+00:00\",\"dateModified\":\"2024-11-11T19:44:01+00:00\",\"breadcrumb\":{\"@id\":\"https:\/\/haz.hr\/2024\/10\/22\/erasmusdays-to-go-mladima-otvorene-nove-prilike-kroz-erasmus-program-i-panel-diskusiju-o-buducnosti-europske-unije\/#breadcrumb\"},\"inLanguage\":\"en-GB\",\"potentialAction\":[{\"@type\":\"ReadAction\",\"target\":[\"https:\/\/haz.hr\/2024\/10\/22\/erasmusdays-to-go-mladima-otvorene-nove-prilike-kroz-erasmus-program-i-panel-diskusiju-o-buducnosti-europske-unije\/\"]}]},{\"@type\":\"ImageObject\",\"inLanguage\":\"en-GB\",\"@id\":\"https:\/\/haz.hr\/2024\/10\/22\/erasmusdays-to-go-mladima-otvorene-nove-prilike-kroz-erasmus-program-i-panel-diskusiju-o-buducnosti-europske-unije\/#primaryimage\",\"url\":\"https:\/\/haz.hr\/wp-content\/uploads\/2024\/10\/ER-scaled.jpg\",\"contentUrl\":\"https:\/\/haz.hr\/wp-content\/uploads\/2024\/10\/ER-scaled.jpg\",\"width\":2560,\"height\":2560},{\"@type\":\"BreadcrumbList\",\"@id\":\"https:\/\/haz.hr\/2024\/10\/22\/erasmusdays-to-go-mladima-otvorene-nove-prilike-kroz-erasmus-program-i-panel-diskusiju-o-buducnosti-europske-unije\/#breadcrumb\",\"itemListElement\":[{\"@type\":\"ListItem\",\"position\":1,\"name\":\"Home\",\"item\":\"https:\/\/haz.hr\/\"},{\"@type\":\"ListItem\",\"position\":2,\"name\":\"ErasmusDays \u2013 TO GO: Mladima otvorene nove prilike kroz Erasmus+ program i panel-diskusiju o budu\u0107nosti Europske unije\"}]},{\"@type\":\"WebSite\",\"@id\":\"https:\/\/haz.hr\/#website\",\"url\":\"https:\/\/haz.hr\/\",\"name\":\"HAZ\",\"description\":\"Hrvatska akademska zajednica\",\"publisher\":{\"@id\":\"https:\/\/haz.hr\/#organization\"},\"potentialAction\":[{\"@type\":\"SearchAction\",\"target\":{\"@type\":\"EntryPoint\",\"urlTemplate\":\"https:\/\/haz.hr\/?s={search_term_string}\"},\"query-input\":{\"@type\":\"PropertyValueSpecification\",\"valueRequired\":true,\"valueName\":\"search_term_string\"}}],\"inLanguage\":\"en-GB\"},{\"@type\":\"Organization\",\"@id\":\"https:\/\/haz.hr\/#organization\",\"name\":\"HAZ\",\"url\":\"https:\/\/haz.hr\/\",\"logo\":{\"@type\":\"ImageObject\",\"inLanguage\":\"en-GB\",\"@id\":\"https:\/\/haz.hr\/#\/schema\/logo\/image\/\",\"url\":\"https:\/\/haz.hr\/wp-content\/uploads\/2022\/12\/cropped-HAZ_logo.png\",\"contentUrl\":\"https:\/\/haz.hr\/wp-content\/uploads\/2022\/12\/cropped-HAZ_logo.png\",\"width\":125,\"height\":76,\"caption\":\"HAZ\"},\"image\":{\"@id\":\"https:\/\/haz.hr\/#\/schema\/logo\/image\/\"}},{\"@type\":\"Person\",\"@id\":\"https:\/\/haz.hr\/#\/schema\/person\/0193efe4d020e2b24534e65f2e676bdb\",\"name\":\"brunokrizic\",\"image\":{\"@type\":\"ImageObject\",\"inLanguage\":\"en-GB\",\"@id\":\"https:\/\/haz.hr\/#\/schema\/person\/image\/\",\"url\":\"https:\/\/secure.gravatar.com\/avatar\/33b36c55bf4faa6464773fa2448fee472fb7a27c53cfda912c852a08dd48929a?s=96&d=mm&r=g\",\"contentUrl\":\"https:\/\/secure.gravatar.com\/avatar\/33b36c55bf4faa6464773fa2448fee472fb7a27c53cfda912c852a08dd48929a?s=96&d=mm&r=g\",\"caption\":\"brunokrizic\"},\"url\":\"https:\/\/haz.hr\/en\/author\/brunokrizic\/\"}]}<\/script>\n<!-- \/ Yoast SEO plugin. -->","yoast_head_json":{"title":"ErasmusDays \u2013 TO GO: Mladima otvorene nove prilike kroz Erasmus+ program i panel-diskusiju o budu\u0107nosti Europske unije - HAZ","robots":{"index":"index","follow":"follow","max-snippet":"max-snippet:-1","max-image-preview":"max-image-preview:large","max-video-preview":"max-video-preview:-1"},"canonical":"https:\/\/haz.hr\/en\/2024\/10\/22\/erasmusdays-to-go-mladima-otvorene-nove-prilike-kroz-erasmus-program-i-panel-diskusiju-o-buducnosti-europske-unije\/","og_locale":"en_GB","og_type":"article","og_title":"ErasmusDays \u2013 TO GO: Mladima otvorene nove prilike kroz Erasmus+ program i panel-diskusiju o budu\u0107nosti Europske unije - HAZ","og_description":"Hrvatska akademska zajednica (HAZ) uspje\u0161no je organizirala projekt pod nazivom \u201eErasmusDays \u2013 TO GO\u201c u sklopu inicijative ErasmusDays. Projekt je uklju\u010divao panel-diskusiju i predavanja s temom mobilnosti, Erasmus+ programa te [&hellip;]","og_url":"https:\/\/haz.hr\/en\/2024\/10\/22\/erasmusdays-to-go-mladima-otvorene-nove-prilike-kroz-erasmus-program-i-panel-diskusiju-o-buducnosti-europske-unije\/","og_site_name":"HAZ","article_published_time":"2024-10-22T18:27:42+00:00","article_modified_time":"2024-11-11T19:44:01+00:00","og_image":[{"width":2560,"height":2560,"url":"https:\/\/haz.hr\/wp-content\/uploads\/2024\/10\/ER-scaled.jpg","type":"image\/jpeg"}],"author":"brunokrizic","twitter_card":"summary_large_image","twitter_misc":{"Written by":"brunokrizic","Est. reading time":"4 minutes"},"schema":{"@context":"https:\/\/schema.org","@graph":[{"@type":"Article","@id":"https:\/\/haz.hr\/2024\/10\/22\/erasmusdays-to-go-mladima-otvorene-nove-prilike-kroz-erasmus-program-i-panel-diskusiju-o-buducnosti-europske-unije\/#article","isPartOf":{"@id":"https:\/\/haz.hr\/2024\/10\/22\/erasmusdays-to-go-mladima-otvorene-nove-prilike-kroz-erasmus-program-i-panel-diskusiju-o-buducnosti-europske-unije\/"},"author":{"name":"brunokrizic","@id":"https:\/\/haz.hr\/#\/schema\/person\/0193efe4d020e2b24534e65f2e676bdb"},"headline":"ErasmusDays \u2013 TO GO: Mladima otvorene nove prilike kroz Erasmus+ program i panel-diskusiju o budu\u0107nosti Europske unije","datePublished":"2024-10-22T18:27:42+00:00","dateModified":"2024-11-11T19:44:01+00:00","mainEntityOfPage":{"@id":"https:\/\/haz.hr\/2024\/10\/22\/erasmusdays-to-go-mladima-otvorene-nove-prilike-kroz-erasmus-program-i-panel-diskusiju-o-buducnosti-europske-unije\/"},"wordCount":567,"commentCount":0,"publisher":{"@id":"https:\/\/haz.hr\/#organization"},"image":{"@id":"https:\/\/haz.hr\/2024\/10\/22\/erasmusdays-to-go-mladima-otvorene-nove-prilike-kroz-erasmus-program-i-panel-diskusiju-o-buducnosti-europske-unije\/#primaryimage"},"thumbnailUrl":"https:\/\/haz.hr\/wp-content\/uploads\/2024\/10\/ER-scaled.jpg","articleSection":["HAZ novosti","HAZ UniZg novosti","Uncategorized"],"inLanguage":"en-GB","potentialAction":[{"@type":"CommentAction","name":"Comment","target":["https:\/\/haz.hr\/2024\/10\/22\/erasmusdays-to-go-mladima-otvorene-nove-prilike-kroz-erasmus-program-i-panel-diskusiju-o-buducnosti-europske-unije\/#respond"]}]},{"@type":"WebPage","@id":"https:\/\/haz.hr\/2024\/10\/22\/erasmusdays-to-go-mladima-otvorene-nove-prilike-kroz-erasmus-program-i-panel-diskusiju-o-buducnosti-europske-unije\/","url":"https:\/\/haz.hr\/2024\/10\/22\/erasmusdays-to-go-mladima-otvorene-nove-prilike-kroz-erasmus-program-i-panel-diskusiju-o-buducnosti-europske-unije\/","name":"ErasmusDays \u2013 TO GO: Mladima otvorene nove prilike kroz Erasmus+ program i panel-diskusiju o budu\u0107nosti Europske unije - HAZ","isPartOf":{"@id":"https:\/\/haz.hr\/#website"},"primaryImageOfPage":{"@id":"https:\/\/haz.hr\/2024\/10\/22\/erasmusdays-to-go-mladima-otvorene-nove-prilike-kroz-erasmus-program-i-panel-diskusiju-o-buducnosti-europske-unije\/#primaryimage"},"image":{"@id":"https:\/\/haz.hr\/2024\/10\/22\/erasmusdays-to-go-mladima-otvorene-nove-prilike-kroz-erasmus-program-i-panel-diskusiju-o-buducnosti-europske-unije\/#primaryimage"},"thumbnailUrl":"https:\/\/haz.hr\/wp-content\/uploads\/2024\/10\/ER-scaled.jpg","datePublished":"2024-10-22T18:27:42+00:00","dateModified":"2024-11-11T19:44:01+00:00","breadcrumb":{"@id":"https:\/\/haz.hr\/2024\/10\/22\/erasmusdays-to-go-mladima-otvorene-nove-prilike-kroz-erasmus-program-i-panel-diskusiju-o-buducnosti-europske-unije\/#breadcrumb"},"inLanguage":"en-GB","potentialAction":[{"@type":"ReadAction","target":["https:\/\/haz.hr\/2024\/10\/22\/erasmusdays-to-go-mladima-otvorene-nove-prilike-kroz-erasmus-program-i-panel-diskusiju-o-buducnosti-europske-unije\/"]}]},{"@type":"ImageObject","inLanguage":"en-GB","@id":"https:\/\/haz.hr\/2024\/10\/22\/erasmusdays-to-go-mladima-otvorene-nove-prilike-kroz-erasmus-program-i-panel-diskusiju-o-buducnosti-europske-unije\/#primaryimage","url":"https:\/\/haz.hr\/wp-content\/uploads\/2024\/10\/ER-scaled.jpg","contentUrl":"https:\/\/haz.hr\/wp-content\/uploads\/2024\/10\/ER-scaled.jpg","width":2560,"height":2560},{"@type":"BreadcrumbList","@id":"https:\/\/haz.hr\/2024\/10\/22\/erasmusdays-to-go-mladima-otvorene-nove-prilike-kroz-erasmus-program-i-panel-diskusiju-o-buducnosti-europske-unije\/#breadcrumb","itemListElement":[{"@type":"ListItem","position":1,"name":"Home","item":"https:\/\/haz.hr\/"},{"@type":"ListItem","position":2,"name":"ErasmusDays \u2013 TO GO: Mladima otvorene nove prilike kroz Erasmus+ program i panel-diskusiju o budu\u0107nosti Europske unije"}]},{"@type":"WebSite","@id":"https:\/\/haz.hr\/#website","url":"https:\/\/haz.hr\/","name":"HAZ","description":"Croatian Academic Community","publisher":{"@id":"https:\/\/haz.hr\/#organization"},"potentialAction":[{"@type":"SearchAction","target":{"@type":"EntryPoint","urlTemplate":"https:\/\/haz.hr\/?s={search_term_string}"},"query-input":{"@type":"PropertyValueSpecification","valueRequired":true,"valueName":"search_term_string"}}],"inLanguage":"en-GB"},{"@type":"Organization","@id":"https:\/\/haz.hr\/#organization","name":"HAZ","url":"https:\/\/haz.hr\/","logo":{"@type":"ImageObject","inLanguage":"en-GB","@id":"https:\/\/haz.hr\/#\/schema\/logo\/image\/","url":"https:\/\/haz.hr\/wp-content\/uploads\/2022\/12\/cropped-HAZ_logo.png","contentUrl":"https:\/\/haz.hr\/wp-content\/uploads\/2022\/12\/cropped-HAZ_logo.png","width":125,"height":76,"caption":"HAZ"},"image":{"@id":"https:\/\/haz.hr\/#\/schema\/logo\/image\/"}},{"@type":"Person","@id":"https:\/\/haz.hr\/#\/schema\/person\/0193efe4d020e2b24534e65f2e676bdb","name":"brunokrizic","image":{"@type":"ImageObject","inLanguage":"en-GB","@id":"https:\/\/haz.hr\/#\/schema\/person\/image\/","url":"https:\/\/secure.gravatar.com\/avatar\/33b36c55bf4faa6464773fa2448fee472fb7a27c53cfda912c852a08dd48929a?s=96&d=mm&r=g","contentUrl":"https:\/\/secure.gravatar.com\/avatar\/33b36c55bf4faa6464773fa2448fee472fb7a27c53cfda912c852a08dd48929a?s=96&d=mm&r=g","caption":"brunokrizic"},"url":"https:\/\/haz.hr\/en\/author\/brunokrizic\/"}]}},"_links":{"self":[{"href":"https:\/\/haz.hr\/en\/wp-json\/wp\/v2\/posts\/3049","targetHints":{"allow":["GET"]}}],"collection":[{"href":"https:\/\/haz.hr\/en\/wp-json\/wp\/v2\/posts"}],"about":[{"href":"https:\/\/haz.hr\/en\/wp-json\/wp\/v2\/types\/post"}],"author":[{"embeddable":true,"href":"https:\/\/haz.hr\/en\/wp-json\/wp\/v2\/users\/16"}],"replies":[{"embeddable":true,"href":"https:\/\/haz.hr\/en\/wp-json\/wp\/v2\/comments?post=3049"}],"version-history":[{"count":3,"href":"https:\/\/haz.hr\/en\/wp-json\/wp\/v2\/posts\/3049\/revisions"}],"predecessor-version":[{"id":3058,"href":"https:\/\/haz.hr\/en\/wp-json\/wp\/v2\/posts\/3049\/revisions\/3058"}],"wp:featuredmedia":[{"embeddable":true,"href":"https:\/\/haz.hr\/en\/wp-json\/wp\/v2\/media\/3050"}],"wp:attachment":[{"href":"https:\/\/haz.hr\/en\/wp-json\/wp\/v2\/media?parent=3049"}],"wp:term":[{"taxonomy":"category","embeddable":true,"href":"https:\/\/haz.hr\/en\/wp-json\/wp\/v2\/categories?post=3049"},{"taxonomy":"post_tag","embeddable":true,"href":"https:\/\/haz.hr\/en\/wp-json\/wp\/v2\/tags?post=3049"}],"curies":[{"name":"wp","href":"https:\/\/api.w.org\/{rel}","templated":true}]}}