{"id":3236,"date":"2024-11-30T18:59:46","date_gmt":"2024-11-30T18:59:46","guid":{"rendered":"https:\/\/haz.hr\/?p=3236"},"modified":"2024-12-01T14:27:57","modified_gmt":"2024-12-01T14:27:57","slug":"hazff-najavljuje-trece-izdanje-projekta-akademska-pismenost","status":"publish","type":"post","link":"https:\/\/haz.hr\/en\/2024\/11\/30\/hazff-najavljuje-trece-izdanje-projekta-akademska-pismenost\/","title":{"rendered":"HAZff najavljuje tre\u0107e izdanje projekta Akademska pismenost"},"content":{"rendered":"<p class=\"wp-block-paragraph\">Hrvatska akademska zajednica Filozofskog fakulteta Sveu\u010dili\u0161ta u Zagrebu s ponosom najavljuje tre\u0107e izdanje projekta <strong>Akademska pismenost<\/strong>, koji i ove godine donosi dvije edukativne radionice usmjerene na unapre\u0111enje akademskih vje\u0161tina studenata. Radionice \u0107e voditi profesorice <strong>dr. sc. Ana Vidovi\u0107 Zori\u0107<\/strong> i <strong>dr. sc. Bernardina Petrovi\u0107<\/strong>, koje se profesionalno bave temama poput govorne (dis)fluentnosti, javnog govora, neverbalne komunikacije i pisanjem akademskih radova.<\/p>\n\n\n\n<p class=\"wp-block-paragraph\">Radionice \u0107e se odr\u017eati <strong>3. prosinca 2024. godine<\/strong> u <strong>Konferencijskoj dvorani Knji\u017enice Filozofskog fakulteta u Zagrebu<\/strong> (2. kat), s po\u010detkom u <strong>16:00 sati<\/strong>.<\/p>\n\n\n\n<p class=\"wp-block-paragraph\">Cilj projekta je pomo\u0107i studentima da steknu prakti\u010dna znanja i vje\u0161tine koje su klju\u010dne za uspjeh u akademskom okru\u017eenju. Poseban naglasak stavljen je na razvoj sposobnosti usmenog izlaganja i pravilnog strukturiranja seminarskih radova. Ove vje\u0161tine, osim \u0161to olak\u0161avaju studentske obveze, pru\u017eaju temelj za daljnje akademsko i profesionalno napredovanje.<\/p>\n\n\n\n<figure class=\"wp-block-image size-large\"><img fetchpriority=\"high\" decoding=\"async\" width=\"1024\" height=\"576\" src=\"https:\/\/haz.hr\/wp-content\/uploads\/2024\/11\/vizual-programa-v2-1024x576.png\" alt=\"\" class=\"wp-image-3240\" srcset=\"https:\/\/haz.hr\/wp-content\/uploads\/2024\/11\/vizual-programa-v2-1024x576.png 1024w, https:\/\/haz.hr\/wp-content\/uploads\/2024\/11\/vizual-programa-v2-300x169.png 300w, https:\/\/haz.hr\/wp-content\/uploads\/2024\/11\/vizual-programa-v2-768x432.png 768w, https:\/\/haz.hr\/wp-content\/uploads\/2024\/11\/vizual-programa-v2.png 1366w\" sizes=\"(max-width: 1024px) 100vw, 1024px\" \/><\/figure>\n\n\n\n<p class=\"wp-block-paragraph\"><strong>\u0160to sudionici mogu o\u010dekivati?<\/strong><\/p>\n\n\n\n<p class=\"wp-block-paragraph\">Projekt <strong>Akademska pismenost<\/strong> pru\u017ea:<br>\u2714\ufe0f Razumijevanje temeljnih koncepata akademskog pisanja i izlaganja.<br>\u2714\ufe0f Prakti\u010dne smjernice od stru\u010dnih predava\u010dica s bogatim iskustvom.<br>\u2714\ufe0f Interaktivni pristup koji omogu\u0107uje aktivno sudjelovanje i postavljanje pitanja.<br>\u2714\ufe0f Poticaj za razvoj vje\u0161tina potrebnih za akademski i profesionalni uspjeh.<br>\u2714\ufe0f Priliku za osvajanje simboli\u010dnih nagrada!<\/p>\n\n\n\n<p class=\"wp-block-paragraph\"><strong>Prijave i dodatne informacije<\/strong><\/p>\n\n\n\n<p class=\"wp-block-paragraph\">Sudjelovanje na radionicama je <strong>besplatno<\/strong>, ali broj mjesta je ograni\u010den. Prijavite se putem \ud83d\udc49 <a href=\"https:\/\/forms.gle\/zkvJKVbJErj9hZ3p6\">poveznice<\/a>.<br><\/p>\n\n\n\n<p class=\"wp-block-paragraph\">Za vi\u0161e informacija i najave, pratite nas na na\u0161em Instagram profilu: <strong><a href=\"https:\/\/instagram.com\/haz.ffzg\/\">@haz.ffzg<\/a><\/strong>.<\/p>\n\n\n\n<p class=\"wp-block-paragraph\">Pridru\u017eite se projektu <strong>Akademska pismenost<\/strong> <strong>vol 3 <\/strong>i postanite sigurniji i uspje\u0161niji u svom akademskom radu!<\/p>\n\n\n\n<p class=\"wp-block-paragraph\"><strong>Vidimo se 3. prosinca!<\/strong><\/p>","protected":false},"excerpt":{"rendered":"<p>Hrvatska akademska zajednica Filozofskog fakulteta Sveu\u010dili\u0161ta u Zagrebu s ponosom najavljuje tre\u0107e izdanje projekta Akademska pismenost, koji i ove godine donosi dvije edukativne radionice usmjerene na unapre\u0111enje akademskih vje\u0161tina studenata. [&hellip;]<\/p>\n","protected":false},"author":24,"featured_media":3238,"comment_status":"open","ping_status":"open","sticky":false,"template":"","format":"standard","meta":{"footnotes":""},"categories":[14,10],"tags":[],"class_list":["post-3236","post","type-post","status-publish","format-standard","has-post-thumbnail","hentry","category-haz-novosti","category-haz-unizg"],"yoast_head":"<!-- This site is optimized with the Yoast SEO plugin v23.7 - https:\/\/yoast.com\/wordpress\/plugins\/seo\/ -->\n<title>HAZff najavljuje tre\u0107e izdanje projekta Akademska pismenost - HAZ<\/title>\n<meta name=\"robots\" content=\"index, follow, max-snippet:-1, max-image-preview:large, max-video-preview:-1\" \/>\n<link rel=\"canonical\" href=\"https:\/\/haz.hr\/en\/2024\/11\/30\/hazff-najavljuje-trece-izdanje-projekta-akademska-pismenost\/\" \/>\n<meta property=\"og:locale\" content=\"en_GB\" \/>\n<meta property=\"og:type\" content=\"article\" \/>\n<meta property=\"og:title\" content=\"HAZff najavljuje tre\u0107e izdanje projekta Akademska pismenost - HAZ\" \/>\n<meta property=\"og:description\" content=\"Hrvatska akademska zajednica Filozofskog fakulteta Sveu\u010dili\u0161ta u Zagrebu s ponosom najavljuje tre\u0107e izdanje projekta Akademska pismenost, koji i ove godine donosi dvije edukativne radionice usmjerene na unapre\u0111enje akademskih vje\u0161tina studenata. [&hellip;]\" \/>\n<meta property=\"og:url\" content=\"https:\/\/haz.hr\/en\/2024\/11\/30\/hazff-najavljuje-trece-izdanje-projekta-akademska-pismenost\/\" \/>\n<meta property=\"og:site_name\" content=\"HAZ\" \/>\n<meta property=\"article:published_time\" content=\"2024-11-30T18:59:46+00:00\" \/>\n<meta property=\"article:modified_time\" content=\"2024-12-01T14:27:57+00:00\" \/>\n<meta property=\"og:image\" content=\"https:\/\/haz.hr\/wp-content\/uploads\/2024\/11\/glavni-vizual.png\" \/>\n\t<meta property=\"og:image:width\" content=\"1366\" \/>\n\t<meta property=\"og:image:height\" content=\"768\" \/>\n\t<meta property=\"og:image:type\" content=\"image\/png\" \/>\n<meta name=\"author\" content=\"Ante \u0160ari\u0107\" \/>\n<meta name=\"twitter:card\" content=\"summary_large_image\" \/>\n<meta name=\"twitter:label1\" content=\"Written by\" \/>\n\t<meta name=\"twitter:data1\" content=\"Ante \u0160ari\u0107\" \/>\n\t<meta name=\"twitter:label2\" content=\"Est. reading time\" \/>\n\t<meta name=\"twitter:data2\" content=\"2 minutes\" \/>\n<script type=\"application\/ld+json\" class=\"yoast-schema-graph\">{\"@context\":\"https:\/\/schema.org\",\"@graph\":[{\"@type\":\"Article\",\"@id\":\"https:\/\/haz.hr\/2024\/11\/30\/hazff-najavljuje-trece-izdanje-projekta-akademska-pismenost\/#article\",\"isPartOf\":{\"@id\":\"https:\/\/haz.hr\/2024\/11\/30\/hazff-najavljuje-trece-izdanje-projekta-akademska-pismenost\/\"},\"author\":{\"name\":\"Ante \u0160ari\u0107\",\"@id\":\"https:\/\/haz.hr\/#\/schema\/person\/d134b33c40e49cf13f1ce0ed49bd1e00\"},\"headline\":\"HAZff najavljuje tre\u0107e izdanje projekta Akademska pismenost\",\"datePublished\":\"2024-11-30T18:59:46+00:00\",\"dateModified\":\"2024-12-01T14:27:57+00:00\",\"mainEntityOfPage\":{\"@id\":\"https:\/\/haz.hr\/2024\/11\/30\/hazff-najavljuje-trece-izdanje-projekta-akademska-pismenost\/\"},\"wordCount\":261,\"commentCount\":0,\"publisher\":{\"@id\":\"https:\/\/haz.hr\/#organization\"},\"image\":{\"@id\":\"https:\/\/haz.hr\/2024\/11\/30\/hazff-najavljuje-trece-izdanje-projekta-akademska-pismenost\/#primaryimage\"},\"thumbnailUrl\":\"https:\/\/haz.hr\/wp-content\/uploads\/2024\/11\/glavni-vizual.png\",\"articleSection\":[\"HAZ novosti\",\"HAZ UniZg novosti\"],\"inLanguage\":\"en-GB\",\"potentialAction\":[{\"@type\":\"CommentAction\",\"name\":\"Comment\",\"target\":[\"https:\/\/haz.hr\/2024\/11\/30\/hazff-najavljuje-trece-izdanje-projekta-akademska-pismenost\/#respond\"]}]},{\"@type\":\"WebPage\",\"@id\":\"https:\/\/haz.hr\/2024\/11\/30\/hazff-najavljuje-trece-izdanje-projekta-akademska-pismenost\/\",\"url\":\"https:\/\/haz.hr\/2024\/11\/30\/hazff-najavljuje-trece-izdanje-projekta-akademska-pismenost\/\",\"name\":\"HAZff najavljuje tre\u0107e izdanje projekta Akademska pismenost - HAZ\",\"isPartOf\":{\"@id\":\"https:\/\/haz.hr\/#website\"},\"primaryImageOfPage\":{\"@id\":\"https:\/\/haz.hr\/2024\/11\/30\/hazff-najavljuje-trece-izdanje-projekta-akademska-pismenost\/#primaryimage\"},\"image\":{\"@id\":\"https:\/\/haz.hr\/2024\/11\/30\/hazff-najavljuje-trece-izdanje-projekta-akademska-pismenost\/#primaryimage\"},\"thumbnailUrl\":\"https:\/\/haz.hr\/wp-content\/uploads\/2024\/11\/glavni-vizual.png\",\"datePublished\":\"2024-11-30T18:59:46+00:00\",\"dateModified\":\"2024-12-01T14:27:57+00:00\",\"breadcrumb\":{\"@id\":\"https:\/\/haz.hr\/2024\/11\/30\/hazff-najavljuje-trece-izdanje-projekta-akademska-pismenost\/#breadcrumb\"},\"inLanguage\":\"en-GB\",\"potentialAction\":[{\"@type\":\"ReadAction\",\"target\":[\"https:\/\/haz.hr\/2024\/11\/30\/hazff-najavljuje-trece-izdanje-projekta-akademska-pismenost\/\"]}]},{\"@type\":\"ImageObject\",\"inLanguage\":\"en-GB\",\"@id\":\"https:\/\/haz.hr\/2024\/11\/30\/hazff-najavljuje-trece-izdanje-projekta-akademska-pismenost\/#primaryimage\",\"url\":\"https:\/\/haz.hr\/wp-content\/uploads\/2024\/11\/glavni-vizual.png\",\"contentUrl\":\"https:\/\/haz.hr\/wp-content\/uploads\/2024\/11\/glavni-vizual.png\",\"width\":1366,\"height\":768},{\"@type\":\"BreadcrumbList\",\"@id\":\"https:\/\/haz.hr\/2024\/11\/30\/hazff-najavljuje-trece-izdanje-projekta-akademska-pismenost\/#breadcrumb\",\"itemListElement\":[{\"@type\":\"ListItem\",\"position\":1,\"name\":\"Home\",\"item\":\"https:\/\/haz.hr\/\"},{\"@type\":\"ListItem\",\"position\":2,\"name\":\"HAZff najavljuje tre\u0107e izdanje projekta Akademska pismenost\"}]},{\"@type\":\"WebSite\",\"@id\":\"https:\/\/haz.hr\/#website\",\"url\":\"https:\/\/haz.hr\/\",\"name\":\"HAZ\",\"description\":\"Hrvatska akademska zajednica\",\"publisher\":{\"@id\":\"https:\/\/haz.hr\/#organization\"},\"potentialAction\":[{\"@type\":\"SearchAction\",\"target\":{\"@type\":\"EntryPoint\",\"urlTemplate\":\"https:\/\/haz.hr\/?s={search_term_string}\"},\"query-input\":{\"@type\":\"PropertyValueSpecification\",\"valueRequired\":true,\"valueName\":\"search_term_string\"}}],\"inLanguage\":\"en-GB\"},{\"@type\":\"Organization\",\"@id\":\"https:\/\/haz.hr\/#organization\",\"name\":\"HAZ\",\"url\":\"https:\/\/haz.hr\/\",\"logo\":{\"@type\":\"ImageObject\",\"inLanguage\":\"en-GB\",\"@id\":\"https:\/\/haz.hr\/#\/schema\/logo\/image\/\",\"url\":\"https:\/\/haz.hr\/wp-content\/uploads\/2022\/12\/cropped-HAZ_logo.png\",\"contentUrl\":\"https:\/\/haz.hr\/wp-content\/uploads\/2022\/12\/cropped-HAZ_logo.png\",\"width\":125,\"height\":76,\"caption\":\"HAZ\"},\"image\":{\"@id\":\"https:\/\/haz.hr\/#\/schema\/logo\/image\/\"}},{\"@type\":\"Person\",\"@id\":\"https:\/\/haz.hr\/#\/schema\/person\/d134b33c40e49cf13f1ce0ed49bd1e00\",\"name\":\"Ante \u0160ari\u0107\",\"image\":{\"@type\":\"ImageObject\",\"inLanguage\":\"en-GB\",\"@id\":\"https:\/\/haz.hr\/#\/schema\/person\/image\/\",\"url\":\"https:\/\/secure.gravatar.com\/avatar\/3d728e60911587d7ce6be462dff84f196a147fda4850c9e7833313e115fe792a?s=96&d=mm&r=g\",\"contentUrl\":\"https:\/\/secure.gravatar.com\/avatar\/3d728e60911587d7ce6be462dff84f196a147fda4850c9e7833313e115fe792a?s=96&d=mm&r=g\",\"caption\":\"Ante \u0160ari\u0107\"},\"sameAs\":[\"http:\/\/haz.hr\"],\"url\":\"https:\/\/haz.hr\/en\/author\/ante\/\"}]}<\/script>\n<!-- \/ Yoast SEO plugin. -->","yoast_head_json":{"title":"HAZff najavljuje tre\u0107e izdanje projekta Akademska pismenost - HAZ","robots":{"index":"index","follow":"follow","max-snippet":"max-snippet:-1","max-image-preview":"max-image-preview:large","max-video-preview":"max-video-preview:-1"},"canonical":"https:\/\/haz.hr\/en\/2024\/11\/30\/hazff-najavljuje-trece-izdanje-projekta-akademska-pismenost\/","og_locale":"en_GB","og_type":"article","og_title":"HAZff najavljuje tre\u0107e izdanje projekta Akademska pismenost - HAZ","og_description":"Hrvatska akademska zajednica Filozofskog fakulteta Sveu\u010dili\u0161ta u Zagrebu s ponosom najavljuje tre\u0107e izdanje projekta Akademska pismenost, koji i ove godine donosi dvije edukativne radionice usmjerene na unapre\u0111enje akademskih vje\u0161tina studenata. [&hellip;]","og_url":"https:\/\/haz.hr\/en\/2024\/11\/30\/hazff-najavljuje-trece-izdanje-projekta-akademska-pismenost\/","og_site_name":"HAZ","article_published_time":"2024-11-30T18:59:46+00:00","article_modified_time":"2024-12-01T14:27:57+00:00","og_image":[{"width":1366,"height":768,"url":"https:\/\/haz.hr\/wp-content\/uploads\/2024\/11\/glavni-vizual.png","type":"image\/png"}],"author":"Ante \u0160ari\u0107","twitter_card":"summary_large_image","twitter_misc":{"Written by":"Ante \u0160ari\u0107","Est. reading time":"2 minutes"},"schema":{"@context":"https:\/\/schema.org","@graph":[{"@type":"Article","@id":"https:\/\/haz.hr\/2024\/11\/30\/hazff-najavljuje-trece-izdanje-projekta-akademska-pismenost\/#article","isPartOf":{"@id":"https:\/\/haz.hr\/2024\/11\/30\/hazff-najavljuje-trece-izdanje-projekta-akademska-pismenost\/"},"author":{"name":"Ante \u0160ari\u0107","@id":"https:\/\/haz.hr\/#\/schema\/person\/d134b33c40e49cf13f1ce0ed49bd1e00"},"headline":"HAZff najavljuje tre\u0107e izdanje projekta Akademska pismenost","datePublished":"2024-11-30T18:59:46+00:00","dateModified":"2024-12-01T14:27:57+00:00","mainEntityOfPage":{"@id":"https:\/\/haz.hr\/2024\/11\/30\/hazff-najavljuje-trece-izdanje-projekta-akademska-pismenost\/"},"wordCount":261,"commentCount":0,"publisher":{"@id":"https:\/\/haz.hr\/#organization"},"image":{"@id":"https:\/\/haz.hr\/2024\/11\/30\/hazff-najavljuje-trece-izdanje-projekta-akademska-pismenost\/#primaryimage"},"thumbnailUrl":"https:\/\/haz.hr\/wp-content\/uploads\/2024\/11\/glavni-vizual.png","articleSection":["HAZ novosti","HAZ UniZg novosti"],"inLanguage":"en-GB","potentialAction":[{"@type":"CommentAction","name":"Comment","target":["https:\/\/haz.hr\/2024\/11\/30\/hazff-najavljuje-trece-izdanje-projekta-akademska-pismenost\/#respond"]}]},{"@type":"WebPage","@id":"https:\/\/haz.hr\/2024\/11\/30\/hazff-najavljuje-trece-izdanje-projekta-akademska-pismenost\/","url":"https:\/\/haz.hr\/2024\/11\/30\/hazff-najavljuje-trece-izdanje-projekta-akademska-pismenost\/","name":"HAZff najavljuje tre\u0107e izdanje projekta Akademska pismenost - HAZ","isPartOf":{"@id":"https:\/\/haz.hr\/#website"},"primaryImageOfPage":{"@id":"https:\/\/haz.hr\/2024\/11\/30\/hazff-najavljuje-trece-izdanje-projekta-akademska-pismenost\/#primaryimage"},"image":{"@id":"https:\/\/haz.hr\/2024\/11\/30\/hazff-najavljuje-trece-izdanje-projekta-akademska-pismenost\/#primaryimage"},"thumbnailUrl":"https:\/\/haz.hr\/wp-content\/uploads\/2024\/11\/glavni-vizual.png","datePublished":"2024-11-30T18:59:46+00:00","dateModified":"2024-12-01T14:27:57+00:00","breadcrumb":{"@id":"https:\/\/haz.hr\/2024\/11\/30\/hazff-najavljuje-trece-izdanje-projekta-akademska-pismenost\/#breadcrumb"},"inLanguage":"en-GB","potentialAction":[{"@type":"ReadAction","target":["https:\/\/haz.hr\/2024\/11\/30\/hazff-najavljuje-trece-izdanje-projekta-akademska-pismenost\/"]}]},{"@type":"ImageObject","inLanguage":"en-GB","@id":"https:\/\/haz.hr\/2024\/11\/30\/hazff-najavljuje-trece-izdanje-projekta-akademska-pismenost\/#primaryimage","url":"https:\/\/haz.hr\/wp-content\/uploads\/2024\/11\/glavni-vizual.png","contentUrl":"https:\/\/haz.hr\/wp-content\/uploads\/2024\/11\/glavni-vizual.png","width":1366,"height":768},{"@type":"BreadcrumbList","@id":"https:\/\/haz.hr\/2024\/11\/30\/hazff-najavljuje-trece-izdanje-projekta-akademska-pismenost\/#breadcrumb","itemListElement":[{"@type":"ListItem","position":1,"name":"Home","item":"https:\/\/haz.hr\/"},{"@type":"ListItem","position":2,"name":"HAZff najavljuje tre\u0107e izdanje projekta Akademska pismenost"}]},{"@type":"WebSite","@id":"https:\/\/haz.hr\/#website","url":"https:\/\/haz.hr\/","name":"HAZ","description":"Croatian Academic Community","publisher":{"@id":"https:\/\/haz.hr\/#organization"},"potentialAction":[{"@type":"SearchAction","target":{"@type":"EntryPoint","urlTemplate":"https:\/\/haz.hr\/?s={search_term_string}"},"query-input":{"@type":"PropertyValueSpecification","valueRequired":true,"valueName":"search_term_string"}}],"inLanguage":"en-GB"},{"@type":"Organization","@id":"https:\/\/haz.hr\/#organization","name":"HAZ","url":"https:\/\/haz.hr\/","logo":{"@type":"ImageObject","inLanguage":"en-GB","@id":"https:\/\/haz.hr\/#\/schema\/logo\/image\/","url":"https:\/\/haz.hr\/wp-content\/uploads\/2022\/12\/cropped-HAZ_logo.png","contentUrl":"https:\/\/haz.hr\/wp-content\/uploads\/2022\/12\/cropped-HAZ_logo.png","width":125,"height":76,"caption":"HAZ"},"image":{"@id":"https:\/\/haz.hr\/#\/schema\/logo\/image\/"}},{"@type":"Person","@id":"https:\/\/haz.hr\/#\/schema\/person\/d134b33c40e49cf13f1ce0ed49bd1e00","name":"Ante \u0160ari\u0107","image":{"@type":"ImageObject","inLanguage":"en-GB","@id":"https:\/\/haz.hr\/#\/schema\/person\/image\/","url":"https:\/\/secure.gravatar.com\/avatar\/3d728e60911587d7ce6be462dff84f196a147fda4850c9e7833313e115fe792a?s=96&d=mm&r=g","contentUrl":"https:\/\/secure.gravatar.com\/avatar\/3d728e60911587d7ce6be462dff84f196a147fda4850c9e7833313e115fe792a?s=96&d=mm&r=g","caption":"Ante \u0160ari\u0107"},"sameAs":["http:\/\/haz.hr"],"url":"https:\/\/haz.hr\/en\/author\/ante\/"}]}},"_links":{"self":[{"href":"https:\/\/haz.hr\/en\/wp-json\/wp\/v2\/posts\/3236","targetHints":{"allow":["GET"]}}],"collection":[{"href":"https:\/\/haz.hr\/en\/wp-json\/wp\/v2\/posts"}],"about":[{"href":"https:\/\/haz.hr\/en\/wp-json\/wp\/v2\/types\/post"}],"author":[{"embeddable":true,"href":"https:\/\/haz.hr\/en\/wp-json\/wp\/v2\/users\/24"}],"replies":[{"embeddable":true,"href":"https:\/\/haz.hr\/en\/wp-json\/wp\/v2\/comments?post=3236"}],"version-history":[{"count":2,"href":"https:\/\/haz.hr\/en\/wp-json\/wp\/v2\/posts\/3236\/revisions"}],"predecessor-version":[{"id":3241,"href":"https:\/\/haz.hr\/en\/wp-json\/wp\/v2\/posts\/3236\/revisions\/3241"}],"wp:featuredmedia":[{"embeddable":true,"href":"https:\/\/haz.hr\/en\/wp-json\/wp\/v2\/media\/3238"}],"wp:attachment":[{"href":"https:\/\/haz.hr\/en\/wp-json\/wp\/v2\/media?parent=3236"}],"wp:term":[{"taxonomy":"category","embeddable":true,"href":"https:\/\/haz.hr\/en\/wp-json\/wp\/v2\/categories?post=3236"},{"taxonomy":"post_tag","embeddable":true,"href":"https:\/\/haz.hr\/en\/wp-json\/wp\/v2\/tags?post=3236"}],"curies":[{"name":"wp","href":"https:\/\/api.w.org\/{rel}","templated":true}]}}