{"id":3258,"date":"2024-12-07T19:28:48","date_gmt":"2024-12-07T19:28:48","guid":{"rendered":"https:\/\/haz.hr\/?p=3258"},"modified":"2024-12-08T10:51:12","modified_gmt":"2024-12-08T10:51:12","slug":"hazfpz-najavljuje-konferenciju-grad-po-mjeri-covjeka","status":"publish","type":"post","link":"https:\/\/haz.hr\/en\/2024\/12\/07\/hazfpz-najavljuje-konferenciju-grad-po-mjeri-covjeka\/","title":{"rendered":"HAZfpz najavljuje konferenciju &#8220;Grad po mjeri \u010dovjeka&#8221;"},"content":{"rendered":"<p class=\"wp-block-paragraph\">Hrvatska akademska zajednica Fakulteta prometnih znanosti s velikim zadovoljstvom najavljuje drugo izdanje konferencije <strong>\u201cGrad po mjeri \u010dovjeka\u201d<\/strong> nakon uspje\u0161ne premijere u sije\u010dnju 2024. godine. <\/p>\n\n\n\n<p class=\"wp-block-paragraph\">Kroz zanimljiva predavanja, panel rasprave i prezentacije studentskih radova, sudionici \u0107e imati priliku istra\u017eiti najnovije tehnologije i rje\u0161enja koja oblikuju urbanu mobilnost i odr\u017eivi razvoj gradova. Ovaj doga\u0111aj okuplja studente i stru\u010dnjake s ciljem promocije inovacija koje gradove \u010dine boljim mjestom za \u017eivot.<\/p>\n\n\n\n<p class=\"wp-block-paragraph\">\ud83d\udcc5 Konferencija \u0107e se odr\u017eati u ponedjeljak, <strong>9. prosinca 2024. godine<\/strong>, s po\u010detkom u <strong>10:00 sati<\/strong>, u <strong>amfiteatru Objekta 69<\/strong> na Znanstveno-u\u010dili\u0161nom kampusu Borongaj u Zagrebu.<\/p>\n\n\n\n<p class=\"wp-block-paragraph\">\ud83d\udca1 <strong>Za\u0161to sudjelovati?<\/strong><br>\u2022 Upoznajte najnovije tehnologije poput umjetne inteligencije (AI) i interneta stvari (IoT) te njihovu primjenu u razvoju pametnih gradova.<br>\u2022 Saznajte vi\u0161e o mobilnoj aplikaciji LiveTrafficHR i njenoj ulozi u prometnim mre\u017eama Hrvatske.<br>\u2022 Slu\u0161ajte predavanja stru\u010dnjaka iz tvrtki <strong>Ericsson Nikola Tesla<\/strong> i <strong>Kon\u010dar<\/strong>, koji \u0107e predstaviti inteligentne transportne sustave i nove tramvaje za grad Zagreb.<br>\u2022 Razmijenite ideje na panel raspravama o izazovima urbanizacije i utjecaju tehnologije na zdravlje i dru\u0161tvo.<br>\u2022 Prona\u0111ite inspiraciju kroz studentske radove koji donose svje\u017ee perspektive na urbanu mobilnost.<\/p>\n\n\n\n<p class=\"wp-block-paragraph\">\ud83c\udf9f\ufe0f <strong>Sudjelovanje je besplatno<\/strong>, ali broj mjesta je ograni\u010den, zato se prijavite \u0161to prije putem \ud83d\udc49 <a href=\"https:\/\/forms.gle\/KvGG4A8zWa7uFhoj6\">poveznice<\/a><\/p>\n\n\n\n<p class=\"wp-block-paragraph\">Ne propustite priliku da postanete dio ovog jedinstvenog doga\u0111aja i pridonesete stvaranju gradova budu\u0107nosti.<\/p>\n\n\n\n<p class=\"wp-block-paragraph\">\ud83d\udccd <strong>Vidimo se u amfiteatru Objekta 69 na Kampusu Borongaj!<\/strong><br>Za dodatne informacije pratite nas na <a href=\"https:\/\/www.instagram.com\/haz_fpz\/\">Instagram profilu<\/a><\/p>\n\n\n\n<figure class=\"wp-block-image size-large\"><img fetchpriority=\"high\" decoding=\"async\" width=\"724\" height=\"1024\" src=\"https:\/\/haz.hr\/wp-content\/uploads\/2024\/12\/Raspored_GradPoMjeriCovjeka-724x1024.jpg\" alt=\"\" class=\"wp-image-3260\" srcset=\"https:\/\/haz.hr\/wp-content\/uploads\/2024\/12\/Raspored_GradPoMjeriCovjeka-724x1024.jpg 724w, https:\/\/haz.hr\/wp-content\/uploads\/2024\/12\/Raspored_GradPoMjeriCovjeka-212x300.jpg 212w, https:\/\/haz.hr\/wp-content\/uploads\/2024\/12\/Raspored_GradPoMjeriCovjeka-768x1086.jpg 768w, https:\/\/haz.hr\/wp-content\/uploads\/2024\/12\/Raspored_GradPoMjeriCovjeka-1086x1536.jpg 1086w, https:\/\/haz.hr\/wp-content\/uploads\/2024\/12\/Raspored_GradPoMjeriCovjeka.jpg 1414w\" sizes=\"(max-width: 724px) 100vw, 724px\" \/><\/figure>","protected":false},"excerpt":{"rendered":"<p>Hrvatska akademska zajednica Fakulteta prometnih znanosti s velikim zadovoljstvom najavljuje drugo izdanje konferencije \u201cGrad po mjeri \u010dovjeka\u201d nakon uspje\u0161ne premijere u sije\u010dnju 2024. godine. Kroz zanimljiva predavanja, panel rasprave i [&hellip;]<\/p>\n","protected":false},"author":20,"featured_media":3259,"comment_status":"open","ping_status":"open","sticky":false,"template":"","format":"standard","meta":{"footnotes":""},"categories":[14,10],"tags":[45,24,28,42,44,43],"class_list":["post-3258","post","type-post","status-publish","format-standard","has-post-thumbnail","hentry","category-haz-novosti","category-haz-unizg","tag-gradpomjericovjeka","tag-haz","tag-konferencija","tag-odrzivirazvoj","tag-pametnigradovi","tag-urbanamobilnost"],"yoast_head":"<!-- This site is optimized with the Yoast SEO plugin v23.7 - https:\/\/yoast.com\/wordpress\/plugins\/seo\/ -->\n<title>HAZfpz najavljuje konferenciju &quot;Grad po mjeri \u010dovjeka&quot; - HAZ<\/title>\n<meta name=\"robots\" content=\"index, follow, max-snippet:-1, max-image-preview:large, max-video-preview:-1\" \/>\n<link rel=\"canonical\" href=\"https:\/\/haz.hr\/en\/2024\/12\/07\/hazfpz-najavljuje-konferenciju-grad-po-mjeri-covjeka\/\" \/>\n<meta property=\"og:locale\" content=\"en_GB\" \/>\n<meta property=\"og:type\" content=\"article\" \/>\n<meta property=\"og:title\" content=\"HAZfpz najavljuje konferenciju &quot;Grad po mjeri \u010dovjeka&quot; - HAZ\" \/>\n<meta property=\"og:description\" content=\"Hrvatska akademska zajednica Fakulteta prometnih znanosti s velikim zadovoljstvom najavljuje drugo izdanje konferencije \u201cGrad po mjeri \u010dovjeka\u201d nakon uspje\u0161ne premijere u sije\u010dnju 2024. godine. Kroz zanimljiva predavanja, panel rasprave i [&hellip;]\" \/>\n<meta property=\"og:url\" content=\"https:\/\/haz.hr\/en\/2024\/12\/07\/hazfpz-najavljuje-konferenciju-grad-po-mjeri-covjeka\/\" \/>\n<meta property=\"og:site_name\" content=\"HAZ\" \/>\n<meta property=\"article:published_time\" content=\"2024-12-07T19:28:48+00:00\" \/>\n<meta property=\"article:modified_time\" content=\"2024-12-08T10:51:12+00:00\" \/>\n<meta property=\"og:image\" content=\"https:\/\/haz.hr\/wp-content\/uploads\/2024\/12\/Cover.jpg\" \/>\n\t<meta property=\"og:image:width\" content=\"1920\" \/>\n\t<meta property=\"og:image:height\" content=\"1080\" \/>\n\t<meta property=\"og:image:type\" content=\"image\/jpeg\" \/>\n<meta name=\"author\" content=\"Marko Mili\u0107\" \/>\n<meta name=\"twitter:card\" content=\"summary_large_image\" \/>\n<meta name=\"twitter:label1\" content=\"Written by\" \/>\n\t<meta name=\"twitter:data1\" content=\"Marko Mili\u0107\" \/>\n\t<meta name=\"twitter:label2\" content=\"Est. reading time\" \/>\n\t<meta name=\"twitter:data2\" content=\"2 minutes\" \/>\n<script type=\"application\/ld+json\" class=\"yoast-schema-graph\">{\"@context\":\"https:\/\/schema.org\",\"@graph\":[{\"@type\":\"Article\",\"@id\":\"https:\/\/haz.hr\/2024\/12\/07\/hazfpz-najavljuje-konferenciju-grad-po-mjeri-covjeka\/#article\",\"isPartOf\":{\"@id\":\"https:\/\/haz.hr\/2024\/12\/07\/hazfpz-najavljuje-konferenciju-grad-po-mjeri-covjeka\/\"},\"author\":{\"name\":\"Marko Mili\u0107\",\"@id\":\"https:\/\/haz.hr\/#\/schema\/person\/aad9ee756613deb6052af0080ef06258\"},\"headline\":\"HAZfpz najavljuje konferenciju &#8220;Grad po mjeri \u010dovjeka&#8221;\",\"datePublished\":\"2024-12-07T19:28:48+00:00\",\"dateModified\":\"2024-12-08T10:51:12+00:00\",\"mainEntityOfPage\":{\"@id\":\"https:\/\/haz.hr\/2024\/12\/07\/hazfpz-najavljuje-konferenciju-grad-po-mjeri-covjeka\/\"},\"wordCount\":244,\"commentCount\":0,\"publisher\":{\"@id\":\"https:\/\/haz.hr\/#organization\"},\"image\":{\"@id\":\"https:\/\/haz.hr\/2024\/12\/07\/hazfpz-najavljuje-konferenciju-grad-po-mjeri-covjeka\/#primaryimage\"},\"thumbnailUrl\":\"https:\/\/haz.hr\/wp-content\/uploads\/2024\/12\/Cover.jpg\",\"keywords\":[\"gradpomjericovjeka\",\"HAZ\",\"konferencija\",\"Odr\u017eiviRazvoj\",\"PametniGradovi\",\"Urbanamobilnost\"],\"articleSection\":[\"HAZ novosti\",\"HAZ UniZg novosti\"],\"inLanguage\":\"en-GB\",\"potentialAction\":[{\"@type\":\"CommentAction\",\"name\":\"Comment\",\"target\":[\"https:\/\/haz.hr\/2024\/12\/07\/hazfpz-najavljuje-konferenciju-grad-po-mjeri-covjeka\/#respond\"]}]},{\"@type\":\"WebPage\",\"@id\":\"https:\/\/haz.hr\/2024\/12\/07\/hazfpz-najavljuje-konferenciju-grad-po-mjeri-covjeka\/\",\"url\":\"https:\/\/haz.hr\/2024\/12\/07\/hazfpz-najavljuje-konferenciju-grad-po-mjeri-covjeka\/\",\"name\":\"HAZfpz najavljuje konferenciju \\\"Grad po mjeri \u010dovjeka\\\" - HAZ\",\"isPartOf\":{\"@id\":\"https:\/\/haz.hr\/#website\"},\"primaryImageOfPage\":{\"@id\":\"https:\/\/haz.hr\/2024\/12\/07\/hazfpz-najavljuje-konferenciju-grad-po-mjeri-covjeka\/#primaryimage\"},\"image\":{\"@id\":\"https:\/\/haz.hr\/2024\/12\/07\/hazfpz-najavljuje-konferenciju-grad-po-mjeri-covjeka\/#primaryimage\"},\"thumbnailUrl\":\"https:\/\/haz.hr\/wp-content\/uploads\/2024\/12\/Cover.jpg\",\"datePublished\":\"2024-12-07T19:28:48+00:00\",\"dateModified\":\"2024-12-08T10:51:12+00:00\",\"breadcrumb\":{\"@id\":\"https:\/\/haz.hr\/2024\/12\/07\/hazfpz-najavljuje-konferenciju-grad-po-mjeri-covjeka\/#breadcrumb\"},\"inLanguage\":\"en-GB\",\"potentialAction\":[{\"@type\":\"ReadAction\",\"target\":[\"https:\/\/haz.hr\/2024\/12\/07\/hazfpz-najavljuje-konferenciju-grad-po-mjeri-covjeka\/\"]}]},{\"@type\":\"ImageObject\",\"inLanguage\":\"en-GB\",\"@id\":\"https:\/\/haz.hr\/2024\/12\/07\/hazfpz-najavljuje-konferenciju-grad-po-mjeri-covjeka\/#primaryimage\",\"url\":\"https:\/\/haz.hr\/wp-content\/uploads\/2024\/12\/Cover.jpg\",\"contentUrl\":\"https:\/\/haz.hr\/wp-content\/uploads\/2024\/12\/Cover.jpg\",\"width\":1920,\"height\":1080},{\"@type\":\"BreadcrumbList\",\"@id\":\"https:\/\/haz.hr\/2024\/12\/07\/hazfpz-najavljuje-konferenciju-grad-po-mjeri-covjeka\/#breadcrumb\",\"itemListElement\":[{\"@type\":\"ListItem\",\"position\":1,\"name\":\"Home\",\"item\":\"https:\/\/haz.hr\/\"},{\"@type\":\"ListItem\",\"position\":2,\"name\":\"HAZfpz najavljuje konferenciju &#8220;Grad po mjeri \u010dovjeka&#8221;\"}]},{\"@type\":\"WebSite\",\"@id\":\"https:\/\/haz.hr\/#website\",\"url\":\"https:\/\/haz.hr\/\",\"name\":\"HAZ\",\"description\":\"Hrvatska akademska zajednica\",\"publisher\":{\"@id\":\"https:\/\/haz.hr\/#organization\"},\"potentialAction\":[{\"@type\":\"SearchAction\",\"target\":{\"@type\":\"EntryPoint\",\"urlTemplate\":\"https:\/\/haz.hr\/?s={search_term_string}\"},\"query-input\":{\"@type\":\"PropertyValueSpecification\",\"valueRequired\":true,\"valueName\":\"search_term_string\"}}],\"inLanguage\":\"en-GB\"},{\"@type\":\"Organization\",\"@id\":\"https:\/\/haz.hr\/#organization\",\"name\":\"HAZ\",\"url\":\"https:\/\/haz.hr\/\",\"logo\":{\"@type\":\"ImageObject\",\"inLanguage\":\"en-GB\",\"@id\":\"https:\/\/haz.hr\/#\/schema\/logo\/image\/\",\"url\":\"https:\/\/haz.hr\/wp-content\/uploads\/2022\/12\/cropped-HAZ_logo.png\",\"contentUrl\":\"https:\/\/haz.hr\/wp-content\/uploads\/2022\/12\/cropped-HAZ_logo.png\",\"width\":125,\"height\":76,\"caption\":\"HAZ\"},\"image\":{\"@id\":\"https:\/\/haz.hr\/#\/schema\/logo\/image\/\"}},{\"@type\":\"Person\",\"@id\":\"https:\/\/haz.hr\/#\/schema\/person\/aad9ee756613deb6052af0080ef06258\",\"name\":\"Marko Mili\u0107\",\"image\":{\"@type\":\"ImageObject\",\"inLanguage\":\"en-GB\",\"@id\":\"https:\/\/haz.hr\/#\/schema\/person\/image\/\",\"url\":\"https:\/\/secure.gravatar.com\/avatar\/ab8849391ff7d2fc1a42feba8c36b8de89ce8fd0048c6dfa27bb6bda192d2dcb?s=96&d=mm&r=g\",\"contentUrl\":\"https:\/\/secure.gravatar.com\/avatar\/ab8849391ff7d2fc1a42feba8c36b8de89ce8fd0048c6dfa27bb6bda192d2dcb?s=96&d=mm&r=g\",\"caption\":\"Marko Mili\u0107\"},\"sameAs\":[\"http:\/\/haz.hr\"],\"url\":\"https:\/\/haz.hr\/en\/author\/mmilic\/\"}]}<\/script>\n<!-- \/ Yoast SEO plugin. -->","yoast_head_json":{"title":"HAZfpz najavljuje konferenciju \"Grad po mjeri \u010dovjeka\" - HAZ","robots":{"index":"index","follow":"follow","max-snippet":"max-snippet:-1","max-image-preview":"max-image-preview:large","max-video-preview":"max-video-preview:-1"},"canonical":"https:\/\/haz.hr\/en\/2024\/12\/07\/hazfpz-najavljuje-konferenciju-grad-po-mjeri-covjeka\/","og_locale":"en_GB","og_type":"article","og_title":"HAZfpz najavljuje konferenciju \"Grad po mjeri \u010dovjeka\" - HAZ","og_description":"Hrvatska akademska zajednica Fakulteta prometnih znanosti s velikim zadovoljstvom najavljuje drugo izdanje konferencije \u201cGrad po mjeri \u010dovjeka\u201d nakon uspje\u0161ne premijere u sije\u010dnju 2024. godine. Kroz zanimljiva predavanja, panel rasprave i [&hellip;]","og_url":"https:\/\/haz.hr\/en\/2024\/12\/07\/hazfpz-najavljuje-konferenciju-grad-po-mjeri-covjeka\/","og_site_name":"HAZ","article_published_time":"2024-12-07T19:28:48+00:00","article_modified_time":"2024-12-08T10:51:12+00:00","og_image":[{"width":1920,"height":1080,"url":"https:\/\/haz.hr\/wp-content\/uploads\/2024\/12\/Cover.jpg","type":"image\/jpeg"}],"author":"Marko Mili\u0107","twitter_card":"summary_large_image","twitter_misc":{"Written by":"Marko Mili\u0107","Est. reading time":"2 minutes"},"schema":{"@context":"https:\/\/schema.org","@graph":[{"@type":"Article","@id":"https:\/\/haz.hr\/2024\/12\/07\/hazfpz-najavljuje-konferenciju-grad-po-mjeri-covjeka\/#article","isPartOf":{"@id":"https:\/\/haz.hr\/2024\/12\/07\/hazfpz-najavljuje-konferenciju-grad-po-mjeri-covjeka\/"},"author":{"name":"Marko Mili\u0107","@id":"https:\/\/haz.hr\/#\/schema\/person\/aad9ee756613deb6052af0080ef06258"},"headline":"HAZfpz najavljuje konferenciju &#8220;Grad po mjeri \u010dovjeka&#8221;","datePublished":"2024-12-07T19:28:48+00:00","dateModified":"2024-12-08T10:51:12+00:00","mainEntityOfPage":{"@id":"https:\/\/haz.hr\/2024\/12\/07\/hazfpz-najavljuje-konferenciju-grad-po-mjeri-covjeka\/"},"wordCount":244,"commentCount":0,"publisher":{"@id":"https:\/\/haz.hr\/#organization"},"image":{"@id":"https:\/\/haz.hr\/2024\/12\/07\/hazfpz-najavljuje-konferenciju-grad-po-mjeri-covjeka\/#primaryimage"},"thumbnailUrl":"https:\/\/haz.hr\/wp-content\/uploads\/2024\/12\/Cover.jpg","keywords":["gradpomjericovjeka","HAZ","konferencija","Odr\u017eiviRazvoj","PametniGradovi","Urbanamobilnost"],"articleSection":["HAZ novosti","HAZ UniZg novosti"],"inLanguage":"en-GB","potentialAction":[{"@type":"CommentAction","name":"Comment","target":["https:\/\/haz.hr\/2024\/12\/07\/hazfpz-najavljuje-konferenciju-grad-po-mjeri-covjeka\/#respond"]}]},{"@type":"WebPage","@id":"https:\/\/haz.hr\/2024\/12\/07\/hazfpz-najavljuje-konferenciju-grad-po-mjeri-covjeka\/","url":"https:\/\/haz.hr\/2024\/12\/07\/hazfpz-najavljuje-konferenciju-grad-po-mjeri-covjeka\/","name":"HAZfpz najavljuje konferenciju \"Grad po mjeri \u010dovjeka\" - HAZ","isPartOf":{"@id":"https:\/\/haz.hr\/#website"},"primaryImageOfPage":{"@id":"https:\/\/haz.hr\/2024\/12\/07\/hazfpz-najavljuje-konferenciju-grad-po-mjeri-covjeka\/#primaryimage"},"image":{"@id":"https:\/\/haz.hr\/2024\/12\/07\/hazfpz-najavljuje-konferenciju-grad-po-mjeri-covjeka\/#primaryimage"},"thumbnailUrl":"https:\/\/haz.hr\/wp-content\/uploads\/2024\/12\/Cover.jpg","datePublished":"2024-12-07T19:28:48+00:00","dateModified":"2024-12-08T10:51:12+00:00","breadcrumb":{"@id":"https:\/\/haz.hr\/2024\/12\/07\/hazfpz-najavljuje-konferenciju-grad-po-mjeri-covjeka\/#breadcrumb"},"inLanguage":"en-GB","potentialAction":[{"@type":"ReadAction","target":["https:\/\/haz.hr\/2024\/12\/07\/hazfpz-najavljuje-konferenciju-grad-po-mjeri-covjeka\/"]}]},{"@type":"ImageObject","inLanguage":"en-GB","@id":"https:\/\/haz.hr\/2024\/12\/07\/hazfpz-najavljuje-konferenciju-grad-po-mjeri-covjeka\/#primaryimage","url":"https:\/\/haz.hr\/wp-content\/uploads\/2024\/12\/Cover.jpg","contentUrl":"https:\/\/haz.hr\/wp-content\/uploads\/2024\/12\/Cover.jpg","width":1920,"height":1080},{"@type":"BreadcrumbList","@id":"https:\/\/haz.hr\/2024\/12\/07\/hazfpz-najavljuje-konferenciju-grad-po-mjeri-covjeka\/#breadcrumb","itemListElement":[{"@type":"ListItem","position":1,"name":"Home","item":"https:\/\/haz.hr\/"},{"@type":"ListItem","position":2,"name":"HAZfpz najavljuje konferenciju &#8220;Grad po mjeri \u010dovjeka&#8221;"}]},{"@type":"WebSite","@id":"https:\/\/haz.hr\/#website","url":"https:\/\/haz.hr\/","name":"HAZ","description":"Croatian Academic Community","publisher":{"@id":"https:\/\/haz.hr\/#organization"},"potentialAction":[{"@type":"SearchAction","target":{"@type":"EntryPoint","urlTemplate":"https:\/\/haz.hr\/?s={search_term_string}"},"query-input":{"@type":"PropertyValueSpecification","valueRequired":true,"valueName":"search_term_string"}}],"inLanguage":"en-GB"},{"@type":"Organization","@id":"https:\/\/haz.hr\/#organization","name":"HAZ","url":"https:\/\/haz.hr\/","logo":{"@type":"ImageObject","inLanguage":"en-GB","@id":"https:\/\/haz.hr\/#\/schema\/logo\/image\/","url":"https:\/\/haz.hr\/wp-content\/uploads\/2022\/12\/cropped-HAZ_logo.png","contentUrl":"https:\/\/haz.hr\/wp-content\/uploads\/2022\/12\/cropped-HAZ_logo.png","width":125,"height":76,"caption":"HAZ"},"image":{"@id":"https:\/\/haz.hr\/#\/schema\/logo\/image\/"}},{"@type":"Person","@id":"https:\/\/haz.hr\/#\/schema\/person\/aad9ee756613deb6052af0080ef06258","name":"Marko Mili\u0107","image":{"@type":"ImageObject","inLanguage":"en-GB","@id":"https:\/\/haz.hr\/#\/schema\/person\/image\/","url":"https:\/\/secure.gravatar.com\/avatar\/ab8849391ff7d2fc1a42feba8c36b8de89ce8fd0048c6dfa27bb6bda192d2dcb?s=96&d=mm&r=g","contentUrl":"https:\/\/secure.gravatar.com\/avatar\/ab8849391ff7d2fc1a42feba8c36b8de89ce8fd0048c6dfa27bb6bda192d2dcb?s=96&d=mm&r=g","caption":"Marko Mili\u0107"},"sameAs":["http:\/\/haz.hr"],"url":"https:\/\/haz.hr\/en\/author\/mmilic\/"}]}},"_links":{"self":[{"href":"https:\/\/haz.hr\/en\/wp-json\/wp\/v2\/posts\/3258","targetHints":{"allow":["GET"]}}],"collection":[{"href":"https:\/\/haz.hr\/en\/wp-json\/wp\/v2\/posts"}],"about":[{"href":"https:\/\/haz.hr\/en\/wp-json\/wp\/v2\/types\/post"}],"author":[{"embeddable":true,"href":"https:\/\/haz.hr\/en\/wp-json\/wp\/v2\/users\/20"}],"replies":[{"embeddable":true,"href":"https:\/\/haz.hr\/en\/wp-json\/wp\/v2\/comments?post=3258"}],"version-history":[{"count":3,"href":"https:\/\/haz.hr\/en\/wp-json\/wp\/v2\/posts\/3258\/revisions"}],"predecessor-version":[{"id":3264,"href":"https:\/\/haz.hr\/en\/wp-json\/wp\/v2\/posts\/3258\/revisions\/3264"}],"wp:featuredmedia":[{"embeddable":true,"href":"https:\/\/haz.hr\/en\/wp-json\/wp\/v2\/media\/3259"}],"wp:attachment":[{"href":"https:\/\/haz.hr\/en\/wp-json\/wp\/v2\/media?parent=3258"}],"wp:term":[{"taxonomy":"category","embeddable":true,"href":"https:\/\/haz.hr\/en\/wp-json\/wp\/v2\/categories?post=3258"},{"taxonomy":"post_tag","embeddable":true,"href":"https:\/\/haz.hr\/en\/wp-json\/wp\/v2\/tags?post=3258"}],"curies":[{"name":"wp","href":"https:\/\/api.w.org\/{rel}","templated":true}]}}